{"id":3054,"date":"2009-10-22T19:09:43","date_gmt":"2009-10-22T17:09:43","guid":{"rendered":"http:\/\/budo.wordpress.dev\/2009\/10\/22\/sa-gick-vms-forsta-dag\/"},"modified":"2016-12-06T22:30:24","modified_gmt":"2016-12-06T21:30:24","slug":"sa-gick-vms-forsta-dag","status":"publish","type":"post","link":"https:\/\/www.budokampsport.se\/2009\/10\/22\/sa-gick-vms-forsta-dag\/","title":{"rendered":"S\u00e5 gick VM:s f\u00f6rsta dag"},"content":{"rendered":"<p><P><STRONG><IMG height=267 alt=\"Mohammad en av de som g\u00e5tt vidare\" src=\"http:\/\/www.budo.se\/sites\/default\/files\/fram_0.jpg\" width=400 align=middle><\/STRONG><\/P> <P><STRONG>Det svenska kickboxningslandslaget har f\u00e5tt bek\u00e4nna f\u00e4rg under VM i Villachs f\u00f6rsta t\u00e4vlingsdag. Det m\u00e4rks att motst\u00e5ndet \u00e4r det absolut b\u00e4sta som finns. Men en del svenskar ser of\u00f6rsk\u00e4mt starka ut.<\/STRONG><BR><BR>Det blev en l\u00e5ng v\u00e4ntan. En invigning som aldrig ville ta fart. L\u00e4nder som inte hade blivit inv\u00e4gda. Detta fick till f\u00f6ljd att matcherna blev f\u00f6rdr\u00f6jda, n\u00e5got som m\u00f6jligen st\u00f6rde. Arrangemanget \u00f6verhuvudtaget l\u00e4mnar en del klara fr\u00e5getecken efter sig. <BR><!--break--><BR><IMG height=201 alt=\"R\u00e4ckte inte hela v\u00e4gen f\u00f6r Anna\" src=\"http:\/\/www.budo.se\/sites\/default\/files\/anna_martin.jpg\" width=175 align=right>F\u00f6rst ut av svenskarna blev Anna Christiansen i -50 kilosklassen light contact. P\u00e5 andra sidan mattan v\u00e4ntade en tuff ryska. Anna hade problem med ryskans fina fotarbete och trots att hon aldrig var underl\u00e4gsen blev det ett abrupt slut p\u00e5 VM f\u00f6r henne. Ryskan var f\u00f6r stark, f\u00f6r snabb och f\u00f6r bra helt enkelt. Efter matchen var Anna v\u00e4ldigt besviken, dels p\u00e5 sig sj\u00e4lv men ocks\u00e5 p\u00e5 att hon f\u00f6rmodligen drog nitlotten i lottningen.<BR><BR>Ett tag verkade det som om kalla kriget \u00e5ter hade tagit fart, f\u00f6r n\u00e4sta svenska, Sara Svensson, \u00e5kte ocks\u00e5 p\u00e5 en sv\u00e5r ryska i f\u00f6rsta omg\u00e5ngen i light contact. Sara inledde piggast, men ju mer tr\u00f6ttheten tog vid desto starkare blev ryskan och tillslut vann hon relativt klart. Efter matchen var Sara otr\u00f6stlig, men hon ska inte vara alltf\u00f6r besviken p\u00e5 sig sj\u00e4lv, d\u00e5 hon l\u00e4nge h\u00f6ll ryskan st\u00e5ngen.<BR><BR><STRONG>Elin tog sig vidare<\/STRONG><BR>F\u00f6rst ut av killarna var Jonas Gr\u00f6nhage i full contact. En VM-debutant som m\u00f6tte en storv\u00e4xt boxare fr\u00e5n Turkmenistan. Jonas visade ingen p\u00e5taglig respekt f\u00f6r sin motst\u00e5ndare och inledde starkt. Men Turkmenistaniern vaknade till liv i slutet av den f\u00f6rsta ronden och \u00f6vertog initiativet i matchen och sl\u00e4ppte det inte. Det blev respass direkt \u00e4ven f\u00f6r Jonas.<BR><BR><IMG height=163 alt=\"Elin imponerade\" src=\"http:\/\/www.budo.se\/sites\/default\/files\/vm_kickboxning-106.jpg\" width=175 align=right>Men n\u00e4r Elin Eriksson gick upp p\u00e5 mattan skulle svenskarnas trend brytas. Elin, som \u00e4r stark och med bra r\u00e4ckvidd, fick matchen lite dit hon ville mot en slovakiska. Det blev en j\u00e4mn match och ledningen bytte \u00e4gare lika tv\u00e4rt som tempot i matchen var h\u00f6gt. Matchens karakt\u00e4r satte sig f\u00f6rst i slutet p\u00e5 den andra ronden d\u00e5 Elin tog \u00e5tertog ledningen och skulle sedan inte sl\u00e4ppa in slovakiskan i matchen igen. Elin blev f\u00f6rsta svensk vidare under detta m\u00e4sterskap. Hon vann med domarsiffrorna 2-1 och vandrade vidare i light contact -65 kilosklassen.<BR><BR>Och Elins vinst verkade ingjuta mod och sj\u00e4lvf\u00f6rtroende i truppen. F\u00f6r b\u00e5de Mohammad Hassan Al-Naib\u00a0och Bj\u00f6rn Kj\u00f6llerstr\u00f6m vann enkelt sina inledningsmatcher p\u00e5 ett imponerande s\u00e4tt och sl\u00e5r Elin f\u00f6lje till morgondagens kvartsfinaler.<BR><BR><STRONG><IMG height=216 alt=\"Karin jublar\" src=\"http:\/\/www.budo.se\/sites\/default\/files\/vm_kickboxning-166.jpg\" width=175 align=right>Karin Edenius klar f\u00f6r semi<\/STRONG><BR>N\u00e4r sedan Lambert Rutaganda, ytterligare en VM-debutant, skulle m\u00f6ta en stark finl\u00e4ndare i full contact var det n\u00e4stan som att man f\u00f6rv\u00e4ntade sig en seger. Lambert inledde enast\u00e5ende. Teknikerna satt. Finl\u00e4ndaren hade uppenbara bekymmer med den snabbe Link\u00f6pingssonen under den f\u00f6rsta ronden och Lambert ledde \u00f6verl\u00e4gset. I den andra ronden tog emellertid krafterna slut. Finl\u00e4ndaren kom in p\u00e5 svensken som mest fick \u00e4gna sig \u00e5t f\u00f6rsvar. Det blev tillslut alltf\u00f6r kr\u00e4vande och i tredje ronden hade Lambert sv\u00e5rt att freda sig och det blir tyv\u00e4rr ingen forts\u00e4ttning i VM f\u00f6r honom heller.<BR><BR>Dagens sista svenska t\u00e4vlande var Karin Edenius fr\u00e5n Uppsala. Karin \u00e4r en av de mest meriterade i truppen n\u00e4r det g\u00e4ller light contact och hon visade med eftertryck att hon kommer att bli sv\u00e5rbesegrad detta m\u00e4sterskap. Den ryska motst\u00e5ndaren klarade hon av galant och tog sig p\u00e5 ett imponerande vis vidare till semifinal. Den g\u00e5r imorgon.<BR><BR><EM>De som inte t\u00e4vlade i idag var s\u00e5ledes Sabrina Sedin Roskvist, Thomas Karlsson och Mikael B\u00e4ckstr\u00f6m. Dessa entrar VM-mattorna i light contact under fredagspasset.<BR><\/EM><BR>Text och foto: Jonathan Broberg<\/P><\/p>\n","protected":false},"excerpt":{"rendered":"<p><P><STRONG><IMG height=267 alt=\"Mohammad en av de som g\u00e5tt vidare\" src=\"http:\/\/www.budo.se\/sites\/default\/files\/fram_0.jpg\" width=400 align=middle><\/STRONG><\/P><br \/><br><P><STRONG>Det svenska kickboxningslandslaget har f\u00e5tt bek\u00e4nna f\u00e4rg under VM i Villachs f\u00f6rsta t\u00e4vlingsdag. Det m\u00e4rks att motst\u00e5ndet \u00e4r det absolut b\u00e4sta som finns. Men en del svenskar ser of\u00f6rsk\u00e4mt starka ut.<\/STRONG><BR><BR>Det blev en l\u00e5ng v\u00e4ntan. En invigning som aldrig ville ta fart. L\u00e4nder som inte hade blivit inv\u00e4gda. Detta fick till f\u00f6ljd att matcherna blev f\u00f6rdr\u00f6jda, n\u00e5got som m\u00f6jligen st\u00f6rde. Arrangemanget \u00f6verhuvudtaget l\u00e4mnar en del klara fr\u00e5getecken efter sig. <BR><\/p><br>","protected":false},"author":7,"featured_media":0,"comment_status":"closed","ping_status":"closed","sticky":false,"template":"","format":"standard","meta":{"_acf_changed":false,"footnotes":""},"categories":[1],"tags":[],"class_list":["post-3054","post","type-post","status-publish","format-standard","hentry","category-okategoriserade"],"acf":[],"yoast_head":"<!-- This site is optimized with the Yoast SEO plugin v26.8 - https:\/\/yoast.com\/product\/yoast-seo-wordpress\/ -->\n<title>S\u00e5 gick VM:s f\u00f6rsta dag - Svenska Budo &amp; Kampsportsf\u00f6rbundet<\/title>\n<meta name=\"description\" content=\"Det svenska kickboxningslandslaget har f\u00e5tt bek\u00e4nna f\u00e4rg under VM i Villachs f\u00f6rsta t\u00e4vlingsdag. Det m\u00e4rks att motst\u00e5ndet \u00e4r det absolut b\u00e4sta som finns. Men en del svenskar ser of\u00f6rsk\u00e4mt starka ut.Det blev en l\u00e5ng v\u00e4ntan. En invigning som aldrig ville ta fart. L\u00e4nder som inte hade blivit inv\u00e4gda. Detta fick till f\u00f6ljd att matcherna blev f\u00f6rdr\u00f6jda, n\u00e5got som m\u00f6jligen st\u00f6rde. Arrangemanget \u00f6verhuvudtaget l\u00e4mnar en del klara fr\u00e5getecken efter sig.\" \/>\n<meta name=\"robots\" content=\"index, follow, max-snippet:-1, max-image-preview:large, max-video-preview:-1\" \/>\n<link rel=\"canonical\" href=\"https:\/\/www.budokampsport.se\/2009\/10\/22\/sa-gick-vms-forsta-dag\/\" \/>\n<meta property=\"og:locale\" content=\"sv_SE\" \/>\n<meta property=\"og:type\" content=\"article\" \/>\n<meta property=\"og:title\" content=\"S\u00e5 gick VM:s f\u00f6rsta dag - Svenska Budo &amp; Kampsportsf\u00f6rbundet\" \/>\n<meta property=\"og:description\" content=\"Det svenska kickboxningslandslaget har f\u00e5tt bek\u00e4nna f\u00e4rg under VM i Villachs f\u00f6rsta t\u00e4vlingsdag. Det m\u00e4rks att motst\u00e5ndet \u00e4r det absolut b\u00e4sta som finns. Men en del svenskar ser of\u00f6rsk\u00e4mt starka ut.Det blev en l\u00e5ng v\u00e4ntan. En invigning som aldrig ville ta fart. L\u00e4nder som inte hade blivit inv\u00e4gda. Detta fick till f\u00f6ljd att matcherna blev f\u00f6rdr\u00f6jda, n\u00e5got som m\u00f6jligen st\u00f6rde. Arrangemanget \u00f6verhuvudtaget l\u00e4mnar en del klara fr\u00e5getecken efter sig.\" \/>\n<meta property=\"og:url\" content=\"https:\/\/www.budokampsport.se\/2009\/10\/22\/sa-gick-vms-forsta-dag\/\" \/>\n<meta property=\"og:site_name\" content=\"Svenska Budo &amp; Kampsportsf\u00f6rbundet\" \/>\n<meta property=\"article:author\" content=\"https:\/\/www.facebook.com\/jonathan.broberg.7\" \/>\n<meta property=\"article:published_time\" content=\"2009-10-22T17:09:43+00:00\" \/>\n<meta property=\"article:modified_time\" content=\"2016-12-06T21:30:24+00:00\" \/>\n<meta name=\"author\" content=\"Jonathan Broberg\" \/>\n<meta name=\"twitter:card\" content=\"summary_large_image\" \/>\n<meta name=\"twitter:label1\" content=\"Skriven av\" \/>\n\t<meta name=\"twitter:data1\" content=\"Jonathan Broberg\" \/>\n\t<meta name=\"twitter:label2\" content=\"Ber\u00e4knad l\u00e4stid\" \/>\n\t<meta name=\"twitter:data2\" content=\"3 minuter\" \/>\n<script type=\"application\/ld+json\" class=\"yoast-schema-graph\">{\"@context\":\"https:\/\/schema.org\",\"@graph\":[{\"@type\":\"Article\",\"@id\":\"https:\/\/www.budokampsport.se\/2009\/10\/22\/sa-gick-vms-forsta-dag\/#article\",\"isPartOf\":{\"@id\":\"https:\/\/www.budokampsport.se\/2009\/10\/22\/sa-gick-vms-forsta-dag\/\"},\"author\":{\"name\":\"Jonathan Broberg\",\"@id\":\"https:\/\/www.budokampsport.se\/#\/schema\/person\/5c06d81d14850e2a8ce5493386560145\"},\"headline\":\"S\u00e5 gick VM:s f\u00f6rsta dag\",\"datePublished\":\"2009-10-22T17:09:43+00:00\",\"dateModified\":\"2016-12-06T21:30:24+00:00\",\"mainEntityOfPage\":{\"@id\":\"https:\/\/www.budokampsport.se\/2009\/10\/22\/sa-gick-vms-forsta-dag\/\"},\"wordCount\":696,\"inLanguage\":\"sv-SE\"},{\"@type\":\"WebPage\",\"@id\":\"https:\/\/www.budokampsport.se\/2009\/10\/22\/sa-gick-vms-forsta-dag\/\",\"url\":\"https:\/\/www.budokampsport.se\/2009\/10\/22\/sa-gick-vms-forsta-dag\/\",\"name\":\"S\u00e5 gick VM:s f\u00f6rsta dag - Svenska Budo &amp; Kampsportsf\u00f6rbundet\",\"isPartOf\":{\"@id\":\"https:\/\/www.budokampsport.se\/#website\"},\"datePublished\":\"2009-10-22T17:09:43+00:00\",\"dateModified\":\"2016-12-06T21:30:24+00:00\",\"author\":{\"@id\":\"https:\/\/www.budokampsport.se\/#\/schema\/person\/5c06d81d14850e2a8ce5493386560145\"},\"description\":\"Det svenska kickboxningslandslaget har f\u00e5tt bek\u00e4nna f\u00e4rg under VM i Villachs f\u00f6rsta t\u00e4vlingsdag. Det m\u00e4rks att motst\u00e5ndet \u00e4r det absolut b\u00e4sta som finns. Men en del svenskar ser of\u00f6rsk\u00e4mt starka ut.Det blev en l\u00e5ng v\u00e4ntan. En invigning som aldrig ville ta fart. L\u00e4nder som inte hade blivit inv\u00e4gda. Detta fick till f\u00f6ljd att matcherna blev f\u00f6rdr\u00f6jda, n\u00e5got som m\u00f6jligen st\u00f6rde. Arrangemanget \u00f6verhuvudtaget l\u00e4mnar en del klara fr\u00e5getecken efter sig.\",\"breadcrumb\":{\"@id\":\"https:\/\/www.budokampsport.se\/2009\/10\/22\/sa-gick-vms-forsta-dag\/#breadcrumb\"},\"inLanguage\":\"sv-SE\",\"potentialAction\":[{\"@type\":\"ReadAction\",\"target\":[\"https:\/\/www.budokampsport.se\/2009\/10\/22\/sa-gick-vms-forsta-dag\/\"]}]},{\"@type\":\"BreadcrumbList\",\"@id\":\"https:\/\/www.budokampsport.se\/2009\/10\/22\/sa-gick-vms-forsta-dag\/#breadcrumb\",\"itemListElement\":[{\"@type\":\"ListItem\",\"position\":1,\"name\":\"Hem\",\"item\":\"https:\/\/www.budokampsport.se\/\"},{\"@type\":\"ListItem\",\"position\":2,\"name\":\"S\u00e5 gick VM:s f\u00f6rsta dag\"}]},{\"@type\":\"WebSite\",\"@id\":\"https:\/\/www.budokampsport.se\/#website\",\"url\":\"https:\/\/www.budokampsport.se\/\",\"name\":\"Svenska Budo &amp; Kampsportsf\u00f6rbundet\",\"description\":\"T\u00e4vling, Tr\u00e4ning, Tradition\",\"potentialAction\":[{\"@type\":\"SearchAction\",\"target\":{\"@type\":\"EntryPoint\",\"urlTemplate\":\"https:\/\/www.budokampsport.se\/?s={search_term_string}\"},\"query-input\":{\"@type\":\"PropertyValueSpecification\",\"valueRequired\":true,\"valueName\":\"search_term_string\"}}],\"inLanguage\":\"sv-SE\"},{\"@type\":\"Person\",\"@id\":\"https:\/\/www.budokampsport.se\/#\/schema\/person\/5c06d81d14850e2a8ce5493386560145\",\"name\":\"Jonathan Broberg\",\"image\":{\"@type\":\"ImageObject\",\"inLanguage\":\"sv-SE\",\"@id\":\"https:\/\/www.budokampsport.se\/#\/schema\/person\/image\/\",\"url\":\"https:\/\/secure.gravatar.com\/avatar\/a58041c6cea9128bd9c40ee2f26d4136?s=96&d=blank&r=g\",\"contentUrl\":\"https:\/\/secure.gravatar.com\/avatar\/a58041c6cea9128bd9c40ee2f26d4136?s=96&d=blank&r=g\",\"caption\":\"Jonathan Broberg\"},\"sameAs\":[\"https:\/\/www.facebook.com\/jonathan.broberg.7\"],\"url\":\"https:\/\/www.budokampsport.se\/author\/jonathan\/\"}]}<\/script>\n<!-- \/ Yoast SEO plugin. -->","yoast_head_json":{"title":"S\u00e5 gick VM:s f\u00f6rsta dag - Svenska Budo &amp; Kampsportsf\u00f6rbundet","description":"Det svenska kickboxningslandslaget har f\u00e5tt bek\u00e4nna f\u00e4rg under VM i Villachs f\u00f6rsta t\u00e4vlingsdag. Det m\u00e4rks att motst\u00e5ndet \u00e4r det absolut b\u00e4sta som finns. Men en del svenskar ser of\u00f6rsk\u00e4mt starka ut.Det blev en l\u00e5ng v\u00e4ntan. En invigning som aldrig ville ta fart. L\u00e4nder som inte hade blivit inv\u00e4gda. Detta fick till f\u00f6ljd att matcherna blev f\u00f6rdr\u00f6jda, n\u00e5got som m\u00f6jligen st\u00f6rde. Arrangemanget \u00f6verhuvudtaget l\u00e4mnar en del klara fr\u00e5getecken efter sig.","robots":{"index":"index","follow":"follow","max-snippet":"max-snippet:-1","max-image-preview":"max-image-preview:large","max-video-preview":"max-video-preview:-1"},"canonical":"https:\/\/www.budokampsport.se\/2009\/10\/22\/sa-gick-vms-forsta-dag\/","og_locale":"sv_SE","og_type":"article","og_title":"S\u00e5 gick VM:s f\u00f6rsta dag - Svenska Budo &amp; Kampsportsf\u00f6rbundet","og_description":"Det svenska kickboxningslandslaget har f\u00e5tt bek\u00e4nna f\u00e4rg under VM i Villachs f\u00f6rsta t\u00e4vlingsdag. Det m\u00e4rks att motst\u00e5ndet \u00e4r det absolut b\u00e4sta som finns. Men en del svenskar ser of\u00f6rsk\u00e4mt starka ut.Det blev en l\u00e5ng v\u00e4ntan. En invigning som aldrig ville ta fart. L\u00e4nder som inte hade blivit inv\u00e4gda. Detta fick till f\u00f6ljd att matcherna blev f\u00f6rdr\u00f6jda, n\u00e5got som m\u00f6jligen st\u00f6rde. Arrangemanget \u00f6verhuvudtaget l\u00e4mnar en del klara fr\u00e5getecken efter sig.","og_url":"https:\/\/www.budokampsport.se\/2009\/10\/22\/sa-gick-vms-forsta-dag\/","og_site_name":"Svenska Budo &amp; Kampsportsf\u00f6rbundet","article_author":"https:\/\/www.facebook.com\/jonathan.broberg.7","article_published_time":"2009-10-22T17:09:43+00:00","article_modified_time":"2016-12-06T21:30:24+00:00","author":"Jonathan Broberg","twitter_card":"summary_large_image","twitter_misc":{"Skriven av":"Jonathan Broberg","Ber\u00e4knad l\u00e4stid":"3 minuter"},"schema":{"@context":"https:\/\/schema.org","@graph":[{"@type":"Article","@id":"https:\/\/www.budokampsport.se\/2009\/10\/22\/sa-gick-vms-forsta-dag\/#article","isPartOf":{"@id":"https:\/\/www.budokampsport.se\/2009\/10\/22\/sa-gick-vms-forsta-dag\/"},"author":{"name":"Jonathan Broberg","@id":"https:\/\/www.budokampsport.se\/#\/schema\/person\/5c06d81d14850e2a8ce5493386560145"},"headline":"S\u00e5 gick VM:s f\u00f6rsta dag","datePublished":"2009-10-22T17:09:43+00:00","dateModified":"2016-12-06T21:30:24+00:00","mainEntityOfPage":{"@id":"https:\/\/www.budokampsport.se\/2009\/10\/22\/sa-gick-vms-forsta-dag\/"},"wordCount":696,"inLanguage":"sv-SE"},{"@type":"WebPage","@id":"https:\/\/www.budokampsport.se\/2009\/10\/22\/sa-gick-vms-forsta-dag\/","url":"https:\/\/www.budokampsport.se\/2009\/10\/22\/sa-gick-vms-forsta-dag\/","name":"S\u00e5 gick VM:s f\u00f6rsta dag - Svenska Budo &amp; Kampsportsf\u00f6rbundet","isPartOf":{"@id":"https:\/\/www.budokampsport.se\/#website"},"datePublished":"2009-10-22T17:09:43+00:00","dateModified":"2016-12-06T21:30:24+00:00","author":{"@id":"https:\/\/www.budokampsport.se\/#\/schema\/person\/5c06d81d14850e2a8ce5493386560145"},"description":"Det svenska kickboxningslandslaget har f\u00e5tt bek\u00e4nna f\u00e4rg under VM i Villachs f\u00f6rsta t\u00e4vlingsdag. Det m\u00e4rks att motst\u00e5ndet \u00e4r det absolut b\u00e4sta som finns. Men en del svenskar ser of\u00f6rsk\u00e4mt starka ut.Det blev en l\u00e5ng v\u00e4ntan. En invigning som aldrig ville ta fart. L\u00e4nder som inte hade blivit inv\u00e4gda. Detta fick till f\u00f6ljd att matcherna blev f\u00f6rdr\u00f6jda, n\u00e5got som m\u00f6jligen st\u00f6rde. Arrangemanget \u00f6verhuvudtaget l\u00e4mnar en del klara fr\u00e5getecken efter sig.","breadcrumb":{"@id":"https:\/\/www.budokampsport.se\/2009\/10\/22\/sa-gick-vms-forsta-dag\/#breadcrumb"},"inLanguage":"sv-SE","potentialAction":[{"@type":"ReadAction","target":["https:\/\/www.budokampsport.se\/2009\/10\/22\/sa-gick-vms-forsta-dag\/"]}]},{"@type":"BreadcrumbList","@id":"https:\/\/www.budokampsport.se\/2009\/10\/22\/sa-gick-vms-forsta-dag\/#breadcrumb","itemListElement":[{"@type":"ListItem","position":1,"name":"Hem","item":"https:\/\/www.budokampsport.se\/"},{"@type":"ListItem","position":2,"name":"S\u00e5 gick VM:s f\u00f6rsta dag"}]},{"@type":"WebSite","@id":"https:\/\/www.budokampsport.se\/#website","url":"https:\/\/www.budokampsport.se\/","name":"Svenska Budo &amp; Kampsportsf\u00f6rbundet","description":"T\u00e4vling, Tr\u00e4ning, Tradition","potentialAction":[{"@type":"SearchAction","target":{"@type":"EntryPoint","urlTemplate":"https:\/\/www.budokampsport.se\/?s={search_term_string}"},"query-input":{"@type":"PropertyValueSpecification","valueRequired":true,"valueName":"search_term_string"}}],"inLanguage":"sv-SE"},{"@type":"Person","@id":"https:\/\/www.budokampsport.se\/#\/schema\/person\/5c06d81d14850e2a8ce5493386560145","name":"Jonathan Broberg","image":{"@type":"ImageObject","inLanguage":"sv-SE","@id":"https:\/\/www.budokampsport.se\/#\/schema\/person\/image\/","url":"https:\/\/secure.gravatar.com\/avatar\/a58041c6cea9128bd9c40ee2f26d4136?s=96&d=blank&r=g","contentUrl":"https:\/\/secure.gravatar.com\/avatar\/a58041c6cea9128bd9c40ee2f26d4136?s=96&d=blank&r=g","caption":"Jonathan Broberg"},"sameAs":["https:\/\/www.facebook.com\/jonathan.broberg.7"],"url":"https:\/\/www.budokampsport.se\/author\/jonathan\/"}]}},"_links":{"self":[{"href":"https:\/\/www.budokampsport.se\/api\/wp\/v2\/posts\/3054","targetHints":{"allow":["GET"]}}],"collection":[{"href":"https:\/\/www.budokampsport.se\/api\/wp\/v2\/posts"}],"about":[{"href":"https:\/\/www.budokampsport.se\/api\/wp\/v2\/types\/post"}],"author":[{"embeddable":true,"href":"https:\/\/www.budokampsport.se\/api\/wp\/v2\/users\/7"}],"replies":[{"embeddable":true,"href":"https:\/\/www.budokampsport.se\/api\/wp\/v2\/comments?post=3054"}],"version-history":[{"count":0,"href":"https:\/\/www.budokampsport.se\/api\/wp\/v2\/posts\/3054\/revisions"}],"wp:attachment":[{"href":"https:\/\/www.budokampsport.se\/api\/wp\/v2\/media?parent=3054"}],"wp:term":[{"taxonomy":"category","embeddable":true,"href":"https:\/\/www.budokampsport.se\/api\/wp\/v2\/categories?post=3054"},{"taxonomy":"post_tag","embeddable":true,"href":"https:\/\/www.budokampsport.se\/api\/wp\/v2\/tags?post=3054"}],"curies":[{"name":"wp","href":"https:\/\/api.w.org\/{rel}","templated":true}]}}