{"id":3056,"date":"2009-10-23T15:31:06","date_gmt":"2009-10-23T13:31:06","guid":{"rendered":"http:\/\/budo.wordpress.dev\/2009\/10\/23\/vm-i-villach-tre-svenska-medaljer-sakrade\/"},"modified":"2016-12-06T22:30:25","modified_gmt":"2016-12-06T21:30:25","slug":"vm-i-villach-tre-svenska-medaljer-sakrade","status":"publish","type":"post","link":"https:\/\/www.budokampsport.se\/2009\/10\/23\/vm-i-villach-tre-svenska-medaljer-sakrade\/","title":{"rendered":"VM i Villach: Tre svenska medaljer s\u00e4krade"},"content":{"rendered":"<p><P><STRONG><IMG height=229 alt=\"Bj\u00f6rn jublar efter segern i kvartfinalen\" src=\"http:\/\/www.budo.se\/sites\/default\/files\/vm_kickboxning-bjorn_0.jpg\" width=400 align=middle><BR><BR>Sverige har tagit tre medaljer i kickboxnings-VM. Detta st\u00e5r klart efter den andra dagen av t\u00e4vlingar. Karin Edenius knep bronset i light contact. Bj\u00f6rn Kj\u00f6llerstr\u00f6m fightas i semi imorgon och det g\u00f6r ocks\u00e5 Therese Gunnarsson.<\/STRONG><BR><BR>Den andra dagen av kickboxnings-VM i Villach blev en rysare. Flera hade sv\u00e5rt motst\u00e5nd att se fram emot.\u00a0<BR><!--break--><BR>F\u00f6rst ut blev Elin Eriksson, som m\u00f6tte Bojana Danscecs fr\u00e5n Ungern. Elin var lite passiv i b\u00f6rjan och det utnyttjade ungerskan som snabbt tog ledningen.<BR><BR>I den andra ronden kom svenskan tillbaka, mycket tack vare en aggressivare grund i boxningen. Men ungerskan hade ett fint fotarbete matchen igenom som Elin inte riktigt fick bukt med. Trots en stark forcering p\u00e5 slutet blev det ungersk seger och ingen medalj denna g\u00e5ng f\u00f6r Elin Eriksson.<BR><BR><STRONG><IMG height=184 alt=\"\" src=\"http:\/\/www.budo.se\/sites\/default\/files\/vm_kickboxning-backis_0.jpg\" width=200 align=right>M\u00e5nga ryssar &#8211; otur med lottning<\/STRONG><BR>Sedan fortsatte rysskampen. Inte mindre \u00e4n fem ryssar fick svenskarna sammanlagt i f\u00f6rsta omg\u00e5ngen. Det var verkligen inte flyt med lottningen. Sabrina Sedin Roskvist var en av de som fick ryskt motst\u00e5nd. En tuff och stark och snabb ryska. Sabrina \u00e4r en av de i landslaget i light contact som r\u00f6r sig smartast p\u00e5 mattan. Men det hj\u00e4lpte f\u00f6ga denna dag. Trots fina kombinationer emellan\u00e5t var Sabrina aldrig i n\u00e4rheten av ett avancemang, trots en fint genomf\u00f6rd match.<BR><BR>Mikael B\u00e4ckstr\u00f6m, som bland annat\u00a0\u00e4r f\u00f6rbundskapten, st\u00e4lldes ocks\u00e5 mot en ryss. Hans var inte lika snabb som Sabrinas, men hade ett b\u00e4ttre flyt matchen igenom. \u201dB\u00e4ckis\u201d, som han kallas, hade sv\u00e5rt att f\u00e5 grepp om Alexander Dmitrienko som med en r\u00e4tt bufflig stil tillslut vann utan st\u00f6rre bekymmer. <BR><BR>Thomas Karlsson st\u00e4lldes mot slovenen Gegor Debeljak. Thomas inledde sin match f\u00f6rtroendeingivande, var farlig med sina slag men lite f\u00f6r s\u00e5rbar mot slovenens sparkar. Men det var en sv\u00e5rbed\u00f6md historia. En match som kunde slutat \u00e5t vilket h\u00e5ll som helst. Fr\u00e5ga till exempel domarna. N\u00e4r slutsignalen lj\u00f6d hade tv\u00e5 av domarna slovenen som \u00f6verl\u00e4gsen vinnare \u2013 medan den ryske domaren tyckte att Thomas Karlsson borde ha vunnit stort. De olika uppfattningarna r\u00f6rande matchutg\u00e5ngen fick till f\u00f6ljd att domarna konfererade om beslutet i n\u00e4rmare en kvart, innan man enades \u00e5t slovensk seger. Bittert var bara f\u00f6rnamnet.<BR><BR><STRONG><IMG height=344 alt=\"\" src=\"http:\/\/www.budo.se\/sites\/default\/files\/vm_kickboxning-therese.jpg\" width=200 align=right>Fick n\u00f6ja sig med brons<BR><\/STRONG>Karin Edenius var f\u00f6rste svensk att fightas i semifinal detta VM. Hon fick en kroatiska p\u00e5 andra sidan mattan. En kroatiska med v\u00e4ldigt m\u00e4rklig och avig stil och med d\u00f6dliga sidsparkar. Karin \u00e5kte p\u00e5 n\u00e5gra s\u00e5dana i b\u00f6rjan av matchen, vilket gjorde att hon resten av semifinalen fick fightas i uppf\u00f6rsbacke. Hon gav sig dock aldrig och p\u00e5 slutet blev det en m\u00e4ktig forcering som nog fick de kroatiska coacherna att bita p\u00e5 naglarna. Men Karin kom aldrig ifatt. Hade matchen p\u00e5g\u00e5tt en minut till hade vi nog haft Uppsalatjejen i final. Nu fick hon \u00e5tminstone Sveriges f\u00f6rsta medalj i detta kickboxnings-VM. Ett brons.<BR><BR>Bj\u00f6rn Kj\u00f6llerstr\u00f6m inledde sin kvartsfinal mot tjecken Jan Fendrich i ett rasande tempo. Redan i f\u00f6rsta slagv\u00e4xlingen fick tjecken syna golvet och efter det fortsatte Bj\u00f6rn med sin explosiva och mycket fina tekniska kickboxning. Matchen var aldrig sp\u00e4nnande. Bj\u00f6rn var f\u00f6r bra. Och i den andra ronden kom segern, p\u00e5 knock. Bj\u00f6rn s\u00e4krade d\u00e4rmed ett till VM-brons till Sverige, men det kan fortfarande i allra h\u00f6gsta grad bli en \u00e4dlare val\u00f6r p\u00e5 medaljen. I morgon v\u00e4ntar ryskt motst\u00e5nd f\u00f6r den h\u00e5rdsl\u00e5ende stockholmaren.<BR><BR>Sist ut bland svenskarna f\u00f6r dagen var Therese Gunnarsson. Therese, som f\u00f6r n\u00e5gra veckor sedan tilldelades stipendium av Riksidrottsf\u00f6rbundet, inledde ursinnigt. Det italienska motst\u00e5ndet hittade dock ett starkt vapen med l\u00e5ga sparkar som tog henne till en lite m\u00e4rklig 3-0 ledning efter den f\u00f6rsta ronden. Therese kom ut i den andra och bokstavligen k\u00f6rde \u00f6ver italienskan och efter rond tv\u00e5 ledde nu svenskan i st\u00e4llet.<BR><BR><STRONG>Therese och Bj\u00f6rn ocks\u00e5 medalj\u00f6rer<\/STRONG><BR>Tredje ronden blev en transportstr\u00e4cka mot semifinal. Therese var b\u00e4ttre p\u00e5 det mesta och vann tillslut solklart och det blir oerh\u00f6rt sp\u00e4nnande att f\u00f6lja hennes framfart under den h\u00e4r turneringen.<BR><BR>Ytterligare en svensk \u00e4r kvar i turneringen. Det handlar om Mohammad Al-Naib som kliver in i kvartsfinal under morgondagen.<BR><BR>Hur som helst, som s\u00e4mst har Sverige med sig tre brons fr\u00e5n detta kickboxnings-VM. Himlen i Villach har varit t\u00e4ckt av tunga moln hela dagen. I morgon s\u00e4ger rapporterna att solen ska titta fram. Och l\u00e4gligt vore ju det. <BR><BR>Som Karin Boye skrev: Nog finns det m\u00e5l och mening med v\u00e5r f\u00e4rd, men det \u00e4r v\u00e4gen som \u00e4r m\u00f6dan v\u00e4rd.<\/P> <P>Text och foto: Jonathan Broberg<\/P><\/p>\n","protected":false},"excerpt":{"rendered":"<p><P><STRONG><IMG height=229 alt=\"Bj\u00f6rn jublar efter segern i kvartfinalen\" src=\"http:\/\/www.budo.se\/sites\/default\/files\/vm_kickboxning-bjorn_0.jpg\" width=400 align=middle><BR><BR>Sverige har tagit tre medaljer i kickboxnings-VM. Detta st\u00e5r klart efter den andra dagen av t\u00e4vlingar. Karin Edenius knep bronset i light contact. Bj\u00f6rn Kj\u00f6llerstr\u00f6m fightas i semi imorgon och det g\u00f6r ocks\u00e5 Therese Gunnarsson.<\/STRONG><BR><BR>Den andra dagen av kickboxnings-VM i Villach blev en rysare. Flera hade sv\u00e5rt motst\u00e5nd att se fram emot.\u00a0<BR><\/p><br>","protected":false},"author":7,"featured_media":0,"comment_status":"closed","ping_status":"closed","sticky":false,"template":"","format":"standard","meta":{"_acf_changed":false,"footnotes":""},"categories":[1],"tags":[],"class_list":["post-3056","post","type-post","status-publish","format-standard","hentry","category-okategoriserade"],"acf":[],"yoast_head":"<!-- This site is optimized with the Yoast SEO plugin v26.8 - https:\/\/yoast.com\/product\/yoast-seo-wordpress\/ -->\n<title>VM i Villach: Tre svenska medaljer s\u00e4krade - Svenska Budo &amp; Kampsportsf\u00f6rbundet<\/title>\n<meta name=\"description\" content=\"Sverige har tagit tre medaljer i kickboxnings-VM. Detta st\u00e5r klart efter den andra dagen av t\u00e4vlingar. Karin Edenius knep bronset i light contact. Bj\u00f6rn Kj\u00f6llerstr\u00f6m fightas i semi imorgon och det g\u00f6r ocks\u00e5 Therese Gunnarsson.Den andra dagen av kickboxnings-VM i Villach blev en rysare. Flera hade sv\u00e5rt motst\u00e5nd att se fram emot.\u00a0\" \/>\n<meta name=\"robots\" content=\"index, follow, max-snippet:-1, max-image-preview:large, max-video-preview:-1\" \/>\n<link rel=\"canonical\" href=\"https:\/\/www.budokampsport.se\/2009\/10\/23\/vm-i-villach-tre-svenska-medaljer-sakrade\/\" \/>\n<meta property=\"og:locale\" content=\"sv_SE\" \/>\n<meta property=\"og:type\" content=\"article\" \/>\n<meta property=\"og:title\" content=\"VM i Villach: Tre svenska medaljer s\u00e4krade - Svenska Budo &amp; Kampsportsf\u00f6rbundet\" \/>\n<meta property=\"og:description\" content=\"Sverige har tagit tre medaljer i kickboxnings-VM. Detta st\u00e5r klart efter den andra dagen av t\u00e4vlingar. Karin Edenius knep bronset i light contact. Bj\u00f6rn Kj\u00f6llerstr\u00f6m fightas i semi imorgon och det g\u00f6r ocks\u00e5 Therese Gunnarsson.Den andra dagen av kickboxnings-VM i Villach blev en rysare. Flera hade sv\u00e5rt motst\u00e5nd att se fram emot.\u00a0\" \/>\n<meta property=\"og:url\" content=\"https:\/\/www.budokampsport.se\/2009\/10\/23\/vm-i-villach-tre-svenska-medaljer-sakrade\/\" \/>\n<meta property=\"og:site_name\" content=\"Svenska Budo &amp; Kampsportsf\u00f6rbundet\" \/>\n<meta property=\"article:author\" content=\"https:\/\/www.facebook.com\/jonathan.broberg.7\" \/>\n<meta property=\"article:published_time\" content=\"2009-10-23T13:31:06+00:00\" \/>\n<meta property=\"article:modified_time\" content=\"2016-12-06T21:30:25+00:00\" \/>\n<meta name=\"author\" content=\"Jonathan Broberg\" \/>\n<meta name=\"twitter:card\" content=\"summary_large_image\" \/>\n<meta name=\"twitter:label1\" content=\"Skriven av\" \/>\n\t<meta name=\"twitter:data1\" content=\"Jonathan Broberg\" \/>\n\t<meta name=\"twitter:label2\" content=\"Ber\u00e4knad l\u00e4stid\" \/>\n\t<meta name=\"twitter:data2\" content=\"4 minuter\" \/>\n<script type=\"application\/ld+json\" class=\"yoast-schema-graph\">{\"@context\":\"https:\/\/schema.org\",\"@graph\":[{\"@type\":\"Article\",\"@id\":\"https:\/\/www.budokampsport.se\/2009\/10\/23\/vm-i-villach-tre-svenska-medaljer-sakrade\/#article\",\"isPartOf\":{\"@id\":\"https:\/\/www.budokampsport.se\/2009\/10\/23\/vm-i-villach-tre-svenska-medaljer-sakrade\/\"},\"author\":{\"name\":\"Jonathan Broberg\",\"@id\":\"https:\/\/www.budokampsport.se\/#\/schema\/person\/5c06d81d14850e2a8ce5493386560145\"},\"headline\":\"VM i Villach: Tre svenska medaljer s\u00e4krade\",\"datePublished\":\"2009-10-23T13:31:06+00:00\",\"dateModified\":\"2016-12-06T21:30:25+00:00\",\"mainEntityOfPage\":{\"@id\":\"https:\/\/www.budokampsport.se\/2009\/10\/23\/vm-i-villach-tre-svenska-medaljer-sakrade\/\"},\"wordCount\":846,\"inLanguage\":\"sv-SE\"},{\"@type\":\"WebPage\",\"@id\":\"https:\/\/www.budokampsport.se\/2009\/10\/23\/vm-i-villach-tre-svenska-medaljer-sakrade\/\",\"url\":\"https:\/\/www.budokampsport.se\/2009\/10\/23\/vm-i-villach-tre-svenska-medaljer-sakrade\/\",\"name\":\"VM i Villach: Tre svenska medaljer s\u00e4krade - Svenska Budo &amp; Kampsportsf\u00f6rbundet\",\"isPartOf\":{\"@id\":\"https:\/\/www.budokampsport.se\/#website\"},\"datePublished\":\"2009-10-23T13:31:06+00:00\",\"dateModified\":\"2016-12-06T21:30:25+00:00\",\"author\":{\"@id\":\"https:\/\/www.budokampsport.se\/#\/schema\/person\/5c06d81d14850e2a8ce5493386560145\"},\"description\":\"Sverige har tagit tre medaljer i kickboxnings-VM. Detta st\u00e5r klart efter den andra dagen av t\u00e4vlingar. Karin Edenius knep bronset i light contact. Bj\u00f6rn Kj\u00f6llerstr\u00f6m fightas i semi imorgon och det g\u00f6r ocks\u00e5 Therese Gunnarsson.Den andra dagen av kickboxnings-VM i Villach blev en rysare. Flera hade sv\u00e5rt motst\u00e5nd att se fram emot.\u00a0\",\"breadcrumb\":{\"@id\":\"https:\/\/www.budokampsport.se\/2009\/10\/23\/vm-i-villach-tre-svenska-medaljer-sakrade\/#breadcrumb\"},\"inLanguage\":\"sv-SE\",\"potentialAction\":[{\"@type\":\"ReadAction\",\"target\":[\"https:\/\/www.budokampsport.se\/2009\/10\/23\/vm-i-villach-tre-svenska-medaljer-sakrade\/\"]}]},{\"@type\":\"BreadcrumbList\",\"@id\":\"https:\/\/www.budokampsport.se\/2009\/10\/23\/vm-i-villach-tre-svenska-medaljer-sakrade\/#breadcrumb\",\"itemListElement\":[{\"@type\":\"ListItem\",\"position\":1,\"name\":\"Hem\",\"item\":\"https:\/\/www.budokampsport.se\/\"},{\"@type\":\"ListItem\",\"position\":2,\"name\":\"VM i Villach: Tre svenska medaljer s\u00e4krade\"}]},{\"@type\":\"WebSite\",\"@id\":\"https:\/\/www.budokampsport.se\/#website\",\"url\":\"https:\/\/www.budokampsport.se\/\",\"name\":\"Svenska Budo &amp; Kampsportsf\u00f6rbundet\",\"description\":\"T\u00e4vling, Tr\u00e4ning, Tradition\",\"potentialAction\":[{\"@type\":\"SearchAction\",\"target\":{\"@type\":\"EntryPoint\",\"urlTemplate\":\"https:\/\/www.budokampsport.se\/?s={search_term_string}\"},\"query-input\":{\"@type\":\"PropertyValueSpecification\",\"valueRequired\":true,\"valueName\":\"search_term_string\"}}],\"inLanguage\":\"sv-SE\"},{\"@type\":\"Person\",\"@id\":\"https:\/\/www.budokampsport.se\/#\/schema\/person\/5c06d81d14850e2a8ce5493386560145\",\"name\":\"Jonathan Broberg\",\"image\":{\"@type\":\"ImageObject\",\"inLanguage\":\"sv-SE\",\"@id\":\"https:\/\/www.budokampsport.se\/#\/schema\/person\/image\/\",\"url\":\"https:\/\/secure.gravatar.com\/avatar\/a58041c6cea9128bd9c40ee2f26d4136?s=96&d=blank&r=g\",\"contentUrl\":\"https:\/\/secure.gravatar.com\/avatar\/a58041c6cea9128bd9c40ee2f26d4136?s=96&d=blank&r=g\",\"caption\":\"Jonathan Broberg\"},\"sameAs\":[\"https:\/\/www.facebook.com\/jonathan.broberg.7\"],\"url\":\"https:\/\/www.budokampsport.se\/author\/jonathan\/\"}]}<\/script>\n<!-- \/ Yoast SEO plugin. -->","yoast_head_json":{"title":"VM i Villach: Tre svenska medaljer s\u00e4krade - Svenska Budo &amp; Kampsportsf\u00f6rbundet","description":"Sverige har tagit tre medaljer i kickboxnings-VM. Detta st\u00e5r klart efter den andra dagen av t\u00e4vlingar. Karin Edenius knep bronset i light contact. Bj\u00f6rn Kj\u00f6llerstr\u00f6m fightas i semi imorgon och det g\u00f6r ocks\u00e5 Therese Gunnarsson.Den andra dagen av kickboxnings-VM i Villach blev en rysare. Flera hade sv\u00e5rt motst\u00e5nd att se fram emot.\u00a0","robots":{"index":"index","follow":"follow","max-snippet":"max-snippet:-1","max-image-preview":"max-image-preview:large","max-video-preview":"max-video-preview:-1"},"canonical":"https:\/\/www.budokampsport.se\/2009\/10\/23\/vm-i-villach-tre-svenska-medaljer-sakrade\/","og_locale":"sv_SE","og_type":"article","og_title":"VM i Villach: Tre svenska medaljer s\u00e4krade - Svenska Budo &amp; Kampsportsf\u00f6rbundet","og_description":"Sverige har tagit tre medaljer i kickboxnings-VM. Detta st\u00e5r klart efter den andra dagen av t\u00e4vlingar. Karin Edenius knep bronset i light contact. Bj\u00f6rn Kj\u00f6llerstr\u00f6m fightas i semi imorgon och det g\u00f6r ocks\u00e5 Therese Gunnarsson.Den andra dagen av kickboxnings-VM i Villach blev en rysare. Flera hade sv\u00e5rt motst\u00e5nd att se fram emot.\u00a0","og_url":"https:\/\/www.budokampsport.se\/2009\/10\/23\/vm-i-villach-tre-svenska-medaljer-sakrade\/","og_site_name":"Svenska Budo &amp; Kampsportsf\u00f6rbundet","article_author":"https:\/\/www.facebook.com\/jonathan.broberg.7","article_published_time":"2009-10-23T13:31:06+00:00","article_modified_time":"2016-12-06T21:30:25+00:00","author":"Jonathan Broberg","twitter_card":"summary_large_image","twitter_misc":{"Skriven av":"Jonathan Broberg","Ber\u00e4knad l\u00e4stid":"4 minuter"},"schema":{"@context":"https:\/\/schema.org","@graph":[{"@type":"Article","@id":"https:\/\/www.budokampsport.se\/2009\/10\/23\/vm-i-villach-tre-svenska-medaljer-sakrade\/#article","isPartOf":{"@id":"https:\/\/www.budokampsport.se\/2009\/10\/23\/vm-i-villach-tre-svenska-medaljer-sakrade\/"},"author":{"name":"Jonathan Broberg","@id":"https:\/\/www.budokampsport.se\/#\/schema\/person\/5c06d81d14850e2a8ce5493386560145"},"headline":"VM i Villach: Tre svenska medaljer s\u00e4krade","datePublished":"2009-10-23T13:31:06+00:00","dateModified":"2016-12-06T21:30:25+00:00","mainEntityOfPage":{"@id":"https:\/\/www.budokampsport.se\/2009\/10\/23\/vm-i-villach-tre-svenska-medaljer-sakrade\/"},"wordCount":846,"inLanguage":"sv-SE"},{"@type":"WebPage","@id":"https:\/\/www.budokampsport.se\/2009\/10\/23\/vm-i-villach-tre-svenska-medaljer-sakrade\/","url":"https:\/\/www.budokampsport.se\/2009\/10\/23\/vm-i-villach-tre-svenska-medaljer-sakrade\/","name":"VM i Villach: Tre svenska medaljer s\u00e4krade - Svenska Budo &amp; Kampsportsf\u00f6rbundet","isPartOf":{"@id":"https:\/\/www.budokampsport.se\/#website"},"datePublished":"2009-10-23T13:31:06+00:00","dateModified":"2016-12-06T21:30:25+00:00","author":{"@id":"https:\/\/www.budokampsport.se\/#\/schema\/person\/5c06d81d14850e2a8ce5493386560145"},"description":"Sverige har tagit tre medaljer i kickboxnings-VM. Detta st\u00e5r klart efter den andra dagen av t\u00e4vlingar. Karin Edenius knep bronset i light contact. Bj\u00f6rn Kj\u00f6llerstr\u00f6m fightas i semi imorgon och det g\u00f6r ocks\u00e5 Therese Gunnarsson.Den andra dagen av kickboxnings-VM i Villach blev en rysare. Flera hade sv\u00e5rt motst\u00e5nd att se fram emot.\u00a0","breadcrumb":{"@id":"https:\/\/www.budokampsport.se\/2009\/10\/23\/vm-i-villach-tre-svenska-medaljer-sakrade\/#breadcrumb"},"inLanguage":"sv-SE","potentialAction":[{"@type":"ReadAction","target":["https:\/\/www.budokampsport.se\/2009\/10\/23\/vm-i-villach-tre-svenska-medaljer-sakrade\/"]}]},{"@type":"BreadcrumbList","@id":"https:\/\/www.budokampsport.se\/2009\/10\/23\/vm-i-villach-tre-svenska-medaljer-sakrade\/#breadcrumb","itemListElement":[{"@type":"ListItem","position":1,"name":"Hem","item":"https:\/\/www.budokampsport.se\/"},{"@type":"ListItem","position":2,"name":"VM i Villach: Tre svenska medaljer s\u00e4krade"}]},{"@type":"WebSite","@id":"https:\/\/www.budokampsport.se\/#website","url":"https:\/\/www.budokampsport.se\/","name":"Svenska Budo &amp; Kampsportsf\u00f6rbundet","description":"T\u00e4vling, Tr\u00e4ning, Tradition","potentialAction":[{"@type":"SearchAction","target":{"@type":"EntryPoint","urlTemplate":"https:\/\/www.budokampsport.se\/?s={search_term_string}"},"query-input":{"@type":"PropertyValueSpecification","valueRequired":true,"valueName":"search_term_string"}}],"inLanguage":"sv-SE"},{"@type":"Person","@id":"https:\/\/www.budokampsport.se\/#\/schema\/person\/5c06d81d14850e2a8ce5493386560145","name":"Jonathan Broberg","image":{"@type":"ImageObject","inLanguage":"sv-SE","@id":"https:\/\/www.budokampsport.se\/#\/schema\/person\/image\/","url":"https:\/\/secure.gravatar.com\/avatar\/a58041c6cea9128bd9c40ee2f26d4136?s=96&d=blank&r=g","contentUrl":"https:\/\/secure.gravatar.com\/avatar\/a58041c6cea9128bd9c40ee2f26d4136?s=96&d=blank&r=g","caption":"Jonathan Broberg"},"sameAs":["https:\/\/www.facebook.com\/jonathan.broberg.7"],"url":"https:\/\/www.budokampsport.se\/author\/jonathan\/"}]}},"_links":{"self":[{"href":"https:\/\/www.budokampsport.se\/api\/wp\/v2\/posts\/3056","targetHints":{"allow":["GET"]}}],"collection":[{"href":"https:\/\/www.budokampsport.se\/api\/wp\/v2\/posts"}],"about":[{"href":"https:\/\/www.budokampsport.se\/api\/wp\/v2\/types\/post"}],"author":[{"embeddable":true,"href":"https:\/\/www.budokampsport.se\/api\/wp\/v2\/users\/7"}],"replies":[{"embeddable":true,"href":"https:\/\/www.budokampsport.se\/api\/wp\/v2\/comments?post=3056"}],"version-history":[{"count":0,"href":"https:\/\/www.budokampsport.se\/api\/wp\/v2\/posts\/3056\/revisions"}],"wp:attachment":[{"href":"https:\/\/www.budokampsport.se\/api\/wp\/v2\/media?parent=3056"}],"wp:term":[{"taxonomy":"category","embeddable":true,"href":"https:\/\/www.budokampsport.se\/api\/wp\/v2\/categories?post=3056"},{"taxonomy":"post_tag","embeddable":true,"href":"https:\/\/www.budokampsport.se\/api\/wp\/v2\/tags?post=3056"}],"curies":[{"name":"wp","href":"https:\/\/api.w.org\/{rel}","templated":true}]}}