{"id":3057,"date":"2009-10-24T14:46:50","date_gmt":"2009-10-24T12:46:50","guid":{"rendered":"http:\/\/budo.wordpress.dev\/2009\/10\/24\/vm-i-villach-therese-gunnarsson-klar-for-final\/"},"modified":"2016-12-06T22:30:25","modified_gmt":"2016-12-06T21:30:25","slug":"vm-i-villach-therese-gunnarsson-klar-for-final","status":"publish","type":"post","link":"https:\/\/www.budokampsport.se\/2009\/10\/24\/vm-i-villach-therese-gunnarsson-klar-for-final\/","title":{"rendered":"VM i Villach: Therese Gunnarsson klar f\u00f6r final"},"content":{"rendered":"<p><P><STRONG><IMG height=267 alt=\"\" src=\"http:\/\/www.budo.se\/sites\/default\/files\/therese_0.jpg\" width=400 align=middle><\/STRONG><\/P> <P><STRONG>Den tredje t\u00e4vlingsdagen i kickboxnings-VM i Villach bj\u00f6d p\u00e5 h\u00f6gdramatisk underh\u00e5llning d\u00e4r \u00c4ngelholmstjejen Therese Gunnarsson efter en heroisk v\u00e4ndning tog sig till sitt livs f\u00f6rsta VM-final.\u00a0<BR><\/STRONG>\u00a0\u00a0\u00a0<BR>\u00a0\u00a0 &#8211; Of\u00f6rklarligt, of\u00f6rst\u00e5ligt. \u00c4r det sant, ler hon till budokampsport.se.<BR><!--break--><BR>\u00c4ngelholms stolthet, och d\u00e5 talar vi inte om R\u00f6gle, Therese Gunnarsson \u00e4r klar f\u00f6r sitt livs f\u00f6rsta VM-final i kickboxning. Therese vann en rysare som inte Stephen King hade kunnat skriva b\u00e4ttre.<BR><BR>Lagom till Thereses andra rond i semifinalen tittade solen fram efter tre dagars molnighet \u00f6ver Villach. Och kanske var det ett omen. F\u00f6r trots att Therese startat piggt var det\u00a0ryskan som ledde med domarsiffrorna 3-0 efter f\u00f6rsta ronden.<BR><BR><STRONG>V\u00e4nde i andra ronden<BR><\/STRONG>I den andra fick Therese kontakt. H\u00f6ll avst\u00e5ndet b\u00e4ttre och kom p\u00e5 s\u00e5 s\u00e4tt in med attackerna under\u00a0ryskans gard och f\u00f6rbi hennes sparkar.<BR>\u00a0\u00a0 &#8211; Jag \u00f6ste p\u00e5 som fan. Jag hade ju inget att f\u00f6rlora, det var bara rakt fram som g\u00e4llde.<BR><BR>Therese kom ut till den tredje ronden i ledning. Men ryskan kom tillbaka och ett tag var som om resultattavlan helt flippat ur, d\u00e5 den flimrade mellan 2-1 och 1-2. Men Therese Gunnarsson h\u00f6ll ut l\u00e4ngst. Tillslut kroknade\u00a0ryskan i Therese obevekliga tempo och n\u00e4r matchen tog slut stod det 3-0 i domarr\u00f6ster.<BR>\u00a0\u00a0 &#8211; N\u00e4r det var en minut kvar t\u00e4nkte jag \u201dDet \u00e4r en minut av ett helt liv. Nu j\u00e4vlar k\u00f6r jag\u201d. N\u00e4r jag sedan f\u00f6rstod att jag hade vunnit var det som om jag inte trodde att det var sant. Jag var s\u00e5 j\u00e4vla tr\u00f6tt, men s\u00e5 underbart glad.<BR><STRONG><BR><IMG height=117 alt=\"\" src=\"http:\/\/www.budo.se\/sites\/default\/files\/vm_kickboxning-261.jpg\" width=175 align=right>&#8220;Enormt viktigt&#8221;<\/STRONG><BR>P\u00e5 l\u00e4ktarna i Stadthalle i Villach fanns Thereses f\u00f6r\u00e4ldrar p\u00e5 plats. Det var en stolt mor och far som s\u00e5g sin dotter vinna semifinalen.<BR>\u00a0\u00a0 &#8211; Jag \u00e4r redan l\u00e5ng, men nu blev jag \u00e4nnu l\u00e4ngre, sade mamma med t\u00e5rfyllda \u00f6gon.<BR>\u00a0\u00a0 &#8211; F\u00f6r mig har det varit enormt viktigt med st\u00f6det fr\u00e5n mamma och pappa. Helt fantastiskt, s\u00e4ger Therese och ger ifr\u00e5n sig tv\u00e5 j\u00e4ttekramar. <BR><BR>I finalen, som g\u00e5r i morgon, v\u00e4ntar kroatiskt motst\u00e5nd. Therese kommer under kv\u00e4llen att studera motst\u00e5ndet via film.<BR>\u00a0\u00a0 &#8211; Jag tror hon var lite st\u00f6rre. Samtidigt hade hon inte samma tempo som mig. Nej, har jag kommit s\u00e5 h\u00e4r l\u00e5ngt, d\u00e5 vill jag inget annat \u00e4n att vinna guld. \u00a0Det vore ash\u00e4ftigt.<BR><BR>\u00a0Text och foto: Jonathan Broberg<\/P><\/p>\n","protected":false},"excerpt":{"rendered":"<p><P><STRONG><IMG height=267 alt=\"\" src=\"http:\/\/www.budo.se\/sites\/default\/files\/therese_0.jpg\" width=400 align=middle><\/STRONG><\/P><br \/><br><P><STRONG>Den tredje t\u00e4vlingsdagen i kickboxnings-VM i Villach bj\u00f6d p\u00e5 h\u00f6gdramatisk underh\u00e5llning d\u00e4r \u00c4ngelholmstjejen Therese Gunnarsson efter en heroisk v\u00e4ndning tog sig till sitt livs f\u00f6rsta VM-final.\u00a0<BR><\/STRONG>\u00a0\u00a0\u00a0<BR>\u00a0\u00a0 &#8211; Of\u00f6rklarligt, of\u00f6rst\u00e5ligt. \u00c4r det sant, ler hon till budokampsport.se.<BR><\/p><br>","protected":false},"author":7,"featured_media":0,"comment_status":"closed","ping_status":"closed","sticky":false,"template":"","format":"standard","meta":{"_acf_changed":false,"footnotes":""},"categories":[1],"tags":[],"class_list":["post-3057","post","type-post","status-publish","format-standard","hentry","category-okategoriserade"],"acf":[],"yoast_head":"<!-- This site is optimized with the Yoast SEO plugin v26.8 - https:\/\/yoast.com\/product\/yoast-seo-wordpress\/ -->\n<title>VM i Villach: Therese Gunnarsson klar f\u00f6r final - Svenska Budo &amp; Kampsportsf\u00f6rbundet<\/title>\n<meta name=\"description\" content=\"Den tredje t\u00e4vlingsdagen i kickboxnings-VM i Villach bj\u00f6d p\u00e5 h\u00f6gdramatisk underh\u00e5llning d\u00e4r \u00c4ngelholmstjejen Therese Gunnarsson efter en heroisk v\u00e4ndning tog sig till sitt livs f\u00f6rsta VM-final.\u00a0\u00a0\u00a0\u00a0\u00a0\u00a0 - Of\u00f6rklarligt, of\u00f6rst\u00e5ligt. \u00c4r det sant, ler hon till budokampsport.se.\" \/>\n<meta name=\"robots\" content=\"index, follow, max-snippet:-1, max-image-preview:large, max-video-preview:-1\" \/>\n<link rel=\"canonical\" href=\"https:\/\/www.budokampsport.se\/2009\/10\/24\/vm-i-villach-therese-gunnarsson-klar-for-final\/\" \/>\n<meta property=\"og:locale\" content=\"sv_SE\" \/>\n<meta property=\"og:type\" content=\"article\" \/>\n<meta property=\"og:title\" content=\"VM i Villach: Therese Gunnarsson klar f\u00f6r final - Svenska Budo &amp; Kampsportsf\u00f6rbundet\" \/>\n<meta property=\"og:description\" content=\"Den tredje t\u00e4vlingsdagen i kickboxnings-VM i Villach bj\u00f6d p\u00e5 h\u00f6gdramatisk underh\u00e5llning d\u00e4r \u00c4ngelholmstjejen Therese Gunnarsson efter en heroisk v\u00e4ndning tog sig till sitt livs f\u00f6rsta VM-final.\u00a0\u00a0\u00a0\u00a0\u00a0\u00a0 - Of\u00f6rklarligt, of\u00f6rst\u00e5ligt. \u00c4r det sant, ler hon till budokampsport.se.\" \/>\n<meta property=\"og:url\" content=\"https:\/\/www.budokampsport.se\/2009\/10\/24\/vm-i-villach-therese-gunnarsson-klar-for-final\/\" \/>\n<meta property=\"og:site_name\" content=\"Svenska Budo &amp; Kampsportsf\u00f6rbundet\" \/>\n<meta property=\"article:author\" content=\"https:\/\/www.facebook.com\/jonathan.broberg.7\" \/>\n<meta property=\"article:published_time\" content=\"2009-10-24T12:46:50+00:00\" \/>\n<meta property=\"article:modified_time\" content=\"2016-12-06T21:30:25+00:00\" \/>\n<meta name=\"author\" content=\"Jonathan Broberg\" \/>\n<meta name=\"twitter:card\" content=\"summary_large_image\" \/>\n<meta name=\"twitter:label1\" content=\"Skriven av\" \/>\n\t<meta name=\"twitter:data1\" content=\"Jonathan Broberg\" \/>\n\t<meta name=\"twitter:label2\" content=\"Ber\u00e4knad l\u00e4stid\" \/>\n\t<meta name=\"twitter:data2\" content=\"2 minuter\" \/>\n<script type=\"application\/ld+json\" class=\"yoast-schema-graph\">{\"@context\":\"https:\/\/schema.org\",\"@graph\":[{\"@type\":\"Article\",\"@id\":\"https:\/\/www.budokampsport.se\/2009\/10\/24\/vm-i-villach-therese-gunnarsson-klar-for-final\/#article\",\"isPartOf\":{\"@id\":\"https:\/\/www.budokampsport.se\/2009\/10\/24\/vm-i-villach-therese-gunnarsson-klar-for-final\/\"},\"author\":{\"name\":\"Jonathan Broberg\",\"@id\":\"https:\/\/www.budokampsport.se\/#\/schema\/person\/5c06d81d14850e2a8ce5493386560145\"},\"headline\":\"VM i Villach: Therese Gunnarsson klar f\u00f6r final\",\"datePublished\":\"2009-10-24T12:46:50+00:00\",\"dateModified\":\"2016-12-06T21:30:25+00:00\",\"mainEntityOfPage\":{\"@id\":\"https:\/\/www.budokampsport.se\/2009\/10\/24\/vm-i-villach-therese-gunnarsson-klar-for-final\/\"},\"wordCount\":447,\"inLanguage\":\"sv-SE\"},{\"@type\":\"WebPage\",\"@id\":\"https:\/\/www.budokampsport.se\/2009\/10\/24\/vm-i-villach-therese-gunnarsson-klar-for-final\/\",\"url\":\"https:\/\/www.budokampsport.se\/2009\/10\/24\/vm-i-villach-therese-gunnarsson-klar-for-final\/\",\"name\":\"VM i Villach: Therese Gunnarsson klar f\u00f6r final - Svenska Budo &amp; Kampsportsf\u00f6rbundet\",\"isPartOf\":{\"@id\":\"https:\/\/www.budokampsport.se\/#website\"},\"datePublished\":\"2009-10-24T12:46:50+00:00\",\"dateModified\":\"2016-12-06T21:30:25+00:00\",\"author\":{\"@id\":\"https:\/\/www.budokampsport.se\/#\/schema\/person\/5c06d81d14850e2a8ce5493386560145\"},\"description\":\"Den tredje t\u00e4vlingsdagen i kickboxnings-VM i Villach bj\u00f6d p\u00e5 h\u00f6gdramatisk underh\u00e5llning d\u00e4r \u00c4ngelholmstjejen Therese Gunnarsson efter en heroisk v\u00e4ndning tog sig till sitt livs f\u00f6rsta VM-final.\u00a0\u00a0\u00a0\u00a0\u00a0\u00a0 - Of\u00f6rklarligt, of\u00f6rst\u00e5ligt. \u00c4r det sant, ler hon till budokampsport.se.\",\"breadcrumb\":{\"@id\":\"https:\/\/www.budokampsport.se\/2009\/10\/24\/vm-i-villach-therese-gunnarsson-klar-for-final\/#breadcrumb\"},\"inLanguage\":\"sv-SE\",\"potentialAction\":[{\"@type\":\"ReadAction\",\"target\":[\"https:\/\/www.budokampsport.se\/2009\/10\/24\/vm-i-villach-therese-gunnarsson-klar-for-final\/\"]}]},{\"@type\":\"BreadcrumbList\",\"@id\":\"https:\/\/www.budokampsport.se\/2009\/10\/24\/vm-i-villach-therese-gunnarsson-klar-for-final\/#breadcrumb\",\"itemListElement\":[{\"@type\":\"ListItem\",\"position\":1,\"name\":\"Hem\",\"item\":\"https:\/\/www.budokampsport.se\/\"},{\"@type\":\"ListItem\",\"position\":2,\"name\":\"VM i Villach: Therese Gunnarsson klar f\u00f6r final\"}]},{\"@type\":\"WebSite\",\"@id\":\"https:\/\/www.budokampsport.se\/#website\",\"url\":\"https:\/\/www.budokampsport.se\/\",\"name\":\"Svenska Budo &amp; Kampsportsf\u00f6rbundet\",\"description\":\"T\u00e4vling, Tr\u00e4ning, Tradition\",\"potentialAction\":[{\"@type\":\"SearchAction\",\"target\":{\"@type\":\"EntryPoint\",\"urlTemplate\":\"https:\/\/www.budokampsport.se\/?s={search_term_string}\"},\"query-input\":{\"@type\":\"PropertyValueSpecification\",\"valueRequired\":true,\"valueName\":\"search_term_string\"}}],\"inLanguage\":\"sv-SE\"},{\"@type\":\"Person\",\"@id\":\"https:\/\/www.budokampsport.se\/#\/schema\/person\/5c06d81d14850e2a8ce5493386560145\",\"name\":\"Jonathan Broberg\",\"image\":{\"@type\":\"ImageObject\",\"inLanguage\":\"sv-SE\",\"@id\":\"https:\/\/www.budokampsport.se\/#\/schema\/person\/image\/\",\"url\":\"https:\/\/secure.gravatar.com\/avatar\/a58041c6cea9128bd9c40ee2f26d4136?s=96&d=blank&r=g\",\"contentUrl\":\"https:\/\/secure.gravatar.com\/avatar\/a58041c6cea9128bd9c40ee2f26d4136?s=96&d=blank&r=g\",\"caption\":\"Jonathan Broberg\"},\"sameAs\":[\"https:\/\/www.facebook.com\/jonathan.broberg.7\"],\"url\":\"https:\/\/www.budokampsport.se\/author\/jonathan\/\"}]}<\/script>\n<!-- \/ Yoast SEO plugin. -->","yoast_head_json":{"title":"VM i Villach: Therese Gunnarsson klar f\u00f6r final - Svenska Budo &amp; Kampsportsf\u00f6rbundet","description":"Den tredje t\u00e4vlingsdagen i kickboxnings-VM i Villach bj\u00f6d p\u00e5 h\u00f6gdramatisk underh\u00e5llning d\u00e4r \u00c4ngelholmstjejen Therese Gunnarsson efter en heroisk v\u00e4ndning tog sig till sitt livs f\u00f6rsta VM-final.\u00a0\u00a0\u00a0\u00a0\u00a0\u00a0 - Of\u00f6rklarligt, of\u00f6rst\u00e5ligt. \u00c4r det sant, ler hon till budokampsport.se.","robots":{"index":"index","follow":"follow","max-snippet":"max-snippet:-1","max-image-preview":"max-image-preview:large","max-video-preview":"max-video-preview:-1"},"canonical":"https:\/\/www.budokampsport.se\/2009\/10\/24\/vm-i-villach-therese-gunnarsson-klar-for-final\/","og_locale":"sv_SE","og_type":"article","og_title":"VM i Villach: Therese Gunnarsson klar f\u00f6r final - Svenska Budo &amp; Kampsportsf\u00f6rbundet","og_description":"Den tredje t\u00e4vlingsdagen i kickboxnings-VM i Villach bj\u00f6d p\u00e5 h\u00f6gdramatisk underh\u00e5llning d\u00e4r \u00c4ngelholmstjejen Therese Gunnarsson efter en heroisk v\u00e4ndning tog sig till sitt livs f\u00f6rsta VM-final.\u00a0\u00a0\u00a0\u00a0\u00a0\u00a0 - Of\u00f6rklarligt, of\u00f6rst\u00e5ligt. \u00c4r det sant, ler hon till budokampsport.se.","og_url":"https:\/\/www.budokampsport.se\/2009\/10\/24\/vm-i-villach-therese-gunnarsson-klar-for-final\/","og_site_name":"Svenska Budo &amp; Kampsportsf\u00f6rbundet","article_author":"https:\/\/www.facebook.com\/jonathan.broberg.7","article_published_time":"2009-10-24T12:46:50+00:00","article_modified_time":"2016-12-06T21:30:25+00:00","author":"Jonathan Broberg","twitter_card":"summary_large_image","twitter_misc":{"Skriven av":"Jonathan Broberg","Ber\u00e4knad l\u00e4stid":"2 minuter"},"schema":{"@context":"https:\/\/schema.org","@graph":[{"@type":"Article","@id":"https:\/\/www.budokampsport.se\/2009\/10\/24\/vm-i-villach-therese-gunnarsson-klar-for-final\/#article","isPartOf":{"@id":"https:\/\/www.budokampsport.se\/2009\/10\/24\/vm-i-villach-therese-gunnarsson-klar-for-final\/"},"author":{"name":"Jonathan Broberg","@id":"https:\/\/www.budokampsport.se\/#\/schema\/person\/5c06d81d14850e2a8ce5493386560145"},"headline":"VM i Villach: Therese Gunnarsson klar f\u00f6r final","datePublished":"2009-10-24T12:46:50+00:00","dateModified":"2016-12-06T21:30:25+00:00","mainEntityOfPage":{"@id":"https:\/\/www.budokampsport.se\/2009\/10\/24\/vm-i-villach-therese-gunnarsson-klar-for-final\/"},"wordCount":447,"inLanguage":"sv-SE"},{"@type":"WebPage","@id":"https:\/\/www.budokampsport.se\/2009\/10\/24\/vm-i-villach-therese-gunnarsson-klar-for-final\/","url":"https:\/\/www.budokampsport.se\/2009\/10\/24\/vm-i-villach-therese-gunnarsson-klar-for-final\/","name":"VM i Villach: Therese Gunnarsson klar f\u00f6r final - Svenska Budo &amp; Kampsportsf\u00f6rbundet","isPartOf":{"@id":"https:\/\/www.budokampsport.se\/#website"},"datePublished":"2009-10-24T12:46:50+00:00","dateModified":"2016-12-06T21:30:25+00:00","author":{"@id":"https:\/\/www.budokampsport.se\/#\/schema\/person\/5c06d81d14850e2a8ce5493386560145"},"description":"Den tredje t\u00e4vlingsdagen i kickboxnings-VM i Villach bj\u00f6d p\u00e5 h\u00f6gdramatisk underh\u00e5llning d\u00e4r \u00c4ngelholmstjejen Therese Gunnarsson efter en heroisk v\u00e4ndning tog sig till sitt livs f\u00f6rsta VM-final.\u00a0\u00a0\u00a0\u00a0\u00a0\u00a0 - Of\u00f6rklarligt, of\u00f6rst\u00e5ligt. \u00c4r det sant, ler hon till budokampsport.se.","breadcrumb":{"@id":"https:\/\/www.budokampsport.se\/2009\/10\/24\/vm-i-villach-therese-gunnarsson-klar-for-final\/#breadcrumb"},"inLanguage":"sv-SE","potentialAction":[{"@type":"ReadAction","target":["https:\/\/www.budokampsport.se\/2009\/10\/24\/vm-i-villach-therese-gunnarsson-klar-for-final\/"]}]},{"@type":"BreadcrumbList","@id":"https:\/\/www.budokampsport.se\/2009\/10\/24\/vm-i-villach-therese-gunnarsson-klar-for-final\/#breadcrumb","itemListElement":[{"@type":"ListItem","position":1,"name":"Hem","item":"https:\/\/www.budokampsport.se\/"},{"@type":"ListItem","position":2,"name":"VM i Villach: Therese Gunnarsson klar f\u00f6r final"}]},{"@type":"WebSite","@id":"https:\/\/www.budokampsport.se\/#website","url":"https:\/\/www.budokampsport.se\/","name":"Svenska Budo &amp; Kampsportsf\u00f6rbundet","description":"T\u00e4vling, Tr\u00e4ning, Tradition","potentialAction":[{"@type":"SearchAction","target":{"@type":"EntryPoint","urlTemplate":"https:\/\/www.budokampsport.se\/?s={search_term_string}"},"query-input":{"@type":"PropertyValueSpecification","valueRequired":true,"valueName":"search_term_string"}}],"inLanguage":"sv-SE"},{"@type":"Person","@id":"https:\/\/www.budokampsport.se\/#\/schema\/person\/5c06d81d14850e2a8ce5493386560145","name":"Jonathan Broberg","image":{"@type":"ImageObject","inLanguage":"sv-SE","@id":"https:\/\/www.budokampsport.se\/#\/schema\/person\/image\/","url":"https:\/\/secure.gravatar.com\/avatar\/a58041c6cea9128bd9c40ee2f26d4136?s=96&d=blank&r=g","contentUrl":"https:\/\/secure.gravatar.com\/avatar\/a58041c6cea9128bd9c40ee2f26d4136?s=96&d=blank&r=g","caption":"Jonathan Broberg"},"sameAs":["https:\/\/www.facebook.com\/jonathan.broberg.7"],"url":"https:\/\/www.budokampsport.se\/author\/jonathan\/"}]}},"_links":{"self":[{"href":"https:\/\/www.budokampsport.se\/api\/wp\/v2\/posts\/3057","targetHints":{"allow":["GET"]}}],"collection":[{"href":"https:\/\/www.budokampsport.se\/api\/wp\/v2\/posts"}],"about":[{"href":"https:\/\/www.budokampsport.se\/api\/wp\/v2\/types\/post"}],"author":[{"embeddable":true,"href":"https:\/\/www.budokampsport.se\/api\/wp\/v2\/users\/7"}],"replies":[{"embeddable":true,"href":"https:\/\/www.budokampsport.se\/api\/wp\/v2\/comments?post=3057"}],"version-history":[{"count":0,"href":"https:\/\/www.budokampsport.se\/api\/wp\/v2\/posts\/3057\/revisions"}],"wp:attachment":[{"href":"https:\/\/www.budokampsport.se\/api\/wp\/v2\/media?parent=3057"}],"wp:term":[{"taxonomy":"category","embeddable":true,"href":"https:\/\/www.budokampsport.se\/api\/wp\/v2\/categories?post=3057"},{"taxonomy":"post_tag","embeddable":true,"href":"https:\/\/www.budokampsport.se\/api\/wp\/v2\/tags?post=3057"}],"curies":[{"name":"wp","href":"https:\/\/api.w.org\/{rel}","templated":true}]}}