{"id":3059,"date":"2009-10-25T15:38:27","date_gmt":"2009-10-25T14:38:27","guid":{"rendered":"http:\/\/budo.wordpress.dev\/2009\/10\/25\/vm-i-villach-ett-silver-och-tva-brons\/"},"modified":"2016-12-06T22:30:25","modified_gmt":"2016-12-06T21:30:25","slug":"vm-i-villach-ett-silver-och-tva-brons","status":"publish","type":"post","link":"https:\/\/www.budokampsport.se\/2009\/10\/25\/vm-i-villach-ett-silver-och-tva-brons\/","title":{"rendered":"VM i Villach: Ett silver och tv\u00e5 brons"},"content":{"rendered":"<p><P><STRONG><IMG height=267 alt=\"Karin och Therese med medaljerna\" src=\"http:\/\/www.budo.se\/sites\/default\/files\/vm_kickboxning-589.jpg\" width=400 align=middle><\/STRONG><\/P> <P><STRONG>S\u00e5 har d\u00e5 den sista matchen med svenskintresse avgjorts. Det blev inget guld f\u00f6r Therese Gunnarsson som f\u00f6rlorade en j\u00e4mn och sp\u00e4nnande finalkamp. Men ett VM-silver \u00e4r n\u00e5got att vara stolt \u00f6ver.<\/STRONG><\/P> <P><BR>Dessutom b\u00e4rgade Bj\u00f6rn Kj\u00f6llerstr\u00f6m och Karin Edenius varsitt brons.<BR><!--break--><BR>P\u00e5 det stora hela, nu n\u00e4r vi kan summera VM i Villach f\u00f6r svensk del, har det varit ett bra VM. Tre medaljer har s\u00e4krats och Sverige har f\u00e5tt ett erk\u00e4nnande som kickboxningsnation.<BR><BR><STRONG>\u00c4ven Kj\u00f6llerstr\u00f6m tog medalj<\/STRONG><BR><IMG height=120 alt=\"\" src=\"http:\/\/www.budo.se\/sites\/default\/files\/vm_kickboxning-572.jpg\" width=175 align=right>Thereses Gunnarsson var siste bl\u00e5gul att t\u00e4vla i \u00d6sterrike och hon gjorde det med den \u00e4ran mot det tuffa kroatiska motst\u00e5ndet. Men tyv\u00e4rr r\u00e4ckte det inte \u00e4nd\u00e5 fram, men en imponerande silverpeng har hon \u00e4nd\u00e5 med sig hem till \u00c4ngelholm.<BR>\u00a0\u00a0 &#8211; Jag var v\u00e4ldigt besviken efter matchen, men samtidigt \u00e4r jag glad och stolt f\u00f6r silvret, s\u00e4ger hon till budokampsport.se.<BR><BR>\u00c4ven Bj\u00f6rn Kj\u00f6llerstr\u00f6m tog medlaj i Villach-VM. Han vann ett brons under g\u00e5rdagen.<BR>\u00a0\u00a0 &#8211; Det k\u00e4ndes lite bittert. Jag hade siktet inst\u00e4llt p\u00e5 mer \u00e4n s\u00e5, sade han med ett snett leende.<BR><BR>Text och foto: Jonathan Broberg<\/P><\/p>\n","protected":false},"excerpt":{"rendered":"<p><P><STRONG><IMG height=267 alt=\"Karin och Therese med medaljerna\" src=\"http:\/\/www.budo.se\/sites\/default\/files\/vm_kickboxning-589.jpg\" width=400 align=middle><\/STRONG><\/P><br \/><br><P><STRONG>S\u00e5 har d\u00e5 den sista matchen med svenskintresse avgjorts. Det blev inget guld f\u00f6r Therese Gunnarsson som f\u00f6rlorade en j\u00e4mn och sp\u00e4nnande finalkamp. Men ett VM-silver \u00e4r n\u00e5got att vara stolt \u00f6ver.<\/STRONG><\/P><br \/><br><P><BR>Dessutom b\u00e4rgade Bj\u00f6rn Kj\u00f6llerstr\u00f6m och Karin Edenius varsitt brons.<BR><\/p><br>","protected":false},"author":7,"featured_media":0,"comment_status":"closed","ping_status":"closed","sticky":false,"template":"","format":"standard","meta":{"_acf_changed":false,"footnotes":""},"categories":[1],"tags":[],"class_list":["post-3059","post","type-post","status-publish","format-standard","hentry","category-okategoriserade"],"acf":[],"yoast_head":"<!-- This site is optimized with the Yoast SEO plugin v26.8 - https:\/\/yoast.com\/product\/yoast-seo-wordpress\/ -->\n<title>VM i Villach: Ett silver och tv\u00e5 brons - Svenska Budo &amp; Kampsportsf\u00f6rbundet<\/title>\n<meta name=\"description\" content=\"S\u00e5 har d\u00e5 den sista matchen med svenskintresse avgjorts. Det blev inget guld f\u00f6r Therese Gunnarsson som f\u00f6rlorade en j\u00e4mn och sp\u00e4nnande finalkamp. Men ett VM-silver \u00e4r n\u00e5got att vara stolt \u00f6ver. Dessutom b\u00e4rgade Bj\u00f6rn Kj\u00f6llerstr\u00f6m och Karin Edenius varsitt brons.\" \/>\n<meta name=\"robots\" content=\"index, follow, max-snippet:-1, max-image-preview:large, max-video-preview:-1\" \/>\n<link rel=\"canonical\" href=\"https:\/\/www.budokampsport.se\/2009\/10\/25\/vm-i-villach-ett-silver-och-tva-brons\/\" \/>\n<meta property=\"og:locale\" content=\"sv_SE\" \/>\n<meta property=\"og:type\" content=\"article\" \/>\n<meta property=\"og:title\" content=\"VM i Villach: Ett silver och tv\u00e5 brons - Svenska Budo &amp; Kampsportsf\u00f6rbundet\" \/>\n<meta property=\"og:description\" content=\"S\u00e5 har d\u00e5 den sista matchen med svenskintresse avgjorts. Det blev inget guld f\u00f6r Therese Gunnarsson som f\u00f6rlorade en j\u00e4mn och sp\u00e4nnande finalkamp. Men ett VM-silver \u00e4r n\u00e5got att vara stolt \u00f6ver. Dessutom b\u00e4rgade Bj\u00f6rn Kj\u00f6llerstr\u00f6m och Karin Edenius varsitt brons.\" \/>\n<meta property=\"og:url\" content=\"https:\/\/www.budokampsport.se\/2009\/10\/25\/vm-i-villach-ett-silver-och-tva-brons\/\" \/>\n<meta property=\"og:site_name\" content=\"Svenska Budo &amp; Kampsportsf\u00f6rbundet\" \/>\n<meta property=\"article:author\" content=\"https:\/\/www.facebook.com\/jonathan.broberg.7\" \/>\n<meta property=\"article:published_time\" content=\"2009-10-25T14:38:27+00:00\" \/>\n<meta property=\"article:modified_time\" content=\"2016-12-06T21:30:25+00:00\" \/>\n<meta name=\"author\" content=\"Jonathan Broberg\" \/>\n<meta name=\"twitter:card\" content=\"summary_large_image\" \/>\n<meta name=\"twitter:label1\" content=\"Skriven av\" \/>\n\t<meta name=\"twitter:data1\" content=\"Jonathan Broberg\" \/>\n\t<meta name=\"twitter:label2\" content=\"Ber\u00e4knad l\u00e4stid\" \/>\n\t<meta name=\"twitter:data2\" content=\"1 minut\" \/>\n<script type=\"application\/ld+json\" class=\"yoast-schema-graph\">{\"@context\":\"https:\/\/schema.org\",\"@graph\":[{\"@type\":\"Article\",\"@id\":\"https:\/\/www.budokampsport.se\/2009\/10\/25\/vm-i-villach-ett-silver-och-tva-brons\/#article\",\"isPartOf\":{\"@id\":\"https:\/\/www.budokampsport.se\/2009\/10\/25\/vm-i-villach-ett-silver-och-tva-brons\/\"},\"author\":{\"name\":\"Jonathan Broberg\",\"@id\":\"https:\/\/www.budokampsport.se\/#\/schema\/person\/5c06d81d14850e2a8ce5493386560145\"},\"headline\":\"VM i Villach: Ett silver och tv\u00e5 brons\",\"datePublished\":\"2009-10-25T14:38:27+00:00\",\"dateModified\":\"2016-12-06T21:30:25+00:00\",\"mainEntityOfPage\":{\"@id\":\"https:\/\/www.budokampsport.se\/2009\/10\/25\/vm-i-villach-ett-silver-och-tva-brons\/\"},\"wordCount\":214,\"inLanguage\":\"sv-SE\"},{\"@type\":\"WebPage\",\"@id\":\"https:\/\/www.budokampsport.se\/2009\/10\/25\/vm-i-villach-ett-silver-och-tva-brons\/\",\"url\":\"https:\/\/www.budokampsport.se\/2009\/10\/25\/vm-i-villach-ett-silver-och-tva-brons\/\",\"name\":\"VM i Villach: Ett silver och tv\u00e5 brons - Svenska Budo &amp; Kampsportsf\u00f6rbundet\",\"isPartOf\":{\"@id\":\"https:\/\/www.budokampsport.se\/#website\"},\"datePublished\":\"2009-10-25T14:38:27+00:00\",\"dateModified\":\"2016-12-06T21:30:25+00:00\",\"author\":{\"@id\":\"https:\/\/www.budokampsport.se\/#\/schema\/person\/5c06d81d14850e2a8ce5493386560145\"},\"description\":\"S\u00e5 har d\u00e5 den sista matchen med svenskintresse avgjorts. Det blev inget guld f\u00f6r Therese Gunnarsson som f\u00f6rlorade en j\u00e4mn och sp\u00e4nnande finalkamp. Men ett VM-silver \u00e4r n\u00e5got att vara stolt \u00f6ver. Dessutom b\u00e4rgade Bj\u00f6rn Kj\u00f6llerstr\u00f6m och Karin Edenius varsitt brons.\",\"breadcrumb\":{\"@id\":\"https:\/\/www.budokampsport.se\/2009\/10\/25\/vm-i-villach-ett-silver-och-tva-brons\/#breadcrumb\"},\"inLanguage\":\"sv-SE\",\"potentialAction\":[{\"@type\":\"ReadAction\",\"target\":[\"https:\/\/www.budokampsport.se\/2009\/10\/25\/vm-i-villach-ett-silver-och-tva-brons\/\"]}]},{\"@type\":\"BreadcrumbList\",\"@id\":\"https:\/\/www.budokampsport.se\/2009\/10\/25\/vm-i-villach-ett-silver-och-tva-brons\/#breadcrumb\",\"itemListElement\":[{\"@type\":\"ListItem\",\"position\":1,\"name\":\"Hem\",\"item\":\"https:\/\/www.budokampsport.se\/\"},{\"@type\":\"ListItem\",\"position\":2,\"name\":\"VM i Villach: Ett silver och tv\u00e5 brons\"}]},{\"@type\":\"WebSite\",\"@id\":\"https:\/\/www.budokampsport.se\/#website\",\"url\":\"https:\/\/www.budokampsport.se\/\",\"name\":\"Svenska Budo &amp; Kampsportsf\u00f6rbundet\",\"description\":\"T\u00e4vling, Tr\u00e4ning, Tradition\",\"potentialAction\":[{\"@type\":\"SearchAction\",\"target\":{\"@type\":\"EntryPoint\",\"urlTemplate\":\"https:\/\/www.budokampsport.se\/?s={search_term_string}\"},\"query-input\":{\"@type\":\"PropertyValueSpecification\",\"valueRequired\":true,\"valueName\":\"search_term_string\"}}],\"inLanguage\":\"sv-SE\"},{\"@type\":\"Person\",\"@id\":\"https:\/\/www.budokampsport.se\/#\/schema\/person\/5c06d81d14850e2a8ce5493386560145\",\"name\":\"Jonathan Broberg\",\"image\":{\"@type\":\"ImageObject\",\"inLanguage\":\"sv-SE\",\"@id\":\"https:\/\/www.budokampsport.se\/#\/schema\/person\/image\/\",\"url\":\"https:\/\/secure.gravatar.com\/avatar\/a58041c6cea9128bd9c40ee2f26d4136?s=96&d=blank&r=g\",\"contentUrl\":\"https:\/\/secure.gravatar.com\/avatar\/a58041c6cea9128bd9c40ee2f26d4136?s=96&d=blank&r=g\",\"caption\":\"Jonathan Broberg\"},\"sameAs\":[\"https:\/\/www.facebook.com\/jonathan.broberg.7\"],\"url\":\"https:\/\/www.budokampsport.se\/author\/jonathan\/\"}]}<\/script>\n<!-- \/ Yoast SEO plugin. -->","yoast_head_json":{"title":"VM i Villach: Ett silver och tv\u00e5 brons - Svenska Budo &amp; Kampsportsf\u00f6rbundet","description":"S\u00e5 har d\u00e5 den sista matchen med svenskintresse avgjorts. Det blev inget guld f\u00f6r Therese Gunnarsson som f\u00f6rlorade en j\u00e4mn och sp\u00e4nnande finalkamp. Men ett VM-silver \u00e4r n\u00e5got att vara stolt \u00f6ver. Dessutom b\u00e4rgade Bj\u00f6rn Kj\u00f6llerstr\u00f6m och Karin Edenius varsitt brons.","robots":{"index":"index","follow":"follow","max-snippet":"max-snippet:-1","max-image-preview":"max-image-preview:large","max-video-preview":"max-video-preview:-1"},"canonical":"https:\/\/www.budokampsport.se\/2009\/10\/25\/vm-i-villach-ett-silver-och-tva-brons\/","og_locale":"sv_SE","og_type":"article","og_title":"VM i Villach: Ett silver och tv\u00e5 brons - Svenska Budo &amp; Kampsportsf\u00f6rbundet","og_description":"S\u00e5 har d\u00e5 den sista matchen med svenskintresse avgjorts. Det blev inget guld f\u00f6r Therese Gunnarsson som f\u00f6rlorade en j\u00e4mn och sp\u00e4nnande finalkamp. Men ett VM-silver \u00e4r n\u00e5got att vara stolt \u00f6ver. Dessutom b\u00e4rgade Bj\u00f6rn Kj\u00f6llerstr\u00f6m och Karin Edenius varsitt brons.","og_url":"https:\/\/www.budokampsport.se\/2009\/10\/25\/vm-i-villach-ett-silver-och-tva-brons\/","og_site_name":"Svenska Budo &amp; Kampsportsf\u00f6rbundet","article_author":"https:\/\/www.facebook.com\/jonathan.broberg.7","article_published_time":"2009-10-25T14:38:27+00:00","article_modified_time":"2016-12-06T21:30:25+00:00","author":"Jonathan Broberg","twitter_card":"summary_large_image","twitter_misc":{"Skriven av":"Jonathan Broberg","Ber\u00e4knad l\u00e4stid":"1 minut"},"schema":{"@context":"https:\/\/schema.org","@graph":[{"@type":"Article","@id":"https:\/\/www.budokampsport.se\/2009\/10\/25\/vm-i-villach-ett-silver-och-tva-brons\/#article","isPartOf":{"@id":"https:\/\/www.budokampsport.se\/2009\/10\/25\/vm-i-villach-ett-silver-och-tva-brons\/"},"author":{"name":"Jonathan Broberg","@id":"https:\/\/www.budokampsport.se\/#\/schema\/person\/5c06d81d14850e2a8ce5493386560145"},"headline":"VM i Villach: Ett silver och tv\u00e5 brons","datePublished":"2009-10-25T14:38:27+00:00","dateModified":"2016-12-06T21:30:25+00:00","mainEntityOfPage":{"@id":"https:\/\/www.budokampsport.se\/2009\/10\/25\/vm-i-villach-ett-silver-och-tva-brons\/"},"wordCount":214,"inLanguage":"sv-SE"},{"@type":"WebPage","@id":"https:\/\/www.budokampsport.se\/2009\/10\/25\/vm-i-villach-ett-silver-och-tva-brons\/","url":"https:\/\/www.budokampsport.se\/2009\/10\/25\/vm-i-villach-ett-silver-och-tva-brons\/","name":"VM i Villach: Ett silver och tv\u00e5 brons - Svenska Budo &amp; Kampsportsf\u00f6rbundet","isPartOf":{"@id":"https:\/\/www.budokampsport.se\/#website"},"datePublished":"2009-10-25T14:38:27+00:00","dateModified":"2016-12-06T21:30:25+00:00","author":{"@id":"https:\/\/www.budokampsport.se\/#\/schema\/person\/5c06d81d14850e2a8ce5493386560145"},"description":"S\u00e5 har d\u00e5 den sista matchen med svenskintresse avgjorts. Det blev inget guld f\u00f6r Therese Gunnarsson som f\u00f6rlorade en j\u00e4mn och sp\u00e4nnande finalkamp. Men ett VM-silver \u00e4r n\u00e5got att vara stolt \u00f6ver. Dessutom b\u00e4rgade Bj\u00f6rn Kj\u00f6llerstr\u00f6m och Karin Edenius varsitt brons.","breadcrumb":{"@id":"https:\/\/www.budokampsport.se\/2009\/10\/25\/vm-i-villach-ett-silver-och-tva-brons\/#breadcrumb"},"inLanguage":"sv-SE","potentialAction":[{"@type":"ReadAction","target":["https:\/\/www.budokampsport.se\/2009\/10\/25\/vm-i-villach-ett-silver-och-tva-brons\/"]}]},{"@type":"BreadcrumbList","@id":"https:\/\/www.budokampsport.se\/2009\/10\/25\/vm-i-villach-ett-silver-och-tva-brons\/#breadcrumb","itemListElement":[{"@type":"ListItem","position":1,"name":"Hem","item":"https:\/\/www.budokampsport.se\/"},{"@type":"ListItem","position":2,"name":"VM i Villach: Ett silver och tv\u00e5 brons"}]},{"@type":"WebSite","@id":"https:\/\/www.budokampsport.se\/#website","url":"https:\/\/www.budokampsport.se\/","name":"Svenska Budo &amp; Kampsportsf\u00f6rbundet","description":"T\u00e4vling, Tr\u00e4ning, Tradition","potentialAction":[{"@type":"SearchAction","target":{"@type":"EntryPoint","urlTemplate":"https:\/\/www.budokampsport.se\/?s={search_term_string}"},"query-input":{"@type":"PropertyValueSpecification","valueRequired":true,"valueName":"search_term_string"}}],"inLanguage":"sv-SE"},{"@type":"Person","@id":"https:\/\/www.budokampsport.se\/#\/schema\/person\/5c06d81d14850e2a8ce5493386560145","name":"Jonathan Broberg","image":{"@type":"ImageObject","inLanguage":"sv-SE","@id":"https:\/\/www.budokampsport.se\/#\/schema\/person\/image\/","url":"https:\/\/secure.gravatar.com\/avatar\/a58041c6cea9128bd9c40ee2f26d4136?s=96&d=blank&r=g","contentUrl":"https:\/\/secure.gravatar.com\/avatar\/a58041c6cea9128bd9c40ee2f26d4136?s=96&d=blank&r=g","caption":"Jonathan Broberg"},"sameAs":["https:\/\/www.facebook.com\/jonathan.broberg.7"],"url":"https:\/\/www.budokampsport.se\/author\/jonathan\/"}]}},"_links":{"self":[{"href":"https:\/\/www.budokampsport.se\/api\/wp\/v2\/posts\/3059","targetHints":{"allow":["GET"]}}],"collection":[{"href":"https:\/\/www.budokampsport.se\/api\/wp\/v2\/posts"}],"about":[{"href":"https:\/\/www.budokampsport.se\/api\/wp\/v2\/types\/post"}],"author":[{"embeddable":true,"href":"https:\/\/www.budokampsport.se\/api\/wp\/v2\/users\/7"}],"replies":[{"embeddable":true,"href":"https:\/\/www.budokampsport.se\/api\/wp\/v2\/comments?post=3059"}],"version-history":[{"count":0,"href":"https:\/\/www.budokampsport.se\/api\/wp\/v2\/posts\/3059\/revisions"}],"wp:attachment":[{"href":"https:\/\/www.budokampsport.se\/api\/wp\/v2\/media?parent=3059"}],"wp:term":[{"taxonomy":"category","embeddable":true,"href":"https:\/\/www.budokampsport.se\/api\/wp\/v2\/categories?post=3059"},{"taxonomy":"post_tag","embeddable":true,"href":"https:\/\/www.budokampsport.se\/api\/wp\/v2\/tags?post=3059"}],"curies":[{"name":"wp","href":"https:\/\/api.w.org\/{rel}","templated":true}]}}