{"id":3094,"date":"2009-12-22T08:34:17","date_gmt":"2009-12-22T07:34:17","guid":{"rendered":"http:\/\/budo.wordpress.dev\/2009\/12\/22\/information-fran-forbundsstyrelsen-till-distriktsforbunden\/"},"modified":"2016-12-06T22:30:33","modified_gmt":"2016-12-06T21:30:33","slug":"information-fran-forbundsstyrelsen-till-distriktsforbunden","status":"publish","type":"post","link":"https:\/\/www.budokampsport.se\/2009\/12\/22\/information-fran-forbundsstyrelsen-till-distriktsforbunden\/","title":{"rendered":"Information fr\u00e5n F\u00f6rbundsstyrelsen till distriktsf\u00f6rbunden"},"content":{"rendered":"<p><P><STRONG><IMG alt=\"\" align=right src=\"\/sites\/default\/files\/tsuba.jpg\" width=200 height=164>Att karate l\u00e4mnar Svenska Budo &#038; Kampsportsf\u00f6rbundet efter den 31 december, \u00e4r ingen nyhet. D\u00e4remot kommer sj\u00e4lva \u00f6verg\u00e5ngen i sig att medf\u00f6ra nya framtida arbetss\u00e4tt, b\u00e5de f\u00f6r f\u00f6rbundet centralt men \u00e4ven p\u00e5 distriktsniv\u00e5<\/STRONG>.<BR><BR>F\u00f6r distrikten ska f\u00f6r\u00e4ndringen inte p\u00e5verka verksamheten i annan omfattning \u00e4n vad som varje enskilt distriktsf\u00f6rbund beslutar. <BR><BR><!--break-->Detta kan g\u00e4lla kompletteringsval till styrelser och kommitt\u00e9er. Men ocks\u00e5 justering av budget och ekonomiska \u00e5taganden.<\/P> <P><STRONG>Det ligger i alla f\u00f6rbunds intressen <\/STRONG>att aktivt bem\u00f6ta det minskade medlemsantalet som<STRONG> <\/STRONG>f\u00f6r\u00e4ndringen i och med karatens utt\u00e5g kan komma att inneb\u00e4ra.<\/P> <P>Svenska Budo &#038; Kampsportsf\u00f6rbundet vill \u00e4ven uppm\u00e4rksamma varje enskilt distriktsf\u00f6rbund p\u00e5 att regelverket inte medger att delar av distriktsf\u00f6rbundets tillg\u00e5ngar delas ut till enskilda f\u00f6reningar eller andra f\u00f6rbund. Sj\u00e4lva fr\u00e5gan om uppl\u00f6sen eller samg\u00e5ende av distriktsf\u00f6rbund med ett annat distriktsf\u00f6rbund f\u00e5r dessutom endast ske genom ett beslut av \u00e5rsst\u00e4mma.<\/P> <P>Eventuella fr\u00e5gor och vidare information h\u00e4nvisas till kansliet p\u00e5 <A href=\"mailto:info@budo.se\">info@budo.se<\/A>.<BR>\u00a0<\/P><\/p>\n","protected":false},"excerpt":{"rendered":"<p><P><STRONG><IMG alt=\"\" align=right src=\"\/sites\/default\/files\/tsuba.jpg\" width=200 height=164>Att karate l\u00e4mnar Svenska Budo &#038; Kampsportsf\u00f6rbundet efter den 31 december, \u00e4r ingen nyhet. D\u00e4remot kommer sj\u00e4lva \u00f6verg\u00e5ngen i sig att medf\u00f6ra nya framtida arbetss\u00e4tt, b\u00e5de f\u00f6r f\u00f6rbundet centralt men \u00e4ven p\u00e5 distriktsniv\u00e5<\/STRONG>.<BR><BR>F\u00f6r distrikten ska f\u00f6r\u00e4ndringen inte p\u00e5verka verksamheten i annan omfattning \u00e4n vad som varje enskilt distriktsf\u00f6rbund beslutar. <BR><BR><\/p><br>","protected":false},"author":7,"featured_media":0,"comment_status":"closed","ping_status":"closed","sticky":false,"template":"","format":"standard","meta":{"_acf_changed":false,"footnotes":""},"categories":[1],"tags":[],"class_list":["post-3094","post","type-post","status-publish","format-standard","hentry","category-okategoriserade"],"acf":[],"yoast_head":"<!-- This site is optimized with the Yoast SEO plugin v26.8 - https:\/\/yoast.com\/product\/yoast-seo-wordpress\/ -->\n<title>Information fr\u00e5n F\u00f6rbundsstyrelsen till distriktsf\u00f6rbunden - Svenska Budo &amp; Kampsportsf\u00f6rbundet<\/title>\n<meta name=\"description\" content=\"Att karate l\u00e4mnar Svenska Budo &amp; Kampsportsf\u00f6rbundet efter den 31 december, \u00e4r ingen nyhet. D\u00e4remot kommer sj\u00e4lva \u00f6verg\u00e5ngen i sig att medf\u00f6ra nya framtida arbetss\u00e4tt, b\u00e5de f\u00f6r f\u00f6rbundet centralt men \u00e4ven p\u00e5 distriktsniv\u00e5.F\u00f6r distrikten ska f\u00f6r\u00e4ndringen inte p\u00e5verka verksamheten i annan omfattning \u00e4n vad som varje enskilt distriktsf\u00f6rbund beslutar.\" \/>\n<meta name=\"robots\" content=\"index, follow, max-snippet:-1, max-image-preview:large, max-video-preview:-1\" \/>\n<link rel=\"canonical\" href=\"https:\/\/www.budokampsport.se\/2009\/12\/22\/information-fran-forbundsstyrelsen-till-distriktsforbunden\/\" \/>\n<meta property=\"og:locale\" content=\"sv_SE\" \/>\n<meta property=\"og:type\" content=\"article\" \/>\n<meta property=\"og:title\" content=\"Information fr\u00e5n F\u00f6rbundsstyrelsen till distriktsf\u00f6rbunden - Svenska Budo &amp; Kampsportsf\u00f6rbundet\" \/>\n<meta property=\"og:description\" content=\"Att karate l\u00e4mnar Svenska Budo &amp; Kampsportsf\u00f6rbundet efter den 31 december, \u00e4r ingen nyhet. D\u00e4remot kommer sj\u00e4lva \u00f6verg\u00e5ngen i sig att medf\u00f6ra nya framtida arbetss\u00e4tt, b\u00e5de f\u00f6r f\u00f6rbundet centralt men \u00e4ven p\u00e5 distriktsniv\u00e5.F\u00f6r distrikten ska f\u00f6r\u00e4ndringen inte p\u00e5verka verksamheten i annan omfattning \u00e4n vad som varje enskilt distriktsf\u00f6rbund beslutar.\" \/>\n<meta property=\"og:url\" content=\"https:\/\/www.budokampsport.se\/2009\/12\/22\/information-fran-forbundsstyrelsen-till-distriktsforbunden\/\" \/>\n<meta property=\"og:site_name\" content=\"Svenska Budo &amp; Kampsportsf\u00f6rbundet\" \/>\n<meta property=\"article:author\" content=\"https:\/\/www.facebook.com\/jonathan.broberg.7\" \/>\n<meta property=\"article:published_time\" content=\"2009-12-22T07:34:17+00:00\" \/>\n<meta property=\"article:modified_time\" content=\"2016-12-06T21:30:33+00:00\" \/>\n<meta name=\"author\" content=\"Jonathan Broberg\" \/>\n<meta name=\"twitter:card\" content=\"summary_large_image\" \/>\n<meta name=\"twitter:label1\" content=\"Skriven av\" \/>\n\t<meta name=\"twitter:data1\" content=\"Jonathan Broberg\" \/>\n\t<meta name=\"twitter:label2\" content=\"Ber\u00e4knad l\u00e4stid\" \/>\n\t<meta name=\"twitter:data2\" content=\"1 minut\" \/>\n<script type=\"application\/ld+json\" class=\"yoast-schema-graph\">{\"@context\":\"https:\/\/schema.org\",\"@graph\":[{\"@type\":\"Article\",\"@id\":\"https:\/\/www.budokampsport.se\/2009\/12\/22\/information-fran-forbundsstyrelsen-till-distriktsforbunden\/#article\",\"isPartOf\":{\"@id\":\"https:\/\/www.budokampsport.se\/2009\/12\/22\/information-fran-forbundsstyrelsen-till-distriktsforbunden\/\"},\"author\":{\"name\":\"Jonathan Broberg\",\"@id\":\"https:\/\/www.budokampsport.se\/#\/schema\/person\/5c06d81d14850e2a8ce5493386560145\"},\"headline\":\"Information fr\u00e5n F\u00f6rbundsstyrelsen till distriktsf\u00f6rbunden\",\"datePublished\":\"2009-12-22T07:34:17+00:00\",\"dateModified\":\"2016-12-06T21:30:33+00:00\",\"mainEntityOfPage\":{\"@id\":\"https:\/\/www.budokampsport.se\/2009\/12\/22\/information-fran-forbundsstyrelsen-till-distriktsforbunden\/\"},\"wordCount\":195,\"inLanguage\":\"sv-SE\"},{\"@type\":\"WebPage\",\"@id\":\"https:\/\/www.budokampsport.se\/2009\/12\/22\/information-fran-forbundsstyrelsen-till-distriktsforbunden\/\",\"url\":\"https:\/\/www.budokampsport.se\/2009\/12\/22\/information-fran-forbundsstyrelsen-till-distriktsforbunden\/\",\"name\":\"Information fr\u00e5n F\u00f6rbundsstyrelsen till distriktsf\u00f6rbunden - Svenska Budo &amp; Kampsportsf\u00f6rbundet\",\"isPartOf\":{\"@id\":\"https:\/\/www.budokampsport.se\/#website\"},\"datePublished\":\"2009-12-22T07:34:17+00:00\",\"dateModified\":\"2016-12-06T21:30:33+00:00\",\"author\":{\"@id\":\"https:\/\/www.budokampsport.se\/#\/schema\/person\/5c06d81d14850e2a8ce5493386560145\"},\"description\":\"Att karate l\u00e4mnar Svenska Budo & Kampsportsf\u00f6rbundet efter den 31 december, \u00e4r ingen nyhet. D\u00e4remot kommer sj\u00e4lva \u00f6verg\u00e5ngen i sig att medf\u00f6ra nya framtida arbetss\u00e4tt, b\u00e5de f\u00f6r f\u00f6rbundet centralt men \u00e4ven p\u00e5 distriktsniv\u00e5.F\u00f6r distrikten ska f\u00f6r\u00e4ndringen inte p\u00e5verka verksamheten i annan omfattning \u00e4n vad som varje enskilt distriktsf\u00f6rbund beslutar.\",\"breadcrumb\":{\"@id\":\"https:\/\/www.budokampsport.se\/2009\/12\/22\/information-fran-forbundsstyrelsen-till-distriktsforbunden\/#breadcrumb\"},\"inLanguage\":\"sv-SE\",\"potentialAction\":[{\"@type\":\"ReadAction\",\"target\":[\"https:\/\/www.budokampsport.se\/2009\/12\/22\/information-fran-forbundsstyrelsen-till-distriktsforbunden\/\"]}]},{\"@type\":\"BreadcrumbList\",\"@id\":\"https:\/\/www.budokampsport.se\/2009\/12\/22\/information-fran-forbundsstyrelsen-till-distriktsforbunden\/#breadcrumb\",\"itemListElement\":[{\"@type\":\"ListItem\",\"position\":1,\"name\":\"Hem\",\"item\":\"https:\/\/www.budokampsport.se\/\"},{\"@type\":\"ListItem\",\"position\":2,\"name\":\"Information fr\u00e5n F\u00f6rbundsstyrelsen till distriktsf\u00f6rbunden\"}]},{\"@type\":\"WebSite\",\"@id\":\"https:\/\/www.budokampsport.se\/#website\",\"url\":\"https:\/\/www.budokampsport.se\/\",\"name\":\"Svenska Budo &amp; Kampsportsf\u00f6rbundet\",\"description\":\"T\u00e4vling, Tr\u00e4ning, Tradition\",\"potentialAction\":[{\"@type\":\"SearchAction\",\"target\":{\"@type\":\"EntryPoint\",\"urlTemplate\":\"https:\/\/www.budokampsport.se\/?s={search_term_string}\"},\"query-input\":{\"@type\":\"PropertyValueSpecification\",\"valueRequired\":true,\"valueName\":\"search_term_string\"}}],\"inLanguage\":\"sv-SE\"},{\"@type\":\"Person\",\"@id\":\"https:\/\/www.budokampsport.se\/#\/schema\/person\/5c06d81d14850e2a8ce5493386560145\",\"name\":\"Jonathan Broberg\",\"image\":{\"@type\":\"ImageObject\",\"inLanguage\":\"sv-SE\",\"@id\":\"https:\/\/www.budokampsport.se\/#\/schema\/person\/image\/\",\"url\":\"https:\/\/secure.gravatar.com\/avatar\/a58041c6cea9128bd9c40ee2f26d4136?s=96&d=blank&r=g\",\"contentUrl\":\"https:\/\/secure.gravatar.com\/avatar\/a58041c6cea9128bd9c40ee2f26d4136?s=96&d=blank&r=g\",\"caption\":\"Jonathan Broberg\"},\"sameAs\":[\"https:\/\/www.facebook.com\/jonathan.broberg.7\"],\"url\":\"https:\/\/www.budokampsport.se\/author\/jonathan\/\"}]}<\/script>\n<!-- \/ Yoast SEO plugin. -->","yoast_head_json":{"title":"Information fr\u00e5n F\u00f6rbundsstyrelsen till distriktsf\u00f6rbunden - Svenska Budo &amp; Kampsportsf\u00f6rbundet","description":"Att karate l\u00e4mnar Svenska Budo & Kampsportsf\u00f6rbundet efter den 31 december, \u00e4r ingen nyhet. D\u00e4remot kommer sj\u00e4lva \u00f6verg\u00e5ngen i sig att medf\u00f6ra nya framtida arbetss\u00e4tt, b\u00e5de f\u00f6r f\u00f6rbundet centralt men \u00e4ven p\u00e5 distriktsniv\u00e5.F\u00f6r distrikten ska f\u00f6r\u00e4ndringen inte p\u00e5verka verksamheten i annan omfattning \u00e4n vad som varje enskilt distriktsf\u00f6rbund beslutar.","robots":{"index":"index","follow":"follow","max-snippet":"max-snippet:-1","max-image-preview":"max-image-preview:large","max-video-preview":"max-video-preview:-1"},"canonical":"https:\/\/www.budokampsport.se\/2009\/12\/22\/information-fran-forbundsstyrelsen-till-distriktsforbunden\/","og_locale":"sv_SE","og_type":"article","og_title":"Information fr\u00e5n F\u00f6rbundsstyrelsen till distriktsf\u00f6rbunden - Svenska Budo &amp; Kampsportsf\u00f6rbundet","og_description":"Att karate l\u00e4mnar Svenska Budo & Kampsportsf\u00f6rbundet efter den 31 december, \u00e4r ingen nyhet. D\u00e4remot kommer sj\u00e4lva \u00f6verg\u00e5ngen i sig att medf\u00f6ra nya framtida arbetss\u00e4tt, b\u00e5de f\u00f6r f\u00f6rbundet centralt men \u00e4ven p\u00e5 distriktsniv\u00e5.F\u00f6r distrikten ska f\u00f6r\u00e4ndringen inte p\u00e5verka verksamheten i annan omfattning \u00e4n vad som varje enskilt distriktsf\u00f6rbund beslutar.","og_url":"https:\/\/www.budokampsport.se\/2009\/12\/22\/information-fran-forbundsstyrelsen-till-distriktsforbunden\/","og_site_name":"Svenska Budo &amp; Kampsportsf\u00f6rbundet","article_author":"https:\/\/www.facebook.com\/jonathan.broberg.7","article_published_time":"2009-12-22T07:34:17+00:00","article_modified_time":"2016-12-06T21:30:33+00:00","author":"Jonathan Broberg","twitter_card":"summary_large_image","twitter_misc":{"Skriven av":"Jonathan Broberg","Ber\u00e4knad l\u00e4stid":"1 minut"},"schema":{"@context":"https:\/\/schema.org","@graph":[{"@type":"Article","@id":"https:\/\/www.budokampsport.se\/2009\/12\/22\/information-fran-forbundsstyrelsen-till-distriktsforbunden\/#article","isPartOf":{"@id":"https:\/\/www.budokampsport.se\/2009\/12\/22\/information-fran-forbundsstyrelsen-till-distriktsforbunden\/"},"author":{"name":"Jonathan Broberg","@id":"https:\/\/www.budokampsport.se\/#\/schema\/person\/5c06d81d14850e2a8ce5493386560145"},"headline":"Information fr\u00e5n F\u00f6rbundsstyrelsen till distriktsf\u00f6rbunden","datePublished":"2009-12-22T07:34:17+00:00","dateModified":"2016-12-06T21:30:33+00:00","mainEntityOfPage":{"@id":"https:\/\/www.budokampsport.se\/2009\/12\/22\/information-fran-forbundsstyrelsen-till-distriktsforbunden\/"},"wordCount":195,"inLanguage":"sv-SE"},{"@type":"WebPage","@id":"https:\/\/www.budokampsport.se\/2009\/12\/22\/information-fran-forbundsstyrelsen-till-distriktsforbunden\/","url":"https:\/\/www.budokampsport.se\/2009\/12\/22\/information-fran-forbundsstyrelsen-till-distriktsforbunden\/","name":"Information fr\u00e5n F\u00f6rbundsstyrelsen till distriktsf\u00f6rbunden - Svenska Budo &amp; Kampsportsf\u00f6rbundet","isPartOf":{"@id":"https:\/\/www.budokampsport.se\/#website"},"datePublished":"2009-12-22T07:34:17+00:00","dateModified":"2016-12-06T21:30:33+00:00","author":{"@id":"https:\/\/www.budokampsport.se\/#\/schema\/person\/5c06d81d14850e2a8ce5493386560145"},"description":"Att karate l\u00e4mnar Svenska Budo & Kampsportsf\u00f6rbundet efter den 31 december, \u00e4r ingen nyhet. D\u00e4remot kommer sj\u00e4lva \u00f6verg\u00e5ngen i sig att medf\u00f6ra nya framtida arbetss\u00e4tt, b\u00e5de f\u00f6r f\u00f6rbundet centralt men \u00e4ven p\u00e5 distriktsniv\u00e5.F\u00f6r distrikten ska f\u00f6r\u00e4ndringen inte p\u00e5verka verksamheten i annan omfattning \u00e4n vad som varje enskilt distriktsf\u00f6rbund beslutar.","breadcrumb":{"@id":"https:\/\/www.budokampsport.se\/2009\/12\/22\/information-fran-forbundsstyrelsen-till-distriktsforbunden\/#breadcrumb"},"inLanguage":"sv-SE","potentialAction":[{"@type":"ReadAction","target":["https:\/\/www.budokampsport.se\/2009\/12\/22\/information-fran-forbundsstyrelsen-till-distriktsforbunden\/"]}]},{"@type":"BreadcrumbList","@id":"https:\/\/www.budokampsport.se\/2009\/12\/22\/information-fran-forbundsstyrelsen-till-distriktsforbunden\/#breadcrumb","itemListElement":[{"@type":"ListItem","position":1,"name":"Hem","item":"https:\/\/www.budokampsport.se\/"},{"@type":"ListItem","position":2,"name":"Information fr\u00e5n F\u00f6rbundsstyrelsen till distriktsf\u00f6rbunden"}]},{"@type":"WebSite","@id":"https:\/\/www.budokampsport.se\/#website","url":"https:\/\/www.budokampsport.se\/","name":"Svenska Budo &amp; Kampsportsf\u00f6rbundet","description":"T\u00e4vling, Tr\u00e4ning, Tradition","potentialAction":[{"@type":"SearchAction","target":{"@type":"EntryPoint","urlTemplate":"https:\/\/www.budokampsport.se\/?s={search_term_string}"},"query-input":{"@type":"PropertyValueSpecification","valueRequired":true,"valueName":"search_term_string"}}],"inLanguage":"sv-SE"},{"@type":"Person","@id":"https:\/\/www.budokampsport.se\/#\/schema\/person\/5c06d81d14850e2a8ce5493386560145","name":"Jonathan Broberg","image":{"@type":"ImageObject","inLanguage":"sv-SE","@id":"https:\/\/www.budokampsport.se\/#\/schema\/person\/image\/","url":"https:\/\/secure.gravatar.com\/avatar\/a58041c6cea9128bd9c40ee2f26d4136?s=96&d=blank&r=g","contentUrl":"https:\/\/secure.gravatar.com\/avatar\/a58041c6cea9128bd9c40ee2f26d4136?s=96&d=blank&r=g","caption":"Jonathan Broberg"},"sameAs":["https:\/\/www.facebook.com\/jonathan.broberg.7"],"url":"https:\/\/www.budokampsport.se\/author\/jonathan\/"}]}},"_links":{"self":[{"href":"https:\/\/www.budokampsport.se\/api\/wp\/v2\/posts\/3094","targetHints":{"allow":["GET"]}}],"collection":[{"href":"https:\/\/www.budokampsport.se\/api\/wp\/v2\/posts"}],"about":[{"href":"https:\/\/www.budokampsport.se\/api\/wp\/v2\/types\/post"}],"author":[{"embeddable":true,"href":"https:\/\/www.budokampsport.se\/api\/wp\/v2\/users\/7"}],"replies":[{"embeddable":true,"href":"https:\/\/www.budokampsport.se\/api\/wp\/v2\/comments?post=3094"}],"version-history":[{"count":0,"href":"https:\/\/www.budokampsport.se\/api\/wp\/v2\/posts\/3094\/revisions"}],"wp:attachment":[{"href":"https:\/\/www.budokampsport.se\/api\/wp\/v2\/media?parent=3094"}],"wp:term":[{"taxonomy":"category","embeddable":true,"href":"https:\/\/www.budokampsport.se\/api\/wp\/v2\/categories?post=3094"},{"taxonomy":"post_tag","embeddable":true,"href":"https:\/\/www.budokampsport.se\/api\/wp\/v2\/tags?post=3094"}],"curies":[{"name":"wp","href":"https:\/\/api.w.org\/{rel}","templated":true}]}}