{"id":3113,"date":"2010-01-14T16:07:06","date_gmt":"2010-01-14T15:07:06","guid":{"rendered":"http:\/\/budo.wordpress.dev\/2010\/01\/14\/50-arsloggor-att-anvanda\/"},"modified":"2016-12-06T22:30:37","modified_gmt":"2016-12-06T21:30:37","slug":"50-arsloggor-att-anvanda","status":"publish","type":"post","link":"https:\/\/www.budokampsport.se\/2010\/01\/14\/50-arsloggor-att-anvanda\/","title":{"rendered":"50-\u00e5rsloggor att anv\u00e4nda"},"content":{"rendered":"<p><P><STRONG><IMG alt=\"\" align=right src=\"\/sites\/default\/files\/budo50-rgb.jpg\" width=200 height=200>Svenska Budo &#038; Kampsportsf\u00f6rbundet fyller 50 \u00e5r under 2010. Det kommer vi att fira rej\u00e4lt, men vi beh\u00f6ver \u00e4ven er hj\u00e4lp.<\/STRONG> <BR><BR>V\u00e5r webbyr\u00e5 Care of Creation har tagit fram loggor som g\u00e4ller under hela 2010. SB&#038;K skulle vilja att loggorna anv\u00e4nds p\u00e5 hemsidor, p\u00e5 t\u00e4vlingar, p\u00e5 tryckt material och s\u00e5 vidare. <!--break--><\/P> <P>Detta f\u00f6r att vi alla \u00e4r en del utav v\u00e5r 50-\u00e5riga historia och tillsammans ska uppm\u00e4rksamma detta speciella budo- och kampsports\u00e5r.<\/P> <P><A href=\"http:\/\/www.budokampsport.se\/dokument\">H\u00e4r laddar du ner loggorna.<\/A> (Ni som \u00f6nskar loggorna i annat format \u00e4n pdf, kontakta Jonathan p\u00e5 kansliet.)<\/P> <P><BR><IMG alt=\"\" align=middle src=\"\/sites\/default\/files\/tsuba_t_whitesquare_r-50.jpg\" width=430 height=181><BR><BR><IMG alt=\"\" align=middle src=\"\/sites\/default\/files\/tsuba_t_square_r-50.jpg\" width=430 height=181><\/P> <P>\u00a0<\/P> <P>\u00a0<\/P><\/p>\n","protected":false},"excerpt":{"rendered":"<p><P><STRONG><IMG alt=\"\" align=right src=\"\/sites\/default\/files\/budo50-rgb.jpg\" width=200 height=200>Svenska Budo &#038; Kampsportsf\u00f6rbundet fyller 50 \u00e5r under 2010. Det kommer vi att fira rej\u00e4lt, men vi beh\u00f6ver \u00e4ven er hj\u00e4lp.<\/STRONG> <BR><BR>V\u00e5r webbyr\u00e5 Care of Creation har tagit fram loggor som g\u00e4ller under hela 2010. SB&#038;K skulle vilja att loggorna anv\u00e4nds p\u00e5 hemsidor, p\u00e5 t\u00e4vlingar, p\u00e5 tryckt material och s\u00e5 vidare.<\/p><br>","protected":false},"author":7,"featured_media":0,"comment_status":"closed","ping_status":"closed","sticky":false,"template":"","format":"standard","meta":{"_acf_changed":false,"footnotes":""},"categories":[1],"tags":[],"class_list":["post-3113","post","type-post","status-publish","format-standard","hentry","category-okategoriserade"],"acf":[],"yoast_head":"<!-- This site is optimized with the Yoast SEO plugin v26.8 - https:\/\/yoast.com\/product\/yoast-seo-wordpress\/ -->\n<title>50-\u00e5rsloggor att anv\u00e4nda - Svenska Budo &amp; Kampsportsf\u00f6rbundet<\/title>\n<meta name=\"description\" content=\"Svenska Budo &amp; Kampsportsf\u00f6rbundet fyller 50 \u00e5r under 2010. Det kommer vi att fira rej\u00e4lt, men vi beh\u00f6ver \u00e4ven er hj\u00e4lp. V\u00e5r webbyr\u00e5 Care of Creation har tagit fram loggor som g\u00e4ller under hela 2010. SB&amp;K skulle vilja att loggorna anv\u00e4nds p\u00e5 hemsidor, p\u00e5 t\u00e4vlingar, p\u00e5 tryckt material och s\u00e5 vidare.\" \/>\n<meta name=\"robots\" content=\"index, follow, max-snippet:-1, max-image-preview:large, max-video-preview:-1\" \/>\n<link rel=\"canonical\" href=\"https:\/\/www.budokampsport.se\/2010\/01\/14\/50-arsloggor-att-anvanda\/\" \/>\n<meta property=\"og:locale\" content=\"sv_SE\" \/>\n<meta property=\"og:type\" content=\"article\" \/>\n<meta property=\"og:title\" content=\"50-\u00e5rsloggor att anv\u00e4nda - Svenska Budo &amp; Kampsportsf\u00f6rbundet\" \/>\n<meta property=\"og:description\" content=\"Svenska Budo &amp; Kampsportsf\u00f6rbundet fyller 50 \u00e5r under 2010. Det kommer vi att fira rej\u00e4lt, men vi beh\u00f6ver \u00e4ven er hj\u00e4lp. V\u00e5r webbyr\u00e5 Care of Creation har tagit fram loggor som g\u00e4ller under hela 2010. SB&amp;K skulle vilja att loggorna anv\u00e4nds p\u00e5 hemsidor, p\u00e5 t\u00e4vlingar, p\u00e5 tryckt material och s\u00e5 vidare.\" \/>\n<meta property=\"og:url\" content=\"https:\/\/www.budokampsport.se\/2010\/01\/14\/50-arsloggor-att-anvanda\/\" \/>\n<meta property=\"og:site_name\" content=\"Svenska Budo &amp; Kampsportsf\u00f6rbundet\" \/>\n<meta property=\"article:author\" content=\"https:\/\/www.facebook.com\/jonathan.broberg.7\" \/>\n<meta property=\"article:published_time\" content=\"2010-01-14T15:07:06+00:00\" \/>\n<meta property=\"article:modified_time\" content=\"2016-12-06T21:30:37+00:00\" \/>\n<meta name=\"author\" content=\"Jonathan Broberg\" \/>\n<meta name=\"twitter:card\" content=\"summary_large_image\" \/>\n<meta name=\"twitter:label1\" content=\"Skriven av\" \/>\n\t<meta name=\"twitter:data1\" content=\"Jonathan Broberg\" \/>\n\t<meta name=\"twitter:label2\" content=\"Ber\u00e4knad l\u00e4stid\" \/>\n\t<meta name=\"twitter:data2\" content=\"1 minut\" \/>\n<script type=\"application\/ld+json\" class=\"yoast-schema-graph\">{\"@context\":\"https:\/\/schema.org\",\"@graph\":[{\"@type\":\"Article\",\"@id\":\"https:\/\/www.budokampsport.se\/2010\/01\/14\/50-arsloggor-att-anvanda\/#article\",\"isPartOf\":{\"@id\":\"https:\/\/www.budokampsport.se\/2010\/01\/14\/50-arsloggor-att-anvanda\/\"},\"author\":{\"name\":\"Jonathan Broberg\",\"@id\":\"https:\/\/www.budokampsport.se\/#\/schema\/person\/5c06d81d14850e2a8ce5493386560145\"},\"headline\":\"50-\u00e5rsloggor att anv\u00e4nda\",\"datePublished\":\"2010-01-14T15:07:06+00:00\",\"dateModified\":\"2016-12-06T21:30:37+00:00\",\"mainEntityOfPage\":{\"@id\":\"https:\/\/www.budokampsport.se\/2010\/01\/14\/50-arsloggor-att-anvanda\/\"},\"wordCount\":106,\"inLanguage\":\"sv-SE\"},{\"@type\":\"WebPage\",\"@id\":\"https:\/\/www.budokampsport.se\/2010\/01\/14\/50-arsloggor-att-anvanda\/\",\"url\":\"https:\/\/www.budokampsport.se\/2010\/01\/14\/50-arsloggor-att-anvanda\/\",\"name\":\"50-\u00e5rsloggor att anv\u00e4nda - Svenska Budo &amp; Kampsportsf\u00f6rbundet\",\"isPartOf\":{\"@id\":\"https:\/\/www.budokampsport.se\/#website\"},\"datePublished\":\"2010-01-14T15:07:06+00:00\",\"dateModified\":\"2016-12-06T21:30:37+00:00\",\"author\":{\"@id\":\"https:\/\/www.budokampsport.se\/#\/schema\/person\/5c06d81d14850e2a8ce5493386560145\"},\"description\":\"Svenska Budo & Kampsportsf\u00f6rbundet fyller 50 \u00e5r under 2010. Det kommer vi att fira rej\u00e4lt, men vi beh\u00f6ver \u00e4ven er hj\u00e4lp. V\u00e5r webbyr\u00e5 Care of Creation har tagit fram loggor som g\u00e4ller under hela 2010. SB&K skulle vilja att loggorna anv\u00e4nds p\u00e5 hemsidor, p\u00e5 t\u00e4vlingar, p\u00e5 tryckt material och s\u00e5 vidare.\",\"breadcrumb\":{\"@id\":\"https:\/\/www.budokampsport.se\/2010\/01\/14\/50-arsloggor-att-anvanda\/#breadcrumb\"},\"inLanguage\":\"sv-SE\",\"potentialAction\":[{\"@type\":\"ReadAction\",\"target\":[\"https:\/\/www.budokampsport.se\/2010\/01\/14\/50-arsloggor-att-anvanda\/\"]}]},{\"@type\":\"BreadcrumbList\",\"@id\":\"https:\/\/www.budokampsport.se\/2010\/01\/14\/50-arsloggor-att-anvanda\/#breadcrumb\",\"itemListElement\":[{\"@type\":\"ListItem\",\"position\":1,\"name\":\"Hem\",\"item\":\"https:\/\/www.budokampsport.se\/\"},{\"@type\":\"ListItem\",\"position\":2,\"name\":\"50-\u00e5rsloggor att anv\u00e4nda\"}]},{\"@type\":\"WebSite\",\"@id\":\"https:\/\/www.budokampsport.se\/#website\",\"url\":\"https:\/\/www.budokampsport.se\/\",\"name\":\"Svenska Budo &amp; Kampsportsf\u00f6rbundet\",\"description\":\"T\u00e4vling, Tr\u00e4ning, Tradition\",\"potentialAction\":[{\"@type\":\"SearchAction\",\"target\":{\"@type\":\"EntryPoint\",\"urlTemplate\":\"https:\/\/www.budokampsport.se\/?s={search_term_string}\"},\"query-input\":{\"@type\":\"PropertyValueSpecification\",\"valueRequired\":true,\"valueName\":\"search_term_string\"}}],\"inLanguage\":\"sv-SE\"},{\"@type\":\"Person\",\"@id\":\"https:\/\/www.budokampsport.se\/#\/schema\/person\/5c06d81d14850e2a8ce5493386560145\",\"name\":\"Jonathan Broberg\",\"image\":{\"@type\":\"ImageObject\",\"inLanguage\":\"sv-SE\",\"@id\":\"https:\/\/www.budokampsport.se\/#\/schema\/person\/image\/\",\"url\":\"https:\/\/secure.gravatar.com\/avatar\/a58041c6cea9128bd9c40ee2f26d4136?s=96&d=blank&r=g\",\"contentUrl\":\"https:\/\/secure.gravatar.com\/avatar\/a58041c6cea9128bd9c40ee2f26d4136?s=96&d=blank&r=g\",\"caption\":\"Jonathan Broberg\"},\"sameAs\":[\"https:\/\/www.facebook.com\/jonathan.broberg.7\"],\"url\":\"https:\/\/www.budokampsport.se\/author\/jonathan\/\"}]}<\/script>\n<!-- \/ Yoast SEO plugin. -->","yoast_head_json":{"title":"50-\u00e5rsloggor att anv\u00e4nda - Svenska Budo &amp; Kampsportsf\u00f6rbundet","description":"Svenska Budo & Kampsportsf\u00f6rbundet fyller 50 \u00e5r under 2010. Det kommer vi att fira rej\u00e4lt, men vi beh\u00f6ver \u00e4ven er hj\u00e4lp. V\u00e5r webbyr\u00e5 Care of Creation har tagit fram loggor som g\u00e4ller under hela 2010. SB&K skulle vilja att loggorna anv\u00e4nds p\u00e5 hemsidor, p\u00e5 t\u00e4vlingar, p\u00e5 tryckt material och s\u00e5 vidare.","robots":{"index":"index","follow":"follow","max-snippet":"max-snippet:-1","max-image-preview":"max-image-preview:large","max-video-preview":"max-video-preview:-1"},"canonical":"https:\/\/www.budokampsport.se\/2010\/01\/14\/50-arsloggor-att-anvanda\/","og_locale":"sv_SE","og_type":"article","og_title":"50-\u00e5rsloggor att anv\u00e4nda - Svenska Budo &amp; Kampsportsf\u00f6rbundet","og_description":"Svenska Budo & Kampsportsf\u00f6rbundet fyller 50 \u00e5r under 2010. Det kommer vi att fira rej\u00e4lt, men vi beh\u00f6ver \u00e4ven er hj\u00e4lp. V\u00e5r webbyr\u00e5 Care of Creation har tagit fram loggor som g\u00e4ller under hela 2010. SB&K skulle vilja att loggorna anv\u00e4nds p\u00e5 hemsidor, p\u00e5 t\u00e4vlingar, p\u00e5 tryckt material och s\u00e5 vidare.","og_url":"https:\/\/www.budokampsport.se\/2010\/01\/14\/50-arsloggor-att-anvanda\/","og_site_name":"Svenska Budo &amp; Kampsportsf\u00f6rbundet","article_author":"https:\/\/www.facebook.com\/jonathan.broberg.7","article_published_time":"2010-01-14T15:07:06+00:00","article_modified_time":"2016-12-06T21:30:37+00:00","author":"Jonathan Broberg","twitter_card":"summary_large_image","twitter_misc":{"Skriven av":"Jonathan Broberg","Ber\u00e4knad l\u00e4stid":"1 minut"},"schema":{"@context":"https:\/\/schema.org","@graph":[{"@type":"Article","@id":"https:\/\/www.budokampsport.se\/2010\/01\/14\/50-arsloggor-att-anvanda\/#article","isPartOf":{"@id":"https:\/\/www.budokampsport.se\/2010\/01\/14\/50-arsloggor-att-anvanda\/"},"author":{"name":"Jonathan Broberg","@id":"https:\/\/www.budokampsport.se\/#\/schema\/person\/5c06d81d14850e2a8ce5493386560145"},"headline":"50-\u00e5rsloggor att anv\u00e4nda","datePublished":"2010-01-14T15:07:06+00:00","dateModified":"2016-12-06T21:30:37+00:00","mainEntityOfPage":{"@id":"https:\/\/www.budokampsport.se\/2010\/01\/14\/50-arsloggor-att-anvanda\/"},"wordCount":106,"inLanguage":"sv-SE"},{"@type":"WebPage","@id":"https:\/\/www.budokampsport.se\/2010\/01\/14\/50-arsloggor-att-anvanda\/","url":"https:\/\/www.budokampsport.se\/2010\/01\/14\/50-arsloggor-att-anvanda\/","name":"50-\u00e5rsloggor att anv\u00e4nda - Svenska Budo &amp; Kampsportsf\u00f6rbundet","isPartOf":{"@id":"https:\/\/www.budokampsport.se\/#website"},"datePublished":"2010-01-14T15:07:06+00:00","dateModified":"2016-12-06T21:30:37+00:00","author":{"@id":"https:\/\/www.budokampsport.se\/#\/schema\/person\/5c06d81d14850e2a8ce5493386560145"},"description":"Svenska Budo & Kampsportsf\u00f6rbundet fyller 50 \u00e5r under 2010. Det kommer vi att fira rej\u00e4lt, men vi beh\u00f6ver \u00e4ven er hj\u00e4lp. V\u00e5r webbyr\u00e5 Care of Creation har tagit fram loggor som g\u00e4ller under hela 2010. SB&K skulle vilja att loggorna anv\u00e4nds p\u00e5 hemsidor, p\u00e5 t\u00e4vlingar, p\u00e5 tryckt material och s\u00e5 vidare.","breadcrumb":{"@id":"https:\/\/www.budokampsport.se\/2010\/01\/14\/50-arsloggor-att-anvanda\/#breadcrumb"},"inLanguage":"sv-SE","potentialAction":[{"@type":"ReadAction","target":["https:\/\/www.budokampsport.se\/2010\/01\/14\/50-arsloggor-att-anvanda\/"]}]},{"@type":"BreadcrumbList","@id":"https:\/\/www.budokampsport.se\/2010\/01\/14\/50-arsloggor-att-anvanda\/#breadcrumb","itemListElement":[{"@type":"ListItem","position":1,"name":"Hem","item":"https:\/\/www.budokampsport.se\/"},{"@type":"ListItem","position":2,"name":"50-\u00e5rsloggor att anv\u00e4nda"}]},{"@type":"WebSite","@id":"https:\/\/www.budokampsport.se\/#website","url":"https:\/\/www.budokampsport.se\/","name":"Svenska Budo &amp; Kampsportsf\u00f6rbundet","description":"T\u00e4vling, Tr\u00e4ning, Tradition","potentialAction":[{"@type":"SearchAction","target":{"@type":"EntryPoint","urlTemplate":"https:\/\/www.budokampsport.se\/?s={search_term_string}"},"query-input":{"@type":"PropertyValueSpecification","valueRequired":true,"valueName":"search_term_string"}}],"inLanguage":"sv-SE"},{"@type":"Person","@id":"https:\/\/www.budokampsport.se\/#\/schema\/person\/5c06d81d14850e2a8ce5493386560145","name":"Jonathan Broberg","image":{"@type":"ImageObject","inLanguage":"sv-SE","@id":"https:\/\/www.budokampsport.se\/#\/schema\/person\/image\/","url":"https:\/\/secure.gravatar.com\/avatar\/a58041c6cea9128bd9c40ee2f26d4136?s=96&d=blank&r=g","contentUrl":"https:\/\/secure.gravatar.com\/avatar\/a58041c6cea9128bd9c40ee2f26d4136?s=96&d=blank&r=g","caption":"Jonathan Broberg"},"sameAs":["https:\/\/www.facebook.com\/jonathan.broberg.7"],"url":"https:\/\/www.budokampsport.se\/author\/jonathan\/"}]}},"_links":{"self":[{"href":"https:\/\/www.budokampsport.se\/api\/wp\/v2\/posts\/3113","targetHints":{"allow":["GET"]}}],"collection":[{"href":"https:\/\/www.budokampsport.se\/api\/wp\/v2\/posts"}],"about":[{"href":"https:\/\/www.budokampsport.se\/api\/wp\/v2\/types\/post"}],"author":[{"embeddable":true,"href":"https:\/\/www.budokampsport.se\/api\/wp\/v2\/users\/7"}],"replies":[{"embeddable":true,"href":"https:\/\/www.budokampsport.se\/api\/wp\/v2\/comments?post=3113"}],"version-history":[{"count":0,"href":"https:\/\/www.budokampsport.se\/api\/wp\/v2\/posts\/3113\/revisions"}],"wp:attachment":[{"href":"https:\/\/www.budokampsport.se\/api\/wp\/v2\/media?parent=3113"}],"wp:term":[{"taxonomy":"category","embeddable":true,"href":"https:\/\/www.budokampsport.se\/api\/wp\/v2\/categories?post=3113"},{"taxonomy":"post_tag","embeddable":true,"href":"https:\/\/www.budokampsport.se\/api\/wp\/v2\/tags?post=3113"}],"curies":[{"name":"wp","href":"https:\/\/api.w.org\/{rel}","templated":true}]}}