{"id":3180,"date":"2010-02-15T15:21:18","date_gmt":"2010-02-15T14:21:18","guid":{"rendered":"http:\/\/budo.wordpress.dev\/2010\/02\/15\/sista-chansen-att-nominera-till-kampsportsgalan\/"},"modified":"2016-12-06T22:32:43","modified_gmt":"2016-12-06T21:32:43","slug":"sista-chansen-att-nominera-till-kampsportsgalan","status":"publish","type":"post","link":"https:\/\/www.budokampsport.se\/2010\/02\/15\/sista-chansen-att-nominera-till-kampsportsgalan\/","title":{"rendered":"Sista chansen att nominera till Kampsportsgalan"},"content":{"rendered":"<p><strong><img loading=\"lazy\" decoding=\"async\" src=\"\/sites\/default\/files\/galagubbar.jpg\" alt=\"\" width=\"125\" align=\"right\" height=\"113\">Imorgon, tisdag, g\u00e5r tiden ut f\u00f6r nomineringsfasen till Kampsportsgalan. Det har varit ett stort intresse kring nomineringarna och juryn, som sammantr\u00e4der p\u00e5 torsdag, kommer att f\u00e5 ta del av \u00f6ver 300 f\u00f6rslag p\u00e5 hj\u00e4ltar och hj\u00e4ltinnor.<!--break--><\/strong><\/p>\n<p>Men fortfarande kan du nominera din hj\u00e4lte. Det g\u00f6r du p\u00e5 <a href=\"http:\/\/www.kampsportsgalan2010.se\/\"><font color=\"#800080\">www.kampsportsgalan2010.se<\/font><\/a>. D\u00e4r har nu \u00e4ven biljetterna till evenemanget sl\u00e4ppts, vilka du inhandlar via biljettnu.se.<\/p>\n<p>Kampsportsgalan h\u00e5lls den 20:e mars p\u00e5 Clarion Hotel Sign vid Norra Bantorget i Stockholm. Klara prisutdelare till galan \u00e4r bland andra George Scott och Karin Mattsson Weijber.<br \/>\u00a0<\/p>\n<p><a href=\"http:\/\/www.kampsportsgalan2010.se\/\">All information om Kampsportsgalan h\u00e4r.<\/a><\/p>\n","protected":false},"excerpt":{"rendered":"<p><strong><img loading=\"lazy\" decoding=\"async\" src=\"\/sites\/default\/files\/galagubbar.jpg\" alt=\"\" width=\"125\" align=\"right\" height=\"113\">Imorgon, tisdag, g\u00e5r tiden ut f\u00f6r nomineringsfasen till Kampsportsgalan. Det har varit ett stort intresse kring nomineringarna och juryn, som sammantr\u00e4der p\u00e5 torsdag, kommer att f\u00e5 ta del av \u00f6ver 300 f\u00f6rslag p\u00e5 hj\u00e4ltar och hj\u00e4ltinnor.<\/p><br>","protected":false},"author":7,"featured_media":0,"comment_status":"closed","ping_status":"closed","sticky":false,"template":"","format":"standard","meta":{"_acf_changed":false,"footnotes":""},"categories":[1],"tags":[],"class_list":["post-3180","post","type-post","status-publish","format-standard","hentry","category-okategoriserade"],"acf":[],"yoast_head":"<!-- This site is optimized with the Yoast SEO plugin v26.8 - https:\/\/yoast.com\/product\/yoast-seo-wordpress\/ -->\n<title>Sista chansen att nominera till Kampsportsgalan - Svenska Budo &amp; Kampsportsf\u00f6rbundet<\/title>\n<meta name=\"description\" content=\"Imorgon, tisdag, g\u00e5r tiden ut f\u00f6r nomineringsfasen till Kampsportsgalan. Det har varit ett stort intresse kring nomineringarna och juryn, som sammantr\u00e4der p\u00e5 torsdag, kommer att f\u00e5 ta del av \u00f6ver 300 f\u00f6rslag p\u00e5 hj\u00e4ltar och hj\u00e4ltinnor.\" \/>\n<meta name=\"robots\" content=\"index, follow, max-snippet:-1, max-image-preview:large, max-video-preview:-1\" \/>\n<link rel=\"canonical\" href=\"https:\/\/www.budokampsport.se\/2010\/02\/15\/sista-chansen-att-nominera-till-kampsportsgalan\/\" \/>\n<meta property=\"og:locale\" content=\"sv_SE\" \/>\n<meta property=\"og:type\" content=\"article\" \/>\n<meta property=\"og:title\" content=\"Sista chansen att nominera till Kampsportsgalan - Svenska Budo &amp; Kampsportsf\u00f6rbundet\" \/>\n<meta property=\"og:description\" content=\"Imorgon, tisdag, g\u00e5r tiden ut f\u00f6r nomineringsfasen till Kampsportsgalan. Det har varit ett stort intresse kring nomineringarna och juryn, som sammantr\u00e4der p\u00e5 torsdag, kommer att f\u00e5 ta del av \u00f6ver 300 f\u00f6rslag p\u00e5 hj\u00e4ltar och hj\u00e4ltinnor.\" \/>\n<meta property=\"og:url\" content=\"https:\/\/www.budokampsport.se\/2010\/02\/15\/sista-chansen-att-nominera-till-kampsportsgalan\/\" \/>\n<meta property=\"og:site_name\" content=\"Svenska Budo &amp; Kampsportsf\u00f6rbundet\" \/>\n<meta property=\"article:author\" content=\"https:\/\/www.facebook.com\/jonathan.broberg.7\" \/>\n<meta property=\"article:published_time\" content=\"2010-02-15T14:21:18+00:00\" \/>\n<meta property=\"article:modified_time\" content=\"2016-12-06T21:32:43+00:00\" \/>\n<meta name=\"author\" content=\"Jonathan Broberg\" \/>\n<meta name=\"twitter:card\" content=\"summary_large_image\" \/>\n<meta name=\"twitter:label1\" content=\"Skriven av\" \/>\n\t<meta name=\"twitter:data1\" content=\"Jonathan Broberg\" \/>\n\t<meta name=\"twitter:label2\" content=\"Ber\u00e4knad l\u00e4stid\" \/>\n\t<meta name=\"twitter:data2\" content=\"1 minut\" \/>\n<script type=\"application\/ld+json\" class=\"yoast-schema-graph\">{\"@context\":\"https:\/\/schema.org\",\"@graph\":[{\"@type\":\"Article\",\"@id\":\"https:\/\/www.budokampsport.se\/2010\/02\/15\/sista-chansen-att-nominera-till-kampsportsgalan\/#article\",\"isPartOf\":{\"@id\":\"https:\/\/www.budokampsport.se\/2010\/02\/15\/sista-chansen-att-nominera-till-kampsportsgalan\/\"},\"author\":{\"name\":\"Jonathan Broberg\",\"@id\":\"https:\/\/www.budokampsport.se\/#\/schema\/person\/5c06d81d14850e2a8ce5493386560145\"},\"headline\":\"Sista chansen att nominera till Kampsportsgalan\",\"datePublished\":\"2010-02-15T14:21:18+00:00\",\"dateModified\":\"2016-12-06T21:32:43+00:00\",\"mainEntityOfPage\":{\"@id\":\"https:\/\/www.budokampsport.se\/2010\/02\/15\/sista-chansen-att-nominera-till-kampsportsgalan\/\"},\"wordCount\":113,\"inLanguage\":\"sv-SE\"},{\"@type\":\"WebPage\",\"@id\":\"https:\/\/www.budokampsport.se\/2010\/02\/15\/sista-chansen-att-nominera-till-kampsportsgalan\/\",\"url\":\"https:\/\/www.budokampsport.se\/2010\/02\/15\/sista-chansen-att-nominera-till-kampsportsgalan\/\",\"name\":\"Sista chansen att nominera till Kampsportsgalan - Svenska Budo &amp; Kampsportsf\u00f6rbundet\",\"isPartOf\":{\"@id\":\"https:\/\/www.budokampsport.se\/#website\"},\"datePublished\":\"2010-02-15T14:21:18+00:00\",\"dateModified\":\"2016-12-06T21:32:43+00:00\",\"author\":{\"@id\":\"https:\/\/www.budokampsport.se\/#\/schema\/person\/5c06d81d14850e2a8ce5493386560145\"},\"description\":\"Imorgon, tisdag, g\u00e5r tiden ut f\u00f6r nomineringsfasen till Kampsportsgalan. Det har varit ett stort intresse kring nomineringarna och juryn, som sammantr\u00e4der p\u00e5 torsdag, kommer att f\u00e5 ta del av \u00f6ver 300 f\u00f6rslag p\u00e5 hj\u00e4ltar och hj\u00e4ltinnor.\",\"breadcrumb\":{\"@id\":\"https:\/\/www.budokampsport.se\/2010\/02\/15\/sista-chansen-att-nominera-till-kampsportsgalan\/#breadcrumb\"},\"inLanguage\":\"sv-SE\",\"potentialAction\":[{\"@type\":\"ReadAction\",\"target\":[\"https:\/\/www.budokampsport.se\/2010\/02\/15\/sista-chansen-att-nominera-till-kampsportsgalan\/\"]}]},{\"@type\":\"BreadcrumbList\",\"@id\":\"https:\/\/www.budokampsport.se\/2010\/02\/15\/sista-chansen-att-nominera-till-kampsportsgalan\/#breadcrumb\",\"itemListElement\":[{\"@type\":\"ListItem\",\"position\":1,\"name\":\"Hem\",\"item\":\"https:\/\/www.budokampsport.se\/\"},{\"@type\":\"ListItem\",\"position\":2,\"name\":\"Sista chansen att nominera till Kampsportsgalan\"}]},{\"@type\":\"WebSite\",\"@id\":\"https:\/\/www.budokampsport.se\/#website\",\"url\":\"https:\/\/www.budokampsport.se\/\",\"name\":\"Svenska Budo &amp; Kampsportsf\u00f6rbundet\",\"description\":\"T\u00e4vling, Tr\u00e4ning, Tradition\",\"potentialAction\":[{\"@type\":\"SearchAction\",\"target\":{\"@type\":\"EntryPoint\",\"urlTemplate\":\"https:\/\/www.budokampsport.se\/?s={search_term_string}\"},\"query-input\":{\"@type\":\"PropertyValueSpecification\",\"valueRequired\":true,\"valueName\":\"search_term_string\"}}],\"inLanguage\":\"sv-SE\"},{\"@type\":\"Person\",\"@id\":\"https:\/\/www.budokampsport.se\/#\/schema\/person\/5c06d81d14850e2a8ce5493386560145\",\"name\":\"Jonathan Broberg\",\"image\":{\"@type\":\"ImageObject\",\"inLanguage\":\"sv-SE\",\"@id\":\"https:\/\/www.budokampsport.se\/#\/schema\/person\/image\/\",\"url\":\"https:\/\/secure.gravatar.com\/avatar\/a58041c6cea9128bd9c40ee2f26d4136?s=96&d=blank&r=g\",\"contentUrl\":\"https:\/\/secure.gravatar.com\/avatar\/a58041c6cea9128bd9c40ee2f26d4136?s=96&d=blank&r=g\",\"caption\":\"Jonathan Broberg\"},\"sameAs\":[\"https:\/\/www.facebook.com\/jonathan.broberg.7\"],\"url\":\"https:\/\/www.budokampsport.se\/author\/jonathan\/\"}]}<\/script>\n<!-- \/ Yoast SEO plugin. -->","yoast_head_json":{"title":"Sista chansen att nominera till Kampsportsgalan - Svenska Budo &amp; Kampsportsf\u00f6rbundet","description":"Imorgon, tisdag, g\u00e5r tiden ut f\u00f6r nomineringsfasen till Kampsportsgalan. Det har varit ett stort intresse kring nomineringarna och juryn, som sammantr\u00e4der p\u00e5 torsdag, kommer att f\u00e5 ta del av \u00f6ver 300 f\u00f6rslag p\u00e5 hj\u00e4ltar och hj\u00e4ltinnor.","robots":{"index":"index","follow":"follow","max-snippet":"max-snippet:-1","max-image-preview":"max-image-preview:large","max-video-preview":"max-video-preview:-1"},"canonical":"https:\/\/www.budokampsport.se\/2010\/02\/15\/sista-chansen-att-nominera-till-kampsportsgalan\/","og_locale":"sv_SE","og_type":"article","og_title":"Sista chansen att nominera till Kampsportsgalan - Svenska Budo &amp; Kampsportsf\u00f6rbundet","og_description":"Imorgon, tisdag, g\u00e5r tiden ut f\u00f6r nomineringsfasen till Kampsportsgalan. Det har varit ett stort intresse kring nomineringarna och juryn, som sammantr\u00e4der p\u00e5 torsdag, kommer att f\u00e5 ta del av \u00f6ver 300 f\u00f6rslag p\u00e5 hj\u00e4ltar och hj\u00e4ltinnor.","og_url":"https:\/\/www.budokampsport.se\/2010\/02\/15\/sista-chansen-att-nominera-till-kampsportsgalan\/","og_site_name":"Svenska Budo &amp; Kampsportsf\u00f6rbundet","article_author":"https:\/\/www.facebook.com\/jonathan.broberg.7","article_published_time":"2010-02-15T14:21:18+00:00","article_modified_time":"2016-12-06T21:32:43+00:00","author":"Jonathan Broberg","twitter_card":"summary_large_image","twitter_misc":{"Skriven av":"Jonathan Broberg","Ber\u00e4knad l\u00e4stid":"1 minut"},"schema":{"@context":"https:\/\/schema.org","@graph":[{"@type":"Article","@id":"https:\/\/www.budokampsport.se\/2010\/02\/15\/sista-chansen-att-nominera-till-kampsportsgalan\/#article","isPartOf":{"@id":"https:\/\/www.budokampsport.se\/2010\/02\/15\/sista-chansen-att-nominera-till-kampsportsgalan\/"},"author":{"name":"Jonathan Broberg","@id":"https:\/\/www.budokampsport.se\/#\/schema\/person\/5c06d81d14850e2a8ce5493386560145"},"headline":"Sista chansen att nominera till Kampsportsgalan","datePublished":"2010-02-15T14:21:18+00:00","dateModified":"2016-12-06T21:32:43+00:00","mainEntityOfPage":{"@id":"https:\/\/www.budokampsport.se\/2010\/02\/15\/sista-chansen-att-nominera-till-kampsportsgalan\/"},"wordCount":113,"inLanguage":"sv-SE"},{"@type":"WebPage","@id":"https:\/\/www.budokampsport.se\/2010\/02\/15\/sista-chansen-att-nominera-till-kampsportsgalan\/","url":"https:\/\/www.budokampsport.se\/2010\/02\/15\/sista-chansen-att-nominera-till-kampsportsgalan\/","name":"Sista chansen att nominera till Kampsportsgalan - Svenska Budo &amp; Kampsportsf\u00f6rbundet","isPartOf":{"@id":"https:\/\/www.budokampsport.se\/#website"},"datePublished":"2010-02-15T14:21:18+00:00","dateModified":"2016-12-06T21:32:43+00:00","author":{"@id":"https:\/\/www.budokampsport.se\/#\/schema\/person\/5c06d81d14850e2a8ce5493386560145"},"description":"Imorgon, tisdag, g\u00e5r tiden ut f\u00f6r nomineringsfasen till Kampsportsgalan. Det har varit ett stort intresse kring nomineringarna och juryn, som sammantr\u00e4der p\u00e5 torsdag, kommer att f\u00e5 ta del av \u00f6ver 300 f\u00f6rslag p\u00e5 hj\u00e4ltar och hj\u00e4ltinnor.","breadcrumb":{"@id":"https:\/\/www.budokampsport.se\/2010\/02\/15\/sista-chansen-att-nominera-till-kampsportsgalan\/#breadcrumb"},"inLanguage":"sv-SE","potentialAction":[{"@type":"ReadAction","target":["https:\/\/www.budokampsport.se\/2010\/02\/15\/sista-chansen-att-nominera-till-kampsportsgalan\/"]}]},{"@type":"BreadcrumbList","@id":"https:\/\/www.budokampsport.se\/2010\/02\/15\/sista-chansen-att-nominera-till-kampsportsgalan\/#breadcrumb","itemListElement":[{"@type":"ListItem","position":1,"name":"Hem","item":"https:\/\/www.budokampsport.se\/"},{"@type":"ListItem","position":2,"name":"Sista chansen att nominera till Kampsportsgalan"}]},{"@type":"WebSite","@id":"https:\/\/www.budokampsport.se\/#website","url":"https:\/\/www.budokampsport.se\/","name":"Svenska Budo &amp; Kampsportsf\u00f6rbundet","description":"T\u00e4vling, Tr\u00e4ning, Tradition","potentialAction":[{"@type":"SearchAction","target":{"@type":"EntryPoint","urlTemplate":"https:\/\/www.budokampsport.se\/?s={search_term_string}"},"query-input":{"@type":"PropertyValueSpecification","valueRequired":true,"valueName":"search_term_string"}}],"inLanguage":"sv-SE"},{"@type":"Person","@id":"https:\/\/www.budokampsport.se\/#\/schema\/person\/5c06d81d14850e2a8ce5493386560145","name":"Jonathan Broberg","image":{"@type":"ImageObject","inLanguage":"sv-SE","@id":"https:\/\/www.budokampsport.se\/#\/schema\/person\/image\/","url":"https:\/\/secure.gravatar.com\/avatar\/a58041c6cea9128bd9c40ee2f26d4136?s=96&d=blank&r=g","contentUrl":"https:\/\/secure.gravatar.com\/avatar\/a58041c6cea9128bd9c40ee2f26d4136?s=96&d=blank&r=g","caption":"Jonathan Broberg"},"sameAs":["https:\/\/www.facebook.com\/jonathan.broberg.7"],"url":"https:\/\/www.budokampsport.se\/author\/jonathan\/"}]}},"_links":{"self":[{"href":"https:\/\/www.budokampsport.se\/api\/wp\/v2\/posts\/3180","targetHints":{"allow":["GET"]}}],"collection":[{"href":"https:\/\/www.budokampsport.se\/api\/wp\/v2\/posts"}],"about":[{"href":"https:\/\/www.budokampsport.se\/api\/wp\/v2\/types\/post"}],"author":[{"embeddable":true,"href":"https:\/\/www.budokampsport.se\/api\/wp\/v2\/users\/7"}],"replies":[{"embeddable":true,"href":"https:\/\/www.budokampsport.se\/api\/wp\/v2\/comments?post=3180"}],"version-history":[{"count":0,"href":"https:\/\/www.budokampsport.se\/api\/wp\/v2\/posts\/3180\/revisions"}],"wp:attachment":[{"href":"https:\/\/www.budokampsport.se\/api\/wp\/v2\/media?parent=3180"}],"wp:term":[{"taxonomy":"category","embeddable":true,"href":"https:\/\/www.budokampsport.se\/api\/wp\/v2\/categories?post=3180"},{"taxonomy":"post_tag","embeddable":true,"href":"https:\/\/www.budokampsport.se\/api\/wp\/v2\/tags?post=3180"}],"curies":[{"name":"wp","href":"https:\/\/api.w.org\/{rel}","templated":true}]}}