{"id":3184,"date":"2010-02-19T09:00:00","date_gmt":"2010-02-19T08:00:00","guid":{"rendered":"http:\/\/budo.wordpress.dev\/2010\/02\/19\/nomineringarna-till-kampsportsgalan\/"},"modified":"2016-12-06T22:30:53","modified_gmt":"2016-12-06T21:30:53","slug":"nomineringarna-till-kampsportsgalan","status":"publish","type":"post","link":"https:\/\/www.budokampsport.se\/2010\/02\/19\/nomineringarna-till-kampsportsgalan\/","title":{"rendered":"Nomineringarna till Kampsportsgalan"},"content":{"rendered":"<p><strong><a href=\"\/sites\/default\/files\/ledare.jpg\"><img loading=\"lazy\" decoding=\"async\" src=\"\/sites\/default\/files\/ledare.jpg\" alt=\"\" width=\"200\" align=\"right\" height=\"215\"><\/a>Juryn \u00e4r enig. Sent i g\u00e5r natt blev nomineringarna till Kampsportsgalan 2010 klara. En och en kommer nu de nominerade i priskategorierna att presenteras. Varje dag klockan 10.00 offentligg\u00f6rs nomineringar f\u00f6r vardera priskategori. F\u00f6rst ut \u00e4r \u201d\u00e5rets ledare\u201d.<br \/><\/strong><!--break--><br \/>Kampsportsgalan n\u00e4rmar sig. I g\u00e5r kv\u00e4ll sammantr\u00e4dde juryn i Stockholm och kom fram till de som kommer att bli nominerade i respektive priskategori. Till juryns hj\u00e4lp hade m\u00e4ngder med f\u00f6rslag p\u00e5 nomineringar inkommit till <a href=\"http:\/\/www.kampsportsgalan2010.se\/\"><font color=\"#800080\">www.kampsportsgalan2010.se<\/font><\/a>. Under de knappa tv\u00e5 veckor som allm\u00e4nheten kunde f\u00f6rsl\u00e5 sina egna favoriter kom 330 f\u00f6rslag p\u00e5 vinnare.<\/p>\n<p><strong>Karin Mattsson Weijber\u00a0delar ut \u00e5rets ledare<\/strong><br \/>De nominerade i varje priskategori kommer att presenteras 10.00, en och en tills samtliga nominerade har offentliggjorts. F\u00f6rst ut \u00e4r \u201d\u00e5rets ledare\u201d. Priset kommer att delas ut p\u00e5 galan av Riksidrottsf\u00f6rbundets ordf\u00f6rande Karin Mattsson Weijber.<\/p>\n<p>De nominerade \u00e4r:<\/p>\n<p>&#8211; Urban Aldenklint (aikido)<br \/>&#8211; Omar Ahmedin (karate)<br \/>&#8211; August Wall\u00e9n (MMA)<br \/>&#8211; Virpi Alajarva (kyokushin)<\/p>\n<p><strong>Urban Aldenklint <\/strong>\u00e4r ordf\u00f6rande i Sveriges st\u00f6rsta aikidoklubb, Iyasaka. Urbans h\u00e4ngivenhet till sin idrott \u00e4r storstilad och han \u00e4r dessutom v\u00e4ldigt m\u00e5n om att utveckla yngre f\u00f6rm\u00e5gor.<\/p>\n<p><strong>Omar Ahmedin <\/strong>\u00e4r en mycket \u00f6dmjuk och kompetent instrukt\u00f6r p\u00e5 Budogymnasiet. Omar har under flera \u00e5r byggt upp en tradition bland sina elever som gjort RIG-eleverna till heta utmanare vid t\u00e4vlingar \u00e4ven p\u00e5 seniorniv\u00e5.<\/p>\n<p><strong>August Wall\u00e9n <\/strong>\u00e4r en pionj\u00e4r inom modern svensk kampsport. August har ett \u00f6ga f\u00f6r att f\u00e5 fram talanger och hans klubb Gladius innehar Sveriges just nu kanske hetaste MMA-fighter, Alexander Gustavsson.<\/p>\n<p><strong>Virpi Alajarva <\/strong>\u00e4r en f\u00e4rgstark ledare inom kyokushin. L\u00e4nge har hon och hennes klubb varit ledande inom svensk kyokushin och sj\u00e4lv har hon ett hj\u00e4rta som klappar hur mycket som helst f\u00f6r budo.<br \/>\u00a0<\/p>\n<p><a href=\"http:\/\/www.kampsportsgalan2010.se\/\">All information om Kampsportsgalan h\u00e4r.<\/a><\/p>\n<p>Text: Jonathan Broberg<\/p>\n","protected":false},"excerpt":{"rendered":"<p><strong><a href=\"\/sites\/default\/files\/ledare.jpg\"><img loading=\"lazy\" decoding=\"async\" src=\"\/sites\/default\/files\/ledare.jpg\" alt=\"\" width=\"200\" align=\"right\" height=\"215\"><\/a>Juryn \u00e4r enig. Sent i g\u00e5r natt blev nomineringarna till Kampsportsgalan 2010 klara. En och en kommer nu de nominerade i priskategorierna att presenteras. Varje dag klockan 10.00 offentligg\u00f6rs nomineringar f\u00f6r vardera priskategori. F\u00f6rst ut \u00e4r \u201d\u00e5rets ledare\u201d.<br \/><\/strong><\/p><br>","protected":false},"author":7,"featured_media":0,"comment_status":"closed","ping_status":"closed","sticky":false,"template":"","format":"standard","meta":{"_acf_changed":false,"footnotes":""},"categories":[1],"tags":[],"class_list":["post-3184","post","type-post","status-publish","format-standard","hentry","category-okategoriserade"],"acf":[],"yoast_head":"<!-- This site is optimized with the Yoast SEO plugin v26.8 - https:\/\/yoast.com\/product\/yoast-seo-wordpress\/ -->\n<title>Nomineringarna till Kampsportsgalan - Svenska Budo &amp; Kampsportsf\u00f6rbundet<\/title>\n<meta name=\"description\" content=\"Juryn \u00e4r enig. Sent i g\u00e5r natt blev nomineringarna till Kampsportsgalan 2010 klara. En och en kommer nu de nominerade i priskategorierna att presenteras. Varje dag klockan 10.00 offentligg\u00f6rs nomineringar f\u00f6r vardera priskategori. F\u00f6rst ut \u00e4r \u201d\u00e5rets ledare\u201d.\" \/>\n<meta name=\"robots\" content=\"index, follow, max-snippet:-1, max-image-preview:large, max-video-preview:-1\" \/>\n<link rel=\"canonical\" href=\"https:\/\/www.budokampsport.se\/2010\/02\/19\/nomineringarna-till-kampsportsgalan\/\" \/>\n<meta property=\"og:locale\" content=\"sv_SE\" \/>\n<meta property=\"og:type\" content=\"article\" \/>\n<meta property=\"og:title\" content=\"Nomineringarna till Kampsportsgalan - Svenska Budo &amp; Kampsportsf\u00f6rbundet\" \/>\n<meta property=\"og:description\" content=\"Juryn \u00e4r enig. Sent i g\u00e5r natt blev nomineringarna till Kampsportsgalan 2010 klara. En och en kommer nu de nominerade i priskategorierna att presenteras. Varje dag klockan 10.00 offentligg\u00f6rs nomineringar f\u00f6r vardera priskategori. F\u00f6rst ut \u00e4r \u201d\u00e5rets ledare\u201d.\" \/>\n<meta property=\"og:url\" content=\"https:\/\/www.budokampsport.se\/2010\/02\/19\/nomineringarna-till-kampsportsgalan\/\" \/>\n<meta property=\"og:site_name\" content=\"Svenska Budo &amp; Kampsportsf\u00f6rbundet\" \/>\n<meta property=\"article:author\" content=\"https:\/\/www.facebook.com\/jonathan.broberg.7\" \/>\n<meta property=\"article:published_time\" content=\"2010-02-19T08:00:00+00:00\" \/>\n<meta property=\"article:modified_time\" content=\"2016-12-06T21:30:53+00:00\" \/>\n<meta name=\"author\" content=\"Jonathan Broberg\" \/>\n<meta name=\"twitter:card\" content=\"summary_large_image\" \/>\n<meta name=\"twitter:label1\" content=\"Skriven av\" \/>\n\t<meta name=\"twitter:data1\" content=\"Jonathan Broberg\" \/>\n\t<meta name=\"twitter:label2\" content=\"Ber\u00e4knad l\u00e4stid\" \/>\n\t<meta name=\"twitter:data2\" content=\"2 minuter\" \/>\n<script type=\"application\/ld+json\" class=\"yoast-schema-graph\">{\"@context\":\"https:\/\/schema.org\",\"@graph\":[{\"@type\":\"Article\",\"@id\":\"https:\/\/www.budokampsport.se\/2010\/02\/19\/nomineringarna-till-kampsportsgalan\/#article\",\"isPartOf\":{\"@id\":\"https:\/\/www.budokampsport.se\/2010\/02\/19\/nomineringarna-till-kampsportsgalan\/\"},\"author\":{\"name\":\"Jonathan Broberg\",\"@id\":\"https:\/\/www.budokampsport.se\/#\/schema\/person\/5c06d81d14850e2a8ce5493386560145\"},\"headline\":\"Nomineringarna till Kampsportsgalan\",\"datePublished\":\"2010-02-19T08:00:00+00:00\",\"dateModified\":\"2016-12-06T21:30:53+00:00\",\"mainEntityOfPage\":{\"@id\":\"https:\/\/www.budokampsport.se\/2010\/02\/19\/nomineringarna-till-kampsportsgalan\/\"},\"wordCount\":321,\"inLanguage\":\"sv-SE\"},{\"@type\":\"WebPage\",\"@id\":\"https:\/\/www.budokampsport.se\/2010\/02\/19\/nomineringarna-till-kampsportsgalan\/\",\"url\":\"https:\/\/www.budokampsport.se\/2010\/02\/19\/nomineringarna-till-kampsportsgalan\/\",\"name\":\"Nomineringarna till Kampsportsgalan - Svenska Budo &amp; Kampsportsf\u00f6rbundet\",\"isPartOf\":{\"@id\":\"https:\/\/www.budokampsport.se\/#website\"},\"datePublished\":\"2010-02-19T08:00:00+00:00\",\"dateModified\":\"2016-12-06T21:30:53+00:00\",\"author\":{\"@id\":\"https:\/\/www.budokampsport.se\/#\/schema\/person\/5c06d81d14850e2a8ce5493386560145\"},\"description\":\"Juryn \u00e4r enig. Sent i g\u00e5r natt blev nomineringarna till Kampsportsgalan 2010 klara. En och en kommer nu de nominerade i priskategorierna att presenteras. Varje dag klockan 10.00 offentligg\u00f6rs nomineringar f\u00f6r vardera priskategori. F\u00f6rst ut \u00e4r \u201d\u00e5rets ledare\u201d.\",\"breadcrumb\":{\"@id\":\"https:\/\/www.budokampsport.se\/2010\/02\/19\/nomineringarna-till-kampsportsgalan\/#breadcrumb\"},\"inLanguage\":\"sv-SE\",\"potentialAction\":[{\"@type\":\"ReadAction\",\"target\":[\"https:\/\/www.budokampsport.se\/2010\/02\/19\/nomineringarna-till-kampsportsgalan\/\"]}]},{\"@type\":\"BreadcrumbList\",\"@id\":\"https:\/\/www.budokampsport.se\/2010\/02\/19\/nomineringarna-till-kampsportsgalan\/#breadcrumb\",\"itemListElement\":[{\"@type\":\"ListItem\",\"position\":1,\"name\":\"Hem\",\"item\":\"https:\/\/www.budokampsport.se\/\"},{\"@type\":\"ListItem\",\"position\":2,\"name\":\"Nomineringarna till Kampsportsgalan\"}]},{\"@type\":\"WebSite\",\"@id\":\"https:\/\/www.budokampsport.se\/#website\",\"url\":\"https:\/\/www.budokampsport.se\/\",\"name\":\"Svenska Budo &amp; Kampsportsf\u00f6rbundet\",\"description\":\"T\u00e4vling, Tr\u00e4ning, Tradition\",\"potentialAction\":[{\"@type\":\"SearchAction\",\"target\":{\"@type\":\"EntryPoint\",\"urlTemplate\":\"https:\/\/www.budokampsport.se\/?s={search_term_string}\"},\"query-input\":{\"@type\":\"PropertyValueSpecification\",\"valueRequired\":true,\"valueName\":\"search_term_string\"}}],\"inLanguage\":\"sv-SE\"},{\"@type\":\"Person\",\"@id\":\"https:\/\/www.budokampsport.se\/#\/schema\/person\/5c06d81d14850e2a8ce5493386560145\",\"name\":\"Jonathan Broberg\",\"image\":{\"@type\":\"ImageObject\",\"inLanguage\":\"sv-SE\",\"@id\":\"https:\/\/www.budokampsport.se\/#\/schema\/person\/image\/\",\"url\":\"https:\/\/secure.gravatar.com\/avatar\/a58041c6cea9128bd9c40ee2f26d4136?s=96&d=blank&r=g\",\"contentUrl\":\"https:\/\/secure.gravatar.com\/avatar\/a58041c6cea9128bd9c40ee2f26d4136?s=96&d=blank&r=g\",\"caption\":\"Jonathan Broberg\"},\"sameAs\":[\"https:\/\/www.facebook.com\/jonathan.broberg.7\"],\"url\":\"https:\/\/www.budokampsport.se\/author\/jonathan\/\"}]}<\/script>\n<!-- \/ Yoast SEO plugin. -->","yoast_head_json":{"title":"Nomineringarna till Kampsportsgalan - Svenska Budo &amp; Kampsportsf\u00f6rbundet","description":"Juryn \u00e4r enig. Sent i g\u00e5r natt blev nomineringarna till Kampsportsgalan 2010 klara. En och en kommer nu de nominerade i priskategorierna att presenteras. Varje dag klockan 10.00 offentligg\u00f6rs nomineringar f\u00f6r vardera priskategori. F\u00f6rst ut \u00e4r \u201d\u00e5rets ledare\u201d.","robots":{"index":"index","follow":"follow","max-snippet":"max-snippet:-1","max-image-preview":"max-image-preview:large","max-video-preview":"max-video-preview:-1"},"canonical":"https:\/\/www.budokampsport.se\/2010\/02\/19\/nomineringarna-till-kampsportsgalan\/","og_locale":"sv_SE","og_type":"article","og_title":"Nomineringarna till Kampsportsgalan - Svenska Budo &amp; Kampsportsf\u00f6rbundet","og_description":"Juryn \u00e4r enig. Sent i g\u00e5r natt blev nomineringarna till Kampsportsgalan 2010 klara. En och en kommer nu de nominerade i priskategorierna att presenteras. Varje dag klockan 10.00 offentligg\u00f6rs nomineringar f\u00f6r vardera priskategori. F\u00f6rst ut \u00e4r \u201d\u00e5rets ledare\u201d.","og_url":"https:\/\/www.budokampsport.se\/2010\/02\/19\/nomineringarna-till-kampsportsgalan\/","og_site_name":"Svenska Budo &amp; Kampsportsf\u00f6rbundet","article_author":"https:\/\/www.facebook.com\/jonathan.broberg.7","article_published_time":"2010-02-19T08:00:00+00:00","article_modified_time":"2016-12-06T21:30:53+00:00","author":"Jonathan Broberg","twitter_card":"summary_large_image","twitter_misc":{"Skriven av":"Jonathan Broberg","Ber\u00e4knad l\u00e4stid":"2 minuter"},"schema":{"@context":"https:\/\/schema.org","@graph":[{"@type":"Article","@id":"https:\/\/www.budokampsport.se\/2010\/02\/19\/nomineringarna-till-kampsportsgalan\/#article","isPartOf":{"@id":"https:\/\/www.budokampsport.se\/2010\/02\/19\/nomineringarna-till-kampsportsgalan\/"},"author":{"name":"Jonathan Broberg","@id":"https:\/\/www.budokampsport.se\/#\/schema\/person\/5c06d81d14850e2a8ce5493386560145"},"headline":"Nomineringarna till Kampsportsgalan","datePublished":"2010-02-19T08:00:00+00:00","dateModified":"2016-12-06T21:30:53+00:00","mainEntityOfPage":{"@id":"https:\/\/www.budokampsport.se\/2010\/02\/19\/nomineringarna-till-kampsportsgalan\/"},"wordCount":321,"inLanguage":"sv-SE"},{"@type":"WebPage","@id":"https:\/\/www.budokampsport.se\/2010\/02\/19\/nomineringarna-till-kampsportsgalan\/","url":"https:\/\/www.budokampsport.se\/2010\/02\/19\/nomineringarna-till-kampsportsgalan\/","name":"Nomineringarna till Kampsportsgalan - Svenska Budo &amp; Kampsportsf\u00f6rbundet","isPartOf":{"@id":"https:\/\/www.budokampsport.se\/#website"},"datePublished":"2010-02-19T08:00:00+00:00","dateModified":"2016-12-06T21:30:53+00:00","author":{"@id":"https:\/\/www.budokampsport.se\/#\/schema\/person\/5c06d81d14850e2a8ce5493386560145"},"description":"Juryn \u00e4r enig. Sent i g\u00e5r natt blev nomineringarna till Kampsportsgalan 2010 klara. En och en kommer nu de nominerade i priskategorierna att presenteras. Varje dag klockan 10.00 offentligg\u00f6rs nomineringar f\u00f6r vardera priskategori. F\u00f6rst ut \u00e4r \u201d\u00e5rets ledare\u201d.","breadcrumb":{"@id":"https:\/\/www.budokampsport.se\/2010\/02\/19\/nomineringarna-till-kampsportsgalan\/#breadcrumb"},"inLanguage":"sv-SE","potentialAction":[{"@type":"ReadAction","target":["https:\/\/www.budokampsport.se\/2010\/02\/19\/nomineringarna-till-kampsportsgalan\/"]}]},{"@type":"BreadcrumbList","@id":"https:\/\/www.budokampsport.se\/2010\/02\/19\/nomineringarna-till-kampsportsgalan\/#breadcrumb","itemListElement":[{"@type":"ListItem","position":1,"name":"Hem","item":"https:\/\/www.budokampsport.se\/"},{"@type":"ListItem","position":2,"name":"Nomineringarna till Kampsportsgalan"}]},{"@type":"WebSite","@id":"https:\/\/www.budokampsport.se\/#website","url":"https:\/\/www.budokampsport.se\/","name":"Svenska Budo &amp; Kampsportsf\u00f6rbundet","description":"T\u00e4vling, Tr\u00e4ning, Tradition","potentialAction":[{"@type":"SearchAction","target":{"@type":"EntryPoint","urlTemplate":"https:\/\/www.budokampsport.se\/?s={search_term_string}"},"query-input":{"@type":"PropertyValueSpecification","valueRequired":true,"valueName":"search_term_string"}}],"inLanguage":"sv-SE"},{"@type":"Person","@id":"https:\/\/www.budokampsport.se\/#\/schema\/person\/5c06d81d14850e2a8ce5493386560145","name":"Jonathan Broberg","image":{"@type":"ImageObject","inLanguage":"sv-SE","@id":"https:\/\/www.budokampsport.se\/#\/schema\/person\/image\/","url":"https:\/\/secure.gravatar.com\/avatar\/a58041c6cea9128bd9c40ee2f26d4136?s=96&d=blank&r=g","contentUrl":"https:\/\/secure.gravatar.com\/avatar\/a58041c6cea9128bd9c40ee2f26d4136?s=96&d=blank&r=g","caption":"Jonathan Broberg"},"sameAs":["https:\/\/www.facebook.com\/jonathan.broberg.7"],"url":"https:\/\/www.budokampsport.se\/author\/jonathan\/"}]}},"_links":{"self":[{"href":"https:\/\/www.budokampsport.se\/api\/wp\/v2\/posts\/3184","targetHints":{"allow":["GET"]}}],"collection":[{"href":"https:\/\/www.budokampsport.se\/api\/wp\/v2\/posts"}],"about":[{"href":"https:\/\/www.budokampsport.se\/api\/wp\/v2\/types\/post"}],"author":[{"embeddable":true,"href":"https:\/\/www.budokampsport.se\/api\/wp\/v2\/users\/7"}],"replies":[{"embeddable":true,"href":"https:\/\/www.budokampsport.se\/api\/wp\/v2\/comments?post=3184"}],"version-history":[{"count":0,"href":"https:\/\/www.budokampsport.se\/api\/wp\/v2\/posts\/3184\/revisions"}],"wp:attachment":[{"href":"https:\/\/www.budokampsport.se\/api\/wp\/v2\/media?parent=3184"}],"wp:term":[{"taxonomy":"category","embeddable":true,"href":"https:\/\/www.budokampsport.se\/api\/wp\/v2\/categories?post=3184"},{"taxonomy":"post_tag","embeddable":true,"href":"https:\/\/www.budokampsport.se\/api\/wp\/v2\/tags?post=3184"}],"curies":[{"name":"wp","href":"https:\/\/api.w.org\/{rel}","templated":true}]}}