{"id":3185,"date":"2010-02-19T13:10:45","date_gmt":"2010-02-19T12:10:45","guid":{"rendered":"http:\/\/budo.wordpress.dev\/2010\/02\/19\/virpi-alajarva-va-blev-jag-nominerad\/"},"modified":"2016-12-06T22:30:54","modified_gmt":"2016-12-06T21:30:54","slug":"virpi-alajarva-va-blev-jag-nominerad","status":"publish","type":"post","link":"https:\/\/www.budokampsport.se\/2010\/02\/19\/virpi-alajarva-va-blev-jag-nominerad\/","title":{"rendered":"Virpi Alajarva: &#8211; Va, blev jag nominerad?"},"content":{"rendered":"<p><strong><img loading=\"lazy\" decoding=\"async\" src=\"\/sites\/default\/files\/virpi.jpg\" alt=\"\" width=\"100\" align=\"right\" height=\"141\">Idag sl\u00e4pptes nomineringarna till Kampsportsgalan 2010. F\u00f6rsta kategori att presenteras var \u201d\u00e5rets ledare\u201d. N\u00e4r budokampsport.se n\u00e5dde en av de nominerade, Virpi Alajarva, satt hon p\u00e5 t\u00e5get p\u00e5 resande fot.<br \/>\u00a0\u00a0 &#8211; Jag blir b\u00e5de paff och f\u00f6rv\u00e5nad, men v\u00e4ldigt glad, s\u00e4ger hon.<\/strong><br \/><!--break--><br \/>Virpi Alajarva \u00e4r en f\u00e4rgstark ledare. L\u00e4nge har hon varit en bidragande orsak till att svensk kyokushin har utvecklats s\u00e5 starkt. Nu \u00e4r Virpi en i rampljuset, som en av Sveriges b\u00e4sta ledare inom budo och kampsport.<\/p>\n<p>Sj\u00e4lv blev hon v\u00e4ldigt f\u00f6rv\u00e5nad d\u00e5 budokampsport.se n\u00e5dde henne sittandes p\u00e5 ett t\u00e5g.<br \/>\u00a0\u00a0 &#8211; Va, blev jag nominerad? Det var ju fantastiskt kul. Det finns ju s\u00e5 m\u00e5nga duktiga ledare, och att juryn d\u00e5 t\u00e4nker p\u00e5 mig som en av de fyra \u00e4r v\u00e4ldigt smickrande f\u00f6rst\u00e5s.<br \/><strong><br \/>&#8220;Engagerad under l\u00e5ng tid&#8221;<\/strong><br \/>Virpi har f\u00f6ljt f\u00f6rfarande med Kampsportsgalan med stort intresse. Hon tycker att galan \u00e4r ett viktigt initiativ, men att hon sj\u00e4lv skulle ta plats som en av de nominerade \u2013 det trodde hon inte.<br \/>\u00a0\u00a0 &#8211; Nej, verkligen inte. Samtidigt har jag varit engagerad under l\u00e5ng tid och arbetat h\u00e5rt f\u00f6r att forts\u00e4tta utvecklingen f\u00f6r svensk kyokushin \u00e4ven under 2009, s\u00e5 det \u00e4r kanske d\u00e4rf\u00f6r juryn har nominerad mig, s\u00e4ger hon blygsamt.<\/p>\n<p>Den 20:e mars vet vi vem som vinner titeln \u201d\u00e5rest ledare\u201d. De \u00f6vriga nominerade i kategorin \u00e4r Urban Aldenklint (aikido), August Wall\u00e9n (MMA) och Omar Ahmedin (karate).<br \/>\u00a0<\/p>\n<p><a href=\"http:\/\/www.kampsportsgalan2010.se\/\">All information om Kampsportsgalan h\u00e4r.<\/a><\/p>\n<p>Text: Jonathan Broberg<\/p>\n","protected":false},"excerpt":{"rendered":"<p><strong><img loading=\"lazy\" decoding=\"async\" src=\"\/sites\/default\/files\/virpi.jpg\" alt=\"\" width=\"100\" align=\"right\" height=\"141\">Idag sl\u00e4pptes nomineringarna till Kampsportsgalan 2010. F\u00f6rsta kategori att presenteras var \u201d\u00e5rets ledare\u201d. N\u00e4r budokampsport.se n\u00e5dde en av de nominerade, Virpi Alajarva, satt hon p\u00e5 t\u00e5get p\u00e5 resande fot.<br \/>\u00a0\u00a0 &#8211; Jag blir b\u00e5de paff och f\u00f6rv\u00e5nad, men v\u00e4ldigt glad, s\u00e4ger hon.<\/strong><\/p><br>","protected":false},"author":7,"featured_media":0,"comment_status":"closed","ping_status":"closed","sticky":false,"template":"","format":"standard","meta":{"_acf_changed":false,"footnotes":""},"categories":[1],"tags":[],"class_list":["post-3185","post","type-post","status-publish","format-standard","hentry","category-okategoriserade"],"acf":[],"yoast_head":"<!-- This site is optimized with the Yoast SEO plugin v26.8 - https:\/\/yoast.com\/product\/yoast-seo-wordpress\/ -->\n<title>Virpi Alajarva: - Va, blev jag nominerad? - Svenska Budo &amp; Kampsportsf\u00f6rbundet<\/title>\n<meta name=\"description\" content=\"Idag sl\u00e4pptes nomineringarna till Kampsportsgalan 2010. F\u00f6rsta kategori att presenteras var \u201d\u00e5rets ledare\u201d. N\u00e4r budokampsport.se n\u00e5dde en av de nominerade, Virpi Alajarva, satt hon p\u00e5 t\u00e5get p\u00e5 resande fot.\u00a0\u00a0 - Jag blir b\u00e5de paff och f\u00f6rv\u00e5nad, men v\u00e4ldigt glad, s\u00e4ger hon.\" \/>\n<meta name=\"robots\" content=\"index, follow, max-snippet:-1, max-image-preview:large, max-video-preview:-1\" \/>\n<link rel=\"canonical\" href=\"https:\/\/www.budokampsport.se\/2010\/02\/19\/virpi-alajarva-va-blev-jag-nominerad\/\" \/>\n<meta property=\"og:locale\" content=\"sv_SE\" \/>\n<meta property=\"og:type\" content=\"article\" \/>\n<meta property=\"og:title\" content=\"Virpi Alajarva: - Va, blev jag nominerad? - Svenska Budo &amp; Kampsportsf\u00f6rbundet\" \/>\n<meta property=\"og:description\" content=\"Idag sl\u00e4pptes nomineringarna till Kampsportsgalan 2010. F\u00f6rsta kategori att presenteras var \u201d\u00e5rets ledare\u201d. N\u00e4r budokampsport.se n\u00e5dde en av de nominerade, Virpi Alajarva, satt hon p\u00e5 t\u00e5get p\u00e5 resande fot.\u00a0\u00a0 - Jag blir b\u00e5de paff och f\u00f6rv\u00e5nad, men v\u00e4ldigt glad, s\u00e4ger hon.\" \/>\n<meta property=\"og:url\" content=\"https:\/\/www.budokampsport.se\/2010\/02\/19\/virpi-alajarva-va-blev-jag-nominerad\/\" \/>\n<meta property=\"og:site_name\" content=\"Svenska Budo &amp; Kampsportsf\u00f6rbundet\" \/>\n<meta property=\"article:author\" content=\"https:\/\/www.facebook.com\/jonathan.broberg.7\" \/>\n<meta property=\"article:published_time\" content=\"2010-02-19T12:10:45+00:00\" \/>\n<meta property=\"article:modified_time\" content=\"2016-12-06T21:30:54+00:00\" \/>\n<meta name=\"author\" content=\"Jonathan Broberg\" \/>\n<meta name=\"twitter:card\" content=\"summary_large_image\" \/>\n<meta name=\"twitter:label1\" content=\"Skriven av\" \/>\n\t<meta name=\"twitter:data1\" content=\"Jonathan Broberg\" \/>\n\t<meta name=\"twitter:label2\" content=\"Ber\u00e4knad l\u00e4stid\" \/>\n\t<meta name=\"twitter:data2\" content=\"1 minut\" \/>\n<script type=\"application\/ld+json\" class=\"yoast-schema-graph\">{\"@context\":\"https:\/\/schema.org\",\"@graph\":[{\"@type\":\"Article\",\"@id\":\"https:\/\/www.budokampsport.se\/2010\/02\/19\/virpi-alajarva-va-blev-jag-nominerad\/#article\",\"isPartOf\":{\"@id\":\"https:\/\/www.budokampsport.se\/2010\/02\/19\/virpi-alajarva-va-blev-jag-nominerad\/\"},\"author\":{\"name\":\"Jonathan Broberg\",\"@id\":\"https:\/\/www.budokampsport.se\/#\/schema\/person\/5c06d81d14850e2a8ce5493386560145\"},\"headline\":\"Virpi Alajarva: &#8211; Va, blev jag nominerad?\",\"datePublished\":\"2010-02-19T12:10:45+00:00\",\"dateModified\":\"2016-12-06T21:30:54+00:00\",\"mainEntityOfPage\":{\"@id\":\"https:\/\/www.budokampsport.se\/2010\/02\/19\/virpi-alajarva-va-blev-jag-nominerad\/\"},\"wordCount\":278,\"inLanguage\":\"sv-SE\"},{\"@type\":\"WebPage\",\"@id\":\"https:\/\/www.budokampsport.se\/2010\/02\/19\/virpi-alajarva-va-blev-jag-nominerad\/\",\"url\":\"https:\/\/www.budokampsport.se\/2010\/02\/19\/virpi-alajarva-va-blev-jag-nominerad\/\",\"name\":\"Virpi Alajarva: - Va, blev jag nominerad? - Svenska Budo &amp; Kampsportsf\u00f6rbundet\",\"isPartOf\":{\"@id\":\"https:\/\/www.budokampsport.se\/#website\"},\"datePublished\":\"2010-02-19T12:10:45+00:00\",\"dateModified\":\"2016-12-06T21:30:54+00:00\",\"author\":{\"@id\":\"https:\/\/www.budokampsport.se\/#\/schema\/person\/5c06d81d14850e2a8ce5493386560145\"},\"description\":\"Idag sl\u00e4pptes nomineringarna till Kampsportsgalan 2010. F\u00f6rsta kategori att presenteras var \u201d\u00e5rets ledare\u201d. N\u00e4r budokampsport.se n\u00e5dde en av de nominerade, Virpi Alajarva, satt hon p\u00e5 t\u00e5get p\u00e5 resande fot.\u00a0\u00a0 - Jag blir b\u00e5de paff och f\u00f6rv\u00e5nad, men v\u00e4ldigt glad, s\u00e4ger hon.\",\"breadcrumb\":{\"@id\":\"https:\/\/www.budokampsport.se\/2010\/02\/19\/virpi-alajarva-va-blev-jag-nominerad\/#breadcrumb\"},\"inLanguage\":\"sv-SE\",\"potentialAction\":[{\"@type\":\"ReadAction\",\"target\":[\"https:\/\/www.budokampsport.se\/2010\/02\/19\/virpi-alajarva-va-blev-jag-nominerad\/\"]}]},{\"@type\":\"BreadcrumbList\",\"@id\":\"https:\/\/www.budokampsport.se\/2010\/02\/19\/virpi-alajarva-va-blev-jag-nominerad\/#breadcrumb\",\"itemListElement\":[{\"@type\":\"ListItem\",\"position\":1,\"name\":\"Hem\",\"item\":\"https:\/\/www.budokampsport.se\/\"},{\"@type\":\"ListItem\",\"position\":2,\"name\":\"Virpi Alajarva: &#8211; Va, blev jag nominerad?\"}]},{\"@type\":\"WebSite\",\"@id\":\"https:\/\/www.budokampsport.se\/#website\",\"url\":\"https:\/\/www.budokampsport.se\/\",\"name\":\"Svenska Budo &amp; Kampsportsf\u00f6rbundet\",\"description\":\"T\u00e4vling, Tr\u00e4ning, Tradition\",\"potentialAction\":[{\"@type\":\"SearchAction\",\"target\":{\"@type\":\"EntryPoint\",\"urlTemplate\":\"https:\/\/www.budokampsport.se\/?s={search_term_string}\"},\"query-input\":{\"@type\":\"PropertyValueSpecification\",\"valueRequired\":true,\"valueName\":\"search_term_string\"}}],\"inLanguage\":\"sv-SE\"},{\"@type\":\"Person\",\"@id\":\"https:\/\/www.budokampsport.se\/#\/schema\/person\/5c06d81d14850e2a8ce5493386560145\",\"name\":\"Jonathan Broberg\",\"image\":{\"@type\":\"ImageObject\",\"inLanguage\":\"sv-SE\",\"@id\":\"https:\/\/www.budokampsport.se\/#\/schema\/person\/image\/\",\"url\":\"https:\/\/secure.gravatar.com\/avatar\/a58041c6cea9128bd9c40ee2f26d4136?s=96&d=blank&r=g\",\"contentUrl\":\"https:\/\/secure.gravatar.com\/avatar\/a58041c6cea9128bd9c40ee2f26d4136?s=96&d=blank&r=g\",\"caption\":\"Jonathan Broberg\"},\"sameAs\":[\"https:\/\/www.facebook.com\/jonathan.broberg.7\"],\"url\":\"https:\/\/www.budokampsport.se\/author\/jonathan\/\"}]}<\/script>\n<!-- \/ Yoast SEO plugin. -->","yoast_head_json":{"title":"Virpi Alajarva: - Va, blev jag nominerad? - Svenska Budo &amp; Kampsportsf\u00f6rbundet","description":"Idag sl\u00e4pptes nomineringarna till Kampsportsgalan 2010. F\u00f6rsta kategori att presenteras var \u201d\u00e5rets ledare\u201d. N\u00e4r budokampsport.se n\u00e5dde en av de nominerade, Virpi Alajarva, satt hon p\u00e5 t\u00e5get p\u00e5 resande fot.\u00a0\u00a0 - Jag blir b\u00e5de paff och f\u00f6rv\u00e5nad, men v\u00e4ldigt glad, s\u00e4ger hon.","robots":{"index":"index","follow":"follow","max-snippet":"max-snippet:-1","max-image-preview":"max-image-preview:large","max-video-preview":"max-video-preview:-1"},"canonical":"https:\/\/www.budokampsport.se\/2010\/02\/19\/virpi-alajarva-va-blev-jag-nominerad\/","og_locale":"sv_SE","og_type":"article","og_title":"Virpi Alajarva: - Va, blev jag nominerad? - Svenska Budo &amp; Kampsportsf\u00f6rbundet","og_description":"Idag sl\u00e4pptes nomineringarna till Kampsportsgalan 2010. F\u00f6rsta kategori att presenteras var \u201d\u00e5rets ledare\u201d. N\u00e4r budokampsport.se n\u00e5dde en av de nominerade, Virpi Alajarva, satt hon p\u00e5 t\u00e5get p\u00e5 resande fot.\u00a0\u00a0 - Jag blir b\u00e5de paff och f\u00f6rv\u00e5nad, men v\u00e4ldigt glad, s\u00e4ger hon.","og_url":"https:\/\/www.budokampsport.se\/2010\/02\/19\/virpi-alajarva-va-blev-jag-nominerad\/","og_site_name":"Svenska Budo &amp; Kampsportsf\u00f6rbundet","article_author":"https:\/\/www.facebook.com\/jonathan.broberg.7","article_published_time":"2010-02-19T12:10:45+00:00","article_modified_time":"2016-12-06T21:30:54+00:00","author":"Jonathan Broberg","twitter_card":"summary_large_image","twitter_misc":{"Skriven av":"Jonathan Broberg","Ber\u00e4knad l\u00e4stid":"1 minut"},"schema":{"@context":"https:\/\/schema.org","@graph":[{"@type":"Article","@id":"https:\/\/www.budokampsport.se\/2010\/02\/19\/virpi-alajarva-va-blev-jag-nominerad\/#article","isPartOf":{"@id":"https:\/\/www.budokampsport.se\/2010\/02\/19\/virpi-alajarva-va-blev-jag-nominerad\/"},"author":{"name":"Jonathan Broberg","@id":"https:\/\/www.budokampsport.se\/#\/schema\/person\/5c06d81d14850e2a8ce5493386560145"},"headline":"Virpi Alajarva: &#8211; Va, blev jag nominerad?","datePublished":"2010-02-19T12:10:45+00:00","dateModified":"2016-12-06T21:30:54+00:00","mainEntityOfPage":{"@id":"https:\/\/www.budokampsport.se\/2010\/02\/19\/virpi-alajarva-va-blev-jag-nominerad\/"},"wordCount":278,"inLanguage":"sv-SE"},{"@type":"WebPage","@id":"https:\/\/www.budokampsport.se\/2010\/02\/19\/virpi-alajarva-va-blev-jag-nominerad\/","url":"https:\/\/www.budokampsport.se\/2010\/02\/19\/virpi-alajarva-va-blev-jag-nominerad\/","name":"Virpi Alajarva: - Va, blev jag nominerad? - Svenska Budo &amp; Kampsportsf\u00f6rbundet","isPartOf":{"@id":"https:\/\/www.budokampsport.se\/#website"},"datePublished":"2010-02-19T12:10:45+00:00","dateModified":"2016-12-06T21:30:54+00:00","author":{"@id":"https:\/\/www.budokampsport.se\/#\/schema\/person\/5c06d81d14850e2a8ce5493386560145"},"description":"Idag sl\u00e4pptes nomineringarna till Kampsportsgalan 2010. F\u00f6rsta kategori att presenteras var \u201d\u00e5rets ledare\u201d. N\u00e4r budokampsport.se n\u00e5dde en av de nominerade, Virpi Alajarva, satt hon p\u00e5 t\u00e5get p\u00e5 resande fot.\u00a0\u00a0 - Jag blir b\u00e5de paff och f\u00f6rv\u00e5nad, men v\u00e4ldigt glad, s\u00e4ger hon.","breadcrumb":{"@id":"https:\/\/www.budokampsport.se\/2010\/02\/19\/virpi-alajarva-va-blev-jag-nominerad\/#breadcrumb"},"inLanguage":"sv-SE","potentialAction":[{"@type":"ReadAction","target":["https:\/\/www.budokampsport.se\/2010\/02\/19\/virpi-alajarva-va-blev-jag-nominerad\/"]}]},{"@type":"BreadcrumbList","@id":"https:\/\/www.budokampsport.se\/2010\/02\/19\/virpi-alajarva-va-blev-jag-nominerad\/#breadcrumb","itemListElement":[{"@type":"ListItem","position":1,"name":"Hem","item":"https:\/\/www.budokampsport.se\/"},{"@type":"ListItem","position":2,"name":"Virpi Alajarva: &#8211; Va, blev jag nominerad?"}]},{"@type":"WebSite","@id":"https:\/\/www.budokampsport.se\/#website","url":"https:\/\/www.budokampsport.se\/","name":"Svenska Budo &amp; Kampsportsf\u00f6rbundet","description":"T\u00e4vling, Tr\u00e4ning, Tradition","potentialAction":[{"@type":"SearchAction","target":{"@type":"EntryPoint","urlTemplate":"https:\/\/www.budokampsport.se\/?s={search_term_string}"},"query-input":{"@type":"PropertyValueSpecification","valueRequired":true,"valueName":"search_term_string"}}],"inLanguage":"sv-SE"},{"@type":"Person","@id":"https:\/\/www.budokampsport.se\/#\/schema\/person\/5c06d81d14850e2a8ce5493386560145","name":"Jonathan Broberg","image":{"@type":"ImageObject","inLanguage":"sv-SE","@id":"https:\/\/www.budokampsport.se\/#\/schema\/person\/image\/","url":"https:\/\/secure.gravatar.com\/avatar\/a58041c6cea9128bd9c40ee2f26d4136?s=96&d=blank&r=g","contentUrl":"https:\/\/secure.gravatar.com\/avatar\/a58041c6cea9128bd9c40ee2f26d4136?s=96&d=blank&r=g","caption":"Jonathan Broberg"},"sameAs":["https:\/\/www.facebook.com\/jonathan.broberg.7"],"url":"https:\/\/www.budokampsport.se\/author\/jonathan\/"}]}},"_links":{"self":[{"href":"https:\/\/www.budokampsport.se\/api\/wp\/v2\/posts\/3185","targetHints":{"allow":["GET"]}}],"collection":[{"href":"https:\/\/www.budokampsport.se\/api\/wp\/v2\/posts"}],"about":[{"href":"https:\/\/www.budokampsport.se\/api\/wp\/v2\/types\/post"}],"author":[{"embeddable":true,"href":"https:\/\/www.budokampsport.se\/api\/wp\/v2\/users\/7"}],"replies":[{"embeddable":true,"href":"https:\/\/www.budokampsport.se\/api\/wp\/v2\/comments?post=3185"}],"version-history":[{"count":0,"href":"https:\/\/www.budokampsport.se\/api\/wp\/v2\/posts\/3185\/revisions"}],"wp:attachment":[{"href":"https:\/\/www.budokampsport.se\/api\/wp\/v2\/media?parent=3185"}],"wp:term":[{"taxonomy":"category","embeddable":true,"href":"https:\/\/www.budokampsport.se\/api\/wp\/v2\/categories?post=3185"},{"taxonomy":"post_tag","embeddable":true,"href":"https:\/\/www.budokampsport.se\/api\/wp\/v2\/tags?post=3185"}],"curies":[{"name":"wp","href":"https:\/\/api.w.org\/{rel}","templated":true}]}}