{"id":3193,"date":"2010-02-23T09:10:06","date_gmt":"2010-02-23T08:10:06","guid":{"rendered":"http:\/\/budo.wordpress.dev\/2010\/02\/23\/de-ar-nominerade-till-arets-mastare\/"},"modified":"2016-12-06T22:30:55","modified_gmt":"2016-12-06T21:30:55","slug":"de-ar-nominerade-till-arets-mastare","status":"publish","type":"post","link":"https:\/\/www.budokampsport.se\/2010\/02\/23\/de-ar-nominerade-till-arets-mastare\/","title":{"rendered":"De \u00e4r nominerade till \u00e5rets m\u00e4stare"},"content":{"rendered":"<p><strong><a href=\"\/sites\/default\/files\/mastare.jpg\"><img loading=\"lazy\" decoding=\"async\" src=\"\/sites\/default\/files\/mastare.jpg\" alt=\"\" width=\"430\" align=\"middle\" height=\"200\"><\/a><\/strong><\/p>\n<p><strong>Publiceringen utav de nominerade till Kampsportsgalan forts\u00e4tter. Turen har kommit till att presentera \u00e5rets m\u00e4stare.<br \/><\/strong><!--break--><br \/>Med mindre \u00e4n en m\u00e5nad kvar till historiens f\u00f6rsta Kampsportsgalan \u00e4r intresset runt om stort. Hemsidan till galan har n\u00e4stan f\u00e5tt in fler r\u00f6ster p\u00e5 folkets pris \u00e4n den klarat av och samtidigt har nominerade sl\u00e4ppts en efter en.<\/p>\n<p>Nu \u00e4r det dags att f\u00e5 reda p\u00e5 vilka som har chansen till att bli \u00e5rets m\u00e4stare och h\u00e4r \u00e4r de nominerade:<\/p>\n<p>&#8211; Bj\u00f6rn Kj\u00f6llerstr\u00f6m (kickboxning)<br \/>&#8211; Rickard Nordstrand (thaiboxning, k-1)<br \/>&#8211; Jesper Waldest\u00e5l (jodo, iaido)<br \/>&#8211; Nils Widlund (wushu)<\/p>\n<p><strong>Bj\u00f6rn Kj\u00f6llerstr\u00f6m<\/strong> hade ett fint 2009. Han tog sig hela v\u00e4gen fram till brons p\u00e5 WAKO-VM i \u00d6sterrike och han fortsatte den fina formen under h\u00f6sten med en guldmedalj i WTKA-vm. Bj\u00f6rn \u00e4r dessutom utbildad civilekonom och civilingenj\u00f6r. Bara en s\u00e5dan sak.<\/p>\n<p><strong>Rickard Nordstrand<\/strong> vann under h\u00f6sten en titelmatch p\u00e5 Rumble of the kings i Stockholm och kan titulera sig WMC-m\u00e4stare. Direkt efter segern klargjorde Rickard att han slutar t\u00e4vla. Snacka om att kliva av p\u00e5 topp.<\/p>\n<p><strong>Jesper Waldest\u00e5l<\/strong> har tagit svensk jodo och iaido till en ny niv\u00e5. Det visade han med eftertryck d\u00e5 han i VM i Holland under h\u00f6sten vann ett silver och ett brons. Det mest bragdartade var silvret i jodo.<\/p>\n<p><strong>Nils Widlund<\/strong> har trots att han varit etablerad inom svensk kampsport ett tag f\u00e5tt sitt riktiga genombrott 2009. Bland andra framg\u00e5ngar sticker de b\u00e5da gulden p\u00e5 WTKA-vm i h\u00f6stas ut.<\/p>\n<p><em>Kampsportsgalan arrangeras i samarbete mellan Svenska Budo &#038; Kampsportsf\u00f6rbundet, Fighter Magazine och Nyheter24. Galan h\u00e5lls den 20:e mars p\u00e5 Clarion Hotel Sign i Stockholm. <br \/><\/em><\/p>\n<p><a href=\"http:\/\/www.kampsportsgalan2010.se\/\">All information om Kampsportsgalan h\u00e4r.<\/a><\/p>\n<p><em><br \/><\/em>Text: Jonathan Broberg<\/p>\n<div style=\"margin: 0cm 0cm 10pt;\">\u00a0<\/div>\n","protected":false},"excerpt":{"rendered":"<p><strong><a href=\"\/sites\/default\/files\/mastare.jpg\"><img loading=\"lazy\" decoding=\"async\" src=\"\/sites\/default\/files\/mastare.jpg\" alt=\"\" width=\"430\" align=\"middle\" height=\"200\"><\/a><\/strong><\/p><br><p><strong>Publiceringen utav de nominerade till Kampsportsgalan forts\u00e4tter. Turen har kommit till att presentera \u00e5rets m\u00e4stare.<br \/><\/strong><\/p><br>","protected":false},"author":7,"featured_media":0,"comment_status":"closed","ping_status":"closed","sticky":false,"template":"","format":"standard","meta":{"_acf_changed":false,"footnotes":""},"categories":[1],"tags":[],"class_list":["post-3193","post","type-post","status-publish","format-standard","hentry","category-okategoriserade"],"acf":[],"yoast_head":"<!-- This site is optimized with the Yoast SEO plugin v26.8 - https:\/\/yoast.com\/product\/yoast-seo-wordpress\/ -->\n<title>De \u00e4r nominerade till \u00e5rets m\u00e4stare - Svenska Budo &amp; Kampsportsf\u00f6rbundet<\/title>\n<meta name=\"description\" content=\"Publiceringen utav de nominerade till Kampsportsgalan forts\u00e4tter. Turen har kommit till att presentera \u00e5rets m\u00e4stare.\" \/>\n<meta name=\"robots\" content=\"index, follow, max-snippet:-1, max-image-preview:large, max-video-preview:-1\" \/>\n<link rel=\"canonical\" href=\"https:\/\/www.budokampsport.se\/2010\/02\/23\/de-ar-nominerade-till-arets-mastare\/\" \/>\n<meta property=\"og:locale\" content=\"sv_SE\" \/>\n<meta property=\"og:type\" content=\"article\" \/>\n<meta property=\"og:title\" content=\"De \u00e4r nominerade till \u00e5rets m\u00e4stare - Svenska Budo &amp; Kampsportsf\u00f6rbundet\" \/>\n<meta property=\"og:description\" content=\"Publiceringen utav de nominerade till Kampsportsgalan forts\u00e4tter. Turen har kommit till att presentera \u00e5rets m\u00e4stare.\" \/>\n<meta property=\"og:url\" content=\"https:\/\/www.budokampsport.se\/2010\/02\/23\/de-ar-nominerade-till-arets-mastare\/\" \/>\n<meta property=\"og:site_name\" content=\"Svenska Budo &amp; Kampsportsf\u00f6rbundet\" \/>\n<meta property=\"article:author\" content=\"https:\/\/www.facebook.com\/jonathan.broberg.7\" \/>\n<meta property=\"article:published_time\" content=\"2010-02-23T08:10:06+00:00\" \/>\n<meta property=\"article:modified_time\" content=\"2016-12-06T21:30:55+00:00\" \/>\n<meta name=\"author\" content=\"Jonathan Broberg\" \/>\n<meta name=\"twitter:card\" content=\"summary_large_image\" \/>\n<meta name=\"twitter:label1\" content=\"Skriven av\" \/>\n\t<meta name=\"twitter:data1\" content=\"Jonathan Broberg\" \/>\n\t<meta name=\"twitter:label2\" content=\"Ber\u00e4knad l\u00e4stid\" \/>\n\t<meta name=\"twitter:data2\" content=\"2 minuter\" \/>\n<script type=\"application\/ld+json\" class=\"yoast-schema-graph\">{\"@context\":\"https:\/\/schema.org\",\"@graph\":[{\"@type\":\"Article\",\"@id\":\"https:\/\/www.budokampsport.se\/2010\/02\/23\/de-ar-nominerade-till-arets-mastare\/#article\",\"isPartOf\":{\"@id\":\"https:\/\/www.budokampsport.se\/2010\/02\/23\/de-ar-nominerade-till-arets-mastare\/\"},\"author\":{\"name\":\"Jonathan Broberg\",\"@id\":\"https:\/\/www.budokampsport.se\/#\/schema\/person\/5c06d81d14850e2a8ce5493386560145\"},\"headline\":\"De \u00e4r nominerade till \u00e5rets m\u00e4stare\",\"datePublished\":\"2010-02-23T08:10:06+00:00\",\"dateModified\":\"2016-12-06T21:30:55+00:00\",\"mainEntityOfPage\":{\"@id\":\"https:\/\/www.budokampsport.se\/2010\/02\/23\/de-ar-nominerade-till-arets-mastare\/\"},\"wordCount\":309,\"inLanguage\":\"sv-SE\"},{\"@type\":\"WebPage\",\"@id\":\"https:\/\/www.budokampsport.se\/2010\/02\/23\/de-ar-nominerade-till-arets-mastare\/\",\"url\":\"https:\/\/www.budokampsport.se\/2010\/02\/23\/de-ar-nominerade-till-arets-mastare\/\",\"name\":\"De \u00e4r nominerade till \u00e5rets m\u00e4stare - Svenska Budo &amp; Kampsportsf\u00f6rbundet\",\"isPartOf\":{\"@id\":\"https:\/\/www.budokampsport.se\/#website\"},\"datePublished\":\"2010-02-23T08:10:06+00:00\",\"dateModified\":\"2016-12-06T21:30:55+00:00\",\"author\":{\"@id\":\"https:\/\/www.budokampsport.se\/#\/schema\/person\/5c06d81d14850e2a8ce5493386560145\"},\"description\":\"Publiceringen utav de nominerade till Kampsportsgalan forts\u00e4tter. Turen har kommit till att presentera \u00e5rets m\u00e4stare.\",\"breadcrumb\":{\"@id\":\"https:\/\/www.budokampsport.se\/2010\/02\/23\/de-ar-nominerade-till-arets-mastare\/#breadcrumb\"},\"inLanguage\":\"sv-SE\",\"potentialAction\":[{\"@type\":\"ReadAction\",\"target\":[\"https:\/\/www.budokampsport.se\/2010\/02\/23\/de-ar-nominerade-till-arets-mastare\/\"]}]},{\"@type\":\"BreadcrumbList\",\"@id\":\"https:\/\/www.budokampsport.se\/2010\/02\/23\/de-ar-nominerade-till-arets-mastare\/#breadcrumb\",\"itemListElement\":[{\"@type\":\"ListItem\",\"position\":1,\"name\":\"Hem\",\"item\":\"https:\/\/www.budokampsport.se\/\"},{\"@type\":\"ListItem\",\"position\":2,\"name\":\"De \u00e4r nominerade till \u00e5rets m\u00e4stare\"}]},{\"@type\":\"WebSite\",\"@id\":\"https:\/\/www.budokampsport.se\/#website\",\"url\":\"https:\/\/www.budokampsport.se\/\",\"name\":\"Svenska Budo &amp; Kampsportsf\u00f6rbundet\",\"description\":\"T\u00e4vling, Tr\u00e4ning, Tradition\",\"potentialAction\":[{\"@type\":\"SearchAction\",\"target\":{\"@type\":\"EntryPoint\",\"urlTemplate\":\"https:\/\/www.budokampsport.se\/?s={search_term_string}\"},\"query-input\":{\"@type\":\"PropertyValueSpecification\",\"valueRequired\":true,\"valueName\":\"search_term_string\"}}],\"inLanguage\":\"sv-SE\"},{\"@type\":\"Person\",\"@id\":\"https:\/\/www.budokampsport.se\/#\/schema\/person\/5c06d81d14850e2a8ce5493386560145\",\"name\":\"Jonathan Broberg\",\"image\":{\"@type\":\"ImageObject\",\"inLanguage\":\"sv-SE\",\"@id\":\"https:\/\/www.budokampsport.se\/#\/schema\/person\/image\/\",\"url\":\"https:\/\/secure.gravatar.com\/avatar\/a58041c6cea9128bd9c40ee2f26d4136?s=96&d=blank&r=g\",\"contentUrl\":\"https:\/\/secure.gravatar.com\/avatar\/a58041c6cea9128bd9c40ee2f26d4136?s=96&d=blank&r=g\",\"caption\":\"Jonathan Broberg\"},\"sameAs\":[\"https:\/\/www.facebook.com\/jonathan.broberg.7\"],\"url\":\"https:\/\/www.budokampsport.se\/author\/jonathan\/\"}]}<\/script>\n<!-- \/ Yoast SEO plugin. -->","yoast_head_json":{"title":"De \u00e4r nominerade till \u00e5rets m\u00e4stare - Svenska Budo &amp; Kampsportsf\u00f6rbundet","description":"Publiceringen utav de nominerade till Kampsportsgalan forts\u00e4tter. Turen har kommit till att presentera \u00e5rets m\u00e4stare.","robots":{"index":"index","follow":"follow","max-snippet":"max-snippet:-1","max-image-preview":"max-image-preview:large","max-video-preview":"max-video-preview:-1"},"canonical":"https:\/\/www.budokampsport.se\/2010\/02\/23\/de-ar-nominerade-till-arets-mastare\/","og_locale":"sv_SE","og_type":"article","og_title":"De \u00e4r nominerade till \u00e5rets m\u00e4stare - Svenska Budo &amp; Kampsportsf\u00f6rbundet","og_description":"Publiceringen utav de nominerade till Kampsportsgalan forts\u00e4tter. Turen har kommit till att presentera \u00e5rets m\u00e4stare.","og_url":"https:\/\/www.budokampsport.se\/2010\/02\/23\/de-ar-nominerade-till-arets-mastare\/","og_site_name":"Svenska Budo &amp; Kampsportsf\u00f6rbundet","article_author":"https:\/\/www.facebook.com\/jonathan.broberg.7","article_published_time":"2010-02-23T08:10:06+00:00","article_modified_time":"2016-12-06T21:30:55+00:00","author":"Jonathan Broberg","twitter_card":"summary_large_image","twitter_misc":{"Skriven av":"Jonathan Broberg","Ber\u00e4knad l\u00e4stid":"2 minuter"},"schema":{"@context":"https:\/\/schema.org","@graph":[{"@type":"Article","@id":"https:\/\/www.budokampsport.se\/2010\/02\/23\/de-ar-nominerade-till-arets-mastare\/#article","isPartOf":{"@id":"https:\/\/www.budokampsport.se\/2010\/02\/23\/de-ar-nominerade-till-arets-mastare\/"},"author":{"name":"Jonathan Broberg","@id":"https:\/\/www.budokampsport.se\/#\/schema\/person\/5c06d81d14850e2a8ce5493386560145"},"headline":"De \u00e4r nominerade till \u00e5rets m\u00e4stare","datePublished":"2010-02-23T08:10:06+00:00","dateModified":"2016-12-06T21:30:55+00:00","mainEntityOfPage":{"@id":"https:\/\/www.budokampsport.se\/2010\/02\/23\/de-ar-nominerade-till-arets-mastare\/"},"wordCount":309,"inLanguage":"sv-SE"},{"@type":"WebPage","@id":"https:\/\/www.budokampsport.se\/2010\/02\/23\/de-ar-nominerade-till-arets-mastare\/","url":"https:\/\/www.budokampsport.se\/2010\/02\/23\/de-ar-nominerade-till-arets-mastare\/","name":"De \u00e4r nominerade till \u00e5rets m\u00e4stare - Svenska Budo &amp; Kampsportsf\u00f6rbundet","isPartOf":{"@id":"https:\/\/www.budokampsport.se\/#website"},"datePublished":"2010-02-23T08:10:06+00:00","dateModified":"2016-12-06T21:30:55+00:00","author":{"@id":"https:\/\/www.budokampsport.se\/#\/schema\/person\/5c06d81d14850e2a8ce5493386560145"},"description":"Publiceringen utav de nominerade till Kampsportsgalan forts\u00e4tter. Turen har kommit till att presentera \u00e5rets m\u00e4stare.","breadcrumb":{"@id":"https:\/\/www.budokampsport.se\/2010\/02\/23\/de-ar-nominerade-till-arets-mastare\/#breadcrumb"},"inLanguage":"sv-SE","potentialAction":[{"@type":"ReadAction","target":["https:\/\/www.budokampsport.se\/2010\/02\/23\/de-ar-nominerade-till-arets-mastare\/"]}]},{"@type":"BreadcrumbList","@id":"https:\/\/www.budokampsport.se\/2010\/02\/23\/de-ar-nominerade-till-arets-mastare\/#breadcrumb","itemListElement":[{"@type":"ListItem","position":1,"name":"Hem","item":"https:\/\/www.budokampsport.se\/"},{"@type":"ListItem","position":2,"name":"De \u00e4r nominerade till \u00e5rets m\u00e4stare"}]},{"@type":"WebSite","@id":"https:\/\/www.budokampsport.se\/#website","url":"https:\/\/www.budokampsport.se\/","name":"Svenska Budo &amp; Kampsportsf\u00f6rbundet","description":"T\u00e4vling, Tr\u00e4ning, Tradition","potentialAction":[{"@type":"SearchAction","target":{"@type":"EntryPoint","urlTemplate":"https:\/\/www.budokampsport.se\/?s={search_term_string}"},"query-input":{"@type":"PropertyValueSpecification","valueRequired":true,"valueName":"search_term_string"}}],"inLanguage":"sv-SE"},{"@type":"Person","@id":"https:\/\/www.budokampsport.se\/#\/schema\/person\/5c06d81d14850e2a8ce5493386560145","name":"Jonathan Broberg","image":{"@type":"ImageObject","inLanguage":"sv-SE","@id":"https:\/\/www.budokampsport.se\/#\/schema\/person\/image\/","url":"https:\/\/secure.gravatar.com\/avatar\/a58041c6cea9128bd9c40ee2f26d4136?s=96&d=blank&r=g","contentUrl":"https:\/\/secure.gravatar.com\/avatar\/a58041c6cea9128bd9c40ee2f26d4136?s=96&d=blank&r=g","caption":"Jonathan Broberg"},"sameAs":["https:\/\/www.facebook.com\/jonathan.broberg.7"],"url":"https:\/\/www.budokampsport.se\/author\/jonathan\/"}]}},"_links":{"self":[{"href":"https:\/\/www.budokampsport.se\/api\/wp\/v2\/posts\/3193","targetHints":{"allow":["GET"]}}],"collection":[{"href":"https:\/\/www.budokampsport.se\/api\/wp\/v2\/posts"}],"about":[{"href":"https:\/\/www.budokampsport.se\/api\/wp\/v2\/types\/post"}],"author":[{"embeddable":true,"href":"https:\/\/www.budokampsport.se\/api\/wp\/v2\/users\/7"}],"replies":[{"embeddable":true,"href":"https:\/\/www.budokampsport.se\/api\/wp\/v2\/comments?post=3193"}],"version-history":[{"count":0,"href":"https:\/\/www.budokampsport.se\/api\/wp\/v2\/posts\/3193\/revisions"}],"wp:attachment":[{"href":"https:\/\/www.budokampsport.se\/api\/wp\/v2\/media?parent=3193"}],"wp:term":[{"taxonomy":"category","embeddable":true,"href":"https:\/\/www.budokampsport.se\/api\/wp\/v2\/categories?post=3193"},{"taxonomy":"post_tag","embeddable":true,"href":"https:\/\/www.budokampsport.se\/api\/wp\/v2\/tags?post=3193"}],"curies":[{"name":"wp","href":"https:\/\/api.w.org\/{rel}","templated":true}]}}