{"id":3195,"date":"2010-02-25T09:00:00","date_gmt":"2010-02-25T08:00:00","guid":{"rendered":"http:\/\/budo.wordpress.dev\/2010\/02\/25\/arets-forebild-de-nominerade\/"},"modified":"2016-12-06T22:30:56","modified_gmt":"2016-12-06T21:30:56","slug":"arets-forebild-de-nominerade","status":"publish","type":"post","link":"https:\/\/www.budokampsport.se\/2010\/02\/25\/arets-forebild-de-nominerade\/","title":{"rendered":"\u00c5rets f\u00f6rebild \u2013 de nominerade"},"content":{"rendered":"<p><P><STRONG><A href=\"http:\/\/www.budokampsport.se\/sites\/default\/files\/genombrott_0.jpg\"><IMG height=200 alt=\"\" src=\"http:\/\/www.budokampsport.se\/sites\/default\/files\/genombrott_0.jpg\" width=430 align=middle><\/A><BR><BR>Med exakt 23 dagar kvar till Kampsportsgalan forts\u00e4tter presentationerna av de nominerade till de tolv priskategorierna. Denna g\u00e5ng \u00e4r det dags f\u00f6r nomineringar till det prestigefyllda \u00e5rets f\u00f6rebild.<BR><\/STRONG><!--break--><BR>Den f\u00f6rsta Kampsportsgalan \u2013 swedish martial arts awards n\u00e4rmar sig. Det \u00e4r drygt tre veckor kvar till galan och nu \u00e4r det dags att presentera de nominerade till priset \u00e5rets f\u00f6rebild.<BR><BR>De nominerade \u00e4r:<BR><BR>&#8211; Tulle Edman (BJJ)<BR>&#8211; Siegfried Mac-Intosh (karate)<BR>&#8211; Abbe Joof (thaiboxning, k-1)<BR>&#8211; Jenny Krigsman (thaiboxning)<BR><BR><STRONG>Tulle Edman<\/STRONG> \u00e4r en p\u00e5drivare och inspirationsk\u00e4lla. Tulle tillh\u00f6r Nacka Dojo och b\u00f6rjade tr\u00e4na BJJ under sommaren 2006. Han spenderar n\u00e4stan all sin tid i dojon och \u00e4r en f\u00f6rebild f\u00f6r s\u00e5v\u00e4l de yngre som de \u00e4ldre ut\u00f6varna.<BR><BR><STRONG>Siegfried \u201dSigge\u201d Mac-Intosh<\/STRONG> \u00e4r vad man kan kalla fenomen. Sigge inledde sin karatekarri\u00e4r som 42-\u00e5ring! Fortfarande, vid 60-\u00e5rs \u00e5lder, h\u00e4vdade han sig i SM-t\u00e4vlingar. Idag har Sigge hunnit bli 78 \u00e5r. Han driver Brandbergens karatekai som ideligen transporterar ut\u00f6vare vidare till landslagen. <BR><BR><STRONG>Abbe Joof <\/STRONG>\u00e4r inte bara en eminent fighter, som han visade p\u00e5 fjol\u00e5rets Rumble of the kings. Han arbetar dessutom som socialarbetare i en av Stockholms f\u00f6rorter och \u00e4r d\u00e4r inte enbart en uppskattad idrottare, utan ocks\u00e5 en f\u00f6rebild f\u00f6r barn och ungdomar att se upp till.<BR><BR><STRONG>Jenny Krigsman<\/STRONG> \u00e4r ett lysande exempel p\u00e5 driftig idrottare som vill g\u00f6ra n\u00e5got f\u00f6r kampsportens alla tjejer. Hon var initiativtagare till thaiboxningst\u00e4vlingarna Girls Night Out, som fick fin uppm\u00e4rksamhet runtom hela kampsportsfamiljen och Jenny \u00e4r med detta ett gott exempel p\u00e5 ett f\u00f6red\u00f6me.<BR><BR><A href=\"http:\/\/www.kampsportsgalan2010.se\/\">All information om Kampsportsgalan finner du h\u00e4r!<\/A><BR><BR>Text: Jonathan Broberg<\/P><\/p>\n","protected":false},"excerpt":{"rendered":"<p><P><STRONG><A href=\"http:\/\/www.budokampsport.se\/sites\/default\/files\/genombrott_0.jpg\"><IMG height=200 alt=\"\" src=\"http:\/\/www.budokampsport.se\/sites\/default\/files\/genombrott_0.jpg\" width=430 align=middle><\/A><BR><BR>Med exakt 23 dagar kvar till Kampsportsgalan forts\u00e4tter presentationerna av de nominerade till de tolv priskategorierna. Denna g\u00e5ng \u00e4r det dags f\u00f6r nomineringar till det prestigefyllda \u00e5rets f\u00f6rebild.<BR><\/STRONG><\/p><br>","protected":false},"author":7,"featured_media":0,"comment_status":"closed","ping_status":"closed","sticky":false,"template":"","format":"standard","meta":{"_acf_changed":false,"footnotes":""},"categories":[1],"tags":[],"class_list":["post-3195","post","type-post","status-publish","format-standard","hentry","category-okategoriserade"],"acf":[],"yoast_head":"<!-- This site is optimized with the Yoast SEO plugin v26.8 - https:\/\/yoast.com\/product\/yoast-seo-wordpress\/ -->\n<title>\u00c5rets f\u00f6rebild \u2013 de nominerade - Svenska Budo &amp; Kampsportsf\u00f6rbundet<\/title>\n<meta name=\"description\" content=\"Med exakt 23 dagar kvar till Kampsportsgalan forts\u00e4tter presentationerna av de nominerade till de tolv priskategorierna. Denna g\u00e5ng \u00e4r det dags f\u00f6r nomineringar till det prestigefyllda \u00e5rets f\u00f6rebild.\" \/>\n<meta name=\"robots\" content=\"index, follow, max-snippet:-1, max-image-preview:large, max-video-preview:-1\" \/>\n<link rel=\"canonical\" href=\"https:\/\/www.budokampsport.se\/2010\/02\/25\/arets-forebild-de-nominerade\/\" \/>\n<meta property=\"og:locale\" content=\"sv_SE\" \/>\n<meta property=\"og:type\" content=\"article\" \/>\n<meta property=\"og:title\" content=\"\u00c5rets f\u00f6rebild \u2013 de nominerade - Svenska Budo &amp; Kampsportsf\u00f6rbundet\" \/>\n<meta property=\"og:description\" content=\"Med exakt 23 dagar kvar till Kampsportsgalan forts\u00e4tter presentationerna av de nominerade till de tolv priskategorierna. Denna g\u00e5ng \u00e4r det dags f\u00f6r nomineringar till det prestigefyllda \u00e5rets f\u00f6rebild.\" \/>\n<meta property=\"og:url\" content=\"https:\/\/www.budokampsport.se\/2010\/02\/25\/arets-forebild-de-nominerade\/\" \/>\n<meta property=\"og:site_name\" content=\"Svenska Budo &amp; Kampsportsf\u00f6rbundet\" \/>\n<meta property=\"article:author\" content=\"https:\/\/www.facebook.com\/jonathan.broberg.7\" \/>\n<meta property=\"article:published_time\" content=\"2010-02-25T08:00:00+00:00\" \/>\n<meta property=\"article:modified_time\" content=\"2016-12-06T21:30:56+00:00\" \/>\n<meta name=\"author\" content=\"Jonathan Broberg\" \/>\n<meta name=\"twitter:card\" content=\"summary_large_image\" \/>\n<meta name=\"twitter:label1\" content=\"Skriven av\" \/>\n\t<meta name=\"twitter:data1\" content=\"Jonathan Broberg\" \/>\n\t<meta name=\"twitter:label2\" content=\"Ber\u00e4knad l\u00e4stid\" \/>\n\t<meta name=\"twitter:data2\" content=\"1 minut\" \/>\n<script type=\"application\/ld+json\" class=\"yoast-schema-graph\">{\"@context\":\"https:\/\/schema.org\",\"@graph\":[{\"@type\":\"Article\",\"@id\":\"https:\/\/www.budokampsport.se\/2010\/02\/25\/arets-forebild-de-nominerade\/#article\",\"isPartOf\":{\"@id\":\"https:\/\/www.budokampsport.se\/2010\/02\/25\/arets-forebild-de-nominerade\/\"},\"author\":{\"name\":\"Jonathan Broberg\",\"@id\":\"https:\/\/www.budokampsport.se\/#\/schema\/person\/5c06d81d14850e2a8ce5493386560145\"},\"headline\":\"\u00c5rets f\u00f6rebild \u2013 de nominerade\",\"datePublished\":\"2010-02-25T08:00:00+00:00\",\"dateModified\":\"2016-12-06T21:30:56+00:00\",\"mainEntityOfPage\":{\"@id\":\"https:\/\/www.budokampsport.se\/2010\/02\/25\/arets-forebild-de-nominerade\/\"},\"wordCount\":297,\"inLanguage\":\"sv-SE\"},{\"@type\":\"WebPage\",\"@id\":\"https:\/\/www.budokampsport.se\/2010\/02\/25\/arets-forebild-de-nominerade\/\",\"url\":\"https:\/\/www.budokampsport.se\/2010\/02\/25\/arets-forebild-de-nominerade\/\",\"name\":\"\u00c5rets f\u00f6rebild \u2013 de nominerade - Svenska Budo &amp; Kampsportsf\u00f6rbundet\",\"isPartOf\":{\"@id\":\"https:\/\/www.budokampsport.se\/#website\"},\"datePublished\":\"2010-02-25T08:00:00+00:00\",\"dateModified\":\"2016-12-06T21:30:56+00:00\",\"author\":{\"@id\":\"https:\/\/www.budokampsport.se\/#\/schema\/person\/5c06d81d14850e2a8ce5493386560145\"},\"description\":\"Med exakt 23 dagar kvar till Kampsportsgalan forts\u00e4tter presentationerna av de nominerade till de tolv priskategorierna. Denna g\u00e5ng \u00e4r det dags f\u00f6r nomineringar till det prestigefyllda \u00e5rets f\u00f6rebild.\",\"breadcrumb\":{\"@id\":\"https:\/\/www.budokampsport.se\/2010\/02\/25\/arets-forebild-de-nominerade\/#breadcrumb\"},\"inLanguage\":\"sv-SE\",\"potentialAction\":[{\"@type\":\"ReadAction\",\"target\":[\"https:\/\/www.budokampsport.se\/2010\/02\/25\/arets-forebild-de-nominerade\/\"]}]},{\"@type\":\"BreadcrumbList\",\"@id\":\"https:\/\/www.budokampsport.se\/2010\/02\/25\/arets-forebild-de-nominerade\/#breadcrumb\",\"itemListElement\":[{\"@type\":\"ListItem\",\"position\":1,\"name\":\"Hem\",\"item\":\"https:\/\/www.budokampsport.se\/\"},{\"@type\":\"ListItem\",\"position\":2,\"name\":\"\u00c5rets f\u00f6rebild \u2013 de nominerade\"}]},{\"@type\":\"WebSite\",\"@id\":\"https:\/\/www.budokampsport.se\/#website\",\"url\":\"https:\/\/www.budokampsport.se\/\",\"name\":\"Svenska Budo &amp; Kampsportsf\u00f6rbundet\",\"description\":\"T\u00e4vling, Tr\u00e4ning, Tradition\",\"potentialAction\":[{\"@type\":\"SearchAction\",\"target\":{\"@type\":\"EntryPoint\",\"urlTemplate\":\"https:\/\/www.budokampsport.se\/?s={search_term_string}\"},\"query-input\":{\"@type\":\"PropertyValueSpecification\",\"valueRequired\":true,\"valueName\":\"search_term_string\"}}],\"inLanguage\":\"sv-SE\"},{\"@type\":\"Person\",\"@id\":\"https:\/\/www.budokampsport.se\/#\/schema\/person\/5c06d81d14850e2a8ce5493386560145\",\"name\":\"Jonathan Broberg\",\"image\":{\"@type\":\"ImageObject\",\"inLanguage\":\"sv-SE\",\"@id\":\"https:\/\/www.budokampsport.se\/#\/schema\/person\/image\/\",\"url\":\"https:\/\/secure.gravatar.com\/avatar\/a58041c6cea9128bd9c40ee2f26d4136?s=96&d=blank&r=g\",\"contentUrl\":\"https:\/\/secure.gravatar.com\/avatar\/a58041c6cea9128bd9c40ee2f26d4136?s=96&d=blank&r=g\",\"caption\":\"Jonathan Broberg\"},\"sameAs\":[\"https:\/\/www.facebook.com\/jonathan.broberg.7\"],\"url\":\"https:\/\/www.budokampsport.se\/author\/jonathan\/\"}]}<\/script>\n<!-- \/ Yoast SEO plugin. -->","yoast_head_json":{"title":"\u00c5rets f\u00f6rebild \u2013 de nominerade - Svenska Budo &amp; Kampsportsf\u00f6rbundet","description":"Med exakt 23 dagar kvar till Kampsportsgalan forts\u00e4tter presentationerna av de nominerade till de tolv priskategorierna. Denna g\u00e5ng \u00e4r det dags f\u00f6r nomineringar till det prestigefyllda \u00e5rets f\u00f6rebild.","robots":{"index":"index","follow":"follow","max-snippet":"max-snippet:-1","max-image-preview":"max-image-preview:large","max-video-preview":"max-video-preview:-1"},"canonical":"https:\/\/www.budokampsport.se\/2010\/02\/25\/arets-forebild-de-nominerade\/","og_locale":"sv_SE","og_type":"article","og_title":"\u00c5rets f\u00f6rebild \u2013 de nominerade - Svenska Budo &amp; Kampsportsf\u00f6rbundet","og_description":"Med exakt 23 dagar kvar till Kampsportsgalan forts\u00e4tter presentationerna av de nominerade till de tolv priskategorierna. Denna g\u00e5ng \u00e4r det dags f\u00f6r nomineringar till det prestigefyllda \u00e5rets f\u00f6rebild.","og_url":"https:\/\/www.budokampsport.se\/2010\/02\/25\/arets-forebild-de-nominerade\/","og_site_name":"Svenska Budo &amp; Kampsportsf\u00f6rbundet","article_author":"https:\/\/www.facebook.com\/jonathan.broberg.7","article_published_time":"2010-02-25T08:00:00+00:00","article_modified_time":"2016-12-06T21:30:56+00:00","author":"Jonathan Broberg","twitter_card":"summary_large_image","twitter_misc":{"Skriven av":"Jonathan Broberg","Ber\u00e4knad l\u00e4stid":"1 minut"},"schema":{"@context":"https:\/\/schema.org","@graph":[{"@type":"Article","@id":"https:\/\/www.budokampsport.se\/2010\/02\/25\/arets-forebild-de-nominerade\/#article","isPartOf":{"@id":"https:\/\/www.budokampsport.se\/2010\/02\/25\/arets-forebild-de-nominerade\/"},"author":{"name":"Jonathan Broberg","@id":"https:\/\/www.budokampsport.se\/#\/schema\/person\/5c06d81d14850e2a8ce5493386560145"},"headline":"\u00c5rets f\u00f6rebild \u2013 de nominerade","datePublished":"2010-02-25T08:00:00+00:00","dateModified":"2016-12-06T21:30:56+00:00","mainEntityOfPage":{"@id":"https:\/\/www.budokampsport.se\/2010\/02\/25\/arets-forebild-de-nominerade\/"},"wordCount":297,"inLanguage":"sv-SE"},{"@type":"WebPage","@id":"https:\/\/www.budokampsport.se\/2010\/02\/25\/arets-forebild-de-nominerade\/","url":"https:\/\/www.budokampsport.se\/2010\/02\/25\/arets-forebild-de-nominerade\/","name":"\u00c5rets f\u00f6rebild \u2013 de nominerade - Svenska Budo &amp; Kampsportsf\u00f6rbundet","isPartOf":{"@id":"https:\/\/www.budokampsport.se\/#website"},"datePublished":"2010-02-25T08:00:00+00:00","dateModified":"2016-12-06T21:30:56+00:00","author":{"@id":"https:\/\/www.budokampsport.se\/#\/schema\/person\/5c06d81d14850e2a8ce5493386560145"},"description":"Med exakt 23 dagar kvar till Kampsportsgalan forts\u00e4tter presentationerna av de nominerade till de tolv priskategorierna. Denna g\u00e5ng \u00e4r det dags f\u00f6r nomineringar till det prestigefyllda \u00e5rets f\u00f6rebild.","breadcrumb":{"@id":"https:\/\/www.budokampsport.se\/2010\/02\/25\/arets-forebild-de-nominerade\/#breadcrumb"},"inLanguage":"sv-SE","potentialAction":[{"@type":"ReadAction","target":["https:\/\/www.budokampsport.se\/2010\/02\/25\/arets-forebild-de-nominerade\/"]}]},{"@type":"BreadcrumbList","@id":"https:\/\/www.budokampsport.se\/2010\/02\/25\/arets-forebild-de-nominerade\/#breadcrumb","itemListElement":[{"@type":"ListItem","position":1,"name":"Hem","item":"https:\/\/www.budokampsport.se\/"},{"@type":"ListItem","position":2,"name":"\u00c5rets f\u00f6rebild \u2013 de nominerade"}]},{"@type":"WebSite","@id":"https:\/\/www.budokampsport.se\/#website","url":"https:\/\/www.budokampsport.se\/","name":"Svenska Budo &amp; Kampsportsf\u00f6rbundet","description":"T\u00e4vling, Tr\u00e4ning, Tradition","potentialAction":[{"@type":"SearchAction","target":{"@type":"EntryPoint","urlTemplate":"https:\/\/www.budokampsport.se\/?s={search_term_string}"},"query-input":{"@type":"PropertyValueSpecification","valueRequired":true,"valueName":"search_term_string"}}],"inLanguage":"sv-SE"},{"@type":"Person","@id":"https:\/\/www.budokampsport.se\/#\/schema\/person\/5c06d81d14850e2a8ce5493386560145","name":"Jonathan Broberg","image":{"@type":"ImageObject","inLanguage":"sv-SE","@id":"https:\/\/www.budokampsport.se\/#\/schema\/person\/image\/","url":"https:\/\/secure.gravatar.com\/avatar\/a58041c6cea9128bd9c40ee2f26d4136?s=96&d=blank&r=g","contentUrl":"https:\/\/secure.gravatar.com\/avatar\/a58041c6cea9128bd9c40ee2f26d4136?s=96&d=blank&r=g","caption":"Jonathan Broberg"},"sameAs":["https:\/\/www.facebook.com\/jonathan.broberg.7"],"url":"https:\/\/www.budokampsport.se\/author\/jonathan\/"}]}},"_links":{"self":[{"href":"https:\/\/www.budokampsport.se\/api\/wp\/v2\/posts\/3195","targetHints":{"allow":["GET"]}}],"collection":[{"href":"https:\/\/www.budokampsport.se\/api\/wp\/v2\/posts"}],"about":[{"href":"https:\/\/www.budokampsport.se\/api\/wp\/v2\/types\/post"}],"author":[{"embeddable":true,"href":"https:\/\/www.budokampsport.se\/api\/wp\/v2\/users\/7"}],"replies":[{"embeddable":true,"href":"https:\/\/www.budokampsport.se\/api\/wp\/v2\/comments?post=3195"}],"version-history":[{"count":0,"href":"https:\/\/www.budokampsport.se\/api\/wp\/v2\/posts\/3195\/revisions"}],"wp:attachment":[{"href":"https:\/\/www.budokampsport.se\/api\/wp\/v2\/media?parent=3195"}],"wp:term":[{"taxonomy":"category","embeddable":true,"href":"https:\/\/www.budokampsport.se\/api\/wp\/v2\/categories?post=3195"},{"taxonomy":"post_tag","embeddable":true,"href":"https:\/\/www.budokampsport.se\/api\/wp\/v2\/tags?post=3195"}],"curies":[{"name":"wp","href":"https:\/\/api.w.org\/{rel}","templated":true}]}}