{"id":3197,"date":"2010-02-26T09:00:00","date_gmt":"2010-02-26T08:00:00","guid":{"rendered":"http:\/\/budo.wordpress.dev\/2010\/02\/26\/arets-kampsportare-de-nominerade\/"},"modified":"2016-12-06T22:30:56","modified_gmt":"2016-12-06T21:30:56","slug":"arets-kampsportare-de-nominerade","status":"publish","type":"post","link":"https:\/\/www.budokampsport.se\/2010\/02\/26\/arets-kampsportare-de-nominerade\/","title":{"rendered":"\u00c5rets kampsportare \u2013 de nominerade"},"content":{"rendered":"<p><P><STRONG><IMG alt=\"\" align=right src=\"\/sites\/default\/files\/galagubbar.jpg\" width=150 height=136>Den 20:e mars sker \u00e5rets stora kampsportsfest p\u00e5 Clarion Hotel Sign i Stockholm. Kampsportsgalan \u00e4r tre veckor bort och nomineringsfasen b\u00f6rjar s\u00e5 sm\u00e5tt lida mot sitt slut. Idag sl\u00e4pptes de nominerade till priset \u201d\u00e5rets kampsportare.<BR><\/STRONG><!--break--><BR>Under 2009 har m\u00e5nga framst\u00e5ende prestationer utf\u00f6rts. Det kommer att m\u00e4rkas d\u00e5 kampsportsfamiljen samlas och firar det med Kampsportsgalan den 20:e mars. En kv\u00e4ll d\u00e5 \u00e4ven Svenska Budo &#038; Kampsportsf\u00f6rbundet inleder sitt officiella 50-\u00e5rsfirande.<BR><BR>Idag sl\u00e4ppte juryn de nominerade till kategorin \u00e5rets kampsportare, ett pris som p\u00e5 galan kommer att delas ut av ingen mindre \u00e4n forne v\u00e4rldsm\u00e4staren i boxning George Scott. Det ska s\u00e4gas att juryn till detta pris inte enbart har tittat p\u00e5 de idrottsliga prestationerna utan \u00e4ven hur man p\u00e5 ett socialt plan fyller upp epitetet \u00e5rets kampsportare.<BR><BR><STRONG>De nominerade \u00e4r:<BR><\/STRONG><BR>&#8211; Marcus \u00d6berg (thaiboxning, k-1)<BR>&#8211; Jimmie Collin (kyokushin)<BR>&#8211; Amir Albazi (submission wrestling, BJJ)<BR>&#8211; Christian Sandberg (submission wrestling)<BR><BR><STRONG>Marcus \u00d6berg<\/STRONG> hade en n\u00e4rmast full\u00e4ndad match p\u00e5 fjol\u00e5rets Rumble of the kings. Marcus har etablerat sig i v\u00e4rldseliten och \u00e4r en oerh\u00f6rt \u00f6dmjuk person b\u00e5de\u00a0i och utanf\u00f6r ringen.<BR><BR><STRONG>Jimmie Collin<\/STRONG> anses av m\u00e5nga vara en av Sveriges b\u00e4sta kyokushinfighters med en bred repertoar till sitt kunnande. Jimmie har alltid upptr\u00e4tt p\u00e5 ett h\u00f6vligt s\u00e4tt och \u00e4r uppskattad runtom i kampsportsfamiljen.<BR><BR><STRONG>Amir Albazi <\/STRONG>\u00e4r ett stort framtidsnamn, men \u00e4r redan idag som ton\u00e5ring en av Sveriges b\u00e4sta ut\u00f6vare inom BJJ och submission wrestling. Amir lever f\u00f6r kampsport och \u00e4r en mycket bra ambassad\u00f6r f\u00f6r idrotterna.<BR><BR><STRONG>Christian Sandberg<\/STRONG> gjorde under 2009 ett mycket starkt VM inom organisationen FILA. Han blev silvermedalj\u00f6r. Christian \u00e4r en h\u00e5rt arbetande submission wrestlingut\u00f6vare som ocks\u00e5 \u00e4r v\u00e4ldigt omtyckt och \u00f6dmjuk som individ.<BR><BR>Text: Jonathan Broberg<\/P><\/p>\n","protected":false},"excerpt":{"rendered":"<p><P><STRONG><IMG alt=\"\" align=right src=\"\/sites\/default\/files\/galagubbar.jpg\" width=150 height=136>Den 20:e mars sker \u00e5rets stora kampsportsfest p\u00e5 Clarion Hotel Sign i Stockholm. Kampsportsgalan \u00e4r tre veckor bort och nomineringsfasen b\u00f6rjar s\u00e5 sm\u00e5tt lida mot sitt slut. Idag sl\u00e4pptes de nominerade till priset \u201d\u00e5rets kampsportare.<BR><\/STRONG><\/p><br>","protected":false},"author":7,"featured_media":0,"comment_status":"closed","ping_status":"closed","sticky":false,"template":"","format":"standard","meta":{"_acf_changed":false,"footnotes":""},"categories":[1],"tags":[],"class_list":["post-3197","post","type-post","status-publish","format-standard","hentry","category-okategoriserade"],"acf":[],"yoast_head":"<!-- This site is optimized with the Yoast SEO plugin v26.8 - https:\/\/yoast.com\/product\/yoast-seo-wordpress\/ -->\n<title>\u00c5rets kampsportare \u2013 de nominerade - Svenska Budo &amp; Kampsportsf\u00f6rbundet<\/title>\n<meta name=\"description\" content=\"Den 20:e mars sker \u00e5rets stora kampsportsfest p\u00e5 Clarion Hotel Sign i Stockholm. Kampsportsgalan \u00e4r tre veckor bort och nomineringsfasen b\u00f6rjar s\u00e5 sm\u00e5tt lida mot sitt slut. Idag sl\u00e4pptes de nominerade till priset \u201d\u00e5rets kampsportare.\" \/>\n<meta name=\"robots\" content=\"index, follow, max-snippet:-1, max-image-preview:large, max-video-preview:-1\" \/>\n<link rel=\"canonical\" href=\"https:\/\/www.budokampsport.se\/2010\/02\/26\/arets-kampsportare-de-nominerade\/\" \/>\n<meta property=\"og:locale\" content=\"sv_SE\" \/>\n<meta property=\"og:type\" content=\"article\" \/>\n<meta property=\"og:title\" content=\"\u00c5rets kampsportare \u2013 de nominerade - Svenska Budo &amp; Kampsportsf\u00f6rbundet\" \/>\n<meta property=\"og:description\" content=\"Den 20:e mars sker \u00e5rets stora kampsportsfest p\u00e5 Clarion Hotel Sign i Stockholm. Kampsportsgalan \u00e4r tre veckor bort och nomineringsfasen b\u00f6rjar s\u00e5 sm\u00e5tt lida mot sitt slut. Idag sl\u00e4pptes de nominerade till priset \u201d\u00e5rets kampsportare.\" \/>\n<meta property=\"og:url\" content=\"https:\/\/www.budokampsport.se\/2010\/02\/26\/arets-kampsportare-de-nominerade\/\" \/>\n<meta property=\"og:site_name\" content=\"Svenska Budo &amp; Kampsportsf\u00f6rbundet\" \/>\n<meta property=\"article:author\" content=\"https:\/\/www.facebook.com\/jonathan.broberg.7\" \/>\n<meta property=\"article:published_time\" content=\"2010-02-26T08:00:00+00:00\" \/>\n<meta property=\"article:modified_time\" content=\"2016-12-06T21:30:56+00:00\" \/>\n<meta name=\"author\" content=\"Jonathan Broberg\" \/>\n<meta name=\"twitter:card\" content=\"summary_large_image\" \/>\n<meta name=\"twitter:label1\" content=\"Skriven av\" \/>\n\t<meta name=\"twitter:data1\" content=\"Jonathan Broberg\" \/>\n\t<meta name=\"twitter:label2\" content=\"Ber\u00e4knad l\u00e4stid\" \/>\n\t<meta name=\"twitter:data2\" content=\"2 minuter\" \/>\n<script type=\"application\/ld+json\" class=\"yoast-schema-graph\">{\"@context\":\"https:\/\/schema.org\",\"@graph\":[{\"@type\":\"Article\",\"@id\":\"https:\/\/www.budokampsport.se\/2010\/02\/26\/arets-kampsportare-de-nominerade\/#article\",\"isPartOf\":{\"@id\":\"https:\/\/www.budokampsport.se\/2010\/02\/26\/arets-kampsportare-de-nominerade\/\"},\"author\":{\"name\":\"Jonathan Broberg\",\"@id\":\"https:\/\/www.budokampsport.se\/#\/schema\/person\/5c06d81d14850e2a8ce5493386560145\"},\"headline\":\"\u00c5rets kampsportare \u2013 de nominerade\",\"datePublished\":\"2010-02-26T08:00:00+00:00\",\"dateModified\":\"2016-12-06T21:30:56+00:00\",\"mainEntityOfPage\":{\"@id\":\"https:\/\/www.budokampsport.se\/2010\/02\/26\/arets-kampsportare-de-nominerade\/\"},\"wordCount\":316,\"inLanguage\":\"sv-SE\"},{\"@type\":\"WebPage\",\"@id\":\"https:\/\/www.budokampsport.se\/2010\/02\/26\/arets-kampsportare-de-nominerade\/\",\"url\":\"https:\/\/www.budokampsport.se\/2010\/02\/26\/arets-kampsportare-de-nominerade\/\",\"name\":\"\u00c5rets kampsportare \u2013 de nominerade - Svenska Budo &amp; Kampsportsf\u00f6rbundet\",\"isPartOf\":{\"@id\":\"https:\/\/www.budokampsport.se\/#website\"},\"datePublished\":\"2010-02-26T08:00:00+00:00\",\"dateModified\":\"2016-12-06T21:30:56+00:00\",\"author\":{\"@id\":\"https:\/\/www.budokampsport.se\/#\/schema\/person\/5c06d81d14850e2a8ce5493386560145\"},\"description\":\"Den 20:e mars sker \u00e5rets stora kampsportsfest p\u00e5 Clarion Hotel Sign i Stockholm. Kampsportsgalan \u00e4r tre veckor bort och nomineringsfasen b\u00f6rjar s\u00e5 sm\u00e5tt lida mot sitt slut. Idag sl\u00e4pptes de nominerade till priset \u201d\u00e5rets kampsportare.\",\"breadcrumb\":{\"@id\":\"https:\/\/www.budokampsport.se\/2010\/02\/26\/arets-kampsportare-de-nominerade\/#breadcrumb\"},\"inLanguage\":\"sv-SE\",\"potentialAction\":[{\"@type\":\"ReadAction\",\"target\":[\"https:\/\/www.budokampsport.se\/2010\/02\/26\/arets-kampsportare-de-nominerade\/\"]}]},{\"@type\":\"BreadcrumbList\",\"@id\":\"https:\/\/www.budokampsport.se\/2010\/02\/26\/arets-kampsportare-de-nominerade\/#breadcrumb\",\"itemListElement\":[{\"@type\":\"ListItem\",\"position\":1,\"name\":\"Hem\",\"item\":\"https:\/\/www.budokampsport.se\/\"},{\"@type\":\"ListItem\",\"position\":2,\"name\":\"\u00c5rets kampsportare \u2013 de nominerade\"}]},{\"@type\":\"WebSite\",\"@id\":\"https:\/\/www.budokampsport.se\/#website\",\"url\":\"https:\/\/www.budokampsport.se\/\",\"name\":\"Svenska Budo &amp; Kampsportsf\u00f6rbundet\",\"description\":\"T\u00e4vling, Tr\u00e4ning, Tradition\",\"potentialAction\":[{\"@type\":\"SearchAction\",\"target\":{\"@type\":\"EntryPoint\",\"urlTemplate\":\"https:\/\/www.budokampsport.se\/?s={search_term_string}\"},\"query-input\":{\"@type\":\"PropertyValueSpecification\",\"valueRequired\":true,\"valueName\":\"search_term_string\"}}],\"inLanguage\":\"sv-SE\"},{\"@type\":\"Person\",\"@id\":\"https:\/\/www.budokampsport.se\/#\/schema\/person\/5c06d81d14850e2a8ce5493386560145\",\"name\":\"Jonathan Broberg\",\"image\":{\"@type\":\"ImageObject\",\"inLanguage\":\"sv-SE\",\"@id\":\"https:\/\/www.budokampsport.se\/#\/schema\/person\/image\/\",\"url\":\"https:\/\/secure.gravatar.com\/avatar\/a58041c6cea9128bd9c40ee2f26d4136?s=96&d=blank&r=g\",\"contentUrl\":\"https:\/\/secure.gravatar.com\/avatar\/a58041c6cea9128bd9c40ee2f26d4136?s=96&d=blank&r=g\",\"caption\":\"Jonathan Broberg\"},\"sameAs\":[\"https:\/\/www.facebook.com\/jonathan.broberg.7\"],\"url\":\"https:\/\/www.budokampsport.se\/author\/jonathan\/\"}]}<\/script>\n<!-- \/ Yoast SEO plugin. -->","yoast_head_json":{"title":"\u00c5rets kampsportare \u2013 de nominerade - Svenska Budo &amp; Kampsportsf\u00f6rbundet","description":"Den 20:e mars sker \u00e5rets stora kampsportsfest p\u00e5 Clarion Hotel Sign i Stockholm. Kampsportsgalan \u00e4r tre veckor bort och nomineringsfasen b\u00f6rjar s\u00e5 sm\u00e5tt lida mot sitt slut. Idag sl\u00e4pptes de nominerade till priset \u201d\u00e5rets kampsportare.","robots":{"index":"index","follow":"follow","max-snippet":"max-snippet:-1","max-image-preview":"max-image-preview:large","max-video-preview":"max-video-preview:-1"},"canonical":"https:\/\/www.budokampsport.se\/2010\/02\/26\/arets-kampsportare-de-nominerade\/","og_locale":"sv_SE","og_type":"article","og_title":"\u00c5rets kampsportare \u2013 de nominerade - Svenska Budo &amp; Kampsportsf\u00f6rbundet","og_description":"Den 20:e mars sker \u00e5rets stora kampsportsfest p\u00e5 Clarion Hotel Sign i Stockholm. Kampsportsgalan \u00e4r tre veckor bort och nomineringsfasen b\u00f6rjar s\u00e5 sm\u00e5tt lida mot sitt slut. Idag sl\u00e4pptes de nominerade till priset \u201d\u00e5rets kampsportare.","og_url":"https:\/\/www.budokampsport.se\/2010\/02\/26\/arets-kampsportare-de-nominerade\/","og_site_name":"Svenska Budo &amp; Kampsportsf\u00f6rbundet","article_author":"https:\/\/www.facebook.com\/jonathan.broberg.7","article_published_time":"2010-02-26T08:00:00+00:00","article_modified_time":"2016-12-06T21:30:56+00:00","author":"Jonathan Broberg","twitter_card":"summary_large_image","twitter_misc":{"Skriven av":"Jonathan Broberg","Ber\u00e4knad l\u00e4stid":"2 minuter"},"schema":{"@context":"https:\/\/schema.org","@graph":[{"@type":"Article","@id":"https:\/\/www.budokampsport.se\/2010\/02\/26\/arets-kampsportare-de-nominerade\/#article","isPartOf":{"@id":"https:\/\/www.budokampsport.se\/2010\/02\/26\/arets-kampsportare-de-nominerade\/"},"author":{"name":"Jonathan Broberg","@id":"https:\/\/www.budokampsport.se\/#\/schema\/person\/5c06d81d14850e2a8ce5493386560145"},"headline":"\u00c5rets kampsportare \u2013 de nominerade","datePublished":"2010-02-26T08:00:00+00:00","dateModified":"2016-12-06T21:30:56+00:00","mainEntityOfPage":{"@id":"https:\/\/www.budokampsport.se\/2010\/02\/26\/arets-kampsportare-de-nominerade\/"},"wordCount":316,"inLanguage":"sv-SE"},{"@type":"WebPage","@id":"https:\/\/www.budokampsport.se\/2010\/02\/26\/arets-kampsportare-de-nominerade\/","url":"https:\/\/www.budokampsport.se\/2010\/02\/26\/arets-kampsportare-de-nominerade\/","name":"\u00c5rets kampsportare \u2013 de nominerade - Svenska Budo &amp; Kampsportsf\u00f6rbundet","isPartOf":{"@id":"https:\/\/www.budokampsport.se\/#website"},"datePublished":"2010-02-26T08:00:00+00:00","dateModified":"2016-12-06T21:30:56+00:00","author":{"@id":"https:\/\/www.budokampsport.se\/#\/schema\/person\/5c06d81d14850e2a8ce5493386560145"},"description":"Den 20:e mars sker \u00e5rets stora kampsportsfest p\u00e5 Clarion Hotel Sign i Stockholm. Kampsportsgalan \u00e4r tre veckor bort och nomineringsfasen b\u00f6rjar s\u00e5 sm\u00e5tt lida mot sitt slut. Idag sl\u00e4pptes de nominerade till priset \u201d\u00e5rets kampsportare.","breadcrumb":{"@id":"https:\/\/www.budokampsport.se\/2010\/02\/26\/arets-kampsportare-de-nominerade\/#breadcrumb"},"inLanguage":"sv-SE","potentialAction":[{"@type":"ReadAction","target":["https:\/\/www.budokampsport.se\/2010\/02\/26\/arets-kampsportare-de-nominerade\/"]}]},{"@type":"BreadcrumbList","@id":"https:\/\/www.budokampsport.se\/2010\/02\/26\/arets-kampsportare-de-nominerade\/#breadcrumb","itemListElement":[{"@type":"ListItem","position":1,"name":"Hem","item":"https:\/\/www.budokampsport.se\/"},{"@type":"ListItem","position":2,"name":"\u00c5rets kampsportare \u2013 de nominerade"}]},{"@type":"WebSite","@id":"https:\/\/www.budokampsport.se\/#website","url":"https:\/\/www.budokampsport.se\/","name":"Svenska Budo &amp; Kampsportsf\u00f6rbundet","description":"T\u00e4vling, Tr\u00e4ning, Tradition","potentialAction":[{"@type":"SearchAction","target":{"@type":"EntryPoint","urlTemplate":"https:\/\/www.budokampsport.se\/?s={search_term_string}"},"query-input":{"@type":"PropertyValueSpecification","valueRequired":true,"valueName":"search_term_string"}}],"inLanguage":"sv-SE"},{"@type":"Person","@id":"https:\/\/www.budokampsport.se\/#\/schema\/person\/5c06d81d14850e2a8ce5493386560145","name":"Jonathan Broberg","image":{"@type":"ImageObject","inLanguage":"sv-SE","@id":"https:\/\/www.budokampsport.se\/#\/schema\/person\/image\/","url":"https:\/\/secure.gravatar.com\/avatar\/a58041c6cea9128bd9c40ee2f26d4136?s=96&d=blank&r=g","contentUrl":"https:\/\/secure.gravatar.com\/avatar\/a58041c6cea9128bd9c40ee2f26d4136?s=96&d=blank&r=g","caption":"Jonathan Broberg"},"sameAs":["https:\/\/www.facebook.com\/jonathan.broberg.7"],"url":"https:\/\/www.budokampsport.se\/author\/jonathan\/"}]}},"_links":{"self":[{"href":"https:\/\/www.budokampsport.se\/api\/wp\/v2\/posts\/3197","targetHints":{"allow":["GET"]}}],"collection":[{"href":"https:\/\/www.budokampsport.se\/api\/wp\/v2\/posts"}],"about":[{"href":"https:\/\/www.budokampsport.se\/api\/wp\/v2\/types\/post"}],"author":[{"embeddable":true,"href":"https:\/\/www.budokampsport.se\/api\/wp\/v2\/users\/7"}],"replies":[{"embeddable":true,"href":"https:\/\/www.budokampsport.se\/api\/wp\/v2\/comments?post=3197"}],"version-history":[{"count":0,"href":"https:\/\/www.budokampsport.se\/api\/wp\/v2\/posts\/3197\/revisions"}],"wp:attachment":[{"href":"https:\/\/www.budokampsport.se\/api\/wp\/v2\/media?parent=3197"}],"wp:term":[{"taxonomy":"category","embeddable":true,"href":"https:\/\/www.budokampsport.se\/api\/wp\/v2\/categories?post=3197"},{"taxonomy":"post_tag","embeddable":true,"href":"https:\/\/www.budokampsport.se\/api\/wp\/v2\/tags?post=3197"}],"curies":[{"name":"wp","href":"https:\/\/api.w.org\/{rel}","templated":true}]}}