{"id":3200,"date":"2010-03-02T08:59:59","date_gmt":"2010-03-02T07:59:59","guid":{"rendered":"http:\/\/budo.wordpress.dev\/2010\/03\/02\/arets-traditionella-utovare-har-ar-de-nominerade\/"},"modified":"2016-12-06T22:30:57","modified_gmt":"2016-12-06T21:30:57","slug":"arets-traditionella-utovare-har-ar-de-nominerade","status":"publish","type":"post","link":"https:\/\/www.budokampsport.se\/2010\/03\/02\/arets-traditionella-utovare-har-ar-de-nominerade\/","title":{"rendered":"\u00c5rets traditionella ut\u00f6vare \u2013 h\u00e4r \u00e4r de nominerade"},"content":{"rendered":"<p><P><STRONG><IMG alt=\"\" align=right src=\"\/sites\/default\/files\/galagubbar.jpg\" width=150 height=136>Nomineringsfasen till Kampsportsgalan forts\u00e4tter. Till galan den 20:e mars p\u00e5 Clarion Hotel Sign i Stockholm kommer f\u00f6ljande fyra ut\u00f6vare vara nominerade i kategorin \u00e5rets traditionella ut\u00f6vare.<BR><BR><!--break--><\/STRONG><BR>\u00c5tta utav de tolv priskategoriernas nominerade har sl\u00e4ppts. Nu offentligg\u00f6rs \u00e4ven \u00e5rets traditionella ut\u00f6vare, vilket blir det nionde priset.<BR><BR><STRONG>De nominerade \u00e4r:<BR><\/STRONG><BR>&#8211; Lars Magnar Enoksen (glima)<BR>&#8211; Li Min Hua (wushu, tai ji)<BR>&#8211; <SPAN style=\"COLOR: black; FONT-WEIGHT: normal\">Tho Truong Duong (wushu)<BR>&#8211; Brian Fitkin (kyokushin)<BR><BR><STRONG>Lars Magnar Enoksen<\/STRONG> \u00e4r en entrepren\u00f6r utav den fornordiska brottningskonsten glima. Lars brinner f\u00f6r sin idrott och \u00e4r ett f\u00f6red\u00f6me och en f\u00f6rebild s\u00e5v\u00e4l inom Svea rikes gr\u00e4nser som utanf\u00f6r dem. Under 2009 har Lars befunnit sig ibland annat USA f\u00f6r att sprida idrotten.<BR><BR><STRONG>Li Min Hua <\/STRONG>b\u00e4r den traditionella fanan h\u00f6gt. Hon g\u00f6r uppvisningar till konst och \u00e4r en av de mest meriterade traditionella wushuut\u00f6varna som finns. Li Min Hua innehar \u00e4ven en lektorstitel i dans.<BR><BR><\/SPAN><STRONG><SPAN style=\"COLOR: black; FONT-WEIGHT: normal\">Tho Truong Duong<\/SPAN><\/STRONG><SPAN style=\"COLOR: black; FONT-WEIGHT: normal\">, eller mer k\u00e4nd som Master Tho, \u00e4r en passionerad ut\u00f6vare av wushu. Tho \u00e4r en ikon f\u00f6r sina kunskaper om l\u00e4kekonst och kropps koncentration. Han har grundat en skola d\u00e4r han undervisar art of living. Var l\u00e4nge med i racet som nominerad till \u00e5rets Link\u00f6pingsbo 2009. <\/SPAN><BR><BR><STRONG><SPAN style=\"COLOR: black; FONT-SIZE: 11pt; FONT-WEIGHT: normal\">Brian Fitkin<\/SPAN><\/STRONG><SPAN style=\"COLOR: black; FONT-SIZE: 11pt; FONT-WEIGHT: normal\"> \u00e4r en mycket beg\u00e5vad kyokushinledare som fortfarande \u00e4r aktiv ut\u00f6vare. Brian lyckas ideligen f\u00e5 fram nya ut\u00f6vare av rang och \u00e4r bland annat Dolph Lundgrens forne tr\u00e4nare.<\/SPAN><BR><BR>Text: Jonathan Broberg<BR><BR>\u00a0<\/P><\/p>\n","protected":false},"excerpt":{"rendered":"<p><P><STRONG><IMG alt=\"\" align=right src=\"\/sites\/default\/files\/galagubbar.jpg\" width=150 height=136>Nomineringsfasen till Kampsportsgalan forts\u00e4tter. Till galan den 20:e mars p\u00e5 Clarion Hotel Sign i Stockholm kommer f\u00f6ljande fyra ut\u00f6vare vara nominerade i kategorin \u00e5rets traditionella ut\u00f6vare.<BR><BR><\/p><br>","protected":false},"author":7,"featured_media":0,"comment_status":"closed","ping_status":"closed","sticky":false,"template":"","format":"standard","meta":{"_acf_changed":false,"footnotes":""},"categories":[1],"tags":[],"class_list":["post-3200","post","type-post","status-publish","format-standard","hentry","category-okategoriserade"],"acf":[],"yoast_head":"<!-- This site is optimized with the Yoast SEO plugin v26.8 - https:\/\/yoast.com\/product\/yoast-seo-wordpress\/ -->\n<title>\u00c5rets traditionella ut\u00f6vare \u2013 h\u00e4r \u00e4r de nominerade - Svenska Budo &amp; Kampsportsf\u00f6rbundet<\/title>\n<meta name=\"description\" content=\"Nomineringsfasen till Kampsportsgalan forts\u00e4tter. Till galan den 20:e mars p\u00e5 Clarion Hotel Sign i Stockholm kommer f\u00f6ljande fyra ut\u00f6vare vara nominerade i kategorin \u00e5rets traditionella ut\u00f6vare.\" \/>\n<meta name=\"robots\" content=\"index, follow, max-snippet:-1, max-image-preview:large, max-video-preview:-1\" \/>\n<link rel=\"canonical\" href=\"https:\/\/www.budokampsport.se\/2010\/03\/02\/arets-traditionella-utovare-har-ar-de-nominerade\/\" \/>\n<meta property=\"og:locale\" content=\"sv_SE\" \/>\n<meta property=\"og:type\" content=\"article\" \/>\n<meta property=\"og:title\" content=\"\u00c5rets traditionella ut\u00f6vare \u2013 h\u00e4r \u00e4r de nominerade - Svenska Budo &amp; Kampsportsf\u00f6rbundet\" \/>\n<meta property=\"og:description\" content=\"Nomineringsfasen till Kampsportsgalan forts\u00e4tter. Till galan den 20:e mars p\u00e5 Clarion Hotel Sign i Stockholm kommer f\u00f6ljande fyra ut\u00f6vare vara nominerade i kategorin \u00e5rets traditionella ut\u00f6vare.\" \/>\n<meta property=\"og:url\" content=\"https:\/\/www.budokampsport.se\/2010\/03\/02\/arets-traditionella-utovare-har-ar-de-nominerade\/\" \/>\n<meta property=\"og:site_name\" content=\"Svenska Budo &amp; Kampsportsf\u00f6rbundet\" \/>\n<meta property=\"article:author\" content=\"https:\/\/www.facebook.com\/jonathan.broberg.7\" \/>\n<meta property=\"article:published_time\" content=\"2010-03-02T07:59:59+00:00\" \/>\n<meta property=\"article:modified_time\" content=\"2016-12-06T21:30:57+00:00\" \/>\n<meta name=\"author\" content=\"Jonathan Broberg\" \/>\n<meta name=\"twitter:card\" content=\"summary_large_image\" \/>\n<meta name=\"twitter:label1\" content=\"Skriven av\" \/>\n\t<meta name=\"twitter:data1\" content=\"Jonathan Broberg\" \/>\n\t<meta name=\"twitter:label2\" content=\"Ber\u00e4knad l\u00e4stid\" \/>\n\t<meta name=\"twitter:data2\" content=\"1 minut\" \/>\n<script type=\"application\/ld+json\" class=\"yoast-schema-graph\">{\"@context\":\"https:\/\/schema.org\",\"@graph\":[{\"@type\":\"Article\",\"@id\":\"https:\/\/www.budokampsport.se\/2010\/03\/02\/arets-traditionella-utovare-har-ar-de-nominerade\/#article\",\"isPartOf\":{\"@id\":\"https:\/\/www.budokampsport.se\/2010\/03\/02\/arets-traditionella-utovare-har-ar-de-nominerade\/\"},\"author\":{\"name\":\"Jonathan Broberg\",\"@id\":\"https:\/\/www.budokampsport.se\/#\/schema\/person\/5c06d81d14850e2a8ce5493386560145\"},\"headline\":\"\u00c5rets traditionella ut\u00f6vare \u2013 h\u00e4r \u00e4r de nominerade\",\"datePublished\":\"2010-03-02T07:59:59+00:00\",\"dateModified\":\"2016-12-06T21:30:57+00:00\",\"mainEntityOfPage\":{\"@id\":\"https:\/\/www.budokampsport.se\/2010\/03\/02\/arets-traditionella-utovare-har-ar-de-nominerade\/\"},\"wordCount\":266,\"inLanguage\":\"sv-SE\"},{\"@type\":\"WebPage\",\"@id\":\"https:\/\/www.budokampsport.se\/2010\/03\/02\/arets-traditionella-utovare-har-ar-de-nominerade\/\",\"url\":\"https:\/\/www.budokampsport.se\/2010\/03\/02\/arets-traditionella-utovare-har-ar-de-nominerade\/\",\"name\":\"\u00c5rets traditionella ut\u00f6vare \u2013 h\u00e4r \u00e4r de nominerade - Svenska Budo &amp; Kampsportsf\u00f6rbundet\",\"isPartOf\":{\"@id\":\"https:\/\/www.budokampsport.se\/#website\"},\"datePublished\":\"2010-03-02T07:59:59+00:00\",\"dateModified\":\"2016-12-06T21:30:57+00:00\",\"author\":{\"@id\":\"https:\/\/www.budokampsport.se\/#\/schema\/person\/5c06d81d14850e2a8ce5493386560145\"},\"description\":\"Nomineringsfasen till Kampsportsgalan forts\u00e4tter. Till galan den 20:e mars p\u00e5 Clarion Hotel Sign i Stockholm kommer f\u00f6ljande fyra ut\u00f6vare vara nominerade i kategorin \u00e5rets traditionella ut\u00f6vare.\",\"breadcrumb\":{\"@id\":\"https:\/\/www.budokampsport.se\/2010\/03\/02\/arets-traditionella-utovare-har-ar-de-nominerade\/#breadcrumb\"},\"inLanguage\":\"sv-SE\",\"potentialAction\":[{\"@type\":\"ReadAction\",\"target\":[\"https:\/\/www.budokampsport.se\/2010\/03\/02\/arets-traditionella-utovare-har-ar-de-nominerade\/\"]}]},{\"@type\":\"BreadcrumbList\",\"@id\":\"https:\/\/www.budokampsport.se\/2010\/03\/02\/arets-traditionella-utovare-har-ar-de-nominerade\/#breadcrumb\",\"itemListElement\":[{\"@type\":\"ListItem\",\"position\":1,\"name\":\"Hem\",\"item\":\"https:\/\/www.budokampsport.se\/\"},{\"@type\":\"ListItem\",\"position\":2,\"name\":\"\u00c5rets traditionella ut\u00f6vare \u2013 h\u00e4r \u00e4r de nominerade\"}]},{\"@type\":\"WebSite\",\"@id\":\"https:\/\/www.budokampsport.se\/#website\",\"url\":\"https:\/\/www.budokampsport.se\/\",\"name\":\"Svenska Budo &amp; Kampsportsf\u00f6rbundet\",\"description\":\"T\u00e4vling, Tr\u00e4ning, Tradition\",\"potentialAction\":[{\"@type\":\"SearchAction\",\"target\":{\"@type\":\"EntryPoint\",\"urlTemplate\":\"https:\/\/www.budokampsport.se\/?s={search_term_string}\"},\"query-input\":{\"@type\":\"PropertyValueSpecification\",\"valueRequired\":true,\"valueName\":\"search_term_string\"}}],\"inLanguage\":\"sv-SE\"},{\"@type\":\"Person\",\"@id\":\"https:\/\/www.budokampsport.se\/#\/schema\/person\/5c06d81d14850e2a8ce5493386560145\",\"name\":\"Jonathan Broberg\",\"image\":{\"@type\":\"ImageObject\",\"inLanguage\":\"sv-SE\",\"@id\":\"https:\/\/www.budokampsport.se\/#\/schema\/person\/image\/\",\"url\":\"https:\/\/secure.gravatar.com\/avatar\/a58041c6cea9128bd9c40ee2f26d4136?s=96&d=blank&r=g\",\"contentUrl\":\"https:\/\/secure.gravatar.com\/avatar\/a58041c6cea9128bd9c40ee2f26d4136?s=96&d=blank&r=g\",\"caption\":\"Jonathan Broberg\"},\"sameAs\":[\"https:\/\/www.facebook.com\/jonathan.broberg.7\"],\"url\":\"https:\/\/www.budokampsport.se\/author\/jonathan\/\"}]}<\/script>\n<!-- \/ Yoast SEO plugin. -->","yoast_head_json":{"title":"\u00c5rets traditionella ut\u00f6vare \u2013 h\u00e4r \u00e4r de nominerade - Svenska Budo &amp; Kampsportsf\u00f6rbundet","description":"Nomineringsfasen till Kampsportsgalan forts\u00e4tter. Till galan den 20:e mars p\u00e5 Clarion Hotel Sign i Stockholm kommer f\u00f6ljande fyra ut\u00f6vare vara nominerade i kategorin \u00e5rets traditionella ut\u00f6vare.","robots":{"index":"index","follow":"follow","max-snippet":"max-snippet:-1","max-image-preview":"max-image-preview:large","max-video-preview":"max-video-preview:-1"},"canonical":"https:\/\/www.budokampsport.se\/2010\/03\/02\/arets-traditionella-utovare-har-ar-de-nominerade\/","og_locale":"sv_SE","og_type":"article","og_title":"\u00c5rets traditionella ut\u00f6vare \u2013 h\u00e4r \u00e4r de nominerade - Svenska Budo &amp; Kampsportsf\u00f6rbundet","og_description":"Nomineringsfasen till Kampsportsgalan forts\u00e4tter. Till galan den 20:e mars p\u00e5 Clarion Hotel Sign i Stockholm kommer f\u00f6ljande fyra ut\u00f6vare vara nominerade i kategorin \u00e5rets traditionella ut\u00f6vare.","og_url":"https:\/\/www.budokampsport.se\/2010\/03\/02\/arets-traditionella-utovare-har-ar-de-nominerade\/","og_site_name":"Svenska Budo &amp; Kampsportsf\u00f6rbundet","article_author":"https:\/\/www.facebook.com\/jonathan.broberg.7","article_published_time":"2010-03-02T07:59:59+00:00","article_modified_time":"2016-12-06T21:30:57+00:00","author":"Jonathan Broberg","twitter_card":"summary_large_image","twitter_misc":{"Skriven av":"Jonathan Broberg","Ber\u00e4knad l\u00e4stid":"1 minut"},"schema":{"@context":"https:\/\/schema.org","@graph":[{"@type":"Article","@id":"https:\/\/www.budokampsport.se\/2010\/03\/02\/arets-traditionella-utovare-har-ar-de-nominerade\/#article","isPartOf":{"@id":"https:\/\/www.budokampsport.se\/2010\/03\/02\/arets-traditionella-utovare-har-ar-de-nominerade\/"},"author":{"name":"Jonathan Broberg","@id":"https:\/\/www.budokampsport.se\/#\/schema\/person\/5c06d81d14850e2a8ce5493386560145"},"headline":"\u00c5rets traditionella ut\u00f6vare \u2013 h\u00e4r \u00e4r de nominerade","datePublished":"2010-03-02T07:59:59+00:00","dateModified":"2016-12-06T21:30:57+00:00","mainEntityOfPage":{"@id":"https:\/\/www.budokampsport.se\/2010\/03\/02\/arets-traditionella-utovare-har-ar-de-nominerade\/"},"wordCount":266,"inLanguage":"sv-SE"},{"@type":"WebPage","@id":"https:\/\/www.budokampsport.se\/2010\/03\/02\/arets-traditionella-utovare-har-ar-de-nominerade\/","url":"https:\/\/www.budokampsport.se\/2010\/03\/02\/arets-traditionella-utovare-har-ar-de-nominerade\/","name":"\u00c5rets traditionella ut\u00f6vare \u2013 h\u00e4r \u00e4r de nominerade - Svenska Budo &amp; Kampsportsf\u00f6rbundet","isPartOf":{"@id":"https:\/\/www.budokampsport.se\/#website"},"datePublished":"2010-03-02T07:59:59+00:00","dateModified":"2016-12-06T21:30:57+00:00","author":{"@id":"https:\/\/www.budokampsport.se\/#\/schema\/person\/5c06d81d14850e2a8ce5493386560145"},"description":"Nomineringsfasen till Kampsportsgalan forts\u00e4tter. Till galan den 20:e mars p\u00e5 Clarion Hotel Sign i Stockholm kommer f\u00f6ljande fyra ut\u00f6vare vara nominerade i kategorin \u00e5rets traditionella ut\u00f6vare.","breadcrumb":{"@id":"https:\/\/www.budokampsport.se\/2010\/03\/02\/arets-traditionella-utovare-har-ar-de-nominerade\/#breadcrumb"},"inLanguage":"sv-SE","potentialAction":[{"@type":"ReadAction","target":["https:\/\/www.budokampsport.se\/2010\/03\/02\/arets-traditionella-utovare-har-ar-de-nominerade\/"]}]},{"@type":"BreadcrumbList","@id":"https:\/\/www.budokampsport.se\/2010\/03\/02\/arets-traditionella-utovare-har-ar-de-nominerade\/#breadcrumb","itemListElement":[{"@type":"ListItem","position":1,"name":"Hem","item":"https:\/\/www.budokampsport.se\/"},{"@type":"ListItem","position":2,"name":"\u00c5rets traditionella ut\u00f6vare \u2013 h\u00e4r \u00e4r de nominerade"}]},{"@type":"WebSite","@id":"https:\/\/www.budokampsport.se\/#website","url":"https:\/\/www.budokampsport.se\/","name":"Svenska Budo &amp; Kampsportsf\u00f6rbundet","description":"T\u00e4vling, Tr\u00e4ning, Tradition","potentialAction":[{"@type":"SearchAction","target":{"@type":"EntryPoint","urlTemplate":"https:\/\/www.budokampsport.se\/?s={search_term_string}"},"query-input":{"@type":"PropertyValueSpecification","valueRequired":true,"valueName":"search_term_string"}}],"inLanguage":"sv-SE"},{"@type":"Person","@id":"https:\/\/www.budokampsport.se\/#\/schema\/person\/5c06d81d14850e2a8ce5493386560145","name":"Jonathan Broberg","image":{"@type":"ImageObject","inLanguage":"sv-SE","@id":"https:\/\/www.budokampsport.se\/#\/schema\/person\/image\/","url":"https:\/\/secure.gravatar.com\/avatar\/a58041c6cea9128bd9c40ee2f26d4136?s=96&d=blank&r=g","contentUrl":"https:\/\/secure.gravatar.com\/avatar\/a58041c6cea9128bd9c40ee2f26d4136?s=96&d=blank&r=g","caption":"Jonathan Broberg"},"sameAs":["https:\/\/www.facebook.com\/jonathan.broberg.7"],"url":"https:\/\/www.budokampsport.se\/author\/jonathan\/"}]}},"_links":{"self":[{"href":"https:\/\/www.budokampsport.se\/api\/wp\/v2\/posts\/3200","targetHints":{"allow":["GET"]}}],"collection":[{"href":"https:\/\/www.budokampsport.se\/api\/wp\/v2\/posts"}],"about":[{"href":"https:\/\/www.budokampsport.se\/api\/wp\/v2\/types\/post"}],"author":[{"embeddable":true,"href":"https:\/\/www.budokampsport.se\/api\/wp\/v2\/users\/7"}],"replies":[{"embeddable":true,"href":"https:\/\/www.budokampsport.se\/api\/wp\/v2\/comments?post=3200"}],"version-history":[{"count":0,"href":"https:\/\/www.budokampsport.se\/api\/wp\/v2\/posts\/3200\/revisions"}],"wp:attachment":[{"href":"https:\/\/www.budokampsport.se\/api\/wp\/v2\/media?parent=3200"}],"wp:term":[{"taxonomy":"category","embeddable":true,"href":"https:\/\/www.budokampsport.se\/api\/wp\/v2\/categories?post=3200"},{"taxonomy":"post_tag","embeddable":true,"href":"https:\/\/www.budokampsport.se\/api\/wp\/v2\/tags?post=3200"}],"curies":[{"name":"wp","href":"https:\/\/api.w.org\/{rel}","templated":true}]}}