{"id":3212,"date":"2010-03-08T09:15:20","date_gmt":"2010-03-08T08:15:20","guid":{"rendered":"http:\/\/budo.wordpress.dev\/2010\/03\/08\/det-har-ar-sbks-hederspris\/"},"modified":"2016-12-06T22:30:59","modified_gmt":"2016-12-06T21:30:59","slug":"det-har-ar-sbks-hederspris","status":"publish","type":"post","link":"https:\/\/www.budokampsport.se\/2010\/03\/08\/det-har-ar-sbks-hederspris\/","title":{"rendered":"Det h\u00e4r \u00e4r SB&#038;K:s hederspris"},"content":{"rendered":"<p><P><STRONG><IMG alt=\"\" align=right src=\"\/sites\/default\/files\/galagubbar.jpg\" width=120 height=109>I elva av de tolv priskategorierna har nominerade blivit offentliggjorda. Kvar att redovisa \u00e4r ett pris, Svenska Budo &#038; Kampsportsf\u00f6rbundets hederspris. Men till detta pris finns inga nominerade. S\u00e5 vad inneb\u00e4r d\u00e5 priset?<BR>\u00a0\u00a0 &#8211; Det \u00e4r kampsportens variant p\u00e5 &#8220;lifetime achievement award&#8221; och s\u00e5dana priser, s\u00e4ger Svenska Budo &#038; Kampsportsf\u00f6rbundets ordf\u00f6rande Stefan Stenudd.<BR><\/STRONG><!--break--><BR>Det \u00e4r knappt tv\u00e5 veckor kvar till \u00e5rets stora budo- och kampsportsh\u00e4ndelse. Den 20 mars dras draperiet undan f\u00f6r den f\u00f6rsta Kampsportsgalan.<BR><BR><STRONG>&#8220;Lifetime achievements&#8221;<\/STRONG><BR>Elva priskategoriers nomineringar har offentliggjorts. Kvar \u00e5terst\u00e5r endast ett pris. SB&#038;K:s hederspris. Fast till priset blir det inga nomineringar. Svenska Budo &#038; Kampsportsf\u00f6rbundets ordf\u00f6rande Stefan Stenudd f\u00f6rklarar varf\u00f6r:<BR>\u00a0\u00a0 &#8211; Eftersom det \u00e4r ett \u00f6vergripande hederspris blir det lite m\u00e4rkligt med nomineringar. I motsats till exempelvis t\u00e4vlingsprestationer \u00e4r det sv\u00e5rt att rangordna &#8220;lifetime achievements&#8221;. Ingens livstid \u00e4r v\u00e4rd mer \u00e4n n\u00e5gon annans.<BR><BR>Stefan Stenudd ber\u00e4ttar att priset, s\u00e5 klart, kommer att delas ut p\u00e5 galakv\u00e4llen och inte f\u00f6rr\u00e4n d\u00e5 blir priset offentligt. Dessutom finns planer p\u00e5 att priset \u00e4ven best\u00e5r till kommande Kampsportsgalor fram\u00f6ver.<BR>\u00a0\u00a0 &#8211; Det tycker jag absolut. Vi har v\u00e4ldigt m\u00e5nga livsg\u00e4rningar inom budo och kampsport att fira, fler \u00e4n det \u00e4r m\u00f6jligt att hinna med &#8211; s\u00e5 priset \u00e4r ocks\u00e5 ett s\u00e4tt att fira dem alla, oavsett vem av dem som tar emot det.<BR><BR><STRONG>Vad \u00e4r d\u00e5 kriterierna f\u00f6r att kunna\u00a0bli tilldelad\u00a0SB&#038;K:s hederspris?<BR><\/STRONG>\u00a0\u00a0 &#8211;\u00a0Det handlar\u00a0inte bara l\u00e5ng och trogen tj\u00e4nst, utan remarkabla insatser f\u00f6r v\u00e5ra idrotter, oavsett p\u00e5 vilket s\u00e4tt eller vilken niv\u00e5. Det skulle kunna g\u00e5 till n\u00e5gon som gjort en enda alldeles fantastisk grej, men egentligen handlar det om alla dessa som \u00e4gnar hela sin livstid \u00e5t budo och kampsport &#8211; och det finns m\u00e5nga som g\u00f6r det.<BR><BR>F\u00f6r mer information och f\u00f6r att k\u00f6pa biljett till galan, se www.kampsportsgalan2010.se.<BR><BR>Text: Jonathan Broberg<\/P> <DIV>\u00a0<\/DIV><\/p>\n","protected":false},"excerpt":{"rendered":"<p><P><STRONG><IMG alt=\"\" align=right src=\"\/sites\/default\/files\/galagubbar.jpg\" width=120 height=109>I elva av de tolv priskategorierna har nominerade blivit offentliggjorda. Kvar att redovisa \u00e4r ett pris, Svenska Budo &#038; Kampsportsf\u00f6rbundets hederspris. Men till detta pris finns inga nominerade. S\u00e5 vad inneb\u00e4r d\u00e5 priset?<BR>\u00a0\u00a0 &#8211; Det \u00e4r kampsportens variant p\u00e5 &#8220;lifetime achievement award&#8221; och s\u00e5dana priser, s\u00e4ger Svenska Budo &#038; Kampsportsf\u00f6rbundets ordf\u00f6rande Stefan Stenudd.<BR><\/STRONG><\/p><br>","protected":false},"author":7,"featured_media":0,"comment_status":"closed","ping_status":"closed","sticky":false,"template":"","format":"standard","meta":{"_acf_changed":false,"footnotes":""},"categories":[1],"tags":[],"class_list":["post-3212","post","type-post","status-publish","format-standard","hentry","category-okategoriserade"],"acf":[],"yoast_head":"<!-- This site is optimized with the Yoast SEO plugin v26.8 - https:\/\/yoast.com\/product\/yoast-seo-wordpress\/ -->\n<title>Det h\u00e4r \u00e4r SB&amp;K:s hederspris - Svenska Budo &amp; Kampsportsf\u00f6rbundet<\/title>\n<meta name=\"description\" content=\"I elva av de tolv priskategorierna har nominerade blivit offentliggjorda. Kvar att redovisa \u00e4r ett pris, Svenska Budo &amp; Kampsportsf\u00f6rbundets hederspris. Men till detta pris finns inga nominerade. S\u00e5 vad inneb\u00e4r d\u00e5 priset?\u00a0\u00a0 - Det \u00e4r kampsportens variant p\u00e5 &quot;lifetime achievement award&quot; och s\u00e5dana priser, s\u00e4ger Svenska Budo &amp; Kampsportsf\u00f6rbundets ordf\u00f6rande Stefan Stenudd.\" \/>\n<meta name=\"robots\" content=\"index, follow, max-snippet:-1, max-image-preview:large, max-video-preview:-1\" \/>\n<link rel=\"canonical\" href=\"https:\/\/www.budokampsport.se\/2010\/03\/08\/det-har-ar-sbks-hederspris\/\" \/>\n<meta property=\"og:locale\" content=\"sv_SE\" \/>\n<meta property=\"og:type\" content=\"article\" \/>\n<meta property=\"og:title\" content=\"Det h\u00e4r \u00e4r SB&amp;K:s hederspris - Svenska Budo &amp; Kampsportsf\u00f6rbundet\" \/>\n<meta property=\"og:description\" content=\"I elva av de tolv priskategorierna har nominerade blivit offentliggjorda. Kvar att redovisa \u00e4r ett pris, Svenska Budo &amp; Kampsportsf\u00f6rbundets hederspris. Men till detta pris finns inga nominerade. S\u00e5 vad inneb\u00e4r d\u00e5 priset?\u00a0\u00a0 - Det \u00e4r kampsportens variant p\u00e5 &quot;lifetime achievement award&quot; och s\u00e5dana priser, s\u00e4ger Svenska Budo &amp; Kampsportsf\u00f6rbundets ordf\u00f6rande Stefan Stenudd.\" \/>\n<meta property=\"og:url\" content=\"https:\/\/www.budokampsport.se\/2010\/03\/08\/det-har-ar-sbks-hederspris\/\" \/>\n<meta property=\"og:site_name\" content=\"Svenska Budo &amp; Kampsportsf\u00f6rbundet\" \/>\n<meta property=\"article:author\" content=\"https:\/\/www.facebook.com\/jonathan.broberg.7\" \/>\n<meta property=\"article:published_time\" content=\"2010-03-08T08:15:20+00:00\" \/>\n<meta property=\"article:modified_time\" content=\"2016-12-06T21:30:59+00:00\" \/>\n<meta name=\"author\" content=\"Jonathan Broberg\" \/>\n<meta name=\"twitter:card\" content=\"summary_large_image\" \/>\n<meta name=\"twitter:label1\" content=\"Skriven av\" \/>\n\t<meta name=\"twitter:data1\" content=\"Jonathan Broberg\" \/>\n\t<meta name=\"twitter:label2\" content=\"Ber\u00e4knad l\u00e4stid\" \/>\n\t<meta name=\"twitter:data2\" content=\"2 minuter\" \/>\n<script type=\"application\/ld+json\" class=\"yoast-schema-graph\">{\"@context\":\"https:\/\/schema.org\",\"@graph\":[{\"@type\":\"Article\",\"@id\":\"https:\/\/www.budokampsport.se\/2010\/03\/08\/det-har-ar-sbks-hederspris\/#article\",\"isPartOf\":{\"@id\":\"https:\/\/www.budokampsport.se\/2010\/03\/08\/det-har-ar-sbks-hederspris\/\"},\"author\":{\"name\":\"Jonathan Broberg\",\"@id\":\"https:\/\/www.budokampsport.se\/#\/schema\/person\/5c06d81d14850e2a8ce5493386560145\"},\"headline\":\"Det h\u00e4r \u00e4r SB&#038;K:s hederspris\",\"datePublished\":\"2010-03-08T08:15:20+00:00\",\"dateModified\":\"2016-12-06T21:30:59+00:00\",\"mainEntityOfPage\":{\"@id\":\"https:\/\/www.budokampsport.se\/2010\/03\/08\/det-har-ar-sbks-hederspris\/\"},\"wordCount\":350,\"inLanguage\":\"sv-SE\"},{\"@type\":\"WebPage\",\"@id\":\"https:\/\/www.budokampsport.se\/2010\/03\/08\/det-har-ar-sbks-hederspris\/\",\"url\":\"https:\/\/www.budokampsport.se\/2010\/03\/08\/det-har-ar-sbks-hederspris\/\",\"name\":\"Det h\u00e4r \u00e4r SB&K:s hederspris - Svenska Budo &amp; Kampsportsf\u00f6rbundet\",\"isPartOf\":{\"@id\":\"https:\/\/www.budokampsport.se\/#website\"},\"datePublished\":\"2010-03-08T08:15:20+00:00\",\"dateModified\":\"2016-12-06T21:30:59+00:00\",\"author\":{\"@id\":\"https:\/\/www.budokampsport.se\/#\/schema\/person\/5c06d81d14850e2a8ce5493386560145\"},\"description\":\"I elva av de tolv priskategorierna har nominerade blivit offentliggjorda. Kvar att redovisa \u00e4r ett pris, Svenska Budo & Kampsportsf\u00f6rbundets hederspris. Men till detta pris finns inga nominerade. S\u00e5 vad inneb\u00e4r d\u00e5 priset?\u00a0\u00a0 - Det \u00e4r kampsportens variant p\u00e5 \\\"lifetime achievement award\\\" och s\u00e5dana priser, s\u00e4ger Svenska Budo & Kampsportsf\u00f6rbundets ordf\u00f6rande Stefan Stenudd.\",\"breadcrumb\":{\"@id\":\"https:\/\/www.budokampsport.se\/2010\/03\/08\/det-har-ar-sbks-hederspris\/#breadcrumb\"},\"inLanguage\":\"sv-SE\",\"potentialAction\":[{\"@type\":\"ReadAction\",\"target\":[\"https:\/\/www.budokampsport.se\/2010\/03\/08\/det-har-ar-sbks-hederspris\/\"]}]},{\"@type\":\"BreadcrumbList\",\"@id\":\"https:\/\/www.budokampsport.se\/2010\/03\/08\/det-har-ar-sbks-hederspris\/#breadcrumb\",\"itemListElement\":[{\"@type\":\"ListItem\",\"position\":1,\"name\":\"Hem\",\"item\":\"https:\/\/www.budokampsport.se\/\"},{\"@type\":\"ListItem\",\"position\":2,\"name\":\"Det h\u00e4r \u00e4r SB&#038;K:s hederspris\"}]},{\"@type\":\"WebSite\",\"@id\":\"https:\/\/www.budokampsport.se\/#website\",\"url\":\"https:\/\/www.budokampsport.se\/\",\"name\":\"Svenska Budo &amp; Kampsportsf\u00f6rbundet\",\"description\":\"T\u00e4vling, Tr\u00e4ning, Tradition\",\"potentialAction\":[{\"@type\":\"SearchAction\",\"target\":{\"@type\":\"EntryPoint\",\"urlTemplate\":\"https:\/\/www.budokampsport.se\/?s={search_term_string}\"},\"query-input\":{\"@type\":\"PropertyValueSpecification\",\"valueRequired\":true,\"valueName\":\"search_term_string\"}}],\"inLanguage\":\"sv-SE\"},{\"@type\":\"Person\",\"@id\":\"https:\/\/www.budokampsport.se\/#\/schema\/person\/5c06d81d14850e2a8ce5493386560145\",\"name\":\"Jonathan Broberg\",\"image\":{\"@type\":\"ImageObject\",\"inLanguage\":\"sv-SE\",\"@id\":\"https:\/\/www.budokampsport.se\/#\/schema\/person\/image\/\",\"url\":\"https:\/\/secure.gravatar.com\/avatar\/a58041c6cea9128bd9c40ee2f26d4136?s=96&d=blank&r=g\",\"contentUrl\":\"https:\/\/secure.gravatar.com\/avatar\/a58041c6cea9128bd9c40ee2f26d4136?s=96&d=blank&r=g\",\"caption\":\"Jonathan Broberg\"},\"sameAs\":[\"https:\/\/www.facebook.com\/jonathan.broberg.7\"],\"url\":\"https:\/\/www.budokampsport.se\/author\/jonathan\/\"}]}<\/script>\n<!-- \/ Yoast SEO plugin. -->","yoast_head_json":{"title":"Det h\u00e4r \u00e4r SB&K:s hederspris - Svenska Budo &amp; Kampsportsf\u00f6rbundet","description":"I elva av de tolv priskategorierna har nominerade blivit offentliggjorda. Kvar att redovisa \u00e4r ett pris, Svenska Budo & Kampsportsf\u00f6rbundets hederspris. Men till detta pris finns inga nominerade. S\u00e5 vad inneb\u00e4r d\u00e5 priset?\u00a0\u00a0 - Det \u00e4r kampsportens variant p\u00e5 \"lifetime achievement award\" och s\u00e5dana priser, s\u00e4ger Svenska Budo & Kampsportsf\u00f6rbundets ordf\u00f6rande Stefan Stenudd.","robots":{"index":"index","follow":"follow","max-snippet":"max-snippet:-1","max-image-preview":"max-image-preview:large","max-video-preview":"max-video-preview:-1"},"canonical":"https:\/\/www.budokampsport.se\/2010\/03\/08\/det-har-ar-sbks-hederspris\/","og_locale":"sv_SE","og_type":"article","og_title":"Det h\u00e4r \u00e4r SB&K:s hederspris - Svenska Budo &amp; Kampsportsf\u00f6rbundet","og_description":"I elva av de tolv priskategorierna har nominerade blivit offentliggjorda. Kvar att redovisa \u00e4r ett pris, Svenska Budo & Kampsportsf\u00f6rbundets hederspris. Men till detta pris finns inga nominerade. S\u00e5 vad inneb\u00e4r d\u00e5 priset?\u00a0\u00a0 - Det \u00e4r kampsportens variant p\u00e5 \"lifetime achievement award\" och s\u00e5dana priser, s\u00e4ger Svenska Budo & Kampsportsf\u00f6rbundets ordf\u00f6rande Stefan Stenudd.","og_url":"https:\/\/www.budokampsport.se\/2010\/03\/08\/det-har-ar-sbks-hederspris\/","og_site_name":"Svenska Budo &amp; Kampsportsf\u00f6rbundet","article_author":"https:\/\/www.facebook.com\/jonathan.broberg.7","article_published_time":"2010-03-08T08:15:20+00:00","article_modified_time":"2016-12-06T21:30:59+00:00","author":"Jonathan Broberg","twitter_card":"summary_large_image","twitter_misc":{"Skriven av":"Jonathan Broberg","Ber\u00e4knad l\u00e4stid":"2 minuter"},"schema":{"@context":"https:\/\/schema.org","@graph":[{"@type":"Article","@id":"https:\/\/www.budokampsport.se\/2010\/03\/08\/det-har-ar-sbks-hederspris\/#article","isPartOf":{"@id":"https:\/\/www.budokampsport.se\/2010\/03\/08\/det-har-ar-sbks-hederspris\/"},"author":{"name":"Jonathan Broberg","@id":"https:\/\/www.budokampsport.se\/#\/schema\/person\/5c06d81d14850e2a8ce5493386560145"},"headline":"Det h\u00e4r \u00e4r SB&#038;K:s hederspris","datePublished":"2010-03-08T08:15:20+00:00","dateModified":"2016-12-06T21:30:59+00:00","mainEntityOfPage":{"@id":"https:\/\/www.budokampsport.se\/2010\/03\/08\/det-har-ar-sbks-hederspris\/"},"wordCount":350,"inLanguage":"sv-SE"},{"@type":"WebPage","@id":"https:\/\/www.budokampsport.se\/2010\/03\/08\/det-har-ar-sbks-hederspris\/","url":"https:\/\/www.budokampsport.se\/2010\/03\/08\/det-har-ar-sbks-hederspris\/","name":"Det h\u00e4r \u00e4r SB&K:s hederspris - Svenska Budo &amp; Kampsportsf\u00f6rbundet","isPartOf":{"@id":"https:\/\/www.budokampsport.se\/#website"},"datePublished":"2010-03-08T08:15:20+00:00","dateModified":"2016-12-06T21:30:59+00:00","author":{"@id":"https:\/\/www.budokampsport.se\/#\/schema\/person\/5c06d81d14850e2a8ce5493386560145"},"description":"I elva av de tolv priskategorierna har nominerade blivit offentliggjorda. Kvar att redovisa \u00e4r ett pris, Svenska Budo & Kampsportsf\u00f6rbundets hederspris. Men till detta pris finns inga nominerade. S\u00e5 vad inneb\u00e4r d\u00e5 priset?\u00a0\u00a0 - Det \u00e4r kampsportens variant p\u00e5 \"lifetime achievement award\" och s\u00e5dana priser, s\u00e4ger Svenska Budo & Kampsportsf\u00f6rbundets ordf\u00f6rande Stefan Stenudd.","breadcrumb":{"@id":"https:\/\/www.budokampsport.se\/2010\/03\/08\/det-har-ar-sbks-hederspris\/#breadcrumb"},"inLanguage":"sv-SE","potentialAction":[{"@type":"ReadAction","target":["https:\/\/www.budokampsport.se\/2010\/03\/08\/det-har-ar-sbks-hederspris\/"]}]},{"@type":"BreadcrumbList","@id":"https:\/\/www.budokampsport.se\/2010\/03\/08\/det-har-ar-sbks-hederspris\/#breadcrumb","itemListElement":[{"@type":"ListItem","position":1,"name":"Hem","item":"https:\/\/www.budokampsport.se\/"},{"@type":"ListItem","position":2,"name":"Det h\u00e4r \u00e4r SB&#038;K:s hederspris"}]},{"@type":"WebSite","@id":"https:\/\/www.budokampsport.se\/#website","url":"https:\/\/www.budokampsport.se\/","name":"Svenska Budo &amp; Kampsportsf\u00f6rbundet","description":"T\u00e4vling, Tr\u00e4ning, Tradition","potentialAction":[{"@type":"SearchAction","target":{"@type":"EntryPoint","urlTemplate":"https:\/\/www.budokampsport.se\/?s={search_term_string}"},"query-input":{"@type":"PropertyValueSpecification","valueRequired":true,"valueName":"search_term_string"}}],"inLanguage":"sv-SE"},{"@type":"Person","@id":"https:\/\/www.budokampsport.se\/#\/schema\/person\/5c06d81d14850e2a8ce5493386560145","name":"Jonathan Broberg","image":{"@type":"ImageObject","inLanguage":"sv-SE","@id":"https:\/\/www.budokampsport.se\/#\/schema\/person\/image\/","url":"https:\/\/secure.gravatar.com\/avatar\/a58041c6cea9128bd9c40ee2f26d4136?s=96&d=blank&r=g","contentUrl":"https:\/\/secure.gravatar.com\/avatar\/a58041c6cea9128bd9c40ee2f26d4136?s=96&d=blank&r=g","caption":"Jonathan Broberg"},"sameAs":["https:\/\/www.facebook.com\/jonathan.broberg.7"],"url":"https:\/\/www.budokampsport.se\/author\/jonathan\/"}]}},"_links":{"self":[{"href":"https:\/\/www.budokampsport.se\/api\/wp\/v2\/posts\/3212","targetHints":{"allow":["GET"]}}],"collection":[{"href":"https:\/\/www.budokampsport.se\/api\/wp\/v2\/posts"}],"about":[{"href":"https:\/\/www.budokampsport.se\/api\/wp\/v2\/types\/post"}],"author":[{"embeddable":true,"href":"https:\/\/www.budokampsport.se\/api\/wp\/v2\/users\/7"}],"replies":[{"embeddable":true,"href":"https:\/\/www.budokampsport.se\/api\/wp\/v2\/comments?post=3212"}],"version-history":[{"count":0,"href":"https:\/\/www.budokampsport.se\/api\/wp\/v2\/posts\/3212\/revisions"}],"wp:attachment":[{"href":"https:\/\/www.budokampsport.se\/api\/wp\/v2\/media?parent=3212"}],"wp:term":[{"taxonomy":"category","embeddable":true,"href":"https:\/\/www.budokampsport.se\/api\/wp\/v2\/categories?post=3212"},{"taxonomy":"post_tag","embeddable":true,"href":"https:\/\/www.budokampsport.se\/api\/wp\/v2\/tags?post=3212"}],"curies":[{"name":"wp","href":"https:\/\/api.w.org\/{rel}","templated":true}]}}