{"id":3221,"date":"2010-03-17T10:49:34","date_gmt":"2010-03-17T09:49:34","guid":{"rendered":"http:\/\/budo.wordpress.dev\/2010\/03\/17\/doreen-mansson-klar-for-kampsportsgalan\/"},"modified":"2016-12-06T22:31:02","modified_gmt":"2016-12-06T21:31:02","slug":"doreen-mansson-klar-for-kampsportsgalan","status":"publish","type":"post","link":"https:\/\/www.budokampsport.se\/2010\/03\/17\/doreen-mansson-klar-for-kampsportsgalan\/","title":{"rendered":"Doreen M\u00e5nsson klar f\u00f6r Kampsportsgalan"},"content":{"rendered":"<p><strong>Det \u00e4r fyra dagar kvar till en av \u00e5rets h\u00e4ftigaste kampsportsfestligheter, Kampsportsgalan. Till den kommer SVT-profilen och samtidigt h\u00e5rt kampsports\u00e4lskande Doreen M\u00e5nsson.<br \/><!--break--><\/strong><br \/>Doreen ska dela ut priset till \u00e5rets m\u00e4stare.<br \/>\u00a0\u00a0 &#8211; Det \u00e4r en \u00e4ra f\u00f6r mig. Jag har under l\u00e5ng tid f\u00f6ljt kampsport intensivt och det ska verkligen bli kul det h\u00e4r.<\/p>\n<p>Den 20:e mars klockan 19.00 dras rid\u00e5erna undan f\u00f6r den f\u00f6rsta Kampsportsgalan n\u00e5gonsin. Galan \u00e4r dessutom en del i att Svenska Budo &#038; Kampsportsf\u00f6rbundet fyller 50 \u00e5r.<\/p>\n<p>Tidigare har profiler som George Scott, Paolo Roberto, Anders Carlberg och Karin Mattsson Weijber tackat ja till att dela ut pris p\u00e5 galan. Nu \u00e4r det klart att SVT:s Doreen M\u00e5nsson g\u00f6r dem s\u00e4llskap.<br \/>\u00a0\u00a0 &#8211; \u00c5rets m\u00e4stare, ja du h\u00f6r ju sj\u00e4lv hur det l\u00e5ter. Det \u00e4r verkligen \u00e4rofyllt och ett mycket viktigt pris inom budo och kampsport.<\/p>\n<p><strong>&#8220;M\u00e5nga \u00e4r ju v\u00e4rldsstj\u00e4rnor&#8221;<\/strong><br \/>Att Kampsportsgalan nu blir realitet tror Doreen blir ett viktigt st\u00e4llningstagande f\u00f6r budo och kampsporten.<br \/>\u00a0\u00a0 &#8211; V\u00e5ra idrottare f\u00e5r ju inte det offentliga och mediala utrymme som de f\u00f6rtj\u00e4nar. Vi snackar ju att m\u00e5nga av dem \u00e4r v\u00e4rldsstj\u00e4rnor och oerh\u00f6rt uppskattade utomlands. H\u00e4r hemma \u00e4r det ingen som k\u00e4nner igen dem. D\u00e4r har galan en viktig roll att fylla, tror jag.<\/p>\n<p>Doreen \u00e4r sannerligen kampsportsintresserad. Hon har sj\u00e4lv drivit en klubb och f\u00f6ljer med stort intresse vad som h\u00e4nder inom kampsportsv\u00e4rlden.<br \/>\u00a0\u00a0 &#8211; Jag st\u00e4ller klockan och g\u00e5r upp mitt i n\u00e4tterna f\u00f6r att f\u00f6lja matcherna. Jag har g\u00e5tt p\u00e5 m\u00e4ngder av galor och jag \u00e4r v\u00e4ldigt imponerad av den kroppskontroll och tr\u00e4ningsflitighet som kampsport kr\u00e4ver.<br \/>\u00a0\u00a0 &#8211; Vissa gillar Mats Sundin och hockey. Jag gillar kampsport. D\u00e4rf\u00f6r \u00e4r jag verkligen stolt \u00f6ver att f\u00e5 dela ut ett pris. Det ska bli v\u00e4ldigt roligt.<\/p>\n<p>Kampsportsgalan 2010 presenteras av Svenska Budo &#038; Kampsportsf\u00f6rbundet i samarbete med Fighter Magazine och Nyheter24. F\u00f6r mer information, se <a href=\"http:\/\/www.kampsportgalan2010.se\/\">www.kampsportsgalan2010.se<\/a>.<\/p>\n<p>Text: Jonathan Broberg<\/p>\n","protected":false},"excerpt":{"rendered":"<p><strong>Det \u00e4r fyra dagar kvar till en av \u00e5rets h\u00e4ftigaste kampsportsfestligheter, Kampsportsgalan. Till den kommer SVT-profilen och samtidigt h\u00e5rt kampsports\u00e4lskande Doreen M\u00e5nsson.<\/p><br>","protected":false},"author":7,"featured_media":0,"comment_status":"closed","ping_status":"closed","sticky":false,"template":"","format":"standard","meta":{"_acf_changed":false,"footnotes":""},"categories":[1],"tags":[],"class_list":["post-3221","post","type-post","status-publish","format-standard","hentry","category-okategoriserade"],"acf":[],"yoast_head":"<!-- This site is optimized with the Yoast SEO plugin v26.8 - https:\/\/yoast.com\/product\/yoast-seo-wordpress\/ -->\n<title>Doreen M\u00e5nsson klar f\u00f6r Kampsportsgalan - Svenska Budo &amp; Kampsportsf\u00f6rbundet<\/title>\n<meta name=\"description\" content=\"Det \u00e4r fyra dagar kvar till en av \u00e5rets h\u00e4ftigaste kampsportsfestligheter, Kampsportsgalan. Till den kommer SVT-profilen och samtidigt h\u00e5rt kampsports\u00e4lskande Doreen M\u00e5nsson.\" \/>\n<meta name=\"robots\" content=\"index, follow, max-snippet:-1, max-image-preview:large, max-video-preview:-1\" \/>\n<link rel=\"canonical\" href=\"https:\/\/www.budokampsport.se\/2010\/03\/17\/doreen-mansson-klar-for-kampsportsgalan\/\" \/>\n<meta property=\"og:locale\" content=\"sv_SE\" \/>\n<meta property=\"og:type\" content=\"article\" \/>\n<meta property=\"og:title\" content=\"Doreen M\u00e5nsson klar f\u00f6r Kampsportsgalan - Svenska Budo &amp; Kampsportsf\u00f6rbundet\" \/>\n<meta property=\"og:description\" content=\"Det \u00e4r fyra dagar kvar till en av \u00e5rets h\u00e4ftigaste kampsportsfestligheter, Kampsportsgalan. Till den kommer SVT-profilen och samtidigt h\u00e5rt kampsports\u00e4lskande Doreen M\u00e5nsson.\" \/>\n<meta property=\"og:url\" content=\"https:\/\/www.budokampsport.se\/2010\/03\/17\/doreen-mansson-klar-for-kampsportsgalan\/\" \/>\n<meta property=\"og:site_name\" content=\"Svenska Budo &amp; Kampsportsf\u00f6rbundet\" \/>\n<meta property=\"article:author\" content=\"https:\/\/www.facebook.com\/jonathan.broberg.7\" \/>\n<meta property=\"article:published_time\" content=\"2010-03-17T09:49:34+00:00\" \/>\n<meta property=\"article:modified_time\" content=\"2016-12-06T21:31:02+00:00\" \/>\n<meta name=\"author\" content=\"Jonathan Broberg\" \/>\n<meta name=\"twitter:card\" content=\"summary_large_image\" \/>\n<meta name=\"twitter:label1\" content=\"Skriven av\" \/>\n\t<meta name=\"twitter:data1\" content=\"Jonathan Broberg\" \/>\n\t<meta name=\"twitter:label2\" content=\"Ber\u00e4knad l\u00e4stid\" \/>\n\t<meta name=\"twitter:data2\" content=\"2 minuter\" \/>\n<script type=\"application\/ld+json\" class=\"yoast-schema-graph\">{\"@context\":\"https:\/\/schema.org\",\"@graph\":[{\"@type\":\"Article\",\"@id\":\"https:\/\/www.budokampsport.se\/2010\/03\/17\/doreen-mansson-klar-for-kampsportsgalan\/#article\",\"isPartOf\":{\"@id\":\"https:\/\/www.budokampsport.se\/2010\/03\/17\/doreen-mansson-klar-for-kampsportsgalan\/\"},\"author\":{\"name\":\"Jonathan Broberg\",\"@id\":\"https:\/\/www.budokampsport.se\/#\/schema\/person\/5c06d81d14850e2a8ce5493386560145\"},\"headline\":\"Doreen M\u00e5nsson klar f\u00f6r Kampsportsgalan\",\"datePublished\":\"2010-03-17T09:49:34+00:00\",\"dateModified\":\"2016-12-06T21:31:02+00:00\",\"mainEntityOfPage\":{\"@id\":\"https:\/\/www.budokampsport.se\/2010\/03\/17\/doreen-mansson-klar-for-kampsportsgalan\/\"},\"wordCount\":368,\"inLanguage\":\"sv-SE\"},{\"@type\":\"WebPage\",\"@id\":\"https:\/\/www.budokampsport.se\/2010\/03\/17\/doreen-mansson-klar-for-kampsportsgalan\/\",\"url\":\"https:\/\/www.budokampsport.se\/2010\/03\/17\/doreen-mansson-klar-for-kampsportsgalan\/\",\"name\":\"Doreen M\u00e5nsson klar f\u00f6r Kampsportsgalan - Svenska Budo &amp; Kampsportsf\u00f6rbundet\",\"isPartOf\":{\"@id\":\"https:\/\/www.budokampsport.se\/#website\"},\"datePublished\":\"2010-03-17T09:49:34+00:00\",\"dateModified\":\"2016-12-06T21:31:02+00:00\",\"author\":{\"@id\":\"https:\/\/www.budokampsport.se\/#\/schema\/person\/5c06d81d14850e2a8ce5493386560145\"},\"description\":\"Det \u00e4r fyra dagar kvar till en av \u00e5rets h\u00e4ftigaste kampsportsfestligheter, Kampsportsgalan. Till den kommer SVT-profilen och samtidigt h\u00e5rt kampsports\u00e4lskande Doreen M\u00e5nsson.\",\"breadcrumb\":{\"@id\":\"https:\/\/www.budokampsport.se\/2010\/03\/17\/doreen-mansson-klar-for-kampsportsgalan\/#breadcrumb\"},\"inLanguage\":\"sv-SE\",\"potentialAction\":[{\"@type\":\"ReadAction\",\"target\":[\"https:\/\/www.budokampsport.se\/2010\/03\/17\/doreen-mansson-klar-for-kampsportsgalan\/\"]}]},{\"@type\":\"BreadcrumbList\",\"@id\":\"https:\/\/www.budokampsport.se\/2010\/03\/17\/doreen-mansson-klar-for-kampsportsgalan\/#breadcrumb\",\"itemListElement\":[{\"@type\":\"ListItem\",\"position\":1,\"name\":\"Hem\",\"item\":\"https:\/\/www.budokampsport.se\/\"},{\"@type\":\"ListItem\",\"position\":2,\"name\":\"Doreen M\u00e5nsson klar f\u00f6r Kampsportsgalan\"}]},{\"@type\":\"WebSite\",\"@id\":\"https:\/\/www.budokampsport.se\/#website\",\"url\":\"https:\/\/www.budokampsport.se\/\",\"name\":\"Svenska Budo &amp; Kampsportsf\u00f6rbundet\",\"description\":\"T\u00e4vling, Tr\u00e4ning, Tradition\",\"potentialAction\":[{\"@type\":\"SearchAction\",\"target\":{\"@type\":\"EntryPoint\",\"urlTemplate\":\"https:\/\/www.budokampsport.se\/?s={search_term_string}\"},\"query-input\":{\"@type\":\"PropertyValueSpecification\",\"valueRequired\":true,\"valueName\":\"search_term_string\"}}],\"inLanguage\":\"sv-SE\"},{\"@type\":\"Person\",\"@id\":\"https:\/\/www.budokampsport.se\/#\/schema\/person\/5c06d81d14850e2a8ce5493386560145\",\"name\":\"Jonathan Broberg\",\"image\":{\"@type\":\"ImageObject\",\"inLanguage\":\"sv-SE\",\"@id\":\"https:\/\/www.budokampsport.se\/#\/schema\/person\/image\/\",\"url\":\"https:\/\/secure.gravatar.com\/avatar\/a58041c6cea9128bd9c40ee2f26d4136?s=96&d=blank&r=g\",\"contentUrl\":\"https:\/\/secure.gravatar.com\/avatar\/a58041c6cea9128bd9c40ee2f26d4136?s=96&d=blank&r=g\",\"caption\":\"Jonathan Broberg\"},\"sameAs\":[\"https:\/\/www.facebook.com\/jonathan.broberg.7\"],\"url\":\"https:\/\/www.budokampsport.se\/author\/jonathan\/\"}]}<\/script>\n<!-- \/ Yoast SEO plugin. -->","yoast_head_json":{"title":"Doreen M\u00e5nsson klar f\u00f6r Kampsportsgalan - Svenska Budo &amp; Kampsportsf\u00f6rbundet","description":"Det \u00e4r fyra dagar kvar till en av \u00e5rets h\u00e4ftigaste kampsportsfestligheter, Kampsportsgalan. Till den kommer SVT-profilen och samtidigt h\u00e5rt kampsports\u00e4lskande Doreen M\u00e5nsson.","robots":{"index":"index","follow":"follow","max-snippet":"max-snippet:-1","max-image-preview":"max-image-preview:large","max-video-preview":"max-video-preview:-1"},"canonical":"https:\/\/www.budokampsport.se\/2010\/03\/17\/doreen-mansson-klar-for-kampsportsgalan\/","og_locale":"sv_SE","og_type":"article","og_title":"Doreen M\u00e5nsson klar f\u00f6r Kampsportsgalan - Svenska Budo &amp; Kampsportsf\u00f6rbundet","og_description":"Det \u00e4r fyra dagar kvar till en av \u00e5rets h\u00e4ftigaste kampsportsfestligheter, Kampsportsgalan. Till den kommer SVT-profilen och samtidigt h\u00e5rt kampsports\u00e4lskande Doreen M\u00e5nsson.","og_url":"https:\/\/www.budokampsport.se\/2010\/03\/17\/doreen-mansson-klar-for-kampsportsgalan\/","og_site_name":"Svenska Budo &amp; Kampsportsf\u00f6rbundet","article_author":"https:\/\/www.facebook.com\/jonathan.broberg.7","article_published_time":"2010-03-17T09:49:34+00:00","article_modified_time":"2016-12-06T21:31:02+00:00","author":"Jonathan Broberg","twitter_card":"summary_large_image","twitter_misc":{"Skriven av":"Jonathan Broberg","Ber\u00e4knad l\u00e4stid":"2 minuter"},"schema":{"@context":"https:\/\/schema.org","@graph":[{"@type":"Article","@id":"https:\/\/www.budokampsport.se\/2010\/03\/17\/doreen-mansson-klar-for-kampsportsgalan\/#article","isPartOf":{"@id":"https:\/\/www.budokampsport.se\/2010\/03\/17\/doreen-mansson-klar-for-kampsportsgalan\/"},"author":{"name":"Jonathan Broberg","@id":"https:\/\/www.budokampsport.se\/#\/schema\/person\/5c06d81d14850e2a8ce5493386560145"},"headline":"Doreen M\u00e5nsson klar f\u00f6r Kampsportsgalan","datePublished":"2010-03-17T09:49:34+00:00","dateModified":"2016-12-06T21:31:02+00:00","mainEntityOfPage":{"@id":"https:\/\/www.budokampsport.se\/2010\/03\/17\/doreen-mansson-klar-for-kampsportsgalan\/"},"wordCount":368,"inLanguage":"sv-SE"},{"@type":"WebPage","@id":"https:\/\/www.budokampsport.se\/2010\/03\/17\/doreen-mansson-klar-for-kampsportsgalan\/","url":"https:\/\/www.budokampsport.se\/2010\/03\/17\/doreen-mansson-klar-for-kampsportsgalan\/","name":"Doreen M\u00e5nsson klar f\u00f6r Kampsportsgalan - Svenska Budo &amp; Kampsportsf\u00f6rbundet","isPartOf":{"@id":"https:\/\/www.budokampsport.se\/#website"},"datePublished":"2010-03-17T09:49:34+00:00","dateModified":"2016-12-06T21:31:02+00:00","author":{"@id":"https:\/\/www.budokampsport.se\/#\/schema\/person\/5c06d81d14850e2a8ce5493386560145"},"description":"Det \u00e4r fyra dagar kvar till en av \u00e5rets h\u00e4ftigaste kampsportsfestligheter, Kampsportsgalan. Till den kommer SVT-profilen och samtidigt h\u00e5rt kampsports\u00e4lskande Doreen M\u00e5nsson.","breadcrumb":{"@id":"https:\/\/www.budokampsport.se\/2010\/03\/17\/doreen-mansson-klar-for-kampsportsgalan\/#breadcrumb"},"inLanguage":"sv-SE","potentialAction":[{"@type":"ReadAction","target":["https:\/\/www.budokampsport.se\/2010\/03\/17\/doreen-mansson-klar-for-kampsportsgalan\/"]}]},{"@type":"BreadcrumbList","@id":"https:\/\/www.budokampsport.se\/2010\/03\/17\/doreen-mansson-klar-for-kampsportsgalan\/#breadcrumb","itemListElement":[{"@type":"ListItem","position":1,"name":"Hem","item":"https:\/\/www.budokampsport.se\/"},{"@type":"ListItem","position":2,"name":"Doreen M\u00e5nsson klar f\u00f6r Kampsportsgalan"}]},{"@type":"WebSite","@id":"https:\/\/www.budokampsport.se\/#website","url":"https:\/\/www.budokampsport.se\/","name":"Svenska Budo &amp; Kampsportsf\u00f6rbundet","description":"T\u00e4vling, Tr\u00e4ning, Tradition","potentialAction":[{"@type":"SearchAction","target":{"@type":"EntryPoint","urlTemplate":"https:\/\/www.budokampsport.se\/?s={search_term_string}"},"query-input":{"@type":"PropertyValueSpecification","valueRequired":true,"valueName":"search_term_string"}}],"inLanguage":"sv-SE"},{"@type":"Person","@id":"https:\/\/www.budokampsport.se\/#\/schema\/person\/5c06d81d14850e2a8ce5493386560145","name":"Jonathan Broberg","image":{"@type":"ImageObject","inLanguage":"sv-SE","@id":"https:\/\/www.budokampsport.se\/#\/schema\/person\/image\/","url":"https:\/\/secure.gravatar.com\/avatar\/a58041c6cea9128bd9c40ee2f26d4136?s=96&d=blank&r=g","contentUrl":"https:\/\/secure.gravatar.com\/avatar\/a58041c6cea9128bd9c40ee2f26d4136?s=96&d=blank&r=g","caption":"Jonathan Broberg"},"sameAs":["https:\/\/www.facebook.com\/jonathan.broberg.7"],"url":"https:\/\/www.budokampsport.se\/author\/jonathan\/"}]}},"_links":{"self":[{"href":"https:\/\/www.budokampsport.se\/api\/wp\/v2\/posts\/3221","targetHints":{"allow":["GET"]}}],"collection":[{"href":"https:\/\/www.budokampsport.se\/api\/wp\/v2\/posts"}],"about":[{"href":"https:\/\/www.budokampsport.se\/api\/wp\/v2\/types\/post"}],"author":[{"embeddable":true,"href":"https:\/\/www.budokampsport.se\/api\/wp\/v2\/users\/7"}],"replies":[{"embeddable":true,"href":"https:\/\/www.budokampsport.se\/api\/wp\/v2\/comments?post=3221"}],"version-history":[{"count":0,"href":"https:\/\/www.budokampsport.se\/api\/wp\/v2\/posts\/3221\/revisions"}],"wp:attachment":[{"href":"https:\/\/www.budokampsport.se\/api\/wp\/v2\/media?parent=3221"}],"wp:term":[{"taxonomy":"category","embeddable":true,"href":"https:\/\/www.budokampsport.se\/api\/wp\/v2\/categories?post=3221"},{"taxonomy":"post_tag","embeddable":true,"href":"https:\/\/www.budokampsport.se\/api\/wp\/v2\/tags?post=3221"}],"curies":[{"name":"wp","href":"https:\/\/api.w.org\/{rel}","templated":true}]}}