{"id":3222,"date":"2010-03-17T13:08:10","date_gmt":"2010-03-17T12:08:10","guid":{"rendered":"http:\/\/budo.wordpress.dev\/2010\/03\/17\/rosta-pa-folkets-pris-fram-till-galan\/"},"modified":"2016-12-06T22:31:02","modified_gmt":"2016-12-06T21:31:02","slug":"rosta-pa-folkets-pris-fram-till-galan","status":"publish","type":"post","link":"https:\/\/www.budokampsport.se\/2010\/03\/17\/rosta-pa-folkets-pris-fram-till-galan\/","title":{"rendered":"R\u00f6sta p\u00e5 Folkets pris fram till galan"},"content":{"rendered":"<p><P><STRONG><IMG alt=\"\" align=right src=\"http:\/\/www.budokampsport.se\/sites\/default\/files\/Untitled-1.jpg\" width=175 height=102>Det har varit ett enormt intresse f\u00f6r omr\u00f6stningen till Folkets pris. Och fram till en timme innan galan, klockan 18.00 p\u00e5 l\u00f6rdag, kan du alltj\u00e4mt r\u00f6sta p\u00e5 din favorit.<!--break--><BR><\/STRONG><BR>\u00d6ver 3500. S\u00e5 m\u00e5nga unika personer har l\u00e4mnat sin r\u00f6st p\u00e5 vinnare till Folkets pris. D\u00e4rf\u00f6r togs beslut p\u00e5 att r\u00f6stningen forts\u00e4tter fram till 18.00 p\u00e5 galadagen.<BR><BR>\u00a0\u00a0 &#8211; Det \u00e4r ju helt fantastiskt med detta intresse. Jag tror inte n\u00e5gon av oss inblandade hade v\u00e5gat hoppas p\u00e5 s\u00e5 m\u00e5nga r\u00f6ster. Men det g\u00f6r ju att priset k\u00e4nns \u00e4nnu mer viktigt, naturligtvis, s\u00e4ger Svenska Budo &#038; Kampsportsf\u00f6rbundets kanslichef Mona Thun Lundkvist.<BR><BR><A href=\"http:\/\/kampsportsgalan2010.se\/folkets-pris\">R\u00f6sta fram din favorit till Folket pris h\u00e4r!<\/A><BR><BR>Text: Jonathan Broberg<\/P><\/p>\n","protected":false},"excerpt":{"rendered":"<p><P><STRONG><IMG alt=\"\" align=right src=\"http:\/\/www.budokampsport.se\/sites\/default\/files\/Untitled-1.jpg\" width=175 height=102>Det har varit ett enormt intresse f\u00f6r omr\u00f6stningen till Folkets pris. Och fram till en timme innan galan, klockan 18.00 p\u00e5 l\u00f6rdag, kan du alltj\u00e4mt r\u00f6sta p\u00e5 din favorit.<\/p><br>","protected":false},"author":7,"featured_media":0,"comment_status":"closed","ping_status":"closed","sticky":false,"template":"","format":"standard","meta":{"_acf_changed":false,"footnotes":""},"categories":[1],"tags":[],"class_list":["post-3222","post","type-post","status-publish","format-standard","hentry","category-okategoriserade"],"acf":[],"yoast_head":"<!-- This site is optimized with the Yoast SEO plugin v26.8 - https:\/\/yoast.com\/product\/yoast-seo-wordpress\/ -->\n<title>R\u00f6sta p\u00e5 Folkets pris fram till galan - Svenska Budo &amp; Kampsportsf\u00f6rbundet<\/title>\n<meta name=\"description\" content=\"Det har varit ett enormt intresse f\u00f6r omr\u00f6stningen till Folkets pris. Och fram till en timme innan galan, klockan 18.00 p\u00e5 l\u00f6rdag, kan du alltj\u00e4mt r\u00f6sta p\u00e5 din favorit.\" \/>\n<meta name=\"robots\" content=\"index, follow, max-snippet:-1, max-image-preview:large, max-video-preview:-1\" \/>\n<link rel=\"canonical\" href=\"https:\/\/www.budokampsport.se\/2010\/03\/17\/rosta-pa-folkets-pris-fram-till-galan\/\" \/>\n<meta property=\"og:locale\" content=\"sv_SE\" \/>\n<meta property=\"og:type\" content=\"article\" \/>\n<meta property=\"og:title\" content=\"R\u00f6sta p\u00e5 Folkets pris fram till galan - Svenska Budo &amp; Kampsportsf\u00f6rbundet\" \/>\n<meta property=\"og:description\" content=\"Det har varit ett enormt intresse f\u00f6r omr\u00f6stningen till Folkets pris. Och fram till en timme innan galan, klockan 18.00 p\u00e5 l\u00f6rdag, kan du alltj\u00e4mt r\u00f6sta p\u00e5 din favorit.\" \/>\n<meta property=\"og:url\" content=\"https:\/\/www.budokampsport.se\/2010\/03\/17\/rosta-pa-folkets-pris-fram-till-galan\/\" \/>\n<meta property=\"og:site_name\" content=\"Svenska Budo &amp; Kampsportsf\u00f6rbundet\" \/>\n<meta property=\"article:author\" content=\"https:\/\/www.facebook.com\/jonathan.broberg.7\" \/>\n<meta property=\"article:published_time\" content=\"2010-03-17T12:08:10+00:00\" \/>\n<meta property=\"article:modified_time\" content=\"2016-12-06T21:31:02+00:00\" \/>\n<meta name=\"author\" content=\"Jonathan Broberg\" \/>\n<meta name=\"twitter:card\" content=\"summary_large_image\" \/>\n<meta name=\"twitter:label1\" content=\"Skriven av\" \/>\n\t<meta name=\"twitter:data1\" content=\"Jonathan Broberg\" \/>\n\t<meta name=\"twitter:label2\" content=\"Ber\u00e4knad l\u00e4stid\" \/>\n\t<meta name=\"twitter:data2\" content=\"1 minut\" \/>\n<script type=\"application\/ld+json\" class=\"yoast-schema-graph\">{\"@context\":\"https:\/\/schema.org\",\"@graph\":[{\"@type\":\"Article\",\"@id\":\"https:\/\/www.budokampsport.se\/2010\/03\/17\/rosta-pa-folkets-pris-fram-till-galan\/#article\",\"isPartOf\":{\"@id\":\"https:\/\/www.budokampsport.se\/2010\/03\/17\/rosta-pa-folkets-pris-fram-till-galan\/\"},\"author\":{\"name\":\"Jonathan Broberg\",\"@id\":\"https:\/\/www.budokampsport.se\/#\/schema\/person\/5c06d81d14850e2a8ce5493386560145\"},\"headline\":\"R\u00f6sta p\u00e5 Folkets pris fram till galan\",\"datePublished\":\"2010-03-17T12:08:10+00:00\",\"dateModified\":\"2016-12-06T21:31:02+00:00\",\"mainEntityOfPage\":{\"@id\":\"https:\/\/www.budokampsport.se\/2010\/03\/17\/rosta-pa-folkets-pris-fram-till-galan\/\"},\"wordCount\":136,\"inLanguage\":\"sv-SE\"},{\"@type\":\"WebPage\",\"@id\":\"https:\/\/www.budokampsport.se\/2010\/03\/17\/rosta-pa-folkets-pris-fram-till-galan\/\",\"url\":\"https:\/\/www.budokampsport.se\/2010\/03\/17\/rosta-pa-folkets-pris-fram-till-galan\/\",\"name\":\"R\u00f6sta p\u00e5 Folkets pris fram till galan - Svenska Budo &amp; Kampsportsf\u00f6rbundet\",\"isPartOf\":{\"@id\":\"https:\/\/www.budokampsport.se\/#website\"},\"datePublished\":\"2010-03-17T12:08:10+00:00\",\"dateModified\":\"2016-12-06T21:31:02+00:00\",\"author\":{\"@id\":\"https:\/\/www.budokampsport.se\/#\/schema\/person\/5c06d81d14850e2a8ce5493386560145\"},\"description\":\"Det har varit ett enormt intresse f\u00f6r omr\u00f6stningen till Folkets pris. Och fram till en timme innan galan, klockan 18.00 p\u00e5 l\u00f6rdag, kan du alltj\u00e4mt r\u00f6sta p\u00e5 din favorit.\",\"breadcrumb\":{\"@id\":\"https:\/\/www.budokampsport.se\/2010\/03\/17\/rosta-pa-folkets-pris-fram-till-galan\/#breadcrumb\"},\"inLanguage\":\"sv-SE\",\"potentialAction\":[{\"@type\":\"ReadAction\",\"target\":[\"https:\/\/www.budokampsport.se\/2010\/03\/17\/rosta-pa-folkets-pris-fram-till-galan\/\"]}]},{\"@type\":\"BreadcrumbList\",\"@id\":\"https:\/\/www.budokampsport.se\/2010\/03\/17\/rosta-pa-folkets-pris-fram-till-galan\/#breadcrumb\",\"itemListElement\":[{\"@type\":\"ListItem\",\"position\":1,\"name\":\"Hem\",\"item\":\"https:\/\/www.budokampsport.se\/\"},{\"@type\":\"ListItem\",\"position\":2,\"name\":\"R\u00f6sta p\u00e5 Folkets pris fram till galan\"}]},{\"@type\":\"WebSite\",\"@id\":\"https:\/\/www.budokampsport.se\/#website\",\"url\":\"https:\/\/www.budokampsport.se\/\",\"name\":\"Svenska Budo &amp; Kampsportsf\u00f6rbundet\",\"description\":\"T\u00e4vling, Tr\u00e4ning, Tradition\",\"potentialAction\":[{\"@type\":\"SearchAction\",\"target\":{\"@type\":\"EntryPoint\",\"urlTemplate\":\"https:\/\/www.budokampsport.se\/?s={search_term_string}\"},\"query-input\":{\"@type\":\"PropertyValueSpecification\",\"valueRequired\":true,\"valueName\":\"search_term_string\"}}],\"inLanguage\":\"sv-SE\"},{\"@type\":\"Person\",\"@id\":\"https:\/\/www.budokampsport.se\/#\/schema\/person\/5c06d81d14850e2a8ce5493386560145\",\"name\":\"Jonathan Broberg\",\"image\":{\"@type\":\"ImageObject\",\"inLanguage\":\"sv-SE\",\"@id\":\"https:\/\/www.budokampsport.se\/#\/schema\/person\/image\/\",\"url\":\"https:\/\/secure.gravatar.com\/avatar\/a58041c6cea9128bd9c40ee2f26d4136?s=96&d=blank&r=g\",\"contentUrl\":\"https:\/\/secure.gravatar.com\/avatar\/a58041c6cea9128bd9c40ee2f26d4136?s=96&d=blank&r=g\",\"caption\":\"Jonathan Broberg\"},\"sameAs\":[\"https:\/\/www.facebook.com\/jonathan.broberg.7\"],\"url\":\"https:\/\/www.budokampsport.se\/author\/jonathan\/\"}]}<\/script>\n<!-- \/ Yoast SEO plugin. -->","yoast_head_json":{"title":"R\u00f6sta p\u00e5 Folkets pris fram till galan - Svenska Budo &amp; Kampsportsf\u00f6rbundet","description":"Det har varit ett enormt intresse f\u00f6r omr\u00f6stningen till Folkets pris. Och fram till en timme innan galan, klockan 18.00 p\u00e5 l\u00f6rdag, kan du alltj\u00e4mt r\u00f6sta p\u00e5 din favorit.","robots":{"index":"index","follow":"follow","max-snippet":"max-snippet:-1","max-image-preview":"max-image-preview:large","max-video-preview":"max-video-preview:-1"},"canonical":"https:\/\/www.budokampsport.se\/2010\/03\/17\/rosta-pa-folkets-pris-fram-till-galan\/","og_locale":"sv_SE","og_type":"article","og_title":"R\u00f6sta p\u00e5 Folkets pris fram till galan - Svenska Budo &amp; Kampsportsf\u00f6rbundet","og_description":"Det har varit ett enormt intresse f\u00f6r omr\u00f6stningen till Folkets pris. Och fram till en timme innan galan, klockan 18.00 p\u00e5 l\u00f6rdag, kan du alltj\u00e4mt r\u00f6sta p\u00e5 din favorit.","og_url":"https:\/\/www.budokampsport.se\/2010\/03\/17\/rosta-pa-folkets-pris-fram-till-galan\/","og_site_name":"Svenska Budo &amp; Kampsportsf\u00f6rbundet","article_author":"https:\/\/www.facebook.com\/jonathan.broberg.7","article_published_time":"2010-03-17T12:08:10+00:00","article_modified_time":"2016-12-06T21:31:02+00:00","author":"Jonathan Broberg","twitter_card":"summary_large_image","twitter_misc":{"Skriven av":"Jonathan Broberg","Ber\u00e4knad l\u00e4stid":"1 minut"},"schema":{"@context":"https:\/\/schema.org","@graph":[{"@type":"Article","@id":"https:\/\/www.budokampsport.se\/2010\/03\/17\/rosta-pa-folkets-pris-fram-till-galan\/#article","isPartOf":{"@id":"https:\/\/www.budokampsport.se\/2010\/03\/17\/rosta-pa-folkets-pris-fram-till-galan\/"},"author":{"name":"Jonathan Broberg","@id":"https:\/\/www.budokampsport.se\/#\/schema\/person\/5c06d81d14850e2a8ce5493386560145"},"headline":"R\u00f6sta p\u00e5 Folkets pris fram till galan","datePublished":"2010-03-17T12:08:10+00:00","dateModified":"2016-12-06T21:31:02+00:00","mainEntityOfPage":{"@id":"https:\/\/www.budokampsport.se\/2010\/03\/17\/rosta-pa-folkets-pris-fram-till-galan\/"},"wordCount":136,"inLanguage":"sv-SE"},{"@type":"WebPage","@id":"https:\/\/www.budokampsport.se\/2010\/03\/17\/rosta-pa-folkets-pris-fram-till-galan\/","url":"https:\/\/www.budokampsport.se\/2010\/03\/17\/rosta-pa-folkets-pris-fram-till-galan\/","name":"R\u00f6sta p\u00e5 Folkets pris fram till galan - Svenska Budo &amp; Kampsportsf\u00f6rbundet","isPartOf":{"@id":"https:\/\/www.budokampsport.se\/#website"},"datePublished":"2010-03-17T12:08:10+00:00","dateModified":"2016-12-06T21:31:02+00:00","author":{"@id":"https:\/\/www.budokampsport.se\/#\/schema\/person\/5c06d81d14850e2a8ce5493386560145"},"description":"Det har varit ett enormt intresse f\u00f6r omr\u00f6stningen till Folkets pris. Och fram till en timme innan galan, klockan 18.00 p\u00e5 l\u00f6rdag, kan du alltj\u00e4mt r\u00f6sta p\u00e5 din favorit.","breadcrumb":{"@id":"https:\/\/www.budokampsport.se\/2010\/03\/17\/rosta-pa-folkets-pris-fram-till-galan\/#breadcrumb"},"inLanguage":"sv-SE","potentialAction":[{"@type":"ReadAction","target":["https:\/\/www.budokampsport.se\/2010\/03\/17\/rosta-pa-folkets-pris-fram-till-galan\/"]}]},{"@type":"BreadcrumbList","@id":"https:\/\/www.budokampsport.se\/2010\/03\/17\/rosta-pa-folkets-pris-fram-till-galan\/#breadcrumb","itemListElement":[{"@type":"ListItem","position":1,"name":"Hem","item":"https:\/\/www.budokampsport.se\/"},{"@type":"ListItem","position":2,"name":"R\u00f6sta p\u00e5 Folkets pris fram till galan"}]},{"@type":"WebSite","@id":"https:\/\/www.budokampsport.se\/#website","url":"https:\/\/www.budokampsport.se\/","name":"Svenska Budo &amp; Kampsportsf\u00f6rbundet","description":"T\u00e4vling, Tr\u00e4ning, Tradition","potentialAction":[{"@type":"SearchAction","target":{"@type":"EntryPoint","urlTemplate":"https:\/\/www.budokampsport.se\/?s={search_term_string}"},"query-input":{"@type":"PropertyValueSpecification","valueRequired":true,"valueName":"search_term_string"}}],"inLanguage":"sv-SE"},{"@type":"Person","@id":"https:\/\/www.budokampsport.se\/#\/schema\/person\/5c06d81d14850e2a8ce5493386560145","name":"Jonathan Broberg","image":{"@type":"ImageObject","inLanguage":"sv-SE","@id":"https:\/\/www.budokampsport.se\/#\/schema\/person\/image\/","url":"https:\/\/secure.gravatar.com\/avatar\/a58041c6cea9128bd9c40ee2f26d4136?s=96&d=blank&r=g","contentUrl":"https:\/\/secure.gravatar.com\/avatar\/a58041c6cea9128bd9c40ee2f26d4136?s=96&d=blank&r=g","caption":"Jonathan Broberg"},"sameAs":["https:\/\/www.facebook.com\/jonathan.broberg.7"],"url":"https:\/\/www.budokampsport.se\/author\/jonathan\/"}]}},"_links":{"self":[{"href":"https:\/\/www.budokampsport.se\/api\/wp\/v2\/posts\/3222","targetHints":{"allow":["GET"]}}],"collection":[{"href":"https:\/\/www.budokampsport.se\/api\/wp\/v2\/posts"}],"about":[{"href":"https:\/\/www.budokampsport.se\/api\/wp\/v2\/types\/post"}],"author":[{"embeddable":true,"href":"https:\/\/www.budokampsport.se\/api\/wp\/v2\/users\/7"}],"replies":[{"embeddable":true,"href":"https:\/\/www.budokampsport.se\/api\/wp\/v2\/comments?post=3222"}],"version-history":[{"count":0,"href":"https:\/\/www.budokampsport.se\/api\/wp\/v2\/posts\/3222\/revisions"}],"wp:attachment":[{"href":"https:\/\/www.budokampsport.se\/api\/wp\/v2\/media?parent=3222"}],"wp:term":[{"taxonomy":"category","embeddable":true,"href":"https:\/\/www.budokampsport.se\/api\/wp\/v2\/categories?post=3222"},{"taxonomy":"post_tag","embeddable":true,"href":"https:\/\/www.budokampsport.se\/api\/wp\/v2\/tags?post=3222"}],"curies":[{"name":"wp","href":"https:\/\/api.w.org\/{rel}","templated":true}]}}