{"id":3228,"date":"2010-03-19T12:53:45","date_gmt":"2010-03-19T11:53:45","guid":{"rendered":"http:\/\/budo.wordpress.dev\/2010\/03\/19\/thabo-raili-och-attila-de-sista-prisutdelarna\/"},"modified":"2016-12-06T22:31:04","modified_gmt":"2016-12-06T21:31:04","slug":"thabo-raili-och-attila-de-sista-prisutdelarna","status":"publish","type":"post","link":"https:\/\/www.budokampsport.se\/2010\/03\/19\/thabo-raili-och-attila-de-sista-prisutdelarna\/","title":{"rendered":"Thabo, Raili och Attila de sista prisutdelarna"},"content":{"rendered":"<p><P><IMG alt=\"\" align=right src=\"\/sites\/default\/files\/galan.jpg\" width=125 height=177><\/P> <P><STRONG>S\u00e5 \u00e4r d\u00e5 samtliga prisutdelare till Kampsportsgalan imorgon klara. Det kommer att bli en startuppst\u00e4llning vilken gala som helst hade velat ha i sitt f\u00e4lt. Till den redan gedigna listan l\u00e4ggs nu ocks\u00e5 Raili B\u00fckk, Attlia Meszaros och Thabo Motsieloa.<\/STRONG><BR><!--break--><BR>Imorgon \u00e4r det dags! Kampsportsgalan \u00e4r h\u00e4r och de sista pusselbitarna i ett otroligt stj\u00e4rnsp\u00e4ckat prisutdelarg\u00e4ng \u00e4r nu p\u00e5 plats. Svenska Budo &#038; Kampsportsf\u00f6rbundets ordf\u00f6rande Stefan Stenudd ger sin syn p\u00e5 de senaste tillskotten.<BR><BR><STRONG>Raili B\u00fckk <\/STRONG>delar ut priset \u00e5rets klubb tillsammans med bemanningsf\u00f6retaget Athletic Solutions.<BR>\u00a0\u00a0 &#8211; Raili har m\u00e5ng\u00e5rig erfarenhet av att leda klubb och reser dessutom runt en hel del f\u00f6r att hj\u00e4lpa andra klubbar med iaidotr\u00e4ningen. Dessutom \u00e4r hon f\u00f6rbundets vice ordf\u00f6rande.<BR><BR><STRONG>Attila Meszaros <\/STRONG>delar ut det\u00a0prestigefyllda\u00a0priset till \u00e5rets m\u00e4starinna<BR>\u00a0\u00a0 &#8211; Attila \u00e4r en gammal k\u00e4mpe i f\u00f6rbundet, som vet allt om vad det kostar att bli riktigt riktigt bra i sin idrott.<BR><BR><STRONG>Thabo Motsieloa <\/STRONG>kommer att dela ut det stekheta Folkets pris.<BR>\u00a0\u00a0 &#8211; Thabo \u00e4r med de m\u00e5nga galor han har arrangerat inom kampsport en folkets man, som ocks\u00e5 har l\u00e5ng och rik erfarenhet s\u00e5v\u00e4l av att tr\u00e4na som instruera.<BR><BR><STRONG>Stefan, hur tycker du att uppst\u00e4llningen av prisutdelare ser ut?<\/STRONG><BR>\u00a0\u00a0 &#8211; Jag tycker att vi har ett fantastiskt g\u00e4ng prisutdelare, dessutom fr\u00e5n alla m\u00f6jliga h\u00e5ll &#8211; men allihop f\u00f6rtjusta \u00f6ver uppgiften och med hj\u00e4rta som klappar f\u00f6r v\u00e5ra idrotter. Det kan inte bli b\u00e4ttre.<BR><BR><EM>Sedan tidigare kommer Anders Carlberg, Karin Mattsson Weijber, George Scott, Paolo Roberto, Doreen M\u00e5nsson, Stefan Stenudd, Marko Gyllenland och Douglas Roos att dela ut pris.<BR><\/EM><BR>Text: Jonathan Broberg<BR><BR><SPAN style=\"FONT-FAMILY: 'Times New Roman', 'serif'; FONT-SIZE: 12pt; mso-fareast-font-family: 'Times New Roman'; mso-ansi-language: SV; mso-fareast-language: SV; mso-bidi-language: AR-SA\"><BR><BR><\/SPAN><\/P><\/p>\n","protected":false},"excerpt":{"rendered":"<p><P><IMG alt=\"\" align=right src=\"\/sites\/default\/files\/galan.jpg\" width=125 height=177><\/P><br \/><br><P><STRONG>S\u00e5 \u00e4r d\u00e5 samtliga prisutdelare till Kampsportsgalan imorgon klara. Det kommer att bli en startuppst\u00e4llning vilken gala som helst hade velat ha i sitt f\u00e4lt. Till den redan gedigna listan l\u00e4ggs nu ocks\u00e5 Raili B\u00fckk, Attlia Meszaros och Thabo Motsieloa.<\/STRONG><BR><\/p><br>","protected":false},"author":7,"featured_media":0,"comment_status":"closed","ping_status":"closed","sticky":false,"template":"","format":"standard","meta":{"_acf_changed":false,"footnotes":""},"categories":[1],"tags":[],"class_list":["post-3228","post","type-post","status-publish","format-standard","hentry","category-okategoriserade"],"acf":[],"yoast_head":"<!-- This site is optimized with the Yoast SEO plugin v26.8 - https:\/\/yoast.com\/product\/yoast-seo-wordpress\/ -->\n<title>Thabo, Raili och Attila de sista prisutdelarna - Svenska Budo &amp; Kampsportsf\u00f6rbundet<\/title>\n<meta name=\"description\" content=\"S\u00e5 \u00e4r d\u00e5 samtliga prisutdelare till Kampsportsgalan imorgon klara. Det kommer att bli en startuppst\u00e4llning vilken gala som helst hade velat ha i sitt f\u00e4lt. Till den redan gedigna listan l\u00e4ggs nu ocks\u00e5 Raili B\u00fckk, Attlia Meszaros och Thabo Motsieloa.\" \/>\n<meta name=\"robots\" content=\"index, follow, max-snippet:-1, max-image-preview:large, max-video-preview:-1\" \/>\n<link rel=\"canonical\" href=\"https:\/\/www.budokampsport.se\/2010\/03\/19\/thabo-raili-och-attila-de-sista-prisutdelarna\/\" \/>\n<meta property=\"og:locale\" content=\"sv_SE\" \/>\n<meta property=\"og:type\" content=\"article\" \/>\n<meta property=\"og:title\" content=\"Thabo, Raili och Attila de sista prisutdelarna - Svenska Budo &amp; Kampsportsf\u00f6rbundet\" \/>\n<meta property=\"og:description\" content=\"S\u00e5 \u00e4r d\u00e5 samtliga prisutdelare till Kampsportsgalan imorgon klara. Det kommer att bli en startuppst\u00e4llning vilken gala som helst hade velat ha i sitt f\u00e4lt. Till den redan gedigna listan l\u00e4ggs nu ocks\u00e5 Raili B\u00fckk, Attlia Meszaros och Thabo Motsieloa.\" \/>\n<meta property=\"og:url\" content=\"https:\/\/www.budokampsport.se\/2010\/03\/19\/thabo-raili-och-attila-de-sista-prisutdelarna\/\" \/>\n<meta property=\"og:site_name\" content=\"Svenska Budo &amp; Kampsportsf\u00f6rbundet\" \/>\n<meta property=\"article:author\" content=\"https:\/\/www.facebook.com\/jonathan.broberg.7\" \/>\n<meta property=\"article:published_time\" content=\"2010-03-19T11:53:45+00:00\" \/>\n<meta property=\"article:modified_time\" content=\"2016-12-06T21:31:04+00:00\" \/>\n<meta name=\"author\" content=\"Jonathan Broberg\" \/>\n<meta name=\"twitter:card\" content=\"summary_large_image\" \/>\n<meta name=\"twitter:label1\" content=\"Skriven av\" \/>\n\t<meta name=\"twitter:data1\" content=\"Jonathan Broberg\" \/>\n\t<meta name=\"twitter:label2\" content=\"Ber\u00e4knad l\u00e4stid\" \/>\n\t<meta name=\"twitter:data2\" content=\"1 minut\" \/>\n<script type=\"application\/ld+json\" class=\"yoast-schema-graph\">{\"@context\":\"https:\/\/schema.org\",\"@graph\":[{\"@type\":\"Article\",\"@id\":\"https:\/\/www.budokampsport.se\/2010\/03\/19\/thabo-raili-och-attila-de-sista-prisutdelarna\/#article\",\"isPartOf\":{\"@id\":\"https:\/\/www.budokampsport.se\/2010\/03\/19\/thabo-raili-och-attila-de-sista-prisutdelarna\/\"},\"author\":{\"name\":\"Jonathan Broberg\",\"@id\":\"https:\/\/www.budokampsport.se\/#\/schema\/person\/5c06d81d14850e2a8ce5493386560145\"},\"headline\":\"Thabo, Raili och Attila de sista prisutdelarna\",\"datePublished\":\"2010-03-19T11:53:45+00:00\",\"dateModified\":\"2016-12-06T21:31:04+00:00\",\"mainEntityOfPage\":{\"@id\":\"https:\/\/www.budokampsport.se\/2010\/03\/19\/thabo-raili-och-attila-de-sista-prisutdelarna\/\"},\"wordCount\":302,\"inLanguage\":\"sv-SE\"},{\"@type\":\"WebPage\",\"@id\":\"https:\/\/www.budokampsport.se\/2010\/03\/19\/thabo-raili-och-attila-de-sista-prisutdelarna\/\",\"url\":\"https:\/\/www.budokampsport.se\/2010\/03\/19\/thabo-raili-och-attila-de-sista-prisutdelarna\/\",\"name\":\"Thabo, Raili och Attila de sista prisutdelarna - Svenska Budo &amp; Kampsportsf\u00f6rbundet\",\"isPartOf\":{\"@id\":\"https:\/\/www.budokampsport.se\/#website\"},\"datePublished\":\"2010-03-19T11:53:45+00:00\",\"dateModified\":\"2016-12-06T21:31:04+00:00\",\"author\":{\"@id\":\"https:\/\/www.budokampsport.se\/#\/schema\/person\/5c06d81d14850e2a8ce5493386560145\"},\"description\":\"S\u00e5 \u00e4r d\u00e5 samtliga prisutdelare till Kampsportsgalan imorgon klara. Det kommer att bli en startuppst\u00e4llning vilken gala som helst hade velat ha i sitt f\u00e4lt. Till den redan gedigna listan l\u00e4ggs nu ocks\u00e5 Raili B\u00fckk, Attlia Meszaros och Thabo Motsieloa.\",\"breadcrumb\":{\"@id\":\"https:\/\/www.budokampsport.se\/2010\/03\/19\/thabo-raili-och-attila-de-sista-prisutdelarna\/#breadcrumb\"},\"inLanguage\":\"sv-SE\",\"potentialAction\":[{\"@type\":\"ReadAction\",\"target\":[\"https:\/\/www.budokampsport.se\/2010\/03\/19\/thabo-raili-och-attila-de-sista-prisutdelarna\/\"]}]},{\"@type\":\"BreadcrumbList\",\"@id\":\"https:\/\/www.budokampsport.se\/2010\/03\/19\/thabo-raili-och-attila-de-sista-prisutdelarna\/#breadcrumb\",\"itemListElement\":[{\"@type\":\"ListItem\",\"position\":1,\"name\":\"Hem\",\"item\":\"https:\/\/www.budokampsport.se\/\"},{\"@type\":\"ListItem\",\"position\":2,\"name\":\"Thabo, Raili och Attila de sista prisutdelarna\"}]},{\"@type\":\"WebSite\",\"@id\":\"https:\/\/www.budokampsport.se\/#website\",\"url\":\"https:\/\/www.budokampsport.se\/\",\"name\":\"Svenska Budo &amp; Kampsportsf\u00f6rbundet\",\"description\":\"T\u00e4vling, Tr\u00e4ning, Tradition\",\"potentialAction\":[{\"@type\":\"SearchAction\",\"target\":{\"@type\":\"EntryPoint\",\"urlTemplate\":\"https:\/\/www.budokampsport.se\/?s={search_term_string}\"},\"query-input\":{\"@type\":\"PropertyValueSpecification\",\"valueRequired\":true,\"valueName\":\"search_term_string\"}}],\"inLanguage\":\"sv-SE\"},{\"@type\":\"Person\",\"@id\":\"https:\/\/www.budokampsport.se\/#\/schema\/person\/5c06d81d14850e2a8ce5493386560145\",\"name\":\"Jonathan Broberg\",\"image\":{\"@type\":\"ImageObject\",\"inLanguage\":\"sv-SE\",\"@id\":\"https:\/\/www.budokampsport.se\/#\/schema\/person\/image\/\",\"url\":\"https:\/\/secure.gravatar.com\/avatar\/a58041c6cea9128bd9c40ee2f26d4136?s=96&d=blank&r=g\",\"contentUrl\":\"https:\/\/secure.gravatar.com\/avatar\/a58041c6cea9128bd9c40ee2f26d4136?s=96&d=blank&r=g\",\"caption\":\"Jonathan Broberg\"},\"sameAs\":[\"https:\/\/www.facebook.com\/jonathan.broberg.7\"],\"url\":\"https:\/\/www.budokampsport.se\/author\/jonathan\/\"}]}<\/script>\n<!-- \/ Yoast SEO plugin. -->","yoast_head_json":{"title":"Thabo, Raili och Attila de sista prisutdelarna - Svenska Budo &amp; Kampsportsf\u00f6rbundet","description":"S\u00e5 \u00e4r d\u00e5 samtliga prisutdelare till Kampsportsgalan imorgon klara. Det kommer att bli en startuppst\u00e4llning vilken gala som helst hade velat ha i sitt f\u00e4lt. Till den redan gedigna listan l\u00e4ggs nu ocks\u00e5 Raili B\u00fckk, Attlia Meszaros och Thabo Motsieloa.","robots":{"index":"index","follow":"follow","max-snippet":"max-snippet:-1","max-image-preview":"max-image-preview:large","max-video-preview":"max-video-preview:-1"},"canonical":"https:\/\/www.budokampsport.se\/2010\/03\/19\/thabo-raili-och-attila-de-sista-prisutdelarna\/","og_locale":"sv_SE","og_type":"article","og_title":"Thabo, Raili och Attila de sista prisutdelarna - Svenska Budo &amp; Kampsportsf\u00f6rbundet","og_description":"S\u00e5 \u00e4r d\u00e5 samtliga prisutdelare till Kampsportsgalan imorgon klara. Det kommer att bli en startuppst\u00e4llning vilken gala som helst hade velat ha i sitt f\u00e4lt. Till den redan gedigna listan l\u00e4ggs nu ocks\u00e5 Raili B\u00fckk, Attlia Meszaros och Thabo Motsieloa.","og_url":"https:\/\/www.budokampsport.se\/2010\/03\/19\/thabo-raili-och-attila-de-sista-prisutdelarna\/","og_site_name":"Svenska Budo &amp; Kampsportsf\u00f6rbundet","article_author":"https:\/\/www.facebook.com\/jonathan.broberg.7","article_published_time":"2010-03-19T11:53:45+00:00","article_modified_time":"2016-12-06T21:31:04+00:00","author":"Jonathan Broberg","twitter_card":"summary_large_image","twitter_misc":{"Skriven av":"Jonathan Broberg","Ber\u00e4knad l\u00e4stid":"1 minut"},"schema":{"@context":"https:\/\/schema.org","@graph":[{"@type":"Article","@id":"https:\/\/www.budokampsport.se\/2010\/03\/19\/thabo-raili-och-attila-de-sista-prisutdelarna\/#article","isPartOf":{"@id":"https:\/\/www.budokampsport.se\/2010\/03\/19\/thabo-raili-och-attila-de-sista-prisutdelarna\/"},"author":{"name":"Jonathan Broberg","@id":"https:\/\/www.budokampsport.se\/#\/schema\/person\/5c06d81d14850e2a8ce5493386560145"},"headline":"Thabo, Raili och Attila de sista prisutdelarna","datePublished":"2010-03-19T11:53:45+00:00","dateModified":"2016-12-06T21:31:04+00:00","mainEntityOfPage":{"@id":"https:\/\/www.budokampsport.se\/2010\/03\/19\/thabo-raili-och-attila-de-sista-prisutdelarna\/"},"wordCount":302,"inLanguage":"sv-SE"},{"@type":"WebPage","@id":"https:\/\/www.budokampsport.se\/2010\/03\/19\/thabo-raili-och-attila-de-sista-prisutdelarna\/","url":"https:\/\/www.budokampsport.se\/2010\/03\/19\/thabo-raili-och-attila-de-sista-prisutdelarna\/","name":"Thabo, Raili och Attila de sista prisutdelarna - Svenska Budo &amp; Kampsportsf\u00f6rbundet","isPartOf":{"@id":"https:\/\/www.budokampsport.se\/#website"},"datePublished":"2010-03-19T11:53:45+00:00","dateModified":"2016-12-06T21:31:04+00:00","author":{"@id":"https:\/\/www.budokampsport.se\/#\/schema\/person\/5c06d81d14850e2a8ce5493386560145"},"description":"S\u00e5 \u00e4r d\u00e5 samtliga prisutdelare till Kampsportsgalan imorgon klara. Det kommer att bli en startuppst\u00e4llning vilken gala som helst hade velat ha i sitt f\u00e4lt. Till den redan gedigna listan l\u00e4ggs nu ocks\u00e5 Raili B\u00fckk, Attlia Meszaros och Thabo Motsieloa.","breadcrumb":{"@id":"https:\/\/www.budokampsport.se\/2010\/03\/19\/thabo-raili-och-attila-de-sista-prisutdelarna\/#breadcrumb"},"inLanguage":"sv-SE","potentialAction":[{"@type":"ReadAction","target":["https:\/\/www.budokampsport.se\/2010\/03\/19\/thabo-raili-och-attila-de-sista-prisutdelarna\/"]}]},{"@type":"BreadcrumbList","@id":"https:\/\/www.budokampsport.se\/2010\/03\/19\/thabo-raili-och-attila-de-sista-prisutdelarna\/#breadcrumb","itemListElement":[{"@type":"ListItem","position":1,"name":"Hem","item":"https:\/\/www.budokampsport.se\/"},{"@type":"ListItem","position":2,"name":"Thabo, Raili och Attila de sista prisutdelarna"}]},{"@type":"WebSite","@id":"https:\/\/www.budokampsport.se\/#website","url":"https:\/\/www.budokampsport.se\/","name":"Svenska Budo &amp; Kampsportsf\u00f6rbundet","description":"T\u00e4vling, Tr\u00e4ning, Tradition","potentialAction":[{"@type":"SearchAction","target":{"@type":"EntryPoint","urlTemplate":"https:\/\/www.budokampsport.se\/?s={search_term_string}"},"query-input":{"@type":"PropertyValueSpecification","valueRequired":true,"valueName":"search_term_string"}}],"inLanguage":"sv-SE"},{"@type":"Person","@id":"https:\/\/www.budokampsport.se\/#\/schema\/person\/5c06d81d14850e2a8ce5493386560145","name":"Jonathan Broberg","image":{"@type":"ImageObject","inLanguage":"sv-SE","@id":"https:\/\/www.budokampsport.se\/#\/schema\/person\/image\/","url":"https:\/\/secure.gravatar.com\/avatar\/a58041c6cea9128bd9c40ee2f26d4136?s=96&d=blank&r=g","contentUrl":"https:\/\/secure.gravatar.com\/avatar\/a58041c6cea9128bd9c40ee2f26d4136?s=96&d=blank&r=g","caption":"Jonathan Broberg"},"sameAs":["https:\/\/www.facebook.com\/jonathan.broberg.7"],"url":"https:\/\/www.budokampsport.se\/author\/jonathan\/"}]}},"_links":{"self":[{"href":"https:\/\/www.budokampsport.se\/api\/wp\/v2\/posts\/3228","targetHints":{"allow":["GET"]}}],"collection":[{"href":"https:\/\/www.budokampsport.se\/api\/wp\/v2\/posts"}],"about":[{"href":"https:\/\/www.budokampsport.se\/api\/wp\/v2\/types\/post"}],"author":[{"embeddable":true,"href":"https:\/\/www.budokampsport.se\/api\/wp\/v2\/users\/7"}],"replies":[{"embeddable":true,"href":"https:\/\/www.budokampsport.se\/api\/wp\/v2\/comments?post=3228"}],"version-history":[{"count":0,"href":"https:\/\/www.budokampsport.se\/api\/wp\/v2\/posts\/3228\/revisions"}],"wp:attachment":[{"href":"https:\/\/www.budokampsport.se\/api\/wp\/v2\/media?parent=3228"}],"wp:term":[{"taxonomy":"category","embeddable":true,"href":"https:\/\/www.budokampsport.se\/api\/wp\/v2\/categories?post=3228"},{"taxonomy":"post_tag","embeddable":true,"href":"https:\/\/www.budokampsport.se\/api\/wp\/v2\/tags?post=3228"}],"curies":[{"name":"wp","href":"https:\/\/api.w.org\/{rel}","templated":true}]}}