{"id":3229,"date":"2010-03-19T16:14:36","date_gmt":"2010-03-19T15:14:36","guid":{"rendered":"http:\/\/budo.wordpress.dev\/2010\/03\/19\/just-nu-dolph-lundgren-delar-ut-arets-traditionella-utovare\/"},"modified":"2016-12-06T22:31:05","modified_gmt":"2016-12-06T21:31:05","slug":"just-nu-dolph-lundgren-delar-ut-arets-traditionella-utovare","status":"publish","type":"post","link":"https:\/\/www.budokampsport.se\/2010\/03\/19\/just-nu-dolph-lundgren-delar-ut-arets-traditionella-utovare\/","title":{"rendered":"JUST NU: Dolph Lundgren delar ut \u00e5rets traditionella ut\u00f6vare"},"content":{"rendered":"<p><P><STRONG>H\u00e4r kommer s\u00e5 direktrapporteringen ig\u00e5ng fr\u00e5n den f\u00f6rsta Kampsportsgalan<\/STRONG>. <STRONG>En av \u00e5rets stora budo- och kampsportsfester.\u00a0<\/STRONG><BR><!--break--><\/P> <P><STRONG>19.00:<\/STRONG> Hej! Jag heter Jonathan Broberg och \u00e4r Svenska Budo &#038; Kampsportsf\u00f6rbundets informat\u00f6r. Jag kommer att lotsa er genom denna fantastiska galakv\u00e4ll!<BR>\u00a0<\/P> <P>Det \u00e4r f\u00f6r oss p\u00e5 f\u00f6rbundet en \u00e4ra att ha denna festlighet, och just i detta nu \u00f6ppnas d\u00f6rrarna till galalokalen.<BR><BR>Forts\u00e4tt h\u00e4ng med oss. Det blir alldeles s\u00e4rskild kv\u00e4ll kan jag lova.<BR><BR><STRONG>19.20: <\/STRONG>Vi inv\u00e4ntar fortfarande galans start. G\u00e4sterna \u00e4r p\u00e5 plats, och lokalen \u00e4r \u00f6ppnad. Runt 19.40 drar det hela ig\u00e5ng.<BR><BR><STRONG>19.47:<\/STRONG> Svenska Budo &#038; Kampsportsf\u00f6rbundets hedersg\u00e4st Dolph Lundgren anl\u00e4nder till galan och ed det invigs Kampsportsgalan 2010.<BR><BR><STRONG>20.10: F\u00f6rsta priset, som \u00e4r \u00e5rets genombrott delas ut &#8211; och vinnaren blir Amir Albazi!<\/STRONG> Priset delades ut av Rickard Nordstrand.<BR><BR>20.16: Athletic Solutions och Raili B\u00fckk delar ut \u00e5rets klubb, och det blev Nacka Dojo!<BR><BR>20.22 Siegfrid MacIntosh blir \u00e5rets f\u00f6rebild, utdelad av Erik \u00c5sbrink.<BR><BR>20.26: Fighter Magazines \u00e5rets fighter \u00e4r Alexander Gustafsson.<BR><BR><BR>20.27: Marcus \u00d6berg blir \u00e5rets kampsportare, priset utdelat av George Scott<BR><BR>20.33 Varmr\u00e4tt b\u00e4rs in samtidigt som hiphoparen STOR upptr\u00e4der.<BR><BR><STRONG>21.14:<\/STRONG> <STRONG>Urban Aldenklint <\/STRONG>blev\u00a0\u00e5rets ledare, utdelad av Karin Mattsson Weijber<BR><BR>21.19: Bleard Amagjekaj vinner Nyheter24:s stora pris<BR><BR><STRONG>21.30<\/STRONG> Brian Fitkin vinner v\u00e4lregisserat \u00e5rets traditionella ut\u00f6vare, han tog emot priset av l\u00e4rjungen\u00a0Dolph Lundgren\u00a0<BR><BR>\u00a021.47: Caroline Ek, vinner \u00e5rets m\u00e4starinna. Attila Meszaros delade ut. Caroline Ek mottog priset p\u00e5 kryckor.<BR><BR>21.58: Bj\u00f6rn Kj\u00f6llerstr\u00f6m vinner \u00e5rets m\u00e4stare. Doreen M\u00e5nsson delade ut.<BR><BR><STRONG>22.00:<\/STRONG> SB&#038;Ks hederspris g\u00e5r till Kurt Durevall, utdelad av Stefan Stenudd.<BR><BR>22.06: Nu \u00e5terst\u00e5r det bara ett pris, Folkets pris, som kommer att delas ut av Thabo Motsieloa.<BR><BR>22.11: \u00d6ver 4000 r\u00f6ster kom in till Folkets Pris och vinnare blev Alexander Gustafsson.<BR>\u00a0\u00a0\u00a0\u00a0\u00a0\u00a0\u00a0\u00a0\u00a0\u00a0\u00a0\u00a0 &#8211; Otroligt sk\u00f6nt, jag \u00e4r \u00f6verv\u00e4ldigad sade en r\u00f6rd\u00a0Alexander Gustafsson.<BR>\u00a0<\/P><\/p>\n","protected":false},"excerpt":{"rendered":"<p><P><STRONG>H\u00e4r kommer s\u00e5 direktrapporteringen ig\u00e5ng fr\u00e5n den f\u00f6rsta Kampsportsgalan<\/STRONG>. <STRONG>En av \u00e5rets stora budo- och kampsportsfester.\u00a0<\/STRONG><BR><\/p><br>","protected":false},"author":7,"featured_media":0,"comment_status":"closed","ping_status":"closed","sticky":false,"template":"","format":"standard","meta":{"_acf_changed":false,"footnotes":""},"categories":[1],"tags":[],"class_list":["post-3229","post","type-post","status-publish","format-standard","hentry","category-okategoriserade"],"acf":[],"yoast_head":"<!-- This site is optimized with the Yoast SEO plugin v26.8 - https:\/\/yoast.com\/product\/yoast-seo-wordpress\/ -->\n<title>JUST NU: Dolph Lundgren delar ut \u00e5rets traditionella ut\u00f6vare - Svenska Budo &amp; Kampsportsf\u00f6rbundet<\/title>\n<meta name=\"description\" content=\"H\u00e4r kommer s\u00e5 direktrapporteringen ig\u00e5ng fr\u00e5n den f\u00f6rsta Kampsportsgalan. En av \u00e5rets stora budo- och kampsportsfester.\u00a0\" \/>\n<meta name=\"robots\" content=\"index, follow, max-snippet:-1, max-image-preview:large, max-video-preview:-1\" \/>\n<link rel=\"canonical\" href=\"https:\/\/www.budokampsport.se\/2010\/03\/19\/just-nu-dolph-lundgren-delar-ut-arets-traditionella-utovare\/\" \/>\n<meta property=\"og:locale\" content=\"sv_SE\" \/>\n<meta property=\"og:type\" content=\"article\" \/>\n<meta property=\"og:title\" content=\"JUST NU: Dolph Lundgren delar ut \u00e5rets traditionella ut\u00f6vare - Svenska Budo &amp; Kampsportsf\u00f6rbundet\" \/>\n<meta property=\"og:description\" content=\"H\u00e4r kommer s\u00e5 direktrapporteringen ig\u00e5ng fr\u00e5n den f\u00f6rsta Kampsportsgalan. En av \u00e5rets stora budo- och kampsportsfester.\u00a0\" \/>\n<meta property=\"og:url\" content=\"https:\/\/www.budokampsport.se\/2010\/03\/19\/just-nu-dolph-lundgren-delar-ut-arets-traditionella-utovare\/\" \/>\n<meta property=\"og:site_name\" content=\"Svenska Budo &amp; Kampsportsf\u00f6rbundet\" \/>\n<meta property=\"article:author\" content=\"https:\/\/www.facebook.com\/jonathan.broberg.7\" \/>\n<meta property=\"article:published_time\" content=\"2010-03-19T15:14:36+00:00\" \/>\n<meta property=\"article:modified_time\" content=\"2016-12-06T21:31:05+00:00\" \/>\n<meta name=\"author\" content=\"Jonathan Broberg\" \/>\n<meta name=\"twitter:card\" content=\"summary_large_image\" \/>\n<meta name=\"twitter:label1\" content=\"Skriven av\" \/>\n\t<meta name=\"twitter:data1\" content=\"Jonathan Broberg\" \/>\n\t<meta name=\"twitter:label2\" content=\"Ber\u00e4knad l\u00e4stid\" \/>\n\t<meta name=\"twitter:data2\" content=\"2 minuter\" \/>\n<script type=\"application\/ld+json\" class=\"yoast-schema-graph\">{\"@context\":\"https:\/\/schema.org\",\"@graph\":[{\"@type\":\"Article\",\"@id\":\"https:\/\/www.budokampsport.se\/2010\/03\/19\/just-nu-dolph-lundgren-delar-ut-arets-traditionella-utovare\/#article\",\"isPartOf\":{\"@id\":\"https:\/\/www.budokampsport.se\/2010\/03\/19\/just-nu-dolph-lundgren-delar-ut-arets-traditionella-utovare\/\"},\"author\":{\"name\":\"Jonathan Broberg\",\"@id\":\"https:\/\/www.budokampsport.se\/#\/schema\/person\/5c06d81d14850e2a8ce5493386560145\"},\"headline\":\"JUST NU: Dolph Lundgren delar ut \u00e5rets traditionella ut\u00f6vare\",\"datePublished\":\"2010-03-19T15:14:36+00:00\",\"dateModified\":\"2016-12-06T21:31:05+00:00\",\"mainEntityOfPage\":{\"@id\":\"https:\/\/www.budokampsport.se\/2010\/03\/19\/just-nu-dolph-lundgren-delar-ut-arets-traditionella-utovare\/\"},\"wordCount\":326,\"inLanguage\":\"sv-SE\"},{\"@type\":\"WebPage\",\"@id\":\"https:\/\/www.budokampsport.se\/2010\/03\/19\/just-nu-dolph-lundgren-delar-ut-arets-traditionella-utovare\/\",\"url\":\"https:\/\/www.budokampsport.se\/2010\/03\/19\/just-nu-dolph-lundgren-delar-ut-arets-traditionella-utovare\/\",\"name\":\"JUST NU: Dolph Lundgren delar ut \u00e5rets traditionella ut\u00f6vare - Svenska Budo &amp; Kampsportsf\u00f6rbundet\",\"isPartOf\":{\"@id\":\"https:\/\/www.budokampsport.se\/#website\"},\"datePublished\":\"2010-03-19T15:14:36+00:00\",\"dateModified\":\"2016-12-06T21:31:05+00:00\",\"author\":{\"@id\":\"https:\/\/www.budokampsport.se\/#\/schema\/person\/5c06d81d14850e2a8ce5493386560145\"},\"description\":\"H\u00e4r kommer s\u00e5 direktrapporteringen ig\u00e5ng fr\u00e5n den f\u00f6rsta Kampsportsgalan. En av \u00e5rets stora budo- och kampsportsfester.\u00a0\",\"breadcrumb\":{\"@id\":\"https:\/\/www.budokampsport.se\/2010\/03\/19\/just-nu-dolph-lundgren-delar-ut-arets-traditionella-utovare\/#breadcrumb\"},\"inLanguage\":\"sv-SE\",\"potentialAction\":[{\"@type\":\"ReadAction\",\"target\":[\"https:\/\/www.budokampsport.se\/2010\/03\/19\/just-nu-dolph-lundgren-delar-ut-arets-traditionella-utovare\/\"]}]},{\"@type\":\"BreadcrumbList\",\"@id\":\"https:\/\/www.budokampsport.se\/2010\/03\/19\/just-nu-dolph-lundgren-delar-ut-arets-traditionella-utovare\/#breadcrumb\",\"itemListElement\":[{\"@type\":\"ListItem\",\"position\":1,\"name\":\"Hem\",\"item\":\"https:\/\/www.budokampsport.se\/\"},{\"@type\":\"ListItem\",\"position\":2,\"name\":\"JUST NU: Dolph Lundgren delar ut \u00e5rets traditionella ut\u00f6vare\"}]},{\"@type\":\"WebSite\",\"@id\":\"https:\/\/www.budokampsport.se\/#website\",\"url\":\"https:\/\/www.budokampsport.se\/\",\"name\":\"Svenska Budo &amp; Kampsportsf\u00f6rbundet\",\"description\":\"T\u00e4vling, Tr\u00e4ning, Tradition\",\"potentialAction\":[{\"@type\":\"SearchAction\",\"target\":{\"@type\":\"EntryPoint\",\"urlTemplate\":\"https:\/\/www.budokampsport.se\/?s={search_term_string}\"},\"query-input\":{\"@type\":\"PropertyValueSpecification\",\"valueRequired\":true,\"valueName\":\"search_term_string\"}}],\"inLanguage\":\"sv-SE\"},{\"@type\":\"Person\",\"@id\":\"https:\/\/www.budokampsport.se\/#\/schema\/person\/5c06d81d14850e2a8ce5493386560145\",\"name\":\"Jonathan Broberg\",\"image\":{\"@type\":\"ImageObject\",\"inLanguage\":\"sv-SE\",\"@id\":\"https:\/\/www.budokampsport.se\/#\/schema\/person\/image\/\",\"url\":\"https:\/\/secure.gravatar.com\/avatar\/a58041c6cea9128bd9c40ee2f26d4136?s=96&d=blank&r=g\",\"contentUrl\":\"https:\/\/secure.gravatar.com\/avatar\/a58041c6cea9128bd9c40ee2f26d4136?s=96&d=blank&r=g\",\"caption\":\"Jonathan Broberg\"},\"sameAs\":[\"https:\/\/www.facebook.com\/jonathan.broberg.7\"],\"url\":\"https:\/\/www.budokampsport.se\/author\/jonathan\/\"}]}<\/script>\n<!-- \/ Yoast SEO plugin. -->","yoast_head_json":{"title":"JUST NU: Dolph Lundgren delar ut \u00e5rets traditionella ut\u00f6vare - Svenska Budo &amp; Kampsportsf\u00f6rbundet","description":"H\u00e4r kommer s\u00e5 direktrapporteringen ig\u00e5ng fr\u00e5n den f\u00f6rsta Kampsportsgalan. En av \u00e5rets stora budo- och kampsportsfester.\u00a0","robots":{"index":"index","follow":"follow","max-snippet":"max-snippet:-1","max-image-preview":"max-image-preview:large","max-video-preview":"max-video-preview:-1"},"canonical":"https:\/\/www.budokampsport.se\/2010\/03\/19\/just-nu-dolph-lundgren-delar-ut-arets-traditionella-utovare\/","og_locale":"sv_SE","og_type":"article","og_title":"JUST NU: Dolph Lundgren delar ut \u00e5rets traditionella ut\u00f6vare - Svenska Budo &amp; Kampsportsf\u00f6rbundet","og_description":"H\u00e4r kommer s\u00e5 direktrapporteringen ig\u00e5ng fr\u00e5n den f\u00f6rsta Kampsportsgalan. En av \u00e5rets stora budo- och kampsportsfester.\u00a0","og_url":"https:\/\/www.budokampsport.se\/2010\/03\/19\/just-nu-dolph-lundgren-delar-ut-arets-traditionella-utovare\/","og_site_name":"Svenska Budo &amp; Kampsportsf\u00f6rbundet","article_author":"https:\/\/www.facebook.com\/jonathan.broberg.7","article_published_time":"2010-03-19T15:14:36+00:00","article_modified_time":"2016-12-06T21:31:05+00:00","author":"Jonathan Broberg","twitter_card":"summary_large_image","twitter_misc":{"Skriven av":"Jonathan Broberg","Ber\u00e4knad l\u00e4stid":"2 minuter"},"schema":{"@context":"https:\/\/schema.org","@graph":[{"@type":"Article","@id":"https:\/\/www.budokampsport.se\/2010\/03\/19\/just-nu-dolph-lundgren-delar-ut-arets-traditionella-utovare\/#article","isPartOf":{"@id":"https:\/\/www.budokampsport.se\/2010\/03\/19\/just-nu-dolph-lundgren-delar-ut-arets-traditionella-utovare\/"},"author":{"name":"Jonathan Broberg","@id":"https:\/\/www.budokampsport.se\/#\/schema\/person\/5c06d81d14850e2a8ce5493386560145"},"headline":"JUST NU: Dolph Lundgren delar ut \u00e5rets traditionella ut\u00f6vare","datePublished":"2010-03-19T15:14:36+00:00","dateModified":"2016-12-06T21:31:05+00:00","mainEntityOfPage":{"@id":"https:\/\/www.budokampsport.se\/2010\/03\/19\/just-nu-dolph-lundgren-delar-ut-arets-traditionella-utovare\/"},"wordCount":326,"inLanguage":"sv-SE"},{"@type":"WebPage","@id":"https:\/\/www.budokampsport.se\/2010\/03\/19\/just-nu-dolph-lundgren-delar-ut-arets-traditionella-utovare\/","url":"https:\/\/www.budokampsport.se\/2010\/03\/19\/just-nu-dolph-lundgren-delar-ut-arets-traditionella-utovare\/","name":"JUST NU: Dolph Lundgren delar ut \u00e5rets traditionella ut\u00f6vare - Svenska Budo &amp; Kampsportsf\u00f6rbundet","isPartOf":{"@id":"https:\/\/www.budokampsport.se\/#website"},"datePublished":"2010-03-19T15:14:36+00:00","dateModified":"2016-12-06T21:31:05+00:00","author":{"@id":"https:\/\/www.budokampsport.se\/#\/schema\/person\/5c06d81d14850e2a8ce5493386560145"},"description":"H\u00e4r kommer s\u00e5 direktrapporteringen ig\u00e5ng fr\u00e5n den f\u00f6rsta Kampsportsgalan. En av \u00e5rets stora budo- och kampsportsfester.\u00a0","breadcrumb":{"@id":"https:\/\/www.budokampsport.se\/2010\/03\/19\/just-nu-dolph-lundgren-delar-ut-arets-traditionella-utovare\/#breadcrumb"},"inLanguage":"sv-SE","potentialAction":[{"@type":"ReadAction","target":["https:\/\/www.budokampsport.se\/2010\/03\/19\/just-nu-dolph-lundgren-delar-ut-arets-traditionella-utovare\/"]}]},{"@type":"BreadcrumbList","@id":"https:\/\/www.budokampsport.se\/2010\/03\/19\/just-nu-dolph-lundgren-delar-ut-arets-traditionella-utovare\/#breadcrumb","itemListElement":[{"@type":"ListItem","position":1,"name":"Hem","item":"https:\/\/www.budokampsport.se\/"},{"@type":"ListItem","position":2,"name":"JUST NU: Dolph Lundgren delar ut \u00e5rets traditionella ut\u00f6vare"}]},{"@type":"WebSite","@id":"https:\/\/www.budokampsport.se\/#website","url":"https:\/\/www.budokampsport.se\/","name":"Svenska Budo &amp; Kampsportsf\u00f6rbundet","description":"T\u00e4vling, Tr\u00e4ning, Tradition","potentialAction":[{"@type":"SearchAction","target":{"@type":"EntryPoint","urlTemplate":"https:\/\/www.budokampsport.se\/?s={search_term_string}"},"query-input":{"@type":"PropertyValueSpecification","valueRequired":true,"valueName":"search_term_string"}}],"inLanguage":"sv-SE"},{"@type":"Person","@id":"https:\/\/www.budokampsport.se\/#\/schema\/person\/5c06d81d14850e2a8ce5493386560145","name":"Jonathan Broberg","image":{"@type":"ImageObject","inLanguage":"sv-SE","@id":"https:\/\/www.budokampsport.se\/#\/schema\/person\/image\/","url":"https:\/\/secure.gravatar.com\/avatar\/a58041c6cea9128bd9c40ee2f26d4136?s=96&d=blank&r=g","contentUrl":"https:\/\/secure.gravatar.com\/avatar\/a58041c6cea9128bd9c40ee2f26d4136?s=96&d=blank&r=g","caption":"Jonathan Broberg"},"sameAs":["https:\/\/www.facebook.com\/jonathan.broberg.7"],"url":"https:\/\/www.budokampsport.se\/author\/jonathan\/"}]}},"_links":{"self":[{"href":"https:\/\/www.budokampsport.se\/api\/wp\/v2\/posts\/3229","targetHints":{"allow":["GET"]}}],"collection":[{"href":"https:\/\/www.budokampsport.se\/api\/wp\/v2\/posts"}],"about":[{"href":"https:\/\/www.budokampsport.se\/api\/wp\/v2\/types\/post"}],"author":[{"embeddable":true,"href":"https:\/\/www.budokampsport.se\/api\/wp\/v2\/users\/7"}],"replies":[{"embeddable":true,"href":"https:\/\/www.budokampsport.se\/api\/wp\/v2\/comments?post=3229"}],"version-history":[{"count":0,"href":"https:\/\/www.budokampsport.se\/api\/wp\/v2\/posts\/3229\/revisions"}],"wp:attachment":[{"href":"https:\/\/www.budokampsport.se\/api\/wp\/v2\/media?parent=3229"}],"wp:term":[{"taxonomy":"category","embeddable":true,"href":"https:\/\/www.budokampsport.se\/api\/wp\/v2\/categories?post=3229"},{"taxonomy":"post_tag","embeddable":true,"href":"https:\/\/www.budokampsport.se\/api\/wp\/v2\/tags?post=3229"}],"curies":[{"name":"wp","href":"https:\/\/api.w.org\/{rel}","templated":true}]}}