{"id":3236,"date":"2010-03-25T16:15:04","date_gmt":"2010-03-25T15:15:04","guid":{"rendered":"http:\/\/budo.wordpress.dev\/2010\/03\/25\/boken-om-forbundet-ar-slappt\/"},"modified":"2024-07-17T11:27:24","modified_gmt":"2024-07-17T09:27:24","slug":"boken-om-forbundet-ar-slappt","status":"publish","type":"post","link":"https:\/\/www.budokampsport.se\/2010\/03\/25\/boken-om-forbundet-ar-slappt\/","title":{"rendered":"Boken om f\u00f6rbundet \u00e4r sl\u00e4ppt"},"content":{"rendered":"<p><strong>I helgen var det b\u00e5de \u00e5rsst\u00e4mma och Kampsportsgala. Men ytterligare en stor h\u00e4ndelse har h\u00e4nt. Svenska Budo &amp; Kampsportsf\u00f6rbundets 50-\u00e5rsjubileumsbok \u201dT\u00e4vling, tr\u00e4ning, tradition\u201d \u00e4r sl\u00e4ppt. Den g\u00e5r nu att inhandla hos samtliga stora n\u00e4tbokhandlare.<\/strong> <br \/>\n<strong>\u00a0\u00a0 &#8211; Det \u00e4r en mycket v\u00e4lgjord bok, s\u00e4ger en av de tv\u00e5 redakt\u00f6rerna Lars Magnar Enoksen till budokampsport.se.<!--break--><\/strong><\/p>\n<p>Svenska Budo &amp; Kampsportsf\u00f6rbundet forts\u00e4tter sitt 50-\u00e5rsfirande. Nu sl\u00e4pps boken \u201dT\u00e4vling, tr\u00e4ning, tradition\u201d. En bok om Svenska Budo &amp; Kampsportsf\u00f6rbundets 50-\u00e5riga historia.\u00a0<\/p>\n<p>Boken behandlar dels samtliga f\u00f6rbundets idrotter men ocks\u00e5 intervjuer med personer som kan ses som pionj\u00e4rer inom svensk budo och kampsport.<br \/>\n\u00a0\u00a0 &#8211; Det var ett av m\u00e5len n\u00e4r vi b\u00f6rjade att planera boksl\u00e4ppet. Vi ville ha en bok som tar upp allt fr\u00e5n ursprung till idag. Det som har varit roligt \u00e4r att alla som har blivit intervjuade har ber\u00e4ttat \u00f6ppet och \u00e4rligt ocks\u00e5 om v\u00e5rt f\u00f6rbunds inre konflikter, vilket i sig ocks\u00e5 har varit viktigt f\u00f6r v\u00e5rt f\u00f6rbunds utveckling.<\/p>\n<p><strong>F\u00f6r budouvar och kampsportsn\u00f6rdar<br \/>\n<\/strong>Lars Magnar Enoksen \u00e4r en av tv\u00e5 redakt\u00f6rer. Den andre \u00e4r Stefan Stenudd. Lars Magnar menar att m\u00e5nga \u00e5rsb\u00f6cker ofta blir f\u00f6r plottriga med framf\u00f6rallt f\u00f6r mycket bilder.<br \/>\n\u00a0\u00a0 &#8211; Vi ville h\u00e5lla layouten s\u00e5 enkel som m\u00f6jlig. Vi har naturligtvis bilder med, men ist\u00e4llet f\u00f6r att ta med allt har vi valt de allra mest h\u00f6gklassiga. Vi har generellt varit ganska h\u00e5rda i v\u00e5r redigering.<\/p>\n<p><strong>Lars Magnar, kan boken tillf\u00f6ra n\u00e5got \u00e4ven \u00e5t de som inte \u00e4r kampsportsn\u00f6rdar?<br \/>\n<\/strong>\u00a0\u00a0 &#8211; Hahaha. Allts\u00e5 den \u00e4r ju riktad \u00e5t budouvar och kampsportsn\u00f6rdar. Det viktigaste \u00e4r att de blir n\u00f6jda och det \u00e4r jag \u00f6vertygade om att de blir. Men visst, vissa delar av boken kan s\u00e4kerligen\u00a0locka den filmintresserade, den forskningsintresserade och s\u00e5 vidare.<\/p>\n<p>Boken T\u00e4vling, tr\u00e4ning, tradition kan du bland annat\u00a0k\u00f6pa <a href=\"http:\/\/www.adlibris.com\/se\/product.aspx?isbn=9178940311\">h\u00e4r!\u00a0<\/a><\/p>\n<p>Text och foto: Jonathan Broberg<\/p>\n","protected":false},"excerpt":{"rendered":"<p><P><STRONG><IMG alt=\"\" align=right src=\"\/sites\/default\/files\/lars.jpg\" width=150 height=225>I helgen var det b\u00e5de \u00e5rsst\u00e4mma och Kampsportsgala. Men ytterligare en stor h\u00e4ndelse har h\u00e4nt. Svenska Budo &#038; Kampsportsf\u00f6rbundets 50-\u00e5rsjubileumsbok \u201dT\u00e4vling, tr\u00e4ning, tradition\u201d \u00e4r sl\u00e4ppt. Den g\u00e5r nu att inhandla hos samtliga stora n\u00e4tbokhandlare.<\/STRONG> <BR><STRONG>\u00a0\u00a0 &#8211; Det \u00e4r en mycket v\u00e4lgjord bok, s\u00e4ger en av de tv\u00e5 redakt\u00f6rerna Lars Magnar Enoksen till budokampsport.se.<\/p><br>","protected":false},"author":7,"featured_media":0,"comment_status":"closed","ping_status":"closed","sticky":false,"template":"","format":"standard","meta":{"_acf_changed":false,"footnotes":""},"categories":[1],"tags":[],"class_list":["post-3236","post","type-post","status-publish","format-standard","hentry","category-okategoriserade"],"acf":[],"yoast_head":"<!-- This site is optimized with the Yoast SEO plugin v26.8 - https:\/\/yoast.com\/product\/yoast-seo-wordpress\/ -->\n<title>Boken om f\u00f6rbundet \u00e4r sl\u00e4ppt - Svenska Budo &amp; Kampsportsf\u00f6rbundet<\/title>\n<meta name=\"description\" content=\"I helgen var det b\u00e5de \u00e5rsst\u00e4mma och Kampsportsgala. Men ytterligare en stor h\u00e4ndelse har h\u00e4nt. Svenska Budo &amp; Kampsportsf\u00f6rbundets 50-\u00e5rsjubileumsbok \u201dT\u00e4vling, tr\u00e4ning, tradition\u201d \u00e4r sl\u00e4ppt. Den g\u00e5r nu att inhandla hos samtliga stora n\u00e4tbokhandlare. \u00a0\u00a0 - Det \u00e4r en mycket v\u00e4lgjord bok, s\u00e4ger en av de tv\u00e5 redakt\u00f6rerna Lars Magnar Enoksen till budokampsport.se.\" \/>\n<meta name=\"robots\" content=\"index, follow, max-snippet:-1, max-image-preview:large, max-video-preview:-1\" \/>\n<link rel=\"canonical\" href=\"https:\/\/www.budokampsport.se\/2010\/03\/25\/boken-om-forbundet-ar-slappt\/\" \/>\n<meta property=\"og:locale\" content=\"sv_SE\" \/>\n<meta property=\"og:type\" content=\"article\" \/>\n<meta property=\"og:title\" content=\"Boken om f\u00f6rbundet \u00e4r sl\u00e4ppt - Svenska Budo &amp; Kampsportsf\u00f6rbundet\" \/>\n<meta property=\"og:description\" content=\"I helgen var det b\u00e5de \u00e5rsst\u00e4mma och Kampsportsgala. Men ytterligare en stor h\u00e4ndelse har h\u00e4nt. Svenska Budo &amp; Kampsportsf\u00f6rbundets 50-\u00e5rsjubileumsbok \u201dT\u00e4vling, tr\u00e4ning, tradition\u201d \u00e4r sl\u00e4ppt. Den g\u00e5r nu att inhandla hos samtliga stora n\u00e4tbokhandlare. \u00a0\u00a0 - Det \u00e4r en mycket v\u00e4lgjord bok, s\u00e4ger en av de tv\u00e5 redakt\u00f6rerna Lars Magnar Enoksen till budokampsport.se.\" \/>\n<meta property=\"og:url\" content=\"https:\/\/www.budokampsport.se\/2010\/03\/25\/boken-om-forbundet-ar-slappt\/\" \/>\n<meta property=\"og:site_name\" content=\"Svenska Budo &amp; Kampsportsf\u00f6rbundet\" \/>\n<meta property=\"article:author\" content=\"https:\/\/www.facebook.com\/jonathan.broberg.7\" \/>\n<meta property=\"article:published_time\" content=\"2010-03-25T15:15:04+00:00\" \/>\n<meta property=\"article:modified_time\" content=\"2024-07-17T09:27:24+00:00\" \/>\n<meta name=\"author\" content=\"Jonathan Broberg\" \/>\n<meta name=\"twitter:card\" content=\"summary_large_image\" \/>\n<meta name=\"twitter:label1\" content=\"Skriven av\" \/>\n\t<meta name=\"twitter:data1\" content=\"Jonathan Broberg\" \/>\n\t<meta name=\"twitter:label2\" content=\"Ber\u00e4knad l\u00e4stid\" \/>\n\t<meta name=\"twitter:data2\" content=\"2 minuter\" \/>\n<script type=\"application\/ld+json\" class=\"yoast-schema-graph\">{\"@context\":\"https:\/\/schema.org\",\"@graph\":[{\"@type\":\"Article\",\"@id\":\"https:\/\/www.budokampsport.se\/2010\/03\/25\/boken-om-forbundet-ar-slappt\/#article\",\"isPartOf\":{\"@id\":\"https:\/\/www.budokampsport.se\/2010\/03\/25\/boken-om-forbundet-ar-slappt\/\"},\"author\":{\"name\":\"Jonathan Broberg\",\"@id\":\"https:\/\/www.budokampsport.se\/#\/schema\/person\/5c06d81d14850e2a8ce5493386560145\"},\"headline\":\"Boken om f\u00f6rbundet \u00e4r sl\u00e4ppt\",\"datePublished\":\"2010-03-25T15:15:04+00:00\",\"dateModified\":\"2024-07-17T09:27:24+00:00\",\"mainEntityOfPage\":{\"@id\":\"https:\/\/www.budokampsport.se\/2010\/03\/25\/boken-om-forbundet-ar-slappt\/\"},\"wordCount\":362,\"inLanguage\":\"sv-SE\"},{\"@type\":\"WebPage\",\"@id\":\"https:\/\/www.budokampsport.se\/2010\/03\/25\/boken-om-forbundet-ar-slappt\/\",\"url\":\"https:\/\/www.budokampsport.se\/2010\/03\/25\/boken-om-forbundet-ar-slappt\/\",\"name\":\"Boken om f\u00f6rbundet \u00e4r sl\u00e4ppt - Svenska Budo &amp; Kampsportsf\u00f6rbundet\",\"isPartOf\":{\"@id\":\"https:\/\/www.budokampsport.se\/#website\"},\"datePublished\":\"2010-03-25T15:15:04+00:00\",\"dateModified\":\"2024-07-17T09:27:24+00:00\",\"author\":{\"@id\":\"https:\/\/www.budokampsport.se\/#\/schema\/person\/5c06d81d14850e2a8ce5493386560145\"},\"description\":\"I helgen var det b\u00e5de \u00e5rsst\u00e4mma och Kampsportsgala. Men ytterligare en stor h\u00e4ndelse har h\u00e4nt. Svenska Budo & Kampsportsf\u00f6rbundets 50-\u00e5rsjubileumsbok \u201dT\u00e4vling, tr\u00e4ning, tradition\u201d \u00e4r sl\u00e4ppt. Den g\u00e5r nu att inhandla hos samtliga stora n\u00e4tbokhandlare. \u00a0\u00a0 - Det \u00e4r en mycket v\u00e4lgjord bok, s\u00e4ger en av de tv\u00e5 redakt\u00f6rerna Lars Magnar Enoksen till budokampsport.se.\",\"breadcrumb\":{\"@id\":\"https:\/\/www.budokampsport.se\/2010\/03\/25\/boken-om-forbundet-ar-slappt\/#breadcrumb\"},\"inLanguage\":\"sv-SE\",\"potentialAction\":[{\"@type\":\"ReadAction\",\"target\":[\"https:\/\/www.budokampsport.se\/2010\/03\/25\/boken-om-forbundet-ar-slappt\/\"]}]},{\"@type\":\"BreadcrumbList\",\"@id\":\"https:\/\/www.budokampsport.se\/2010\/03\/25\/boken-om-forbundet-ar-slappt\/#breadcrumb\",\"itemListElement\":[{\"@type\":\"ListItem\",\"position\":1,\"name\":\"Hem\",\"item\":\"https:\/\/www.budokampsport.se\/\"},{\"@type\":\"ListItem\",\"position\":2,\"name\":\"Boken om f\u00f6rbundet \u00e4r sl\u00e4ppt\"}]},{\"@type\":\"WebSite\",\"@id\":\"https:\/\/www.budokampsport.se\/#website\",\"url\":\"https:\/\/www.budokampsport.se\/\",\"name\":\"Svenska Budo &amp; Kampsportsf\u00f6rbundet\",\"description\":\"T\u00e4vling, Tr\u00e4ning, Tradition\",\"potentialAction\":[{\"@type\":\"SearchAction\",\"target\":{\"@type\":\"EntryPoint\",\"urlTemplate\":\"https:\/\/www.budokampsport.se\/?s={search_term_string}\"},\"query-input\":{\"@type\":\"PropertyValueSpecification\",\"valueRequired\":true,\"valueName\":\"search_term_string\"}}],\"inLanguage\":\"sv-SE\"},{\"@type\":\"Person\",\"@id\":\"https:\/\/www.budokampsport.se\/#\/schema\/person\/5c06d81d14850e2a8ce5493386560145\",\"name\":\"Jonathan Broberg\",\"image\":{\"@type\":\"ImageObject\",\"inLanguage\":\"sv-SE\",\"@id\":\"https:\/\/www.budokampsport.se\/#\/schema\/person\/image\/\",\"url\":\"https:\/\/secure.gravatar.com\/avatar\/a58041c6cea9128bd9c40ee2f26d4136?s=96&d=blank&r=g\",\"contentUrl\":\"https:\/\/secure.gravatar.com\/avatar\/a58041c6cea9128bd9c40ee2f26d4136?s=96&d=blank&r=g\",\"caption\":\"Jonathan Broberg\"},\"sameAs\":[\"https:\/\/www.facebook.com\/jonathan.broberg.7\"],\"url\":\"https:\/\/www.budokampsport.se\/author\/jonathan\/\"}]}<\/script>\n<!-- \/ Yoast SEO plugin. -->","yoast_head_json":{"title":"Boken om f\u00f6rbundet \u00e4r sl\u00e4ppt - Svenska Budo &amp; Kampsportsf\u00f6rbundet","description":"I helgen var det b\u00e5de \u00e5rsst\u00e4mma och Kampsportsgala. Men ytterligare en stor h\u00e4ndelse har h\u00e4nt. Svenska Budo & Kampsportsf\u00f6rbundets 50-\u00e5rsjubileumsbok \u201dT\u00e4vling, tr\u00e4ning, tradition\u201d \u00e4r sl\u00e4ppt. Den g\u00e5r nu att inhandla hos samtliga stora n\u00e4tbokhandlare. \u00a0\u00a0 - Det \u00e4r en mycket v\u00e4lgjord bok, s\u00e4ger en av de tv\u00e5 redakt\u00f6rerna Lars Magnar Enoksen till budokampsport.se.","robots":{"index":"index","follow":"follow","max-snippet":"max-snippet:-1","max-image-preview":"max-image-preview:large","max-video-preview":"max-video-preview:-1"},"canonical":"https:\/\/www.budokampsport.se\/2010\/03\/25\/boken-om-forbundet-ar-slappt\/","og_locale":"sv_SE","og_type":"article","og_title":"Boken om f\u00f6rbundet \u00e4r sl\u00e4ppt - Svenska Budo &amp; Kampsportsf\u00f6rbundet","og_description":"I helgen var det b\u00e5de \u00e5rsst\u00e4mma och Kampsportsgala. Men ytterligare en stor h\u00e4ndelse har h\u00e4nt. Svenska Budo & Kampsportsf\u00f6rbundets 50-\u00e5rsjubileumsbok \u201dT\u00e4vling, tr\u00e4ning, tradition\u201d \u00e4r sl\u00e4ppt. Den g\u00e5r nu att inhandla hos samtliga stora n\u00e4tbokhandlare. \u00a0\u00a0 - Det \u00e4r en mycket v\u00e4lgjord bok, s\u00e4ger en av de tv\u00e5 redakt\u00f6rerna Lars Magnar Enoksen till budokampsport.se.","og_url":"https:\/\/www.budokampsport.se\/2010\/03\/25\/boken-om-forbundet-ar-slappt\/","og_site_name":"Svenska Budo &amp; Kampsportsf\u00f6rbundet","article_author":"https:\/\/www.facebook.com\/jonathan.broberg.7","article_published_time":"2010-03-25T15:15:04+00:00","article_modified_time":"2024-07-17T09:27:24+00:00","author":"Jonathan Broberg","twitter_card":"summary_large_image","twitter_misc":{"Skriven av":"Jonathan Broberg","Ber\u00e4knad l\u00e4stid":"2 minuter"},"schema":{"@context":"https:\/\/schema.org","@graph":[{"@type":"Article","@id":"https:\/\/www.budokampsport.se\/2010\/03\/25\/boken-om-forbundet-ar-slappt\/#article","isPartOf":{"@id":"https:\/\/www.budokampsport.se\/2010\/03\/25\/boken-om-forbundet-ar-slappt\/"},"author":{"name":"Jonathan Broberg","@id":"https:\/\/www.budokampsport.se\/#\/schema\/person\/5c06d81d14850e2a8ce5493386560145"},"headline":"Boken om f\u00f6rbundet \u00e4r sl\u00e4ppt","datePublished":"2010-03-25T15:15:04+00:00","dateModified":"2024-07-17T09:27:24+00:00","mainEntityOfPage":{"@id":"https:\/\/www.budokampsport.se\/2010\/03\/25\/boken-om-forbundet-ar-slappt\/"},"wordCount":362,"inLanguage":"sv-SE"},{"@type":"WebPage","@id":"https:\/\/www.budokampsport.se\/2010\/03\/25\/boken-om-forbundet-ar-slappt\/","url":"https:\/\/www.budokampsport.se\/2010\/03\/25\/boken-om-forbundet-ar-slappt\/","name":"Boken om f\u00f6rbundet \u00e4r sl\u00e4ppt - Svenska Budo &amp; Kampsportsf\u00f6rbundet","isPartOf":{"@id":"https:\/\/www.budokampsport.se\/#website"},"datePublished":"2010-03-25T15:15:04+00:00","dateModified":"2024-07-17T09:27:24+00:00","author":{"@id":"https:\/\/www.budokampsport.se\/#\/schema\/person\/5c06d81d14850e2a8ce5493386560145"},"description":"I helgen var det b\u00e5de \u00e5rsst\u00e4mma och Kampsportsgala. Men ytterligare en stor h\u00e4ndelse har h\u00e4nt. Svenska Budo & Kampsportsf\u00f6rbundets 50-\u00e5rsjubileumsbok \u201dT\u00e4vling, tr\u00e4ning, tradition\u201d \u00e4r sl\u00e4ppt. Den g\u00e5r nu att inhandla hos samtliga stora n\u00e4tbokhandlare. \u00a0\u00a0 - Det \u00e4r en mycket v\u00e4lgjord bok, s\u00e4ger en av de tv\u00e5 redakt\u00f6rerna Lars Magnar Enoksen till budokampsport.se.","breadcrumb":{"@id":"https:\/\/www.budokampsport.se\/2010\/03\/25\/boken-om-forbundet-ar-slappt\/#breadcrumb"},"inLanguage":"sv-SE","potentialAction":[{"@type":"ReadAction","target":["https:\/\/www.budokampsport.se\/2010\/03\/25\/boken-om-forbundet-ar-slappt\/"]}]},{"@type":"BreadcrumbList","@id":"https:\/\/www.budokampsport.se\/2010\/03\/25\/boken-om-forbundet-ar-slappt\/#breadcrumb","itemListElement":[{"@type":"ListItem","position":1,"name":"Hem","item":"https:\/\/www.budokampsport.se\/"},{"@type":"ListItem","position":2,"name":"Boken om f\u00f6rbundet \u00e4r sl\u00e4ppt"}]},{"@type":"WebSite","@id":"https:\/\/www.budokampsport.se\/#website","url":"https:\/\/www.budokampsport.se\/","name":"Svenska Budo &amp; Kampsportsf\u00f6rbundet","description":"T\u00e4vling, Tr\u00e4ning, Tradition","potentialAction":[{"@type":"SearchAction","target":{"@type":"EntryPoint","urlTemplate":"https:\/\/www.budokampsport.se\/?s={search_term_string}"},"query-input":{"@type":"PropertyValueSpecification","valueRequired":true,"valueName":"search_term_string"}}],"inLanguage":"sv-SE"},{"@type":"Person","@id":"https:\/\/www.budokampsport.se\/#\/schema\/person\/5c06d81d14850e2a8ce5493386560145","name":"Jonathan Broberg","image":{"@type":"ImageObject","inLanguage":"sv-SE","@id":"https:\/\/www.budokampsport.se\/#\/schema\/person\/image\/","url":"https:\/\/secure.gravatar.com\/avatar\/a58041c6cea9128bd9c40ee2f26d4136?s=96&d=blank&r=g","contentUrl":"https:\/\/secure.gravatar.com\/avatar\/a58041c6cea9128bd9c40ee2f26d4136?s=96&d=blank&r=g","caption":"Jonathan Broberg"},"sameAs":["https:\/\/www.facebook.com\/jonathan.broberg.7"],"url":"https:\/\/www.budokampsport.se\/author\/jonathan\/"}]}},"_links":{"self":[{"href":"https:\/\/www.budokampsport.se\/api\/wp\/v2\/posts\/3236","targetHints":{"allow":["GET"]}}],"collection":[{"href":"https:\/\/www.budokampsport.se\/api\/wp\/v2\/posts"}],"about":[{"href":"https:\/\/www.budokampsport.se\/api\/wp\/v2\/types\/post"}],"author":[{"embeddable":true,"href":"https:\/\/www.budokampsport.se\/api\/wp\/v2\/users\/7"}],"replies":[{"embeddable":true,"href":"https:\/\/www.budokampsport.se\/api\/wp\/v2\/comments?post=3236"}],"version-history":[{"count":0,"href":"https:\/\/www.budokampsport.se\/api\/wp\/v2\/posts\/3236\/revisions"}],"wp:attachment":[{"href":"https:\/\/www.budokampsport.se\/api\/wp\/v2\/media?parent=3236"}],"wp:term":[{"taxonomy":"category","embeddable":true,"href":"https:\/\/www.budokampsport.se\/api\/wp\/v2\/categories?post=3236"},{"taxonomy":"post_tag","embeddable":true,"href":"https:\/\/www.budokampsport.se\/api\/wp\/v2\/tags?post=3236"}],"curies":[{"name":"wp","href":"https:\/\/api.w.org\/{rel}","templated":true}]}}