{"id":3241,"date":"2010-04-07T13:32:16","date_gmt":"2010-04-07T11:32:16","guid":{"rendered":"http:\/\/budo.wordpress.dev\/2010\/04\/07\/ju-jutsu-sm-narmar-sig\/"},"modified":"2016-12-06T22:31:08","modified_gmt":"2016-12-06T21:31:08","slug":"ju-jutsu-sm-narmar-sig","status":"publish","type":"post","link":"https:\/\/www.budokampsport.se\/2010\/04\/07\/ju-jutsu-sm-narmar-sig\/","title":{"rendered":"Ju-jutsu-SM n\u00e4rmar sig"},"content":{"rendered":"<p><P><STRONG><IMG alt=\"\" align=right src=\"\/sites\/default\/files\/Sara_Widgren_2.jpg\" width=200 height=200>I Sollentuna utanf\u00f6r Stockholm stiger sp\u00e4nningen och f\u00f6rv\u00e4ntan just nu. Det \u00e4r n\u00e4mligen bara n\u00e5gra f\u00e5 dagar kvar till SM i ju-jutsu h\u00e5lls. De st\u00f6rsta stj\u00e4rnorna \u00e4r p\u00e5 plats, bland andra Sara Widgren som var nominerad p\u00e5 Kampsportsgalan h\u00e4rom sistens.<BR>\u00a0\u00a0 &#8211; Jag st\u00e4ller upp i tv\u00e5 klasser och sj\u00e4lvklart vill jag vinna, s\u00e4ger hon till budokampsport.se<\/STRONG>.<BR><!--break--><BR>P\u00e5 l\u00f6rdag \u00e4r det SM i ju-jutsu. En dag med flera m\u00f6jligheter. \u00c5tminstone f\u00f6r en av svensk ju-jutsus st\u00f6rsta just nu \u2013 Sara Widgren.<BR><BR>Sara, som nyligen var nominerad till Nyheter24:s stora pris vid Kampsportsgalan, kommer att delta i tv\u00e5 klasser under SM, b\u00e5da vill hon vinna.<BR>\u00a0\u00a0 &#8211; Ja, jag k\u00e4nner mig grymt stark i kroppen, trots att det har varit p\u00e5sk. <BR><BR><STRONG>&#8220;Grymt bra form&#8221;<\/STRONG><BR>N\u00e4r portarna \u00f6ppnas till Arena Satelliten i Sollentuna p\u00e5 l\u00f6rdag \u00e4r det en laddad Sara Widgren som entrar mattan.<BR>\u00a0\u00a0 &#8211; Det \u00e4r ju det h\u00e4r som man har planerat hela s\u00e4songen efter, enda sedan man lade upp s\u00e4songen har blickarna varit riktade p\u00e5 SM. Jag \u00e4r s\u00e5 klart j\u00e4tteladdad. Jag har haft en bra uppladdning. Den senaste veckan har jag tr\u00e4nat ganska l\u00e4tt bara f\u00f6r att f\u00e5 ig\u00e5ng kroppen.<BR><BR>Hennes egna f\u00f6rv\u00e4ntningar p\u00e5 SM \u00e4r som tidigare n\u00e4mts h\u00f6ga, men samtidigt vet Sara om att det \u00e4r h\u00e5rd konkurrens om medaljerna.<BR>\u00a0\u00a0 &#8211; Framf\u00f6r allt har jag nog st\u00f6rst chans att vinna i 55-kilosklassen. Men det blir tufft. Jag k\u00e4nner mig dock i grymt bra form och jag har bra fokus p\u00e5 SM, s\u00e5 jag hoppas att det ska g\u00e5 bra.<BR><BR>F\u00f6r den som vill kommer SM-t\u00e4vlingarna att direkts\u00e4ndas p\u00e5 webben. Mer information om detta finns att tillg\u00e5 <A href=\"http:\/\/www.jujutsu.se\/sm2010\/sm2010.html\">h\u00e4r.<\/A><BR><BR>Text: Jonathan Broberg<BR>Foto: Nacka Dojo<\/P><\/p>\n","protected":false},"excerpt":{"rendered":"<p><P><STRONG><IMG alt=\"\" align=right src=\"\/sites\/default\/files\/Sara_Widgren_2.jpg\" width=200 height=200>I Sollentuna utanf\u00f6r Stockholm stiger sp\u00e4nningen och f\u00f6rv\u00e4ntan just nu. Det \u00e4r n\u00e4mligen bara n\u00e5gra f\u00e5 dagar kvar till SM i ju-jutsu h\u00e5lls. De st\u00f6rsta stj\u00e4rnorna \u00e4r p\u00e5 plats, bland andra Sara Widgren som var nominerad p\u00e5 Kampsportsgalan h\u00e4rom sistens.<BR>\u00a0\u00a0 &#8211; Jag st\u00e4ller upp i tv\u00e5 klasser och sj\u00e4lvklart vill jag vinna, s\u00e4ger hon till budokampsport.se<\/STRONG>.<BR><\/p><br>","protected":false},"author":7,"featured_media":0,"comment_status":"closed","ping_status":"closed","sticky":false,"template":"","format":"standard","meta":{"_acf_changed":false,"footnotes":""},"categories":[1],"tags":[],"class_list":["post-3241","post","type-post","status-publish","format-standard","hentry","category-okategoriserade"],"acf":[],"yoast_head":"<!-- This site is optimized with the Yoast SEO plugin v26.8 - https:\/\/yoast.com\/product\/yoast-seo-wordpress\/ -->\n<title>Ju-jutsu-SM n\u00e4rmar sig - Svenska Budo &amp; Kampsportsf\u00f6rbundet<\/title>\n<meta name=\"description\" content=\"I Sollentuna utanf\u00f6r Stockholm stiger sp\u00e4nningen och f\u00f6rv\u00e4ntan just nu. Det \u00e4r n\u00e4mligen bara n\u00e5gra f\u00e5 dagar kvar till SM i ju-jutsu h\u00e5lls. De st\u00f6rsta stj\u00e4rnorna \u00e4r p\u00e5 plats, bland andra Sara Widgren som var nominerad p\u00e5 Kampsportsgalan h\u00e4rom sistens.\u00a0\u00a0 - Jag st\u00e4ller upp i tv\u00e5 klasser och sj\u00e4lvklart vill jag vinna, s\u00e4ger hon till budokampsport.se.\" \/>\n<meta name=\"robots\" content=\"index, follow, max-snippet:-1, max-image-preview:large, max-video-preview:-1\" \/>\n<link rel=\"canonical\" href=\"https:\/\/www.budokampsport.se\/2010\/04\/07\/ju-jutsu-sm-narmar-sig\/\" \/>\n<meta property=\"og:locale\" content=\"sv_SE\" \/>\n<meta property=\"og:type\" content=\"article\" \/>\n<meta property=\"og:title\" content=\"Ju-jutsu-SM n\u00e4rmar sig - Svenska Budo &amp; Kampsportsf\u00f6rbundet\" \/>\n<meta property=\"og:description\" content=\"I Sollentuna utanf\u00f6r Stockholm stiger sp\u00e4nningen och f\u00f6rv\u00e4ntan just nu. Det \u00e4r n\u00e4mligen bara n\u00e5gra f\u00e5 dagar kvar till SM i ju-jutsu h\u00e5lls. De st\u00f6rsta stj\u00e4rnorna \u00e4r p\u00e5 plats, bland andra Sara Widgren som var nominerad p\u00e5 Kampsportsgalan h\u00e4rom sistens.\u00a0\u00a0 - Jag st\u00e4ller upp i tv\u00e5 klasser och sj\u00e4lvklart vill jag vinna, s\u00e4ger hon till budokampsport.se.\" \/>\n<meta property=\"og:url\" content=\"https:\/\/www.budokampsport.se\/2010\/04\/07\/ju-jutsu-sm-narmar-sig\/\" \/>\n<meta property=\"og:site_name\" content=\"Svenska Budo &amp; Kampsportsf\u00f6rbundet\" \/>\n<meta property=\"article:author\" content=\"https:\/\/www.facebook.com\/jonathan.broberg.7\" \/>\n<meta property=\"article:published_time\" content=\"2010-04-07T11:32:16+00:00\" \/>\n<meta property=\"article:modified_time\" content=\"2016-12-06T21:31:08+00:00\" \/>\n<meta name=\"author\" content=\"Jonathan Broberg\" \/>\n<meta name=\"twitter:card\" content=\"summary_large_image\" \/>\n<meta name=\"twitter:label1\" content=\"Skriven av\" \/>\n\t<meta name=\"twitter:data1\" content=\"Jonathan Broberg\" \/>\n\t<meta name=\"twitter:label2\" content=\"Ber\u00e4knad l\u00e4stid\" \/>\n\t<meta name=\"twitter:data2\" content=\"2 minuter\" \/>\n<script type=\"application\/ld+json\" class=\"yoast-schema-graph\">{\"@context\":\"https:\/\/schema.org\",\"@graph\":[{\"@type\":\"Article\",\"@id\":\"https:\/\/www.budokampsport.se\/2010\/04\/07\/ju-jutsu-sm-narmar-sig\/#article\",\"isPartOf\":{\"@id\":\"https:\/\/www.budokampsport.se\/2010\/04\/07\/ju-jutsu-sm-narmar-sig\/\"},\"author\":{\"name\":\"Jonathan Broberg\",\"@id\":\"https:\/\/www.budokampsport.se\/#\/schema\/person\/5c06d81d14850e2a8ce5493386560145\"},\"headline\":\"Ju-jutsu-SM n\u00e4rmar sig\",\"datePublished\":\"2010-04-07T11:32:16+00:00\",\"dateModified\":\"2016-12-06T21:31:08+00:00\",\"mainEntityOfPage\":{\"@id\":\"https:\/\/www.budokampsport.se\/2010\/04\/07\/ju-jutsu-sm-narmar-sig\/\"},\"wordCount\":321,\"inLanguage\":\"sv-SE\"},{\"@type\":\"WebPage\",\"@id\":\"https:\/\/www.budokampsport.se\/2010\/04\/07\/ju-jutsu-sm-narmar-sig\/\",\"url\":\"https:\/\/www.budokampsport.se\/2010\/04\/07\/ju-jutsu-sm-narmar-sig\/\",\"name\":\"Ju-jutsu-SM n\u00e4rmar sig - Svenska Budo &amp; Kampsportsf\u00f6rbundet\",\"isPartOf\":{\"@id\":\"https:\/\/www.budokampsport.se\/#website\"},\"datePublished\":\"2010-04-07T11:32:16+00:00\",\"dateModified\":\"2016-12-06T21:31:08+00:00\",\"author\":{\"@id\":\"https:\/\/www.budokampsport.se\/#\/schema\/person\/5c06d81d14850e2a8ce5493386560145\"},\"description\":\"I Sollentuna utanf\u00f6r Stockholm stiger sp\u00e4nningen och f\u00f6rv\u00e4ntan just nu. Det \u00e4r n\u00e4mligen bara n\u00e5gra f\u00e5 dagar kvar till SM i ju-jutsu h\u00e5lls. De st\u00f6rsta stj\u00e4rnorna \u00e4r p\u00e5 plats, bland andra Sara Widgren som var nominerad p\u00e5 Kampsportsgalan h\u00e4rom sistens.\u00a0\u00a0 - Jag st\u00e4ller upp i tv\u00e5 klasser och sj\u00e4lvklart vill jag vinna, s\u00e4ger hon till budokampsport.se.\",\"breadcrumb\":{\"@id\":\"https:\/\/www.budokampsport.se\/2010\/04\/07\/ju-jutsu-sm-narmar-sig\/#breadcrumb\"},\"inLanguage\":\"sv-SE\",\"potentialAction\":[{\"@type\":\"ReadAction\",\"target\":[\"https:\/\/www.budokampsport.se\/2010\/04\/07\/ju-jutsu-sm-narmar-sig\/\"]}]},{\"@type\":\"BreadcrumbList\",\"@id\":\"https:\/\/www.budokampsport.se\/2010\/04\/07\/ju-jutsu-sm-narmar-sig\/#breadcrumb\",\"itemListElement\":[{\"@type\":\"ListItem\",\"position\":1,\"name\":\"Hem\",\"item\":\"https:\/\/www.budokampsport.se\/\"},{\"@type\":\"ListItem\",\"position\":2,\"name\":\"Ju-jutsu-SM n\u00e4rmar sig\"}]},{\"@type\":\"WebSite\",\"@id\":\"https:\/\/www.budokampsport.se\/#website\",\"url\":\"https:\/\/www.budokampsport.se\/\",\"name\":\"Svenska Budo &amp; Kampsportsf\u00f6rbundet\",\"description\":\"T\u00e4vling, Tr\u00e4ning, Tradition\",\"potentialAction\":[{\"@type\":\"SearchAction\",\"target\":{\"@type\":\"EntryPoint\",\"urlTemplate\":\"https:\/\/www.budokampsport.se\/?s={search_term_string}\"},\"query-input\":{\"@type\":\"PropertyValueSpecification\",\"valueRequired\":true,\"valueName\":\"search_term_string\"}}],\"inLanguage\":\"sv-SE\"},{\"@type\":\"Person\",\"@id\":\"https:\/\/www.budokampsport.se\/#\/schema\/person\/5c06d81d14850e2a8ce5493386560145\",\"name\":\"Jonathan Broberg\",\"image\":{\"@type\":\"ImageObject\",\"inLanguage\":\"sv-SE\",\"@id\":\"https:\/\/www.budokampsport.se\/#\/schema\/person\/image\/\",\"url\":\"https:\/\/secure.gravatar.com\/avatar\/a58041c6cea9128bd9c40ee2f26d4136?s=96&d=blank&r=g\",\"contentUrl\":\"https:\/\/secure.gravatar.com\/avatar\/a58041c6cea9128bd9c40ee2f26d4136?s=96&d=blank&r=g\",\"caption\":\"Jonathan Broberg\"},\"sameAs\":[\"https:\/\/www.facebook.com\/jonathan.broberg.7\"],\"url\":\"https:\/\/www.budokampsport.se\/author\/jonathan\/\"}]}<\/script>\n<!-- \/ Yoast SEO plugin. -->","yoast_head_json":{"title":"Ju-jutsu-SM n\u00e4rmar sig - Svenska Budo &amp; Kampsportsf\u00f6rbundet","description":"I Sollentuna utanf\u00f6r Stockholm stiger sp\u00e4nningen och f\u00f6rv\u00e4ntan just nu. Det \u00e4r n\u00e4mligen bara n\u00e5gra f\u00e5 dagar kvar till SM i ju-jutsu h\u00e5lls. De st\u00f6rsta stj\u00e4rnorna \u00e4r p\u00e5 plats, bland andra Sara Widgren som var nominerad p\u00e5 Kampsportsgalan h\u00e4rom sistens.\u00a0\u00a0 - Jag st\u00e4ller upp i tv\u00e5 klasser och sj\u00e4lvklart vill jag vinna, s\u00e4ger hon till budokampsport.se.","robots":{"index":"index","follow":"follow","max-snippet":"max-snippet:-1","max-image-preview":"max-image-preview:large","max-video-preview":"max-video-preview:-1"},"canonical":"https:\/\/www.budokampsport.se\/2010\/04\/07\/ju-jutsu-sm-narmar-sig\/","og_locale":"sv_SE","og_type":"article","og_title":"Ju-jutsu-SM n\u00e4rmar sig - Svenska Budo &amp; Kampsportsf\u00f6rbundet","og_description":"I Sollentuna utanf\u00f6r Stockholm stiger sp\u00e4nningen och f\u00f6rv\u00e4ntan just nu. Det \u00e4r n\u00e4mligen bara n\u00e5gra f\u00e5 dagar kvar till SM i ju-jutsu h\u00e5lls. De st\u00f6rsta stj\u00e4rnorna \u00e4r p\u00e5 plats, bland andra Sara Widgren som var nominerad p\u00e5 Kampsportsgalan h\u00e4rom sistens.\u00a0\u00a0 - Jag st\u00e4ller upp i tv\u00e5 klasser och sj\u00e4lvklart vill jag vinna, s\u00e4ger hon till budokampsport.se.","og_url":"https:\/\/www.budokampsport.se\/2010\/04\/07\/ju-jutsu-sm-narmar-sig\/","og_site_name":"Svenska Budo &amp; Kampsportsf\u00f6rbundet","article_author":"https:\/\/www.facebook.com\/jonathan.broberg.7","article_published_time":"2010-04-07T11:32:16+00:00","article_modified_time":"2016-12-06T21:31:08+00:00","author":"Jonathan Broberg","twitter_card":"summary_large_image","twitter_misc":{"Skriven av":"Jonathan Broberg","Ber\u00e4knad l\u00e4stid":"2 minuter"},"schema":{"@context":"https:\/\/schema.org","@graph":[{"@type":"Article","@id":"https:\/\/www.budokampsport.se\/2010\/04\/07\/ju-jutsu-sm-narmar-sig\/#article","isPartOf":{"@id":"https:\/\/www.budokampsport.se\/2010\/04\/07\/ju-jutsu-sm-narmar-sig\/"},"author":{"name":"Jonathan Broberg","@id":"https:\/\/www.budokampsport.se\/#\/schema\/person\/5c06d81d14850e2a8ce5493386560145"},"headline":"Ju-jutsu-SM n\u00e4rmar sig","datePublished":"2010-04-07T11:32:16+00:00","dateModified":"2016-12-06T21:31:08+00:00","mainEntityOfPage":{"@id":"https:\/\/www.budokampsport.se\/2010\/04\/07\/ju-jutsu-sm-narmar-sig\/"},"wordCount":321,"inLanguage":"sv-SE"},{"@type":"WebPage","@id":"https:\/\/www.budokampsport.se\/2010\/04\/07\/ju-jutsu-sm-narmar-sig\/","url":"https:\/\/www.budokampsport.se\/2010\/04\/07\/ju-jutsu-sm-narmar-sig\/","name":"Ju-jutsu-SM n\u00e4rmar sig - Svenska Budo &amp; Kampsportsf\u00f6rbundet","isPartOf":{"@id":"https:\/\/www.budokampsport.se\/#website"},"datePublished":"2010-04-07T11:32:16+00:00","dateModified":"2016-12-06T21:31:08+00:00","author":{"@id":"https:\/\/www.budokampsport.se\/#\/schema\/person\/5c06d81d14850e2a8ce5493386560145"},"description":"I Sollentuna utanf\u00f6r Stockholm stiger sp\u00e4nningen och f\u00f6rv\u00e4ntan just nu. Det \u00e4r n\u00e4mligen bara n\u00e5gra f\u00e5 dagar kvar till SM i ju-jutsu h\u00e5lls. De st\u00f6rsta stj\u00e4rnorna \u00e4r p\u00e5 plats, bland andra Sara Widgren som var nominerad p\u00e5 Kampsportsgalan h\u00e4rom sistens.\u00a0\u00a0 - Jag st\u00e4ller upp i tv\u00e5 klasser och sj\u00e4lvklart vill jag vinna, s\u00e4ger hon till budokampsport.se.","breadcrumb":{"@id":"https:\/\/www.budokampsport.se\/2010\/04\/07\/ju-jutsu-sm-narmar-sig\/#breadcrumb"},"inLanguage":"sv-SE","potentialAction":[{"@type":"ReadAction","target":["https:\/\/www.budokampsport.se\/2010\/04\/07\/ju-jutsu-sm-narmar-sig\/"]}]},{"@type":"BreadcrumbList","@id":"https:\/\/www.budokampsport.se\/2010\/04\/07\/ju-jutsu-sm-narmar-sig\/#breadcrumb","itemListElement":[{"@type":"ListItem","position":1,"name":"Hem","item":"https:\/\/www.budokampsport.se\/"},{"@type":"ListItem","position":2,"name":"Ju-jutsu-SM n\u00e4rmar sig"}]},{"@type":"WebSite","@id":"https:\/\/www.budokampsport.se\/#website","url":"https:\/\/www.budokampsport.se\/","name":"Svenska Budo &amp; Kampsportsf\u00f6rbundet","description":"T\u00e4vling, Tr\u00e4ning, Tradition","potentialAction":[{"@type":"SearchAction","target":{"@type":"EntryPoint","urlTemplate":"https:\/\/www.budokampsport.se\/?s={search_term_string}"},"query-input":{"@type":"PropertyValueSpecification","valueRequired":true,"valueName":"search_term_string"}}],"inLanguage":"sv-SE"},{"@type":"Person","@id":"https:\/\/www.budokampsport.se\/#\/schema\/person\/5c06d81d14850e2a8ce5493386560145","name":"Jonathan Broberg","image":{"@type":"ImageObject","inLanguage":"sv-SE","@id":"https:\/\/www.budokampsport.se\/#\/schema\/person\/image\/","url":"https:\/\/secure.gravatar.com\/avatar\/a58041c6cea9128bd9c40ee2f26d4136?s=96&d=blank&r=g","contentUrl":"https:\/\/secure.gravatar.com\/avatar\/a58041c6cea9128bd9c40ee2f26d4136?s=96&d=blank&r=g","caption":"Jonathan Broberg"},"sameAs":["https:\/\/www.facebook.com\/jonathan.broberg.7"],"url":"https:\/\/www.budokampsport.se\/author\/jonathan\/"}]}},"_links":{"self":[{"href":"https:\/\/www.budokampsport.se\/api\/wp\/v2\/posts\/3241","targetHints":{"allow":["GET"]}}],"collection":[{"href":"https:\/\/www.budokampsport.se\/api\/wp\/v2\/posts"}],"about":[{"href":"https:\/\/www.budokampsport.se\/api\/wp\/v2\/types\/post"}],"author":[{"embeddable":true,"href":"https:\/\/www.budokampsport.se\/api\/wp\/v2\/users\/7"}],"replies":[{"embeddable":true,"href":"https:\/\/www.budokampsport.se\/api\/wp\/v2\/comments?post=3241"}],"version-history":[{"count":0,"href":"https:\/\/www.budokampsport.se\/api\/wp\/v2\/posts\/3241\/revisions"}],"wp:attachment":[{"href":"https:\/\/www.budokampsport.se\/api\/wp\/v2\/media?parent=3241"}],"wp:term":[{"taxonomy":"category","embeddable":true,"href":"https:\/\/www.budokampsport.se\/api\/wp\/v2\/categories?post=3241"},{"taxonomy":"post_tag","embeddable":true,"href":"https:\/\/www.budokampsport.se\/api\/wp\/v2\/tags?post=3241"}],"curies":[{"name":"wp","href":"https:\/\/api.w.org\/{rel}","templated":true}]}}