{"id":3263,"date":"2010-04-21T10:11:02","date_gmt":"2010-04-21T08:11:02","guid":{"rendered":"http:\/\/budo.wordpress.dev\/2010\/04\/21\/superior-uppskjuten-1a-maj-nytt-datum\/"},"modified":"2016-12-06T22:31:12","modified_gmt":"2016-12-06T21:31:12","slug":"superior-uppskjuten-1a-maj-nytt-datum","status":"publish","type":"post","link":"https:\/\/www.budokampsport.se\/2010\/04\/21\/superior-uppskjuten-1a-maj-nytt-datum\/","title":{"rendered":"Superior uppskjuten \u2013 1:a maj nytt datum"},"content":{"rendered":"<p><P><STRONG><IMG alt=\"\" align=middle src=\"\/sites\/default\/files\/Babak.jpg\" width=430 height=219><BR>Ig\u00e5r kom nyheten om att Superior Challenge 5 skjuts upp till den f\u00f6rsta maj. Idag fick budokampsport.se tag p\u00e5 en trots allt glad och f\u00f6rv\u00e4ntansfull arrang\u00f6r.<BR>\u00a0\u00a0 &#8211; Vi kan ju dessv\u00e4rre inte styra \u00f6ver Moder Jord, s\u00e4ger Babak Morteza Aghavali.<!--break--><\/STRONG><\/P> <P>P\u00e5 l\u00f6rdag var det s\u00e5ledes t\u00e4nkt att en av norra Europas st\u00f6rsta MMA-galor, Superior Challenge, skulle ha avgjorts.<BR><STRONG><BR>F\u00f6rl\u00e4ngt valborgsfirande ist\u00e4llet<\/STRONG><BR>Men vulkanutbrottet p\u00e5 Island, och det efterf\u00f6ljande flygstoppet runt Europa, tvingar allts\u00e5 Superior Challenge att byta datum p\u00e5 galan. Ny tid f\u00f6r galan blir ist\u00e4llet den f\u00f6rsta maj.<BR>\u00a0\u00a0 &#8211; D\u00e5 f\u00f6rl\u00e4nger vi valborgsfirandet ist\u00e4llet, s\u00e4ger Morteza Aghavali lite sk\u00e4mtsamt.<BR><BR>F\u00f6r trots att det blir betydligt mycket mer arbete kring galan nu \u00e4r Babak \u00e4nd\u00e5 glad. Han har s\u00e5 klart talat med samtliga fighters och alla \u00e4r f\u00f6rst\u00e5ende till varf\u00f6r galan skjuts upp.<BR>\u00a0\u00a0 &#8211; Ja, det \u00e4r de. Det \u00e4r ingen som inte kan t\u00e4vla den 1:a maj, s\u00e5 d\u00e4r blir det inga \u00e4ndringar. Men det \u00e4r klart att vi rent administrativt f\u00e5r jobba extremt h\u00e5rt de n\u00e4rmaste dagarna. Vi har ju 12 internationella matcher. En gala av v\u00e5r dignitet blir ju beroende av flyg, s\u00e5 den h\u00e4r situationen \u00e4r inget vi kan g\u00f6ra n\u00e5got \u00e5t, mer \u00e4n det b\u00e4sta m\u00f6jliga.<BR><BR><STRONG>Babak, p\u00e5verkar framskjutningen av galan det publika intresset f\u00f6r den?<\/STRONG><BR>\u00a0\u00a0 &#8211; Nej, det \u00e4r inget vi har m\u00e4rkt av. Men jag vill po\u00e4ngtera att vi verkligen beh\u00f6ver allas hj\u00e4lp med att n\u00e5r ut med den h\u00e4r informationen. Vi har anv\u00e4nt de kanaler vi f\u00f6rfogar \u00f6ver f\u00f6r att kommunicera ut framskjutningen.<BR><BR><STRONG>P\u00e5 Island finns det 47 aktiva vulkaner, har du koll p\u00e5 deras status f\u00f6r den 1:a maj?<BR><\/STRONG>\u00a0\u00a0 &#8211; Hahaha, nej det kan jag inte s\u00e4ga att jag har. <BR><BR><STRONG>Men du \u00e4r fortfarande god v\u00e4n med Moder Jord?<\/STRONG><BR>\u00a0\u00a0 &#8211; Absolut (skratt).<\/P> <P>Text och\u00a0foto: Jonathan Broberg<BR>\u00a0<BR>\u00a0<\/P><\/p>\n","protected":false},"excerpt":{"rendered":"<p><P><STRONG><IMG alt=\"\" align=middle src=\"\/sites\/default\/files\/Babak.jpg\" width=430 height=219><BR>Ig\u00e5r kom nyheten om att Superior Challenge 5 skjuts upp till den f\u00f6rsta maj. Idag fick budokampsport.se tag p\u00e5 en trots allt glad och f\u00f6rv\u00e4ntansfull arrang\u00f6r.<BR>\u00a0\u00a0 &#8211; Vi kan ju dessv\u00e4rre inte styra \u00f6ver Moder Jord, s\u00e4ger Babak Morteza Aghavali.<\/p><br>","protected":false},"author":7,"featured_media":0,"comment_status":"closed","ping_status":"closed","sticky":false,"template":"","format":"standard","meta":{"_acf_changed":false,"footnotes":""},"categories":[1],"tags":[],"class_list":["post-3263","post","type-post","status-publish","format-standard","hentry","category-okategoriserade"],"acf":[],"yoast_head":"<!-- This site is optimized with the Yoast SEO plugin v26.8 - https:\/\/yoast.com\/product\/yoast-seo-wordpress\/ -->\n<title>Superior uppskjuten \u2013 1:a maj nytt datum - Svenska Budo &amp; Kampsportsf\u00f6rbundet<\/title>\n<meta name=\"description\" content=\"Ig\u00e5r kom nyheten om att Superior Challenge 5 skjuts upp till den f\u00f6rsta maj. Idag fick budokampsport.se tag p\u00e5 en trots allt glad och f\u00f6rv\u00e4ntansfull arrang\u00f6r.\u00a0\u00a0 - Vi kan ju dessv\u00e4rre inte styra \u00f6ver Moder Jord, s\u00e4ger Babak Morteza Aghavali.\" \/>\n<meta name=\"robots\" content=\"index, follow, max-snippet:-1, max-image-preview:large, max-video-preview:-1\" \/>\n<link rel=\"canonical\" href=\"https:\/\/www.budokampsport.se\/2010\/04\/21\/superior-uppskjuten-1a-maj-nytt-datum\/\" \/>\n<meta property=\"og:locale\" content=\"sv_SE\" \/>\n<meta property=\"og:type\" content=\"article\" \/>\n<meta property=\"og:title\" content=\"Superior uppskjuten \u2013 1:a maj nytt datum - Svenska Budo &amp; Kampsportsf\u00f6rbundet\" \/>\n<meta property=\"og:description\" content=\"Ig\u00e5r kom nyheten om att Superior Challenge 5 skjuts upp till den f\u00f6rsta maj. Idag fick budokampsport.se tag p\u00e5 en trots allt glad och f\u00f6rv\u00e4ntansfull arrang\u00f6r.\u00a0\u00a0 - Vi kan ju dessv\u00e4rre inte styra \u00f6ver Moder Jord, s\u00e4ger Babak Morteza Aghavali.\" \/>\n<meta property=\"og:url\" content=\"https:\/\/www.budokampsport.se\/2010\/04\/21\/superior-uppskjuten-1a-maj-nytt-datum\/\" \/>\n<meta property=\"og:site_name\" content=\"Svenska Budo &amp; Kampsportsf\u00f6rbundet\" \/>\n<meta property=\"article:author\" content=\"https:\/\/www.facebook.com\/jonathan.broberg.7\" \/>\n<meta property=\"article:published_time\" content=\"2010-04-21T08:11:02+00:00\" \/>\n<meta property=\"article:modified_time\" content=\"2016-12-06T21:31:12+00:00\" \/>\n<meta name=\"author\" content=\"Jonathan Broberg\" \/>\n<meta name=\"twitter:card\" content=\"summary_large_image\" \/>\n<meta name=\"twitter:label1\" content=\"Skriven av\" \/>\n\t<meta name=\"twitter:data1\" content=\"Jonathan Broberg\" \/>\n\t<meta name=\"twitter:label2\" content=\"Ber\u00e4knad l\u00e4stid\" \/>\n\t<meta name=\"twitter:data2\" content=\"2 minuter\" \/>\n<script type=\"application\/ld+json\" class=\"yoast-schema-graph\">{\"@context\":\"https:\/\/schema.org\",\"@graph\":[{\"@type\":\"Article\",\"@id\":\"https:\/\/www.budokampsport.se\/2010\/04\/21\/superior-uppskjuten-1a-maj-nytt-datum\/#article\",\"isPartOf\":{\"@id\":\"https:\/\/www.budokampsport.se\/2010\/04\/21\/superior-uppskjuten-1a-maj-nytt-datum\/\"},\"author\":{\"name\":\"Jonathan Broberg\",\"@id\":\"https:\/\/www.budokampsport.se\/#\/schema\/person\/5c06d81d14850e2a8ce5493386560145\"},\"headline\":\"Superior uppskjuten \u2013 1:a maj nytt datum\",\"datePublished\":\"2010-04-21T08:11:02+00:00\",\"dateModified\":\"2016-12-06T21:31:12+00:00\",\"mainEntityOfPage\":{\"@id\":\"https:\/\/www.budokampsport.se\/2010\/04\/21\/superior-uppskjuten-1a-maj-nytt-datum\/\"},\"wordCount\":352,\"inLanguage\":\"sv-SE\"},{\"@type\":\"WebPage\",\"@id\":\"https:\/\/www.budokampsport.se\/2010\/04\/21\/superior-uppskjuten-1a-maj-nytt-datum\/\",\"url\":\"https:\/\/www.budokampsport.se\/2010\/04\/21\/superior-uppskjuten-1a-maj-nytt-datum\/\",\"name\":\"Superior uppskjuten \u2013 1:a maj nytt datum - Svenska Budo &amp; Kampsportsf\u00f6rbundet\",\"isPartOf\":{\"@id\":\"https:\/\/www.budokampsport.se\/#website\"},\"datePublished\":\"2010-04-21T08:11:02+00:00\",\"dateModified\":\"2016-12-06T21:31:12+00:00\",\"author\":{\"@id\":\"https:\/\/www.budokampsport.se\/#\/schema\/person\/5c06d81d14850e2a8ce5493386560145\"},\"description\":\"Ig\u00e5r kom nyheten om att Superior Challenge 5 skjuts upp till den f\u00f6rsta maj. Idag fick budokampsport.se tag p\u00e5 en trots allt glad och f\u00f6rv\u00e4ntansfull arrang\u00f6r.\u00a0\u00a0 - Vi kan ju dessv\u00e4rre inte styra \u00f6ver Moder Jord, s\u00e4ger Babak Morteza Aghavali.\",\"breadcrumb\":{\"@id\":\"https:\/\/www.budokampsport.se\/2010\/04\/21\/superior-uppskjuten-1a-maj-nytt-datum\/#breadcrumb\"},\"inLanguage\":\"sv-SE\",\"potentialAction\":[{\"@type\":\"ReadAction\",\"target\":[\"https:\/\/www.budokampsport.se\/2010\/04\/21\/superior-uppskjuten-1a-maj-nytt-datum\/\"]}]},{\"@type\":\"BreadcrumbList\",\"@id\":\"https:\/\/www.budokampsport.se\/2010\/04\/21\/superior-uppskjuten-1a-maj-nytt-datum\/#breadcrumb\",\"itemListElement\":[{\"@type\":\"ListItem\",\"position\":1,\"name\":\"Hem\",\"item\":\"https:\/\/www.budokampsport.se\/\"},{\"@type\":\"ListItem\",\"position\":2,\"name\":\"Superior uppskjuten \u2013 1:a maj nytt datum\"}]},{\"@type\":\"WebSite\",\"@id\":\"https:\/\/www.budokampsport.se\/#website\",\"url\":\"https:\/\/www.budokampsport.se\/\",\"name\":\"Svenska Budo &amp; Kampsportsf\u00f6rbundet\",\"description\":\"T\u00e4vling, Tr\u00e4ning, Tradition\",\"potentialAction\":[{\"@type\":\"SearchAction\",\"target\":{\"@type\":\"EntryPoint\",\"urlTemplate\":\"https:\/\/www.budokampsport.se\/?s={search_term_string}\"},\"query-input\":{\"@type\":\"PropertyValueSpecification\",\"valueRequired\":true,\"valueName\":\"search_term_string\"}}],\"inLanguage\":\"sv-SE\"},{\"@type\":\"Person\",\"@id\":\"https:\/\/www.budokampsport.se\/#\/schema\/person\/5c06d81d14850e2a8ce5493386560145\",\"name\":\"Jonathan Broberg\",\"image\":{\"@type\":\"ImageObject\",\"inLanguage\":\"sv-SE\",\"@id\":\"https:\/\/www.budokampsport.se\/#\/schema\/person\/image\/\",\"url\":\"https:\/\/secure.gravatar.com\/avatar\/a58041c6cea9128bd9c40ee2f26d4136?s=96&d=blank&r=g\",\"contentUrl\":\"https:\/\/secure.gravatar.com\/avatar\/a58041c6cea9128bd9c40ee2f26d4136?s=96&d=blank&r=g\",\"caption\":\"Jonathan Broberg\"},\"sameAs\":[\"https:\/\/www.facebook.com\/jonathan.broberg.7\"],\"url\":\"https:\/\/www.budokampsport.se\/author\/jonathan\/\"}]}<\/script>\n<!-- \/ Yoast SEO plugin. -->","yoast_head_json":{"title":"Superior uppskjuten \u2013 1:a maj nytt datum - Svenska Budo &amp; Kampsportsf\u00f6rbundet","description":"Ig\u00e5r kom nyheten om att Superior Challenge 5 skjuts upp till den f\u00f6rsta maj. Idag fick budokampsport.se tag p\u00e5 en trots allt glad och f\u00f6rv\u00e4ntansfull arrang\u00f6r.\u00a0\u00a0 - Vi kan ju dessv\u00e4rre inte styra \u00f6ver Moder Jord, s\u00e4ger Babak Morteza Aghavali.","robots":{"index":"index","follow":"follow","max-snippet":"max-snippet:-1","max-image-preview":"max-image-preview:large","max-video-preview":"max-video-preview:-1"},"canonical":"https:\/\/www.budokampsport.se\/2010\/04\/21\/superior-uppskjuten-1a-maj-nytt-datum\/","og_locale":"sv_SE","og_type":"article","og_title":"Superior uppskjuten \u2013 1:a maj nytt datum - Svenska Budo &amp; Kampsportsf\u00f6rbundet","og_description":"Ig\u00e5r kom nyheten om att Superior Challenge 5 skjuts upp till den f\u00f6rsta maj. Idag fick budokampsport.se tag p\u00e5 en trots allt glad och f\u00f6rv\u00e4ntansfull arrang\u00f6r.\u00a0\u00a0 - Vi kan ju dessv\u00e4rre inte styra \u00f6ver Moder Jord, s\u00e4ger Babak Morteza Aghavali.","og_url":"https:\/\/www.budokampsport.se\/2010\/04\/21\/superior-uppskjuten-1a-maj-nytt-datum\/","og_site_name":"Svenska Budo &amp; Kampsportsf\u00f6rbundet","article_author":"https:\/\/www.facebook.com\/jonathan.broberg.7","article_published_time":"2010-04-21T08:11:02+00:00","article_modified_time":"2016-12-06T21:31:12+00:00","author":"Jonathan Broberg","twitter_card":"summary_large_image","twitter_misc":{"Skriven av":"Jonathan Broberg","Ber\u00e4knad l\u00e4stid":"2 minuter"},"schema":{"@context":"https:\/\/schema.org","@graph":[{"@type":"Article","@id":"https:\/\/www.budokampsport.se\/2010\/04\/21\/superior-uppskjuten-1a-maj-nytt-datum\/#article","isPartOf":{"@id":"https:\/\/www.budokampsport.se\/2010\/04\/21\/superior-uppskjuten-1a-maj-nytt-datum\/"},"author":{"name":"Jonathan Broberg","@id":"https:\/\/www.budokampsport.se\/#\/schema\/person\/5c06d81d14850e2a8ce5493386560145"},"headline":"Superior uppskjuten \u2013 1:a maj nytt datum","datePublished":"2010-04-21T08:11:02+00:00","dateModified":"2016-12-06T21:31:12+00:00","mainEntityOfPage":{"@id":"https:\/\/www.budokampsport.se\/2010\/04\/21\/superior-uppskjuten-1a-maj-nytt-datum\/"},"wordCount":352,"inLanguage":"sv-SE"},{"@type":"WebPage","@id":"https:\/\/www.budokampsport.se\/2010\/04\/21\/superior-uppskjuten-1a-maj-nytt-datum\/","url":"https:\/\/www.budokampsport.se\/2010\/04\/21\/superior-uppskjuten-1a-maj-nytt-datum\/","name":"Superior uppskjuten \u2013 1:a maj nytt datum - Svenska Budo &amp; Kampsportsf\u00f6rbundet","isPartOf":{"@id":"https:\/\/www.budokampsport.se\/#website"},"datePublished":"2010-04-21T08:11:02+00:00","dateModified":"2016-12-06T21:31:12+00:00","author":{"@id":"https:\/\/www.budokampsport.se\/#\/schema\/person\/5c06d81d14850e2a8ce5493386560145"},"description":"Ig\u00e5r kom nyheten om att Superior Challenge 5 skjuts upp till den f\u00f6rsta maj. Idag fick budokampsport.se tag p\u00e5 en trots allt glad och f\u00f6rv\u00e4ntansfull arrang\u00f6r.\u00a0\u00a0 - Vi kan ju dessv\u00e4rre inte styra \u00f6ver Moder Jord, s\u00e4ger Babak Morteza Aghavali.","breadcrumb":{"@id":"https:\/\/www.budokampsport.se\/2010\/04\/21\/superior-uppskjuten-1a-maj-nytt-datum\/#breadcrumb"},"inLanguage":"sv-SE","potentialAction":[{"@type":"ReadAction","target":["https:\/\/www.budokampsport.se\/2010\/04\/21\/superior-uppskjuten-1a-maj-nytt-datum\/"]}]},{"@type":"BreadcrumbList","@id":"https:\/\/www.budokampsport.se\/2010\/04\/21\/superior-uppskjuten-1a-maj-nytt-datum\/#breadcrumb","itemListElement":[{"@type":"ListItem","position":1,"name":"Hem","item":"https:\/\/www.budokampsport.se\/"},{"@type":"ListItem","position":2,"name":"Superior uppskjuten \u2013 1:a maj nytt datum"}]},{"@type":"WebSite","@id":"https:\/\/www.budokampsport.se\/#website","url":"https:\/\/www.budokampsport.se\/","name":"Svenska Budo &amp; Kampsportsf\u00f6rbundet","description":"T\u00e4vling, Tr\u00e4ning, Tradition","potentialAction":[{"@type":"SearchAction","target":{"@type":"EntryPoint","urlTemplate":"https:\/\/www.budokampsport.se\/?s={search_term_string}"},"query-input":{"@type":"PropertyValueSpecification","valueRequired":true,"valueName":"search_term_string"}}],"inLanguage":"sv-SE"},{"@type":"Person","@id":"https:\/\/www.budokampsport.se\/#\/schema\/person\/5c06d81d14850e2a8ce5493386560145","name":"Jonathan Broberg","image":{"@type":"ImageObject","inLanguage":"sv-SE","@id":"https:\/\/www.budokampsport.se\/#\/schema\/person\/image\/","url":"https:\/\/secure.gravatar.com\/avatar\/a58041c6cea9128bd9c40ee2f26d4136?s=96&d=blank&r=g","contentUrl":"https:\/\/secure.gravatar.com\/avatar\/a58041c6cea9128bd9c40ee2f26d4136?s=96&d=blank&r=g","caption":"Jonathan Broberg"},"sameAs":["https:\/\/www.facebook.com\/jonathan.broberg.7"],"url":"https:\/\/www.budokampsport.se\/author\/jonathan\/"}]}},"_links":{"self":[{"href":"https:\/\/www.budokampsport.se\/api\/wp\/v2\/posts\/3263","targetHints":{"allow":["GET"]}}],"collection":[{"href":"https:\/\/www.budokampsport.se\/api\/wp\/v2\/posts"}],"about":[{"href":"https:\/\/www.budokampsport.se\/api\/wp\/v2\/types\/post"}],"author":[{"embeddable":true,"href":"https:\/\/www.budokampsport.se\/api\/wp\/v2\/users\/7"}],"replies":[{"embeddable":true,"href":"https:\/\/www.budokampsport.se\/api\/wp\/v2\/comments?post=3263"}],"version-history":[{"count":0,"href":"https:\/\/www.budokampsport.se\/api\/wp\/v2\/posts\/3263\/revisions"}],"wp:attachment":[{"href":"https:\/\/www.budokampsport.se\/api\/wp\/v2\/media?parent=3263"}],"wp:term":[{"taxonomy":"category","embeddable":true,"href":"https:\/\/www.budokampsport.se\/api\/wp\/v2\/categories?post=3263"},{"taxonomy":"post_tag","embeddable":true,"href":"https:\/\/www.budokampsport.se\/api\/wp\/v2\/tags?post=3263"}],"curies":[{"name":"wp","href":"https:\/\/api.w.org\/{rel}","templated":true}]}}