{"id":3264,"date":"2010-04-23T09:00:28","date_gmt":"2010-04-23T07:00:28","guid":{"rendered":"http:\/\/budo.wordpress.dev\/2010\/04\/23\/eddy-ar-naturligtvis-underdog\/"},"modified":"2016-12-06T22:31:13","modified_gmt":"2016-12-06T21:31:13","slug":"eddy-ar-naturligtvis-underdog","status":"publish","type":"post","link":"https:\/\/www.budokampsport.se\/2010\/04\/23\/eddy-ar-naturligtvis-underdog\/","title":{"rendered":"\u201dEddy \u00e4r naturligtvis underdog\u201d"},"content":{"rendered":"<p><P><STRONG><IMG alt=\"\" align=right src=\"\/sites\/default\/files\/news_6879_maxi.jpg\" width=150 height=150>Den forne OS-brottaren Eddy Bengtsson m\u00f6ter ikv\u00e4ll Aleksander Emelianenko i en p\u00e5 f\u00f6rhand upphaussad MMA-match. budokampsport.se ringde upp Fighter Magazines chefredakt\u00f6r Marko Gyllenland, som \u00e4r god v\u00e4n med Eddy, inf\u00f6r matchen.<BR>\u00a0\u00a0 &#8211; Det blir en riktigt tuff utmaning, s\u00e4ger han.<\/STRONG><BR><!--break--><BR>Samtidigt som Eddy Bengtsson brottades i OS stod en ryss vid namn Aleksander ut som brottningens kanske fr\u00e4mste genom tiderna. \u201dLyftkranen fr\u00e5n Sibirien\u201d med efternamnet Karelin var omutlig p\u00e5 mattan f\u00f6r vem han \u00e4n m\u00f6tte.<BR><BR>Sedan en tid tillbaka har Eddy Bengtsson bytt idrott och sysslar numera med MMA. Men ryska Aleksanders blir han \u00e4nd\u00e5 inte kvitt. Ikv\u00e4ll m\u00f6ter han n\u00e4mligen Aleksander Emelianenko i MMA-buren. <BR><BR><IMG alt=\"\" align=right src=\"\/sites\/default\/files\/marko_0.jpg\" width=125 height=119>Fighter Magazines chefredakt\u00f6r Marko Gyllenland, som ocks\u00e5 har l\u00e5ng erfarenhet av MMA och \u00e4r god v\u00e4n till Eddy Bengtsson, ser fram emot matchen.<BR>\u00a0\u00a0 &#8211; Ja det g\u00f6r jag, men jag \u00f6nskar att man kunde se den live ocks\u00e5. S\u00e5 vitt jag vet g\u00e5r inte det. Men det \u00e4r klart att det \u00e4r en h\u00e4ftig match.<BR><BR><STRONG>Marko, vad tror du om Eddys chanser?<\/STRONG><BR>\u00a0\u00a0 &#8211; Det blir tufft. Han \u00e4r kraftig underdog. Aleksander \u00e4r oerh\u00f6rt rutinerad med bra record. <BR><BR>Visst att matchen f\u00f6r Eddy s\u00e4kerligen blir sv\u00e5r. Men att han skulle vara slagen p\u00e5 f\u00f6rhand, det h\u00e5ller inte Marko med om.<BR>\u00a0\u00a0 &#8211; Absolut inte. I MMA kan allt h\u00e4nda. Jag tror dock att Eddy har st\u00f6rst chans att vinna om det blir en kort match.<BR><BR><STRONG>Stark, snabb, smidig, sp\u00e4nstig<BR><\/STRONG>Som den f\u00f6re detta OS-brottare Eddy Bengtsson \u00e4r, beh\u00f6ver man inte vara hj\u00e4rnkirurg f\u00f6r att f\u00f6rst\u00e5 att det \u00e4r just i brottningen som Eddy har sina st\u00f6rsta m\u00f6jligheter till vinst i matchen.<BR>\u00a0\u00a0 &#8211; Han \u00e4r fruktansv\u00e4rt stark och f\u00f6r att vara s\u00e5 stor \u00e4r Eddy en oerh\u00f6rt snabb och \u00e4ven smidig fighter. Eddy har ocks\u00e5 en imponerande sp\u00e4nst. Det han saknar \u00e4r just MMA-rutinen, men f\u00f6r att f\u00e5 den m\u00e5ste man ju onekligen ocks\u00e5 g\u00e5 matcher. Det ska bli j\u00e4ttekul att se vad Eddy kan g\u00f6ra i den h\u00e4r matchen, avslutar Marko Gyllenland.<BR><BR><EM>Fotnot: Eddy Bengtsson tog nyligen ett VM-silver i Submission Wrestling-VM i Krakow. Aleksander Emelianenkos senaste match var f\u00f6r n\u00e4stan exakt ett \u00e5r sedan, d\u00e5 han vann mot ryssen Ibragim Magomedov. Eddy Bengtsson har ett record p\u00e5 tre vinster och en f\u00f6rlust. Aleksander Emelianenko har ett record p\u00e5 15 vinster och tre f\u00f6rluster<\/EM>. <BR><BR>Text: Jonathan Broberg<BR>Rubrikfoto: fightermag.se<BR>Artikelfoto: Hamid Shokatyan<\/P><\/p>\n","protected":false},"excerpt":{"rendered":"<p><P><STRONG><IMG alt=\"\" align=right src=\"\/sites\/default\/files\/news_6879_maxi.jpg\" width=150 height=150>Den forne OS-brottaren Eddy Bengtsson m\u00f6ter ikv\u00e4ll Aleksander Emelianenko i en p\u00e5 f\u00f6rhand upphaussad MMA-match. budokampsport.se ringde upp Fighter Magazines chefredakt\u00f6r Marko Gyllenland, som \u00e4r god v\u00e4n med Eddy, inf\u00f6r matchen.<BR>\u00a0\u00a0 &#8211; Det blir en riktigt tuff utmaning, s\u00e4ger han.<\/STRONG><BR><\/p><br>","protected":false},"author":7,"featured_media":0,"comment_status":"closed","ping_status":"closed","sticky":false,"template":"","format":"standard","meta":{"_acf_changed":false,"footnotes":""},"categories":[1],"tags":[],"class_list":["post-3264","post","type-post","status-publish","format-standard","hentry","category-okategoriserade"],"acf":[],"yoast_head":"<!-- This site is optimized with the Yoast SEO plugin v26.8 - https:\/\/yoast.com\/product\/yoast-seo-wordpress\/ -->\n<title>\u201dEddy \u00e4r naturligtvis underdog\u201d - Svenska Budo &amp; Kampsportsf\u00f6rbundet<\/title>\n<meta name=\"description\" content=\"Den forne OS-brottaren Eddy Bengtsson m\u00f6ter ikv\u00e4ll Aleksander Emelianenko i en p\u00e5 f\u00f6rhand upphaussad MMA-match. budokampsport.se ringde upp Fighter Magazines chefredakt\u00f6r Marko Gyllenland, som \u00e4r god v\u00e4n med Eddy, inf\u00f6r matchen.\u00a0\u00a0 - Det blir en riktigt tuff utmaning, s\u00e4ger han.\" \/>\n<meta name=\"robots\" content=\"index, follow, max-snippet:-1, max-image-preview:large, max-video-preview:-1\" \/>\n<link rel=\"canonical\" href=\"https:\/\/www.budokampsport.se\/2010\/04\/23\/eddy-ar-naturligtvis-underdog\/\" \/>\n<meta property=\"og:locale\" content=\"sv_SE\" \/>\n<meta property=\"og:type\" content=\"article\" \/>\n<meta property=\"og:title\" content=\"\u201dEddy \u00e4r naturligtvis underdog\u201d - Svenska Budo &amp; Kampsportsf\u00f6rbundet\" \/>\n<meta property=\"og:description\" content=\"Den forne OS-brottaren Eddy Bengtsson m\u00f6ter ikv\u00e4ll Aleksander Emelianenko i en p\u00e5 f\u00f6rhand upphaussad MMA-match. budokampsport.se ringde upp Fighter Magazines chefredakt\u00f6r Marko Gyllenland, som \u00e4r god v\u00e4n med Eddy, inf\u00f6r matchen.\u00a0\u00a0 - Det blir en riktigt tuff utmaning, s\u00e4ger han.\" \/>\n<meta property=\"og:url\" content=\"https:\/\/www.budokampsport.se\/2010\/04\/23\/eddy-ar-naturligtvis-underdog\/\" \/>\n<meta property=\"og:site_name\" content=\"Svenska Budo &amp; Kampsportsf\u00f6rbundet\" \/>\n<meta property=\"article:author\" content=\"https:\/\/www.facebook.com\/jonathan.broberg.7\" \/>\n<meta property=\"article:published_time\" content=\"2010-04-23T07:00:28+00:00\" \/>\n<meta property=\"article:modified_time\" content=\"2016-12-06T21:31:13+00:00\" \/>\n<meta name=\"author\" content=\"Jonathan Broberg\" \/>\n<meta name=\"twitter:card\" content=\"summary_large_image\" \/>\n<meta name=\"twitter:label1\" content=\"Skriven av\" \/>\n\t<meta name=\"twitter:data1\" content=\"Jonathan Broberg\" \/>\n\t<meta name=\"twitter:label2\" content=\"Ber\u00e4knad l\u00e4stid\" \/>\n\t<meta name=\"twitter:data2\" content=\"2 minuter\" \/>\n<script type=\"application\/ld+json\" class=\"yoast-schema-graph\">{\"@context\":\"https:\/\/schema.org\",\"@graph\":[{\"@type\":\"Article\",\"@id\":\"https:\/\/www.budokampsport.se\/2010\/04\/23\/eddy-ar-naturligtvis-underdog\/#article\",\"isPartOf\":{\"@id\":\"https:\/\/www.budokampsport.se\/2010\/04\/23\/eddy-ar-naturligtvis-underdog\/\"},\"author\":{\"name\":\"Jonathan Broberg\",\"@id\":\"https:\/\/www.budokampsport.se\/#\/schema\/person\/5c06d81d14850e2a8ce5493386560145\"},\"headline\":\"\u201dEddy \u00e4r naturligtvis underdog\u201d\",\"datePublished\":\"2010-04-23T07:00:28+00:00\",\"dateModified\":\"2016-12-06T21:31:13+00:00\",\"mainEntityOfPage\":{\"@id\":\"https:\/\/www.budokampsport.se\/2010\/04\/23\/eddy-ar-naturligtvis-underdog\/\"},\"wordCount\":437,\"inLanguage\":\"sv-SE\"},{\"@type\":\"WebPage\",\"@id\":\"https:\/\/www.budokampsport.se\/2010\/04\/23\/eddy-ar-naturligtvis-underdog\/\",\"url\":\"https:\/\/www.budokampsport.se\/2010\/04\/23\/eddy-ar-naturligtvis-underdog\/\",\"name\":\"\u201dEddy \u00e4r naturligtvis underdog\u201d - Svenska Budo &amp; Kampsportsf\u00f6rbundet\",\"isPartOf\":{\"@id\":\"https:\/\/www.budokampsport.se\/#website\"},\"datePublished\":\"2010-04-23T07:00:28+00:00\",\"dateModified\":\"2016-12-06T21:31:13+00:00\",\"author\":{\"@id\":\"https:\/\/www.budokampsport.se\/#\/schema\/person\/5c06d81d14850e2a8ce5493386560145\"},\"description\":\"Den forne OS-brottaren Eddy Bengtsson m\u00f6ter ikv\u00e4ll Aleksander Emelianenko i en p\u00e5 f\u00f6rhand upphaussad MMA-match. budokampsport.se ringde upp Fighter Magazines chefredakt\u00f6r Marko Gyllenland, som \u00e4r god v\u00e4n med Eddy, inf\u00f6r matchen.\u00a0\u00a0 - Det blir en riktigt tuff utmaning, s\u00e4ger han.\",\"breadcrumb\":{\"@id\":\"https:\/\/www.budokampsport.se\/2010\/04\/23\/eddy-ar-naturligtvis-underdog\/#breadcrumb\"},\"inLanguage\":\"sv-SE\",\"potentialAction\":[{\"@type\":\"ReadAction\",\"target\":[\"https:\/\/www.budokampsport.se\/2010\/04\/23\/eddy-ar-naturligtvis-underdog\/\"]}]},{\"@type\":\"BreadcrumbList\",\"@id\":\"https:\/\/www.budokampsport.se\/2010\/04\/23\/eddy-ar-naturligtvis-underdog\/#breadcrumb\",\"itemListElement\":[{\"@type\":\"ListItem\",\"position\":1,\"name\":\"Hem\",\"item\":\"https:\/\/www.budokampsport.se\/\"},{\"@type\":\"ListItem\",\"position\":2,\"name\":\"\u201dEddy \u00e4r naturligtvis underdog\u201d\"}]},{\"@type\":\"WebSite\",\"@id\":\"https:\/\/www.budokampsport.se\/#website\",\"url\":\"https:\/\/www.budokampsport.se\/\",\"name\":\"Svenska Budo &amp; Kampsportsf\u00f6rbundet\",\"description\":\"T\u00e4vling, Tr\u00e4ning, Tradition\",\"potentialAction\":[{\"@type\":\"SearchAction\",\"target\":{\"@type\":\"EntryPoint\",\"urlTemplate\":\"https:\/\/www.budokampsport.se\/?s={search_term_string}\"},\"query-input\":{\"@type\":\"PropertyValueSpecification\",\"valueRequired\":true,\"valueName\":\"search_term_string\"}}],\"inLanguage\":\"sv-SE\"},{\"@type\":\"Person\",\"@id\":\"https:\/\/www.budokampsport.se\/#\/schema\/person\/5c06d81d14850e2a8ce5493386560145\",\"name\":\"Jonathan Broberg\",\"image\":{\"@type\":\"ImageObject\",\"inLanguage\":\"sv-SE\",\"@id\":\"https:\/\/www.budokampsport.se\/#\/schema\/person\/image\/\",\"url\":\"https:\/\/secure.gravatar.com\/avatar\/a58041c6cea9128bd9c40ee2f26d4136?s=96&d=blank&r=g\",\"contentUrl\":\"https:\/\/secure.gravatar.com\/avatar\/a58041c6cea9128bd9c40ee2f26d4136?s=96&d=blank&r=g\",\"caption\":\"Jonathan Broberg\"},\"sameAs\":[\"https:\/\/www.facebook.com\/jonathan.broberg.7\"],\"url\":\"https:\/\/www.budokampsport.se\/author\/jonathan\/\"}]}<\/script>\n<!-- \/ Yoast SEO plugin. -->","yoast_head_json":{"title":"\u201dEddy \u00e4r naturligtvis underdog\u201d - Svenska Budo &amp; Kampsportsf\u00f6rbundet","description":"Den forne OS-brottaren Eddy Bengtsson m\u00f6ter ikv\u00e4ll Aleksander Emelianenko i en p\u00e5 f\u00f6rhand upphaussad MMA-match. budokampsport.se ringde upp Fighter Magazines chefredakt\u00f6r Marko Gyllenland, som \u00e4r god v\u00e4n med Eddy, inf\u00f6r matchen.\u00a0\u00a0 - Det blir en riktigt tuff utmaning, s\u00e4ger han.","robots":{"index":"index","follow":"follow","max-snippet":"max-snippet:-1","max-image-preview":"max-image-preview:large","max-video-preview":"max-video-preview:-1"},"canonical":"https:\/\/www.budokampsport.se\/2010\/04\/23\/eddy-ar-naturligtvis-underdog\/","og_locale":"sv_SE","og_type":"article","og_title":"\u201dEddy \u00e4r naturligtvis underdog\u201d - Svenska Budo &amp; Kampsportsf\u00f6rbundet","og_description":"Den forne OS-brottaren Eddy Bengtsson m\u00f6ter ikv\u00e4ll Aleksander Emelianenko i en p\u00e5 f\u00f6rhand upphaussad MMA-match. budokampsport.se ringde upp Fighter Magazines chefredakt\u00f6r Marko Gyllenland, som \u00e4r god v\u00e4n med Eddy, inf\u00f6r matchen.\u00a0\u00a0 - Det blir en riktigt tuff utmaning, s\u00e4ger han.","og_url":"https:\/\/www.budokampsport.se\/2010\/04\/23\/eddy-ar-naturligtvis-underdog\/","og_site_name":"Svenska Budo &amp; Kampsportsf\u00f6rbundet","article_author":"https:\/\/www.facebook.com\/jonathan.broberg.7","article_published_time":"2010-04-23T07:00:28+00:00","article_modified_time":"2016-12-06T21:31:13+00:00","author":"Jonathan Broberg","twitter_card":"summary_large_image","twitter_misc":{"Skriven av":"Jonathan Broberg","Ber\u00e4knad l\u00e4stid":"2 minuter"},"schema":{"@context":"https:\/\/schema.org","@graph":[{"@type":"Article","@id":"https:\/\/www.budokampsport.se\/2010\/04\/23\/eddy-ar-naturligtvis-underdog\/#article","isPartOf":{"@id":"https:\/\/www.budokampsport.se\/2010\/04\/23\/eddy-ar-naturligtvis-underdog\/"},"author":{"name":"Jonathan Broberg","@id":"https:\/\/www.budokampsport.se\/#\/schema\/person\/5c06d81d14850e2a8ce5493386560145"},"headline":"\u201dEddy \u00e4r naturligtvis underdog\u201d","datePublished":"2010-04-23T07:00:28+00:00","dateModified":"2016-12-06T21:31:13+00:00","mainEntityOfPage":{"@id":"https:\/\/www.budokampsport.se\/2010\/04\/23\/eddy-ar-naturligtvis-underdog\/"},"wordCount":437,"inLanguage":"sv-SE"},{"@type":"WebPage","@id":"https:\/\/www.budokampsport.se\/2010\/04\/23\/eddy-ar-naturligtvis-underdog\/","url":"https:\/\/www.budokampsport.se\/2010\/04\/23\/eddy-ar-naturligtvis-underdog\/","name":"\u201dEddy \u00e4r naturligtvis underdog\u201d - Svenska Budo &amp; Kampsportsf\u00f6rbundet","isPartOf":{"@id":"https:\/\/www.budokampsport.se\/#website"},"datePublished":"2010-04-23T07:00:28+00:00","dateModified":"2016-12-06T21:31:13+00:00","author":{"@id":"https:\/\/www.budokampsport.se\/#\/schema\/person\/5c06d81d14850e2a8ce5493386560145"},"description":"Den forne OS-brottaren Eddy Bengtsson m\u00f6ter ikv\u00e4ll Aleksander Emelianenko i en p\u00e5 f\u00f6rhand upphaussad MMA-match. budokampsport.se ringde upp Fighter Magazines chefredakt\u00f6r Marko Gyllenland, som \u00e4r god v\u00e4n med Eddy, inf\u00f6r matchen.\u00a0\u00a0 - Det blir en riktigt tuff utmaning, s\u00e4ger han.","breadcrumb":{"@id":"https:\/\/www.budokampsport.se\/2010\/04\/23\/eddy-ar-naturligtvis-underdog\/#breadcrumb"},"inLanguage":"sv-SE","potentialAction":[{"@type":"ReadAction","target":["https:\/\/www.budokampsport.se\/2010\/04\/23\/eddy-ar-naturligtvis-underdog\/"]}]},{"@type":"BreadcrumbList","@id":"https:\/\/www.budokampsport.se\/2010\/04\/23\/eddy-ar-naturligtvis-underdog\/#breadcrumb","itemListElement":[{"@type":"ListItem","position":1,"name":"Hem","item":"https:\/\/www.budokampsport.se\/"},{"@type":"ListItem","position":2,"name":"\u201dEddy \u00e4r naturligtvis underdog\u201d"}]},{"@type":"WebSite","@id":"https:\/\/www.budokampsport.se\/#website","url":"https:\/\/www.budokampsport.se\/","name":"Svenska Budo &amp; Kampsportsf\u00f6rbundet","description":"T\u00e4vling, Tr\u00e4ning, Tradition","potentialAction":[{"@type":"SearchAction","target":{"@type":"EntryPoint","urlTemplate":"https:\/\/www.budokampsport.se\/?s={search_term_string}"},"query-input":{"@type":"PropertyValueSpecification","valueRequired":true,"valueName":"search_term_string"}}],"inLanguage":"sv-SE"},{"@type":"Person","@id":"https:\/\/www.budokampsport.se\/#\/schema\/person\/5c06d81d14850e2a8ce5493386560145","name":"Jonathan Broberg","image":{"@type":"ImageObject","inLanguage":"sv-SE","@id":"https:\/\/www.budokampsport.se\/#\/schema\/person\/image\/","url":"https:\/\/secure.gravatar.com\/avatar\/a58041c6cea9128bd9c40ee2f26d4136?s=96&d=blank&r=g","contentUrl":"https:\/\/secure.gravatar.com\/avatar\/a58041c6cea9128bd9c40ee2f26d4136?s=96&d=blank&r=g","caption":"Jonathan Broberg"},"sameAs":["https:\/\/www.facebook.com\/jonathan.broberg.7"],"url":"https:\/\/www.budokampsport.se\/author\/jonathan\/"}]}},"_links":{"self":[{"href":"https:\/\/www.budokampsport.se\/api\/wp\/v2\/posts\/3264","targetHints":{"allow":["GET"]}}],"collection":[{"href":"https:\/\/www.budokampsport.se\/api\/wp\/v2\/posts"}],"about":[{"href":"https:\/\/www.budokampsport.se\/api\/wp\/v2\/types\/post"}],"author":[{"embeddable":true,"href":"https:\/\/www.budokampsport.se\/api\/wp\/v2\/users\/7"}],"replies":[{"embeddable":true,"href":"https:\/\/www.budokampsport.se\/api\/wp\/v2\/comments?post=3264"}],"version-history":[{"count":0,"href":"https:\/\/www.budokampsport.se\/api\/wp\/v2\/posts\/3264\/revisions"}],"wp:attachment":[{"href":"https:\/\/www.budokampsport.se\/api\/wp\/v2\/media?parent=3264"}],"wp:term":[{"taxonomy":"category","embeddable":true,"href":"https:\/\/www.budokampsport.se\/api\/wp\/v2\/categories?post=3264"},{"taxonomy":"post_tag","embeddable":true,"href":"https:\/\/www.budokampsport.se\/api\/wp\/v2\/tags?post=3264"}],"curies":[{"name":"wp","href":"https:\/\/api.w.org\/{rel}","templated":true}]}}