{"id":3299,"date":"2010-05-08T17:43:24","date_gmt":"2010-05-08T15:43:24","guid":{"rendered":"http:\/\/budo.wordpress.dev\/2010\/05\/08\/kort-fran-taido-sm\/"},"modified":"2016-12-06T22:31:20","modified_gmt":"2016-12-06T21:31:20","slug":"kort-fran-taido-sm","status":"publish","type":"post","link":"https:\/\/www.budokampsport.se\/2010\/05\/08\/kort-fran-taido-sm\/","title":{"rendered":"Kort fr\u00e5n Taido-SM"},"content":{"rendered":"<p><P><STRONG><IMG height=204 alt=\"\" src=\"http:\/\/www.budokampsport.se\/sites\/default\/files\/taido_sm.jpg\" width=430 align=middle><BR>Idag avgjordes SM i taido i Nyn\u00e4shamn utanf\u00f6r Stockholm. Det blev en intensiv dag med mycket t\u00e4vlande och en hel del intressanta h\u00e4ndelser.<\/STRONG><BR><!--break--><BR>Det som h\u00e4nde under de timmar som budokampsport.se fanns i hallen var att fightstilt\u00e4vlingen, Jissen, avgjordes och d\u00e4r vann <STRONG>Erika Palm <\/STRONG>\u00f6vertygande sin final mot <STRONG>Emelie Roos <\/STRONG>i ett \u201dklubbderby\u201d. B\u00e5da t\u00e4vlande tillh\u00f6r Uddevalla Taidoklubb.<BR><BR>I herrt\u00e4vlingen vann <STRONG>Akkanat Jensen <\/STRONG>fr\u00e5n Str\u00f6mstad Taidoklubb sin final mot <STRONG>Daniel Andersson <\/STRONG>fr\u00e5n Uddevalla Taidoklubb.<BR><BR>I skrivandets stund har \u00e4nnu inte de \u00f6vriga resultaten inkommit och vi ber d\u00e4rf\u00f6r nyfikna att kika in p\u00e5 hemsidan under morgondagen f\u00f6r en helt\u00e4ckande resultatrapport fr\u00e5n SM.<BR><BR>Text: Jonathan Broberg<BR>Foto: Mona Thun Lundkvist<\/P><\/p>\n","protected":false},"excerpt":{"rendered":"<p><P><STRONG><IMG height=204 alt=\"\" src=\"http:\/\/www.budokampsport.se\/sites\/default\/files\/taido_sm.jpg\" width=430 align=middle><BR>Idag avgjordes SM i taido i Nyn\u00e4shamn utanf\u00f6r Stockholm. Det blev en intensiv dag med mycket t\u00e4vlande och en hel del intressanta h\u00e4ndelser.<\/STRONG><BR><\/p><br>","protected":false},"author":7,"featured_media":0,"comment_status":"closed","ping_status":"closed","sticky":false,"template":"","format":"standard","meta":{"_acf_changed":false,"footnotes":""},"categories":[1],"tags":[],"class_list":["post-3299","post","type-post","status-publish","format-standard","hentry","category-okategoriserade"],"acf":[],"yoast_head":"<!-- This site is optimized with the Yoast SEO plugin v26.8 - https:\/\/yoast.com\/product\/yoast-seo-wordpress\/ -->\n<title>Kort fr\u00e5n Taido-SM - Svenska Budo &amp; Kampsportsf\u00f6rbundet<\/title>\n<meta name=\"description\" content=\"Idag avgjordes SM i taido i Nyn\u00e4shamn utanf\u00f6r Stockholm. Det blev en intensiv dag med mycket t\u00e4vlande och en hel del intressanta h\u00e4ndelser.\" \/>\n<meta name=\"robots\" content=\"index, follow, max-snippet:-1, max-image-preview:large, max-video-preview:-1\" \/>\n<link rel=\"canonical\" href=\"https:\/\/www.budokampsport.se\/2010\/05\/08\/kort-fran-taido-sm\/\" \/>\n<meta property=\"og:locale\" content=\"sv_SE\" \/>\n<meta property=\"og:type\" content=\"article\" \/>\n<meta property=\"og:title\" content=\"Kort fr\u00e5n Taido-SM - Svenska Budo &amp; Kampsportsf\u00f6rbundet\" \/>\n<meta property=\"og:description\" content=\"Idag avgjordes SM i taido i Nyn\u00e4shamn utanf\u00f6r Stockholm. Det blev en intensiv dag med mycket t\u00e4vlande och en hel del intressanta h\u00e4ndelser.\" \/>\n<meta property=\"og:url\" content=\"https:\/\/www.budokampsport.se\/2010\/05\/08\/kort-fran-taido-sm\/\" \/>\n<meta property=\"og:site_name\" content=\"Svenska Budo &amp; Kampsportsf\u00f6rbundet\" \/>\n<meta property=\"article:author\" content=\"https:\/\/www.facebook.com\/jonathan.broberg.7\" \/>\n<meta property=\"article:published_time\" content=\"2010-05-08T15:43:24+00:00\" \/>\n<meta property=\"article:modified_time\" content=\"2016-12-06T21:31:20+00:00\" \/>\n<meta name=\"author\" content=\"Jonathan Broberg\" \/>\n<meta name=\"twitter:card\" content=\"summary_large_image\" \/>\n<meta name=\"twitter:label1\" content=\"Skriven av\" \/>\n\t<meta name=\"twitter:data1\" content=\"Jonathan Broberg\" \/>\n\t<meta name=\"twitter:label2\" content=\"Ber\u00e4knad l\u00e4stid\" \/>\n\t<meta name=\"twitter:data2\" content=\"1 minut\" \/>\n<script type=\"application\/ld+json\" class=\"yoast-schema-graph\">{\"@context\":\"https:\/\/schema.org\",\"@graph\":[{\"@type\":\"Article\",\"@id\":\"https:\/\/www.budokampsport.se\/2010\/05\/08\/kort-fran-taido-sm\/#article\",\"isPartOf\":{\"@id\":\"https:\/\/www.budokampsport.se\/2010\/05\/08\/kort-fran-taido-sm\/\"},\"author\":{\"name\":\"Jonathan Broberg\",\"@id\":\"https:\/\/www.budokampsport.se\/#\/schema\/person\/5c06d81d14850e2a8ce5493386560145\"},\"headline\":\"Kort fr\u00e5n Taido-SM\",\"datePublished\":\"2010-05-08T15:43:24+00:00\",\"dateModified\":\"2016-12-06T21:31:20+00:00\",\"mainEntityOfPage\":{\"@id\":\"https:\/\/www.budokampsport.se\/2010\/05\/08\/kort-fran-taido-sm\/\"},\"wordCount\":132,\"inLanguage\":\"sv-SE\"},{\"@type\":\"WebPage\",\"@id\":\"https:\/\/www.budokampsport.se\/2010\/05\/08\/kort-fran-taido-sm\/\",\"url\":\"https:\/\/www.budokampsport.se\/2010\/05\/08\/kort-fran-taido-sm\/\",\"name\":\"Kort fr\u00e5n Taido-SM - Svenska Budo &amp; Kampsportsf\u00f6rbundet\",\"isPartOf\":{\"@id\":\"https:\/\/www.budokampsport.se\/#website\"},\"datePublished\":\"2010-05-08T15:43:24+00:00\",\"dateModified\":\"2016-12-06T21:31:20+00:00\",\"author\":{\"@id\":\"https:\/\/www.budokampsport.se\/#\/schema\/person\/5c06d81d14850e2a8ce5493386560145\"},\"description\":\"Idag avgjordes SM i taido i Nyn\u00e4shamn utanf\u00f6r Stockholm. Det blev en intensiv dag med mycket t\u00e4vlande och en hel del intressanta h\u00e4ndelser.\",\"breadcrumb\":{\"@id\":\"https:\/\/www.budokampsport.se\/2010\/05\/08\/kort-fran-taido-sm\/#breadcrumb\"},\"inLanguage\":\"sv-SE\",\"potentialAction\":[{\"@type\":\"ReadAction\",\"target\":[\"https:\/\/www.budokampsport.se\/2010\/05\/08\/kort-fran-taido-sm\/\"]}]},{\"@type\":\"BreadcrumbList\",\"@id\":\"https:\/\/www.budokampsport.se\/2010\/05\/08\/kort-fran-taido-sm\/#breadcrumb\",\"itemListElement\":[{\"@type\":\"ListItem\",\"position\":1,\"name\":\"Hem\",\"item\":\"https:\/\/www.budokampsport.se\/\"},{\"@type\":\"ListItem\",\"position\":2,\"name\":\"Kort fr\u00e5n Taido-SM\"}]},{\"@type\":\"WebSite\",\"@id\":\"https:\/\/www.budokampsport.se\/#website\",\"url\":\"https:\/\/www.budokampsport.se\/\",\"name\":\"Svenska Budo &amp; Kampsportsf\u00f6rbundet\",\"description\":\"T\u00e4vling, Tr\u00e4ning, Tradition\",\"potentialAction\":[{\"@type\":\"SearchAction\",\"target\":{\"@type\":\"EntryPoint\",\"urlTemplate\":\"https:\/\/www.budokampsport.se\/?s={search_term_string}\"},\"query-input\":{\"@type\":\"PropertyValueSpecification\",\"valueRequired\":true,\"valueName\":\"search_term_string\"}}],\"inLanguage\":\"sv-SE\"},{\"@type\":\"Person\",\"@id\":\"https:\/\/www.budokampsport.se\/#\/schema\/person\/5c06d81d14850e2a8ce5493386560145\",\"name\":\"Jonathan Broberg\",\"image\":{\"@type\":\"ImageObject\",\"inLanguage\":\"sv-SE\",\"@id\":\"https:\/\/www.budokampsport.se\/#\/schema\/person\/image\/\",\"url\":\"https:\/\/secure.gravatar.com\/avatar\/a58041c6cea9128bd9c40ee2f26d4136?s=96&d=blank&r=g\",\"contentUrl\":\"https:\/\/secure.gravatar.com\/avatar\/a58041c6cea9128bd9c40ee2f26d4136?s=96&d=blank&r=g\",\"caption\":\"Jonathan Broberg\"},\"sameAs\":[\"https:\/\/www.facebook.com\/jonathan.broberg.7\"],\"url\":\"https:\/\/www.budokampsport.se\/author\/jonathan\/\"}]}<\/script>\n<!-- \/ Yoast SEO plugin. -->","yoast_head_json":{"title":"Kort fr\u00e5n Taido-SM - Svenska Budo &amp; Kampsportsf\u00f6rbundet","description":"Idag avgjordes SM i taido i Nyn\u00e4shamn utanf\u00f6r Stockholm. Det blev en intensiv dag med mycket t\u00e4vlande och en hel del intressanta h\u00e4ndelser.","robots":{"index":"index","follow":"follow","max-snippet":"max-snippet:-1","max-image-preview":"max-image-preview:large","max-video-preview":"max-video-preview:-1"},"canonical":"https:\/\/www.budokampsport.se\/2010\/05\/08\/kort-fran-taido-sm\/","og_locale":"sv_SE","og_type":"article","og_title":"Kort fr\u00e5n Taido-SM - Svenska Budo &amp; Kampsportsf\u00f6rbundet","og_description":"Idag avgjordes SM i taido i Nyn\u00e4shamn utanf\u00f6r Stockholm. Det blev en intensiv dag med mycket t\u00e4vlande och en hel del intressanta h\u00e4ndelser.","og_url":"https:\/\/www.budokampsport.se\/2010\/05\/08\/kort-fran-taido-sm\/","og_site_name":"Svenska Budo &amp; Kampsportsf\u00f6rbundet","article_author":"https:\/\/www.facebook.com\/jonathan.broberg.7","article_published_time":"2010-05-08T15:43:24+00:00","article_modified_time":"2016-12-06T21:31:20+00:00","author":"Jonathan Broberg","twitter_card":"summary_large_image","twitter_misc":{"Skriven av":"Jonathan Broberg","Ber\u00e4knad l\u00e4stid":"1 minut"},"schema":{"@context":"https:\/\/schema.org","@graph":[{"@type":"Article","@id":"https:\/\/www.budokampsport.se\/2010\/05\/08\/kort-fran-taido-sm\/#article","isPartOf":{"@id":"https:\/\/www.budokampsport.se\/2010\/05\/08\/kort-fran-taido-sm\/"},"author":{"name":"Jonathan Broberg","@id":"https:\/\/www.budokampsport.se\/#\/schema\/person\/5c06d81d14850e2a8ce5493386560145"},"headline":"Kort fr\u00e5n Taido-SM","datePublished":"2010-05-08T15:43:24+00:00","dateModified":"2016-12-06T21:31:20+00:00","mainEntityOfPage":{"@id":"https:\/\/www.budokampsport.se\/2010\/05\/08\/kort-fran-taido-sm\/"},"wordCount":132,"inLanguage":"sv-SE"},{"@type":"WebPage","@id":"https:\/\/www.budokampsport.se\/2010\/05\/08\/kort-fran-taido-sm\/","url":"https:\/\/www.budokampsport.se\/2010\/05\/08\/kort-fran-taido-sm\/","name":"Kort fr\u00e5n Taido-SM - Svenska Budo &amp; Kampsportsf\u00f6rbundet","isPartOf":{"@id":"https:\/\/www.budokampsport.se\/#website"},"datePublished":"2010-05-08T15:43:24+00:00","dateModified":"2016-12-06T21:31:20+00:00","author":{"@id":"https:\/\/www.budokampsport.se\/#\/schema\/person\/5c06d81d14850e2a8ce5493386560145"},"description":"Idag avgjordes SM i taido i Nyn\u00e4shamn utanf\u00f6r Stockholm. Det blev en intensiv dag med mycket t\u00e4vlande och en hel del intressanta h\u00e4ndelser.","breadcrumb":{"@id":"https:\/\/www.budokampsport.se\/2010\/05\/08\/kort-fran-taido-sm\/#breadcrumb"},"inLanguage":"sv-SE","potentialAction":[{"@type":"ReadAction","target":["https:\/\/www.budokampsport.se\/2010\/05\/08\/kort-fran-taido-sm\/"]}]},{"@type":"BreadcrumbList","@id":"https:\/\/www.budokampsport.se\/2010\/05\/08\/kort-fran-taido-sm\/#breadcrumb","itemListElement":[{"@type":"ListItem","position":1,"name":"Hem","item":"https:\/\/www.budokampsport.se\/"},{"@type":"ListItem","position":2,"name":"Kort fr\u00e5n Taido-SM"}]},{"@type":"WebSite","@id":"https:\/\/www.budokampsport.se\/#website","url":"https:\/\/www.budokampsport.se\/","name":"Svenska Budo &amp; Kampsportsf\u00f6rbundet","description":"T\u00e4vling, Tr\u00e4ning, Tradition","potentialAction":[{"@type":"SearchAction","target":{"@type":"EntryPoint","urlTemplate":"https:\/\/www.budokampsport.se\/?s={search_term_string}"},"query-input":{"@type":"PropertyValueSpecification","valueRequired":true,"valueName":"search_term_string"}}],"inLanguage":"sv-SE"},{"@type":"Person","@id":"https:\/\/www.budokampsport.se\/#\/schema\/person\/5c06d81d14850e2a8ce5493386560145","name":"Jonathan Broberg","image":{"@type":"ImageObject","inLanguage":"sv-SE","@id":"https:\/\/www.budokampsport.se\/#\/schema\/person\/image\/","url":"https:\/\/secure.gravatar.com\/avatar\/a58041c6cea9128bd9c40ee2f26d4136?s=96&d=blank&r=g","contentUrl":"https:\/\/secure.gravatar.com\/avatar\/a58041c6cea9128bd9c40ee2f26d4136?s=96&d=blank&r=g","caption":"Jonathan Broberg"},"sameAs":["https:\/\/www.facebook.com\/jonathan.broberg.7"],"url":"https:\/\/www.budokampsport.se\/author\/jonathan\/"}]}},"_links":{"self":[{"href":"https:\/\/www.budokampsport.se\/api\/wp\/v2\/posts\/3299","targetHints":{"allow":["GET"]}}],"collection":[{"href":"https:\/\/www.budokampsport.se\/api\/wp\/v2\/posts"}],"about":[{"href":"https:\/\/www.budokampsport.se\/api\/wp\/v2\/types\/post"}],"author":[{"embeddable":true,"href":"https:\/\/www.budokampsport.se\/api\/wp\/v2\/users\/7"}],"replies":[{"embeddable":true,"href":"https:\/\/www.budokampsport.se\/api\/wp\/v2\/comments?post=3299"}],"version-history":[{"count":0,"href":"https:\/\/www.budokampsport.se\/api\/wp\/v2\/posts\/3299\/revisions"}],"wp:attachment":[{"href":"https:\/\/www.budokampsport.se\/api\/wp\/v2\/media?parent=3299"}],"wp:term":[{"taxonomy":"category","embeddable":true,"href":"https:\/\/www.budokampsport.se\/api\/wp\/v2\/categories?post=3299"},{"taxonomy":"post_tag","embeddable":true,"href":"https:\/\/www.budokampsport.se\/api\/wp\/v2\/tags?post=3299"}],"curies":[{"name":"wp","href":"https:\/\/api.w.org\/{rel}","templated":true}]}}