{"id":3307,"date":"2010-05-12T13:22:33","date_gmt":"2010-05-12T11:22:33","guid":{"rendered":"http:\/\/budo.wordpress.dev\/2010\/05\/12\/stora-wushu-vindar-blaser-in-over-kalmar\/"},"modified":"2016-12-06T22:31:21","modified_gmt":"2016-12-06T21:31:21","slug":"stora-wushu-vindar-blaser-in-over-kalmar","status":"publish","type":"post","link":"https:\/\/www.budokampsport.se\/2010\/05\/12\/stora-wushu-vindar-blaser-in-over-kalmar\/","title":{"rendered":"Stora wushu-vindar bl\u00e5ser in \u00f6ver Kalmar"},"content":{"rendered":"<p><P><STRONG><IMG alt=\"\" align=right src=\"\/sites\/default\/files\/S-1.jpg\" width=250 height=188>En ny organisation, i samarbete med Swedish open i wushu ska locka Europaeliten till Sverige och Kalmar i framtida stort\u00e4vlingar. Det \u00e4r \u00e5tminstone Ahad Nobahktis vision.<BR>\u00a0\u00a0 &#8211; Med S-1 vill vi locka de b\u00e4sta sanshoutu\u00f6varna i Europa att t\u00e4vla mot Sverigeeliten. N\u00e5got alla tj\u00e4nar p\u00e5, s\u00e4ger han till budokampsport.se.<BR><\/STRONG><!--break--><BR>Swedish Open i Emmaboda och sedermera i Kalmar har l\u00e4nge ansetts som en av Sveriges st\u00f6rsta wushut\u00e4vlingar. Nu vill arrang\u00f6r Ahad Nobakhti ut\u00f6ka konceptet f\u00f6r att locka de st\u00f6rsta europeiska sanhouut\u00f6varna till Sverige.<BR><BR>Organistationen som Ahad \u00e4r med och utvecklar kallar sig S-1, d\u00e4r Sanda No 1 och Sanshou No 1 blir de stora delarna. Tanken \u00e4r att s\u00e4tta svensk wushu ordentligt p\u00e5 kartan, med matcher i galaform p\u00e5 slottet i Kalmar.<BR>\u00a0\u00a0 &#8211; Vi har hela tiden f\u00f6rs\u00f6kt utveckla wushun genom Swedish Open. Det h\u00e4r \u00e4r n\u00e4sta steg i utvecklingen. Vi har haft svensk wushus b\u00e4sta p\u00e5 v\u00e5ra t\u00e4vlingar, s\u00e5som Nils Widlund, Bj\u00f6rn Kj\u00f6llerstr\u00f6m och Hanna Sill\u00e9n. Nu vill vi m\u00f6jligg\u00f6ra en chans f\u00f6r dem att p\u00e5 svensk mark m\u00f6ta de b\u00e4sta ut\u00f6varna i Europa, menar Ahad.<BR><BR>I samband med wushu-EM tidigare i v\u00e5ras var Ahad med p\u00e5 en internationell kongress d\u00e4r detta togs upp. Via kongressen bj\u00f6ds 32 l\u00e4nder in till t\u00e4vlingarna i Kalmar.<BR>\u00a0\u00a0 &#8211; Vi jobbar p\u00e5 ett internationellt sp\u00e5r nu. Hela id\u00e9n kommer egentligen som ett led av Swedish Open. Jag har till och med designat ett m\u00e4starb\u00e4lte.<BR><BR><STRONG><IMG alt=\"\" align=right src=\"\/sites\/default\/files\/CIMG2580.jpg\" width=200 height=150>&#8220;Svensk idrotts st\u00f6rsta&#8221;<\/STRONG><BR>Dessutom f\u00f6rs f\u00f6rhandlingar med en internationell sponsor som skulle vara ett av de st\u00f6rsta sponsoravtalen i svensk idrotts historia.<BR>\u00a0\u00a0 &#8211; Ja, det skulle bli unikt, men mer \u00e4n s\u00e5 kan jag f\u00f6r tillf\u00e4llet inte s\u00e4ga. N\u00e4r allt \u00e4r klart kommer det att bli offentligt, menar Ahad.<BR><BR>Samtidigt forts\u00e4tter domarutbildningarna. P\u00e5 Europadagen, den 9:e maj, h\u00f6lls ytterligare en utbildning av huvuddomare f\u00f6r Swedish Open Michael Sj\u00f6lin. Det blev 11 stycken nylicenserade sanshoudomare som resultat av utbildningen.<BR><BR>S\u00e5, tanken \u00a0med S-1 \u00e4r att t\u00e4vlingen ska h\u00e5llas i Kalmar den 16:e oktober och f\u00f6rhoppningen \u00e4r att bli en av Europas b\u00e4sta wushut\u00e4vlingar. Redan nu klassas Swedish Open som en av Skandinaviens st\u00f6rsta t\u00e4vlingar.<BR><BR>Text: Jonathan Broberg<\/P><\/p>\n","protected":false},"excerpt":{"rendered":"<p><P><STRONG><IMG alt=\"\" align=right src=\"\/sites\/default\/files\/S-1.jpg\" width=250 height=188>En ny organisation, i samarbete med Swedish open i wushu ska locka Europaeliten till Sverige och Kalmar i framtida stort\u00e4vlingar. Det \u00e4r \u00e5tminstone Ahad Nobahktis vision.<BR>\u00a0\u00a0 &#8211; Med S-1 vill vi locka de b\u00e4sta sanshoutu\u00f6varna i Europa att t\u00e4vla mot Sverigeeliten. N\u00e5got alla tj\u00e4nar p\u00e5, s\u00e4ger han till budokampsport.se.<BR><\/STRONG><\/p><br>","protected":false},"author":7,"featured_media":0,"comment_status":"closed","ping_status":"closed","sticky":false,"template":"","format":"standard","meta":{"_acf_changed":false,"footnotes":""},"categories":[1],"tags":[],"class_list":["post-3307","post","type-post","status-publish","format-standard","hentry","category-okategoriserade"],"acf":[],"yoast_head":"<!-- This site is optimized with the Yoast SEO plugin v26.8 - https:\/\/yoast.com\/product\/yoast-seo-wordpress\/ -->\n<title>Stora wushu-vindar bl\u00e5ser in \u00f6ver Kalmar - Svenska Budo &amp; Kampsportsf\u00f6rbundet<\/title>\n<meta name=\"description\" content=\"En ny organisation, i samarbete med Swedish open i wushu ska locka Europaeliten till Sverige och Kalmar i framtida stort\u00e4vlingar. Det \u00e4r \u00e5tminstone Ahad Nobahktis vision.\u00a0\u00a0 - Med S-1 vill vi locka de b\u00e4sta sanshoutu\u00f6varna i Europa att t\u00e4vla mot Sverigeeliten. N\u00e5got alla tj\u00e4nar p\u00e5, s\u00e4ger han till budokampsport.se.\" \/>\n<meta name=\"robots\" content=\"index, follow, max-snippet:-1, max-image-preview:large, max-video-preview:-1\" \/>\n<link rel=\"canonical\" href=\"https:\/\/www.budokampsport.se\/2010\/05\/12\/stora-wushu-vindar-blaser-in-over-kalmar\/\" \/>\n<meta property=\"og:locale\" content=\"sv_SE\" \/>\n<meta property=\"og:type\" content=\"article\" \/>\n<meta property=\"og:title\" content=\"Stora wushu-vindar bl\u00e5ser in \u00f6ver Kalmar - Svenska Budo &amp; Kampsportsf\u00f6rbundet\" \/>\n<meta property=\"og:description\" content=\"En ny organisation, i samarbete med Swedish open i wushu ska locka Europaeliten till Sverige och Kalmar i framtida stort\u00e4vlingar. Det \u00e4r \u00e5tminstone Ahad Nobahktis vision.\u00a0\u00a0 - Med S-1 vill vi locka de b\u00e4sta sanshoutu\u00f6varna i Europa att t\u00e4vla mot Sverigeeliten. N\u00e5got alla tj\u00e4nar p\u00e5, s\u00e4ger han till budokampsport.se.\" \/>\n<meta property=\"og:url\" content=\"https:\/\/www.budokampsport.se\/2010\/05\/12\/stora-wushu-vindar-blaser-in-over-kalmar\/\" \/>\n<meta property=\"og:site_name\" content=\"Svenska Budo &amp; Kampsportsf\u00f6rbundet\" \/>\n<meta property=\"article:author\" content=\"https:\/\/www.facebook.com\/jonathan.broberg.7\" \/>\n<meta property=\"article:published_time\" content=\"2010-05-12T11:22:33+00:00\" \/>\n<meta property=\"article:modified_time\" content=\"2016-12-06T21:31:21+00:00\" \/>\n<meta name=\"author\" content=\"Jonathan Broberg\" \/>\n<meta name=\"twitter:card\" content=\"summary_large_image\" \/>\n<meta name=\"twitter:label1\" content=\"Skriven av\" \/>\n\t<meta name=\"twitter:data1\" content=\"Jonathan Broberg\" \/>\n\t<meta name=\"twitter:label2\" content=\"Ber\u00e4knad l\u00e4stid\" \/>\n\t<meta name=\"twitter:data2\" content=\"2 minuter\" \/>\n<script type=\"application\/ld+json\" class=\"yoast-schema-graph\">{\"@context\":\"https:\/\/schema.org\",\"@graph\":[{\"@type\":\"Article\",\"@id\":\"https:\/\/www.budokampsport.se\/2010\/05\/12\/stora-wushu-vindar-blaser-in-over-kalmar\/#article\",\"isPartOf\":{\"@id\":\"https:\/\/www.budokampsport.se\/2010\/05\/12\/stora-wushu-vindar-blaser-in-over-kalmar\/\"},\"author\":{\"name\":\"Jonathan Broberg\",\"@id\":\"https:\/\/www.budokampsport.se\/#\/schema\/person\/5c06d81d14850e2a8ce5493386560145\"},\"headline\":\"Stora wushu-vindar bl\u00e5ser in \u00f6ver Kalmar\",\"datePublished\":\"2010-05-12T11:22:33+00:00\",\"dateModified\":\"2016-12-06T21:31:21+00:00\",\"mainEntityOfPage\":{\"@id\":\"https:\/\/www.budokampsport.se\/2010\/05\/12\/stora-wushu-vindar-blaser-in-over-kalmar\/\"},\"wordCount\":413,\"inLanguage\":\"sv-SE\"},{\"@type\":\"WebPage\",\"@id\":\"https:\/\/www.budokampsport.se\/2010\/05\/12\/stora-wushu-vindar-blaser-in-over-kalmar\/\",\"url\":\"https:\/\/www.budokampsport.se\/2010\/05\/12\/stora-wushu-vindar-blaser-in-over-kalmar\/\",\"name\":\"Stora wushu-vindar bl\u00e5ser in \u00f6ver Kalmar - Svenska Budo &amp; Kampsportsf\u00f6rbundet\",\"isPartOf\":{\"@id\":\"https:\/\/www.budokampsport.se\/#website\"},\"datePublished\":\"2010-05-12T11:22:33+00:00\",\"dateModified\":\"2016-12-06T21:31:21+00:00\",\"author\":{\"@id\":\"https:\/\/www.budokampsport.se\/#\/schema\/person\/5c06d81d14850e2a8ce5493386560145\"},\"description\":\"En ny organisation, i samarbete med Swedish open i wushu ska locka Europaeliten till Sverige och Kalmar i framtida stort\u00e4vlingar. Det \u00e4r \u00e5tminstone Ahad Nobahktis vision.\u00a0\u00a0 - Med S-1 vill vi locka de b\u00e4sta sanshoutu\u00f6varna i Europa att t\u00e4vla mot Sverigeeliten. N\u00e5got alla tj\u00e4nar p\u00e5, s\u00e4ger han till budokampsport.se.\",\"breadcrumb\":{\"@id\":\"https:\/\/www.budokampsport.se\/2010\/05\/12\/stora-wushu-vindar-blaser-in-over-kalmar\/#breadcrumb\"},\"inLanguage\":\"sv-SE\",\"potentialAction\":[{\"@type\":\"ReadAction\",\"target\":[\"https:\/\/www.budokampsport.se\/2010\/05\/12\/stora-wushu-vindar-blaser-in-over-kalmar\/\"]}]},{\"@type\":\"BreadcrumbList\",\"@id\":\"https:\/\/www.budokampsport.se\/2010\/05\/12\/stora-wushu-vindar-blaser-in-over-kalmar\/#breadcrumb\",\"itemListElement\":[{\"@type\":\"ListItem\",\"position\":1,\"name\":\"Hem\",\"item\":\"https:\/\/www.budokampsport.se\/\"},{\"@type\":\"ListItem\",\"position\":2,\"name\":\"Stora wushu-vindar bl\u00e5ser in \u00f6ver Kalmar\"}]},{\"@type\":\"WebSite\",\"@id\":\"https:\/\/www.budokampsport.se\/#website\",\"url\":\"https:\/\/www.budokampsport.se\/\",\"name\":\"Svenska Budo &amp; Kampsportsf\u00f6rbundet\",\"description\":\"T\u00e4vling, Tr\u00e4ning, Tradition\",\"potentialAction\":[{\"@type\":\"SearchAction\",\"target\":{\"@type\":\"EntryPoint\",\"urlTemplate\":\"https:\/\/www.budokampsport.se\/?s={search_term_string}\"},\"query-input\":{\"@type\":\"PropertyValueSpecification\",\"valueRequired\":true,\"valueName\":\"search_term_string\"}}],\"inLanguage\":\"sv-SE\"},{\"@type\":\"Person\",\"@id\":\"https:\/\/www.budokampsport.se\/#\/schema\/person\/5c06d81d14850e2a8ce5493386560145\",\"name\":\"Jonathan Broberg\",\"image\":{\"@type\":\"ImageObject\",\"inLanguage\":\"sv-SE\",\"@id\":\"https:\/\/www.budokampsport.se\/#\/schema\/person\/image\/\",\"url\":\"https:\/\/secure.gravatar.com\/avatar\/a58041c6cea9128bd9c40ee2f26d4136?s=96&d=blank&r=g\",\"contentUrl\":\"https:\/\/secure.gravatar.com\/avatar\/a58041c6cea9128bd9c40ee2f26d4136?s=96&d=blank&r=g\",\"caption\":\"Jonathan Broberg\"},\"sameAs\":[\"https:\/\/www.facebook.com\/jonathan.broberg.7\"],\"url\":\"https:\/\/www.budokampsport.se\/author\/jonathan\/\"}]}<\/script>\n<!-- \/ Yoast SEO plugin. -->","yoast_head_json":{"title":"Stora wushu-vindar bl\u00e5ser in \u00f6ver Kalmar - Svenska Budo &amp; Kampsportsf\u00f6rbundet","description":"En ny organisation, i samarbete med Swedish open i wushu ska locka Europaeliten till Sverige och Kalmar i framtida stort\u00e4vlingar. Det \u00e4r \u00e5tminstone Ahad Nobahktis vision.\u00a0\u00a0 - Med S-1 vill vi locka de b\u00e4sta sanshoutu\u00f6varna i Europa att t\u00e4vla mot Sverigeeliten. N\u00e5got alla tj\u00e4nar p\u00e5, s\u00e4ger han till budokampsport.se.","robots":{"index":"index","follow":"follow","max-snippet":"max-snippet:-1","max-image-preview":"max-image-preview:large","max-video-preview":"max-video-preview:-1"},"canonical":"https:\/\/www.budokampsport.se\/2010\/05\/12\/stora-wushu-vindar-blaser-in-over-kalmar\/","og_locale":"sv_SE","og_type":"article","og_title":"Stora wushu-vindar bl\u00e5ser in \u00f6ver Kalmar - Svenska Budo &amp; Kampsportsf\u00f6rbundet","og_description":"En ny organisation, i samarbete med Swedish open i wushu ska locka Europaeliten till Sverige och Kalmar i framtida stort\u00e4vlingar. Det \u00e4r \u00e5tminstone Ahad Nobahktis vision.\u00a0\u00a0 - Med S-1 vill vi locka de b\u00e4sta sanshoutu\u00f6varna i Europa att t\u00e4vla mot Sverigeeliten. N\u00e5got alla tj\u00e4nar p\u00e5, s\u00e4ger han till budokampsport.se.","og_url":"https:\/\/www.budokampsport.se\/2010\/05\/12\/stora-wushu-vindar-blaser-in-over-kalmar\/","og_site_name":"Svenska Budo &amp; Kampsportsf\u00f6rbundet","article_author":"https:\/\/www.facebook.com\/jonathan.broberg.7","article_published_time":"2010-05-12T11:22:33+00:00","article_modified_time":"2016-12-06T21:31:21+00:00","author":"Jonathan Broberg","twitter_card":"summary_large_image","twitter_misc":{"Skriven av":"Jonathan Broberg","Ber\u00e4knad l\u00e4stid":"2 minuter"},"schema":{"@context":"https:\/\/schema.org","@graph":[{"@type":"Article","@id":"https:\/\/www.budokampsport.se\/2010\/05\/12\/stora-wushu-vindar-blaser-in-over-kalmar\/#article","isPartOf":{"@id":"https:\/\/www.budokampsport.se\/2010\/05\/12\/stora-wushu-vindar-blaser-in-over-kalmar\/"},"author":{"name":"Jonathan Broberg","@id":"https:\/\/www.budokampsport.se\/#\/schema\/person\/5c06d81d14850e2a8ce5493386560145"},"headline":"Stora wushu-vindar bl\u00e5ser in \u00f6ver Kalmar","datePublished":"2010-05-12T11:22:33+00:00","dateModified":"2016-12-06T21:31:21+00:00","mainEntityOfPage":{"@id":"https:\/\/www.budokampsport.se\/2010\/05\/12\/stora-wushu-vindar-blaser-in-over-kalmar\/"},"wordCount":413,"inLanguage":"sv-SE"},{"@type":"WebPage","@id":"https:\/\/www.budokampsport.se\/2010\/05\/12\/stora-wushu-vindar-blaser-in-over-kalmar\/","url":"https:\/\/www.budokampsport.se\/2010\/05\/12\/stora-wushu-vindar-blaser-in-over-kalmar\/","name":"Stora wushu-vindar bl\u00e5ser in \u00f6ver Kalmar - Svenska Budo &amp; Kampsportsf\u00f6rbundet","isPartOf":{"@id":"https:\/\/www.budokampsport.se\/#website"},"datePublished":"2010-05-12T11:22:33+00:00","dateModified":"2016-12-06T21:31:21+00:00","author":{"@id":"https:\/\/www.budokampsport.se\/#\/schema\/person\/5c06d81d14850e2a8ce5493386560145"},"description":"En ny organisation, i samarbete med Swedish open i wushu ska locka Europaeliten till Sverige och Kalmar i framtida stort\u00e4vlingar. Det \u00e4r \u00e5tminstone Ahad Nobahktis vision.\u00a0\u00a0 - Med S-1 vill vi locka de b\u00e4sta sanshoutu\u00f6varna i Europa att t\u00e4vla mot Sverigeeliten. N\u00e5got alla tj\u00e4nar p\u00e5, s\u00e4ger han till budokampsport.se.","breadcrumb":{"@id":"https:\/\/www.budokampsport.se\/2010\/05\/12\/stora-wushu-vindar-blaser-in-over-kalmar\/#breadcrumb"},"inLanguage":"sv-SE","potentialAction":[{"@type":"ReadAction","target":["https:\/\/www.budokampsport.se\/2010\/05\/12\/stora-wushu-vindar-blaser-in-over-kalmar\/"]}]},{"@type":"BreadcrumbList","@id":"https:\/\/www.budokampsport.se\/2010\/05\/12\/stora-wushu-vindar-blaser-in-over-kalmar\/#breadcrumb","itemListElement":[{"@type":"ListItem","position":1,"name":"Hem","item":"https:\/\/www.budokampsport.se\/"},{"@type":"ListItem","position":2,"name":"Stora wushu-vindar bl\u00e5ser in \u00f6ver Kalmar"}]},{"@type":"WebSite","@id":"https:\/\/www.budokampsport.se\/#website","url":"https:\/\/www.budokampsport.se\/","name":"Svenska Budo &amp; Kampsportsf\u00f6rbundet","description":"T\u00e4vling, Tr\u00e4ning, Tradition","potentialAction":[{"@type":"SearchAction","target":{"@type":"EntryPoint","urlTemplate":"https:\/\/www.budokampsport.se\/?s={search_term_string}"},"query-input":{"@type":"PropertyValueSpecification","valueRequired":true,"valueName":"search_term_string"}}],"inLanguage":"sv-SE"},{"@type":"Person","@id":"https:\/\/www.budokampsport.se\/#\/schema\/person\/5c06d81d14850e2a8ce5493386560145","name":"Jonathan Broberg","image":{"@type":"ImageObject","inLanguage":"sv-SE","@id":"https:\/\/www.budokampsport.se\/#\/schema\/person\/image\/","url":"https:\/\/secure.gravatar.com\/avatar\/a58041c6cea9128bd9c40ee2f26d4136?s=96&d=blank&r=g","contentUrl":"https:\/\/secure.gravatar.com\/avatar\/a58041c6cea9128bd9c40ee2f26d4136?s=96&d=blank&r=g","caption":"Jonathan Broberg"},"sameAs":["https:\/\/www.facebook.com\/jonathan.broberg.7"],"url":"https:\/\/www.budokampsport.se\/author\/jonathan\/"}]}},"_links":{"self":[{"href":"https:\/\/www.budokampsport.se\/api\/wp\/v2\/posts\/3307","targetHints":{"allow":["GET"]}}],"collection":[{"href":"https:\/\/www.budokampsport.se\/api\/wp\/v2\/posts"}],"about":[{"href":"https:\/\/www.budokampsport.se\/api\/wp\/v2\/types\/post"}],"author":[{"embeddable":true,"href":"https:\/\/www.budokampsport.se\/api\/wp\/v2\/users\/7"}],"replies":[{"embeddable":true,"href":"https:\/\/www.budokampsport.se\/api\/wp\/v2\/comments?post=3307"}],"version-history":[{"count":0,"href":"https:\/\/www.budokampsport.se\/api\/wp\/v2\/posts\/3307\/revisions"}],"wp:attachment":[{"href":"https:\/\/www.budokampsport.se\/api\/wp\/v2\/media?parent=3307"}],"wp:term":[{"taxonomy":"category","embeddable":true,"href":"https:\/\/www.budokampsport.se\/api\/wp\/v2\/categories?post=3307"},{"taxonomy":"post_tag","embeddable":true,"href":"https:\/\/www.budokampsport.se\/api\/wp\/v2\/tags?post=3307"}],"curies":[{"name":"wp","href":"https:\/\/api.w.org\/{rel}","templated":true}]}}