{"id":3314,"date":"2010-05-23T12:14:56","date_gmt":"2010-05-23T10:14:56","guid":{"rendered":"http:\/\/budo.wordpress.dev\/2010\/05\/23\/reportage-budo-sm-som-en-miniolympiad\/"},"modified":"2016-12-06T22:31:23","modified_gmt":"2016-12-06T21:31:23","slug":"reportage-budo-sm-som-en-miniolympiad","status":"publish","type":"post","link":"https:\/\/www.budokampsport.se\/2010\/05\/23\/reportage-budo-sm-som-en-miniolympiad\/","title":{"rendered":"Reportage: Budo-SM som en miniolympiad"},"content":{"rendered":"<p><P><STRONG><IMG alt=\"\" align=middle src=\"\/sites\/default\/files\/_MG_2377.jpg\" width=430 height=287><BR>N\u00e4r solen skiner \u00f6ver Sverige \u00e4r v\u00e5rt avl\u00e5nga nordliga land n\u00e4stan bef\u00e4ngt vackert. N\u00e4r nu v\u00e4rmen verkar hittat ocks\u00e5 v\u00e5ra breddgrader flyter liksom livets lust igenom kroppens omloppssystem. Och just livets lust m\u00f6tte i helgen m\u00e4nniskans f\u00f6rm\u00e5ga till djup koncentration. Att uppleva svensk budo d\u00e5 den \u00e4r som allra b\u00e4st, var vackert, effektfullt och livligt.<BR><\/STRONG><!--break--><BR>Det var med stora f\u00f6rhoppningar som d\u00f6rrarna till Fyrishovshallen i Uppsala \u00f6ppnades och gr\u00e4ddan av svensk Budo kunde tr\u00e4da in.<BR><BR><IMG alt=\"\" align=middle src=\"\/sites\/default\/files\/_MG_2374.jpg\" width=430 height=287><BR><BR>Under en helg f\u00f6rvandlades det v\u00e5rfagra och spirande gr\u00f6nskan utanf\u00f6r, till en uppvisning i fashionabla dr\u00e4kter, innerlig koncentration, svingade sv\u00e4rd, och bl\u00e4nkande pilb\u00e5gar.<BR><BR>Det k\u00e4ndes lite som att kliva in i en oerh\u00f6rt p\u00e5kostad film, en produktion d\u00e4r alla komponenter finns f\u00f6r att senare trollbinda en kr\u00e4sen biopublik.<BR><BR><STRONG>Bj\u00f6rkeg\u00e5rd f\u00f6svarade guldet i kendo<BR><\/STRONG>Kendons fart och energi \u00e4r imponerade. Dess gallerprydda huvudbonader inger respekt och n\u00e4r v\u00e4l matcherna \u00e4r i g\u00e5ng finns det en gripande f\u00f6rnimmelse som h\u00e4nf\u00f6r \u00e5sk\u00e5darna\u00a0i Fyrishovshallen. Nils Bj\u00f6rkeg\u00e5rd \u00e4r regerande svensk m\u00e4stare i kendo, men till detta SM \u00e4r han bekymrad.<BR>\u00a0\u00a0 &#8211; Jag har haft lite skadeproblem och inte kunnat tr\u00e4na s\u00e5 h\u00e5rt som jag kanske beh\u00f6vt, sade han lite os\u00e4kert inf\u00f6r t\u00e4vlingen.<BR><BR><IMG alt=\"\" align=middle src=\"\/sites\/default\/files\/_MG_2380.jpg\" width=430 height=287><BR><BR>Men n\u00e4r v\u00e4l det hela brakade ig\u00e5ng var Nils obeveklig. Han vann enkelt sin f\u00f6rsta match och efter det rann det hela p\u00e5 och trots lite os\u00e4ker form f\u00f6rsvarade Nils Bj\u00f6rkeg\u00e5rd sitt SM-tecken.<BR><BR><IMG alt=\"\" align=right src=\"\/sites\/default\/files\/_MG_2404.jpg\" width=200 height=195><BR>I en annan del av hallen var det betydligt lugnare. Men nervositeten och sp\u00e4nningen gick \u00e4nd\u00e5 att ta p\u00e5 d\u00e5 iaido och jodo drog ig\u00e5ng. Iaido \u00e4r en idrott som kr\u00e4ver enorm personlig fokusering. Det g\u00e5r ib\u00f6rjan l\u00e5ngsamt och stillsamt, f\u00f6r att under slutdelen av den t\u00e4vlandes framf\u00f6rande accelerera och n\u00e4r sv\u00e4rden klyver luften de sk\u00e4r i h\u00f6rs respekt- men samtidigt roingivande svisch.<BR><BR>I iaido har Jesper Waldest\u00e5l p\u00e5 sistone vuxit ut till en svensk v\u00e4rldsstj\u00e4rna. Jesper kombinerar stilfullt en st\u00e5tlig kroppsh\u00e5llning\u00a0med att\u00a0han \u00e4r l\u00e4tt och konsekvent i sitt r\u00f6relsem\u00f6nster. Jesper tog sig f\u00f6rh\u00e5llandevis enkelt vidare till s\u00f6ndagens finaler i b\u00e5de iaido och jodo. D\u00e5 detta reportage skrivs har \u00e4nnu inte m\u00e4sterskapen d\u00e4r avgjorts \u00e4nnu.<BR><BR><STRONG>B\u00e5gskytte \u00e4r Guillou, kyudo \u00e4r Strindberg<BR><\/STRONG>Om iaido och jodo var lugnt och f\u00f6rknippat med stor koncentration k\u00e4nns kommentarer om t\u00e4vlingarna i kyudo (japanskt b\u00e5gskytte)\u00a0n\u00e4rmast \u00f6verfl\u00f6diga. Om vanligt b\u00e5gskytte \u00e4r Jan Guillou \u00e4r kyudo August Strindberg.<BR><BR>Det \u00e4r mer vitalt i kyudo hur sj\u00e4lva pilen skjuts, inte var den tr\u00e4ffar m\u00e5let n\u00e5gonstans. Att se p\u00e5 kyudo \u00e4r som att kliva rakt in i en filmatisering eller en teaterpj\u00e4s. Det \u00e4r inget annat likt och fr\u00e5gan \u00e4r om det finns n\u00e5gon idrott med s\u00e5dan fokusering och s\u00e5dan rituell balans som kyudo.<BR><BR><IMG alt=\"\" align=middle src=\"\/sites\/default\/files\/_MG_2432.jpg\" width=430 height=287><BR><BR>Regerande svensk m\u00e4stare h\u00e4r \u00e4r Jan Graaf, som ocks\u00e5 inleder t\u00e4vlingen med en introduktion. Allt k\u00e4nns eftert\u00e4nksamt \u2013 inget l\u00e4mnas \u00e5t slumpen n\u00e4r Jan efter ett par minuters fokusering\u00a0smeker iv\u00e4g sina tv\u00e5 pilar.<BR><BR>Kyudo \u00e4r en av de \u00e4ldsta idrotterna i Sverige, men en\u00a0av de yngsta n\u00e4r det g\u00e4ller SM-status. Trots att idrotten h\u00e4rstammar fr\u00e5n 1500-talets Japan var \u00e5rets SM endast historiens andra. V\u00e4rt att notera \u00e4r att inte heller h\u00e4r har t\u00e4vlingarna avgjorts d\u00e5 denna text blivit till.<BR><BR>Att SM i \u00e5r varit samlat f\u00f6r fem budoarter under namnet Budo-SM var ett mycket givande initiativ. God st\u00e4mning, fina t\u00e4vlingar och m\u00e5nga skratt i goda v\u00e4nners lag. <BR><BR>Budo \u00e4r som f\u00f6rbundets pay-off avsl\u00f6jar: t\u00e4vling, tr\u00e4ning, tradition.<BR>Det syntes tydligt denna underbara majhelg 2010 i Uppsala.<BR><BR><EM>Resultat fr\u00e5n samtliga t\u00e4vlingar i Budo-SM kommer efter helgen.<BR><\/EM><BR>Text och foto: Jonathan Broberg<BR>\u00a0<\/P><\/p>\n","protected":false},"excerpt":{"rendered":"<p><P><STRONG><IMG alt=\"\" align=middle src=\"\/sites\/default\/files\/_MG_2377.jpg\" width=430 height=287><BR>N\u00e4r solen skiner \u00f6ver Sverige \u00e4r v\u00e5rt avl\u00e5nga nordliga land n\u00e4stan bef\u00e4ngt vackert. N\u00e4r nu v\u00e4rmen verkar hittat ocks\u00e5 v\u00e5ra breddgrader flyter liksom livets lust igenom kroppens omloppssystem. Och just livets lust m\u00f6tte i helgen m\u00e4nniskans f\u00f6rm\u00e5ga till djup koncentration. Att uppleva svensk budo d\u00e5 den \u00e4r som allra b\u00e4st, var vackert, effektfullt och livligt.<BR><\/STRONG><\/p><br>","protected":false},"author":7,"featured_media":0,"comment_status":"closed","ping_status":"closed","sticky":false,"template":"","format":"standard","meta":{"_acf_changed":false,"footnotes":""},"categories":[1],"tags":[],"class_list":["post-3314","post","type-post","status-publish","format-standard","hentry","category-okategoriserade"],"acf":[],"yoast_head":"<!-- This site is optimized with the Yoast SEO plugin v26.8 - https:\/\/yoast.com\/product\/yoast-seo-wordpress\/ -->\n<title>Reportage: Budo-SM som en miniolympiad - Svenska Budo &amp; Kampsportsf\u00f6rbundet<\/title>\n<meta name=\"description\" content=\"N\u00e4r solen skiner \u00f6ver Sverige \u00e4r v\u00e5rt avl\u00e5nga nordliga land n\u00e4stan bef\u00e4ngt vackert. N\u00e4r nu v\u00e4rmen verkar hittat ocks\u00e5 v\u00e5ra breddgrader flyter liksom livets lust igenom kroppens omloppssystem. Och just livets lust m\u00f6tte i helgen m\u00e4nniskans f\u00f6rm\u00e5ga till djup koncentration. Att uppleva svensk budo d\u00e5 den \u00e4r som allra b\u00e4st, var vackert, effektfullt och livligt.\" \/>\n<meta name=\"robots\" content=\"index, follow, max-snippet:-1, max-image-preview:large, max-video-preview:-1\" \/>\n<link rel=\"canonical\" href=\"https:\/\/www.budokampsport.se\/2010\/05\/23\/reportage-budo-sm-som-en-miniolympiad\/\" \/>\n<meta property=\"og:locale\" content=\"sv_SE\" \/>\n<meta property=\"og:type\" content=\"article\" \/>\n<meta property=\"og:title\" content=\"Reportage: Budo-SM som en miniolympiad - Svenska Budo &amp; Kampsportsf\u00f6rbundet\" \/>\n<meta property=\"og:description\" content=\"N\u00e4r solen skiner \u00f6ver Sverige \u00e4r v\u00e5rt avl\u00e5nga nordliga land n\u00e4stan bef\u00e4ngt vackert. N\u00e4r nu v\u00e4rmen verkar hittat ocks\u00e5 v\u00e5ra breddgrader flyter liksom livets lust igenom kroppens omloppssystem. Och just livets lust m\u00f6tte i helgen m\u00e4nniskans f\u00f6rm\u00e5ga till djup koncentration. Att uppleva svensk budo d\u00e5 den \u00e4r som allra b\u00e4st, var vackert, effektfullt och livligt.\" \/>\n<meta property=\"og:url\" content=\"https:\/\/www.budokampsport.se\/2010\/05\/23\/reportage-budo-sm-som-en-miniolympiad\/\" \/>\n<meta property=\"og:site_name\" content=\"Svenska Budo &amp; Kampsportsf\u00f6rbundet\" \/>\n<meta property=\"article:author\" content=\"https:\/\/www.facebook.com\/jonathan.broberg.7\" \/>\n<meta property=\"article:published_time\" content=\"2010-05-23T10:14:56+00:00\" \/>\n<meta property=\"article:modified_time\" content=\"2016-12-06T21:31:23+00:00\" \/>\n<meta name=\"author\" content=\"Jonathan Broberg\" \/>\n<meta name=\"twitter:card\" content=\"summary_large_image\" \/>\n<meta name=\"twitter:label1\" content=\"Skriven av\" \/>\n\t<meta name=\"twitter:data1\" content=\"Jonathan Broberg\" \/>\n\t<meta name=\"twitter:label2\" content=\"Ber\u00e4knad l\u00e4stid\" \/>\n\t<meta name=\"twitter:data2\" content=\"3 minuter\" \/>\n<script type=\"application\/ld+json\" class=\"yoast-schema-graph\">{\"@context\":\"https:\/\/schema.org\",\"@graph\":[{\"@type\":\"Article\",\"@id\":\"https:\/\/www.budokampsport.se\/2010\/05\/23\/reportage-budo-sm-som-en-miniolympiad\/#article\",\"isPartOf\":{\"@id\":\"https:\/\/www.budokampsport.se\/2010\/05\/23\/reportage-budo-sm-som-en-miniolympiad\/\"},\"author\":{\"name\":\"Jonathan Broberg\",\"@id\":\"https:\/\/www.budokampsport.se\/#\/schema\/person\/5c06d81d14850e2a8ce5493386560145\"},\"headline\":\"Reportage: Budo-SM som en miniolympiad\",\"datePublished\":\"2010-05-23T10:14:56+00:00\",\"dateModified\":\"2016-12-06T21:31:23+00:00\",\"mainEntityOfPage\":{\"@id\":\"https:\/\/www.budokampsport.se\/2010\/05\/23\/reportage-budo-sm-som-en-miniolympiad\/\"},\"wordCount\":706,\"inLanguage\":\"sv-SE\"},{\"@type\":\"WebPage\",\"@id\":\"https:\/\/www.budokampsport.se\/2010\/05\/23\/reportage-budo-sm-som-en-miniolympiad\/\",\"url\":\"https:\/\/www.budokampsport.se\/2010\/05\/23\/reportage-budo-sm-som-en-miniolympiad\/\",\"name\":\"Reportage: Budo-SM som en miniolympiad - Svenska Budo &amp; Kampsportsf\u00f6rbundet\",\"isPartOf\":{\"@id\":\"https:\/\/www.budokampsport.se\/#website\"},\"datePublished\":\"2010-05-23T10:14:56+00:00\",\"dateModified\":\"2016-12-06T21:31:23+00:00\",\"author\":{\"@id\":\"https:\/\/www.budokampsport.se\/#\/schema\/person\/5c06d81d14850e2a8ce5493386560145\"},\"description\":\"N\u00e4r solen skiner \u00f6ver Sverige \u00e4r v\u00e5rt avl\u00e5nga nordliga land n\u00e4stan bef\u00e4ngt vackert. N\u00e4r nu v\u00e4rmen verkar hittat ocks\u00e5 v\u00e5ra breddgrader flyter liksom livets lust igenom kroppens omloppssystem. Och just livets lust m\u00f6tte i helgen m\u00e4nniskans f\u00f6rm\u00e5ga till djup koncentration. Att uppleva svensk budo d\u00e5 den \u00e4r som allra b\u00e4st, var vackert, effektfullt och livligt.\",\"breadcrumb\":{\"@id\":\"https:\/\/www.budokampsport.se\/2010\/05\/23\/reportage-budo-sm-som-en-miniolympiad\/#breadcrumb\"},\"inLanguage\":\"sv-SE\",\"potentialAction\":[{\"@type\":\"ReadAction\",\"target\":[\"https:\/\/www.budokampsport.se\/2010\/05\/23\/reportage-budo-sm-som-en-miniolympiad\/\"]}]},{\"@type\":\"BreadcrumbList\",\"@id\":\"https:\/\/www.budokampsport.se\/2010\/05\/23\/reportage-budo-sm-som-en-miniolympiad\/#breadcrumb\",\"itemListElement\":[{\"@type\":\"ListItem\",\"position\":1,\"name\":\"Hem\",\"item\":\"https:\/\/www.budokampsport.se\/\"},{\"@type\":\"ListItem\",\"position\":2,\"name\":\"Reportage: Budo-SM som en miniolympiad\"}]},{\"@type\":\"WebSite\",\"@id\":\"https:\/\/www.budokampsport.se\/#website\",\"url\":\"https:\/\/www.budokampsport.se\/\",\"name\":\"Svenska Budo &amp; Kampsportsf\u00f6rbundet\",\"description\":\"T\u00e4vling, Tr\u00e4ning, Tradition\",\"potentialAction\":[{\"@type\":\"SearchAction\",\"target\":{\"@type\":\"EntryPoint\",\"urlTemplate\":\"https:\/\/www.budokampsport.se\/?s={search_term_string}\"},\"query-input\":{\"@type\":\"PropertyValueSpecification\",\"valueRequired\":true,\"valueName\":\"search_term_string\"}}],\"inLanguage\":\"sv-SE\"},{\"@type\":\"Person\",\"@id\":\"https:\/\/www.budokampsport.se\/#\/schema\/person\/5c06d81d14850e2a8ce5493386560145\",\"name\":\"Jonathan Broberg\",\"image\":{\"@type\":\"ImageObject\",\"inLanguage\":\"sv-SE\",\"@id\":\"https:\/\/www.budokampsport.se\/#\/schema\/person\/image\/\",\"url\":\"https:\/\/secure.gravatar.com\/avatar\/a58041c6cea9128bd9c40ee2f26d4136?s=96&d=blank&r=g\",\"contentUrl\":\"https:\/\/secure.gravatar.com\/avatar\/a58041c6cea9128bd9c40ee2f26d4136?s=96&d=blank&r=g\",\"caption\":\"Jonathan Broberg\"},\"sameAs\":[\"https:\/\/www.facebook.com\/jonathan.broberg.7\"],\"url\":\"https:\/\/www.budokampsport.se\/author\/jonathan\/\"}]}<\/script>\n<!-- \/ Yoast SEO plugin. -->","yoast_head_json":{"title":"Reportage: Budo-SM som en miniolympiad - Svenska Budo &amp; Kampsportsf\u00f6rbundet","description":"N\u00e4r solen skiner \u00f6ver Sverige \u00e4r v\u00e5rt avl\u00e5nga nordliga land n\u00e4stan bef\u00e4ngt vackert. N\u00e4r nu v\u00e4rmen verkar hittat ocks\u00e5 v\u00e5ra breddgrader flyter liksom livets lust igenom kroppens omloppssystem. Och just livets lust m\u00f6tte i helgen m\u00e4nniskans f\u00f6rm\u00e5ga till djup koncentration. Att uppleva svensk budo d\u00e5 den \u00e4r som allra b\u00e4st, var vackert, effektfullt och livligt.","robots":{"index":"index","follow":"follow","max-snippet":"max-snippet:-1","max-image-preview":"max-image-preview:large","max-video-preview":"max-video-preview:-1"},"canonical":"https:\/\/www.budokampsport.se\/2010\/05\/23\/reportage-budo-sm-som-en-miniolympiad\/","og_locale":"sv_SE","og_type":"article","og_title":"Reportage: Budo-SM som en miniolympiad - Svenska Budo &amp; Kampsportsf\u00f6rbundet","og_description":"N\u00e4r solen skiner \u00f6ver Sverige \u00e4r v\u00e5rt avl\u00e5nga nordliga land n\u00e4stan bef\u00e4ngt vackert. N\u00e4r nu v\u00e4rmen verkar hittat ocks\u00e5 v\u00e5ra breddgrader flyter liksom livets lust igenom kroppens omloppssystem. Och just livets lust m\u00f6tte i helgen m\u00e4nniskans f\u00f6rm\u00e5ga till djup koncentration. Att uppleva svensk budo d\u00e5 den \u00e4r som allra b\u00e4st, var vackert, effektfullt och livligt.","og_url":"https:\/\/www.budokampsport.se\/2010\/05\/23\/reportage-budo-sm-som-en-miniolympiad\/","og_site_name":"Svenska Budo &amp; Kampsportsf\u00f6rbundet","article_author":"https:\/\/www.facebook.com\/jonathan.broberg.7","article_published_time":"2010-05-23T10:14:56+00:00","article_modified_time":"2016-12-06T21:31:23+00:00","author":"Jonathan Broberg","twitter_card":"summary_large_image","twitter_misc":{"Skriven av":"Jonathan Broberg","Ber\u00e4knad l\u00e4stid":"3 minuter"},"schema":{"@context":"https:\/\/schema.org","@graph":[{"@type":"Article","@id":"https:\/\/www.budokampsport.se\/2010\/05\/23\/reportage-budo-sm-som-en-miniolympiad\/#article","isPartOf":{"@id":"https:\/\/www.budokampsport.se\/2010\/05\/23\/reportage-budo-sm-som-en-miniolympiad\/"},"author":{"name":"Jonathan Broberg","@id":"https:\/\/www.budokampsport.se\/#\/schema\/person\/5c06d81d14850e2a8ce5493386560145"},"headline":"Reportage: Budo-SM som en miniolympiad","datePublished":"2010-05-23T10:14:56+00:00","dateModified":"2016-12-06T21:31:23+00:00","mainEntityOfPage":{"@id":"https:\/\/www.budokampsport.se\/2010\/05\/23\/reportage-budo-sm-som-en-miniolympiad\/"},"wordCount":706,"inLanguage":"sv-SE"},{"@type":"WebPage","@id":"https:\/\/www.budokampsport.se\/2010\/05\/23\/reportage-budo-sm-som-en-miniolympiad\/","url":"https:\/\/www.budokampsport.se\/2010\/05\/23\/reportage-budo-sm-som-en-miniolympiad\/","name":"Reportage: Budo-SM som en miniolympiad - Svenska Budo &amp; Kampsportsf\u00f6rbundet","isPartOf":{"@id":"https:\/\/www.budokampsport.se\/#website"},"datePublished":"2010-05-23T10:14:56+00:00","dateModified":"2016-12-06T21:31:23+00:00","author":{"@id":"https:\/\/www.budokampsport.se\/#\/schema\/person\/5c06d81d14850e2a8ce5493386560145"},"description":"N\u00e4r solen skiner \u00f6ver Sverige \u00e4r v\u00e5rt avl\u00e5nga nordliga land n\u00e4stan bef\u00e4ngt vackert. N\u00e4r nu v\u00e4rmen verkar hittat ocks\u00e5 v\u00e5ra breddgrader flyter liksom livets lust igenom kroppens omloppssystem. Och just livets lust m\u00f6tte i helgen m\u00e4nniskans f\u00f6rm\u00e5ga till djup koncentration. Att uppleva svensk budo d\u00e5 den \u00e4r som allra b\u00e4st, var vackert, effektfullt och livligt.","breadcrumb":{"@id":"https:\/\/www.budokampsport.se\/2010\/05\/23\/reportage-budo-sm-som-en-miniolympiad\/#breadcrumb"},"inLanguage":"sv-SE","potentialAction":[{"@type":"ReadAction","target":["https:\/\/www.budokampsport.se\/2010\/05\/23\/reportage-budo-sm-som-en-miniolympiad\/"]}]},{"@type":"BreadcrumbList","@id":"https:\/\/www.budokampsport.se\/2010\/05\/23\/reportage-budo-sm-som-en-miniolympiad\/#breadcrumb","itemListElement":[{"@type":"ListItem","position":1,"name":"Hem","item":"https:\/\/www.budokampsport.se\/"},{"@type":"ListItem","position":2,"name":"Reportage: Budo-SM som en miniolympiad"}]},{"@type":"WebSite","@id":"https:\/\/www.budokampsport.se\/#website","url":"https:\/\/www.budokampsport.se\/","name":"Svenska Budo &amp; Kampsportsf\u00f6rbundet","description":"T\u00e4vling, Tr\u00e4ning, Tradition","potentialAction":[{"@type":"SearchAction","target":{"@type":"EntryPoint","urlTemplate":"https:\/\/www.budokampsport.se\/?s={search_term_string}"},"query-input":{"@type":"PropertyValueSpecification","valueRequired":true,"valueName":"search_term_string"}}],"inLanguage":"sv-SE"},{"@type":"Person","@id":"https:\/\/www.budokampsport.se\/#\/schema\/person\/5c06d81d14850e2a8ce5493386560145","name":"Jonathan Broberg","image":{"@type":"ImageObject","inLanguage":"sv-SE","@id":"https:\/\/www.budokampsport.se\/#\/schema\/person\/image\/","url":"https:\/\/secure.gravatar.com\/avatar\/a58041c6cea9128bd9c40ee2f26d4136?s=96&d=blank&r=g","contentUrl":"https:\/\/secure.gravatar.com\/avatar\/a58041c6cea9128bd9c40ee2f26d4136?s=96&d=blank&r=g","caption":"Jonathan Broberg"},"sameAs":["https:\/\/www.facebook.com\/jonathan.broberg.7"],"url":"https:\/\/www.budokampsport.se\/author\/jonathan\/"}]}},"_links":{"self":[{"href":"https:\/\/www.budokampsport.se\/api\/wp\/v2\/posts\/3314","targetHints":{"allow":["GET"]}}],"collection":[{"href":"https:\/\/www.budokampsport.se\/api\/wp\/v2\/posts"}],"about":[{"href":"https:\/\/www.budokampsport.se\/api\/wp\/v2\/types\/post"}],"author":[{"embeddable":true,"href":"https:\/\/www.budokampsport.se\/api\/wp\/v2\/users\/7"}],"replies":[{"embeddable":true,"href":"https:\/\/www.budokampsport.se\/api\/wp\/v2\/comments?post=3314"}],"version-history":[{"count":0,"href":"https:\/\/www.budokampsport.se\/api\/wp\/v2\/posts\/3314\/revisions"}],"wp:attachment":[{"href":"https:\/\/www.budokampsport.se\/api\/wp\/v2\/media?parent=3314"}],"wp:term":[{"taxonomy":"category","embeddable":true,"href":"https:\/\/www.budokampsport.se\/api\/wp\/v2\/categories?post=3314"},{"taxonomy":"post_tag","embeddable":true,"href":"https:\/\/www.budokampsport.se\/api\/wp\/v2\/tags?post=3314"}],"curies":[{"name":"wp","href":"https:\/\/api.w.org\/{rel}","templated":true}]}}