{"id":3325,"date":"2010-05-27T12:20:49","date_gmt":"2010-05-27T10:20:49","guid":{"rendered":"http:\/\/budo.wordpress.dev\/2010\/05\/27\/em-i-thaiboxning-har-borjat\/"},"modified":"2016-12-06T22:31:25","modified_gmt":"2016-12-06T21:31:25","slug":"em-i-thaiboxning-har-borjat","status":"publish","type":"post","link":"https:\/\/www.budokampsport.se\/2010\/05\/27\/em-i-thaiboxning-har-borjat\/","title":{"rendered":"EM i thaiboxning har b\u00f6rjat"},"content":{"rendered":"<p><P><STRONG><IMG alt=\"\" align=right src=\"\/sites\/default\/files\/news_7653_maxi.jpg\" width=175 height=225>Alla v\u00e4gar b\u00e4r till Rom, heter det ju. Just nu befinner sig det svenska thaiboxningslandslaget p\u00e5 plats i den italienska huvudstaden f\u00f6r ett sp\u00e4nnande Europam\u00e4sterskap.<\/STRONG><BR><BR>T\u00e4vlingarna startade redan under g\u00e5rdagen och tre av de sammanlagt \u00e5tta svenskarna fick k\u00e4nna p\u00e5 EM-tempen redan under t\u00e4vlingarnas f\u00f6rsta dag.<BR><!--break--><BR>Adel Ekvall och Mattias Karlsson fick tyv\u00e4rr f\u00f6r sv\u00e5rt motst\u00e5nd redan i f\u00f6rsta matchen och f\u00f6rlorade. D\u00e4remot lyckades Linn Wennergren och Mattias Karlsson besegra sitt motst\u00e5nd och \u00e4r vidare i turneringen.<BR><BR>Idag, torsdag, g\u00f6r sig g\u00f6teborgaren Malik Bah sig beredd f\u00f6r att tr\u00e4da in i handlingarna, medan resten av svenskarna g\u00e5r debutmatch p\u00e5 fredag och l\u00f6rdag.<BR><BR><STRONG>H\u00e4r \u00e4r hela EM-truppen<\/STRONG><BR><BR>Madeleine Vall <BR>Adel Ekvall Halila<BR>Fredrik Svensson <BR>Malik Bah <BR>Patrik L\u00f6vefeldt<BR>Mattias Karlsson<BR>Linn Vennergren<BR>Elina Nilsson<BR><BR>Text: Jonathan Broberg<\/P><\/p>\n","protected":false},"excerpt":{"rendered":"<p><P><STRONG><IMG alt=\"\" align=right src=\"\/sites\/default\/files\/news_7653_maxi.jpg\" width=175 height=225>Alla v\u00e4gar b\u00e4r till Rom, heter det ju. Just nu befinner sig det svenska thaiboxningslandslaget p\u00e5 plats i den italienska huvudstaden f\u00f6r ett sp\u00e4nnande Europam\u00e4sterskap.<\/STRONG><BR><BR>T\u00e4vlingarna startade redan under g\u00e5rdagen och tre av de sammanlagt \u00e5tta svenskarna fick k\u00e4nna p\u00e5 EM-tempen redan under t\u00e4vlingarnas f\u00f6rsta dag.<BR><\/p><br>","protected":false},"author":7,"featured_media":0,"comment_status":"closed","ping_status":"closed","sticky":false,"template":"","format":"standard","meta":{"_acf_changed":false,"footnotes":""},"categories":[1],"tags":[],"class_list":["post-3325","post","type-post","status-publish","format-standard","hentry","category-okategoriserade"],"acf":[],"yoast_head":"<!-- This site is optimized with the Yoast SEO plugin v26.8 - https:\/\/yoast.com\/product\/yoast-seo-wordpress\/ -->\n<title>EM i thaiboxning har b\u00f6rjat - Svenska Budo &amp; Kampsportsf\u00f6rbundet<\/title>\n<meta name=\"description\" content=\"Alla v\u00e4gar b\u00e4r till Rom, heter det ju. Just nu befinner sig det svenska thaiboxningslandslaget p\u00e5 plats i den italienska huvudstaden f\u00f6r ett sp\u00e4nnande Europam\u00e4sterskap.T\u00e4vlingarna startade redan under g\u00e5rdagen och tre av de sammanlagt \u00e5tta svenskarna fick k\u00e4nna p\u00e5 EM-tempen redan under t\u00e4vlingarnas f\u00f6rsta dag.\" \/>\n<meta name=\"robots\" content=\"index, follow, max-snippet:-1, max-image-preview:large, max-video-preview:-1\" \/>\n<link rel=\"canonical\" href=\"https:\/\/www.budokampsport.se\/2010\/05\/27\/em-i-thaiboxning-har-borjat\/\" \/>\n<meta property=\"og:locale\" content=\"sv_SE\" \/>\n<meta property=\"og:type\" content=\"article\" \/>\n<meta property=\"og:title\" content=\"EM i thaiboxning har b\u00f6rjat - Svenska Budo &amp; Kampsportsf\u00f6rbundet\" \/>\n<meta property=\"og:description\" content=\"Alla v\u00e4gar b\u00e4r till Rom, heter det ju. Just nu befinner sig det svenska thaiboxningslandslaget p\u00e5 plats i den italienska huvudstaden f\u00f6r ett sp\u00e4nnande Europam\u00e4sterskap.T\u00e4vlingarna startade redan under g\u00e5rdagen och tre av de sammanlagt \u00e5tta svenskarna fick k\u00e4nna p\u00e5 EM-tempen redan under t\u00e4vlingarnas f\u00f6rsta dag.\" \/>\n<meta property=\"og:url\" content=\"https:\/\/www.budokampsport.se\/2010\/05\/27\/em-i-thaiboxning-har-borjat\/\" \/>\n<meta property=\"og:site_name\" content=\"Svenska Budo &amp; Kampsportsf\u00f6rbundet\" \/>\n<meta property=\"article:author\" content=\"https:\/\/www.facebook.com\/jonathan.broberg.7\" \/>\n<meta property=\"article:published_time\" content=\"2010-05-27T10:20:49+00:00\" \/>\n<meta property=\"article:modified_time\" content=\"2016-12-06T21:31:25+00:00\" \/>\n<meta name=\"author\" content=\"Jonathan Broberg\" \/>\n<meta name=\"twitter:card\" content=\"summary_large_image\" \/>\n<meta name=\"twitter:label1\" content=\"Skriven av\" \/>\n\t<meta name=\"twitter:data1\" content=\"Jonathan Broberg\" \/>\n\t<meta name=\"twitter:label2\" content=\"Ber\u00e4knad l\u00e4stid\" \/>\n\t<meta name=\"twitter:data2\" content=\"1 minut\" \/>\n<script type=\"application\/ld+json\" class=\"yoast-schema-graph\">{\"@context\":\"https:\/\/schema.org\",\"@graph\":[{\"@type\":\"Article\",\"@id\":\"https:\/\/www.budokampsport.se\/2010\/05\/27\/em-i-thaiboxning-har-borjat\/#article\",\"isPartOf\":{\"@id\":\"https:\/\/www.budokampsport.se\/2010\/05\/27\/em-i-thaiboxning-har-borjat\/\"},\"author\":{\"name\":\"Jonathan Broberg\",\"@id\":\"https:\/\/www.budokampsport.se\/#\/schema\/person\/5c06d81d14850e2a8ce5493386560145\"},\"headline\":\"EM i thaiboxning har b\u00f6rjat\",\"datePublished\":\"2010-05-27T10:20:49+00:00\",\"dateModified\":\"2016-12-06T21:31:25+00:00\",\"mainEntityOfPage\":{\"@id\":\"https:\/\/www.budokampsport.se\/2010\/05\/27\/em-i-thaiboxning-har-borjat\/\"},\"wordCount\":154,\"inLanguage\":\"sv-SE\"},{\"@type\":\"WebPage\",\"@id\":\"https:\/\/www.budokampsport.se\/2010\/05\/27\/em-i-thaiboxning-har-borjat\/\",\"url\":\"https:\/\/www.budokampsport.se\/2010\/05\/27\/em-i-thaiboxning-har-borjat\/\",\"name\":\"EM i thaiboxning har b\u00f6rjat - Svenska Budo &amp; Kampsportsf\u00f6rbundet\",\"isPartOf\":{\"@id\":\"https:\/\/www.budokampsport.se\/#website\"},\"datePublished\":\"2010-05-27T10:20:49+00:00\",\"dateModified\":\"2016-12-06T21:31:25+00:00\",\"author\":{\"@id\":\"https:\/\/www.budokampsport.se\/#\/schema\/person\/5c06d81d14850e2a8ce5493386560145\"},\"description\":\"Alla v\u00e4gar b\u00e4r till Rom, heter det ju. Just nu befinner sig det svenska thaiboxningslandslaget p\u00e5 plats i den italienska huvudstaden f\u00f6r ett sp\u00e4nnande Europam\u00e4sterskap.T\u00e4vlingarna startade redan under g\u00e5rdagen och tre av de sammanlagt \u00e5tta svenskarna fick k\u00e4nna p\u00e5 EM-tempen redan under t\u00e4vlingarnas f\u00f6rsta dag.\",\"breadcrumb\":{\"@id\":\"https:\/\/www.budokampsport.se\/2010\/05\/27\/em-i-thaiboxning-har-borjat\/#breadcrumb\"},\"inLanguage\":\"sv-SE\",\"potentialAction\":[{\"@type\":\"ReadAction\",\"target\":[\"https:\/\/www.budokampsport.se\/2010\/05\/27\/em-i-thaiboxning-har-borjat\/\"]}]},{\"@type\":\"BreadcrumbList\",\"@id\":\"https:\/\/www.budokampsport.se\/2010\/05\/27\/em-i-thaiboxning-har-borjat\/#breadcrumb\",\"itemListElement\":[{\"@type\":\"ListItem\",\"position\":1,\"name\":\"Hem\",\"item\":\"https:\/\/www.budokampsport.se\/\"},{\"@type\":\"ListItem\",\"position\":2,\"name\":\"EM i thaiboxning har b\u00f6rjat\"}]},{\"@type\":\"WebSite\",\"@id\":\"https:\/\/www.budokampsport.se\/#website\",\"url\":\"https:\/\/www.budokampsport.se\/\",\"name\":\"Svenska Budo &amp; Kampsportsf\u00f6rbundet\",\"description\":\"T\u00e4vling, Tr\u00e4ning, Tradition\",\"potentialAction\":[{\"@type\":\"SearchAction\",\"target\":{\"@type\":\"EntryPoint\",\"urlTemplate\":\"https:\/\/www.budokampsport.se\/?s={search_term_string}\"},\"query-input\":{\"@type\":\"PropertyValueSpecification\",\"valueRequired\":true,\"valueName\":\"search_term_string\"}}],\"inLanguage\":\"sv-SE\"},{\"@type\":\"Person\",\"@id\":\"https:\/\/www.budokampsport.se\/#\/schema\/person\/5c06d81d14850e2a8ce5493386560145\",\"name\":\"Jonathan Broberg\",\"image\":{\"@type\":\"ImageObject\",\"inLanguage\":\"sv-SE\",\"@id\":\"https:\/\/www.budokampsport.se\/#\/schema\/person\/image\/\",\"url\":\"https:\/\/secure.gravatar.com\/avatar\/a58041c6cea9128bd9c40ee2f26d4136?s=96&d=blank&r=g\",\"contentUrl\":\"https:\/\/secure.gravatar.com\/avatar\/a58041c6cea9128bd9c40ee2f26d4136?s=96&d=blank&r=g\",\"caption\":\"Jonathan Broberg\"},\"sameAs\":[\"https:\/\/www.facebook.com\/jonathan.broberg.7\"],\"url\":\"https:\/\/www.budokampsport.se\/author\/jonathan\/\"}]}<\/script>\n<!-- \/ Yoast SEO plugin. -->","yoast_head_json":{"title":"EM i thaiboxning har b\u00f6rjat - Svenska Budo &amp; Kampsportsf\u00f6rbundet","description":"Alla v\u00e4gar b\u00e4r till Rom, heter det ju. Just nu befinner sig det svenska thaiboxningslandslaget p\u00e5 plats i den italienska huvudstaden f\u00f6r ett sp\u00e4nnande Europam\u00e4sterskap.T\u00e4vlingarna startade redan under g\u00e5rdagen och tre av de sammanlagt \u00e5tta svenskarna fick k\u00e4nna p\u00e5 EM-tempen redan under t\u00e4vlingarnas f\u00f6rsta dag.","robots":{"index":"index","follow":"follow","max-snippet":"max-snippet:-1","max-image-preview":"max-image-preview:large","max-video-preview":"max-video-preview:-1"},"canonical":"https:\/\/www.budokampsport.se\/2010\/05\/27\/em-i-thaiboxning-har-borjat\/","og_locale":"sv_SE","og_type":"article","og_title":"EM i thaiboxning har b\u00f6rjat - Svenska Budo &amp; Kampsportsf\u00f6rbundet","og_description":"Alla v\u00e4gar b\u00e4r till Rom, heter det ju. Just nu befinner sig det svenska thaiboxningslandslaget p\u00e5 plats i den italienska huvudstaden f\u00f6r ett sp\u00e4nnande Europam\u00e4sterskap.T\u00e4vlingarna startade redan under g\u00e5rdagen och tre av de sammanlagt \u00e5tta svenskarna fick k\u00e4nna p\u00e5 EM-tempen redan under t\u00e4vlingarnas f\u00f6rsta dag.","og_url":"https:\/\/www.budokampsport.se\/2010\/05\/27\/em-i-thaiboxning-har-borjat\/","og_site_name":"Svenska Budo &amp; Kampsportsf\u00f6rbundet","article_author":"https:\/\/www.facebook.com\/jonathan.broberg.7","article_published_time":"2010-05-27T10:20:49+00:00","article_modified_time":"2016-12-06T21:31:25+00:00","author":"Jonathan Broberg","twitter_card":"summary_large_image","twitter_misc":{"Skriven av":"Jonathan Broberg","Ber\u00e4knad l\u00e4stid":"1 minut"},"schema":{"@context":"https:\/\/schema.org","@graph":[{"@type":"Article","@id":"https:\/\/www.budokampsport.se\/2010\/05\/27\/em-i-thaiboxning-har-borjat\/#article","isPartOf":{"@id":"https:\/\/www.budokampsport.se\/2010\/05\/27\/em-i-thaiboxning-har-borjat\/"},"author":{"name":"Jonathan Broberg","@id":"https:\/\/www.budokampsport.se\/#\/schema\/person\/5c06d81d14850e2a8ce5493386560145"},"headline":"EM i thaiboxning har b\u00f6rjat","datePublished":"2010-05-27T10:20:49+00:00","dateModified":"2016-12-06T21:31:25+00:00","mainEntityOfPage":{"@id":"https:\/\/www.budokampsport.se\/2010\/05\/27\/em-i-thaiboxning-har-borjat\/"},"wordCount":154,"inLanguage":"sv-SE"},{"@type":"WebPage","@id":"https:\/\/www.budokampsport.se\/2010\/05\/27\/em-i-thaiboxning-har-borjat\/","url":"https:\/\/www.budokampsport.se\/2010\/05\/27\/em-i-thaiboxning-har-borjat\/","name":"EM i thaiboxning har b\u00f6rjat - Svenska Budo &amp; Kampsportsf\u00f6rbundet","isPartOf":{"@id":"https:\/\/www.budokampsport.se\/#website"},"datePublished":"2010-05-27T10:20:49+00:00","dateModified":"2016-12-06T21:31:25+00:00","author":{"@id":"https:\/\/www.budokampsport.se\/#\/schema\/person\/5c06d81d14850e2a8ce5493386560145"},"description":"Alla v\u00e4gar b\u00e4r till Rom, heter det ju. Just nu befinner sig det svenska thaiboxningslandslaget p\u00e5 plats i den italienska huvudstaden f\u00f6r ett sp\u00e4nnande Europam\u00e4sterskap.T\u00e4vlingarna startade redan under g\u00e5rdagen och tre av de sammanlagt \u00e5tta svenskarna fick k\u00e4nna p\u00e5 EM-tempen redan under t\u00e4vlingarnas f\u00f6rsta dag.","breadcrumb":{"@id":"https:\/\/www.budokampsport.se\/2010\/05\/27\/em-i-thaiboxning-har-borjat\/#breadcrumb"},"inLanguage":"sv-SE","potentialAction":[{"@type":"ReadAction","target":["https:\/\/www.budokampsport.se\/2010\/05\/27\/em-i-thaiboxning-har-borjat\/"]}]},{"@type":"BreadcrumbList","@id":"https:\/\/www.budokampsport.se\/2010\/05\/27\/em-i-thaiboxning-har-borjat\/#breadcrumb","itemListElement":[{"@type":"ListItem","position":1,"name":"Hem","item":"https:\/\/www.budokampsport.se\/"},{"@type":"ListItem","position":2,"name":"EM i thaiboxning har b\u00f6rjat"}]},{"@type":"WebSite","@id":"https:\/\/www.budokampsport.se\/#website","url":"https:\/\/www.budokampsport.se\/","name":"Svenska Budo &amp; Kampsportsf\u00f6rbundet","description":"T\u00e4vling, Tr\u00e4ning, Tradition","potentialAction":[{"@type":"SearchAction","target":{"@type":"EntryPoint","urlTemplate":"https:\/\/www.budokampsport.se\/?s={search_term_string}"},"query-input":{"@type":"PropertyValueSpecification","valueRequired":true,"valueName":"search_term_string"}}],"inLanguage":"sv-SE"},{"@type":"Person","@id":"https:\/\/www.budokampsport.se\/#\/schema\/person\/5c06d81d14850e2a8ce5493386560145","name":"Jonathan Broberg","image":{"@type":"ImageObject","inLanguage":"sv-SE","@id":"https:\/\/www.budokampsport.se\/#\/schema\/person\/image\/","url":"https:\/\/secure.gravatar.com\/avatar\/a58041c6cea9128bd9c40ee2f26d4136?s=96&d=blank&r=g","contentUrl":"https:\/\/secure.gravatar.com\/avatar\/a58041c6cea9128bd9c40ee2f26d4136?s=96&d=blank&r=g","caption":"Jonathan Broberg"},"sameAs":["https:\/\/www.facebook.com\/jonathan.broberg.7"],"url":"https:\/\/www.budokampsport.se\/author\/jonathan\/"}]}},"_links":{"self":[{"href":"https:\/\/www.budokampsport.se\/api\/wp\/v2\/posts\/3325","targetHints":{"allow":["GET"]}}],"collection":[{"href":"https:\/\/www.budokampsport.se\/api\/wp\/v2\/posts"}],"about":[{"href":"https:\/\/www.budokampsport.se\/api\/wp\/v2\/types\/post"}],"author":[{"embeddable":true,"href":"https:\/\/www.budokampsport.se\/api\/wp\/v2\/users\/7"}],"replies":[{"embeddable":true,"href":"https:\/\/www.budokampsport.se\/api\/wp\/v2\/comments?post=3325"}],"version-history":[{"count":0,"href":"https:\/\/www.budokampsport.se\/api\/wp\/v2\/posts\/3325\/revisions"}],"wp:attachment":[{"href":"https:\/\/www.budokampsport.se\/api\/wp\/v2\/media?parent=3325"}],"wp:term":[{"taxonomy":"category","embeddable":true,"href":"https:\/\/www.budokampsport.se\/api\/wp\/v2\/categories?post=3325"},{"taxonomy":"post_tag","embeddable":true,"href":"https:\/\/www.budokampsport.se\/api\/wp\/v2\/tags?post=3325"}],"curies":[{"name":"wp","href":"https:\/\/api.w.org\/{rel}","templated":true}]}}