{"id":3336,"date":"2013-10-18T08:31:39","date_gmt":"2013-10-18T06:31:39","guid":{"rendered":"http:\/\/budo.wordpress.dev\/2013\/10\/18\/ulf-evenas-en-av-tre-shihan-uttagna-till-world-combat-games\/"},"modified":"2016-12-06T22:31:27","modified_gmt":"2016-12-06T21:31:27","slug":"ulf-evenas-en-av-tre-shihan-uttagna-till-world-combat-games","status":"publish","type":"post","link":"https:\/\/www.budokampsport.se\/2013\/10\/18\/ulf-evenas-en-av-tre-shihan-uttagna-till-world-combat-games\/","title":{"rendered":"Ulf Even\u00e5s \u2013 en av tre shihan uttagna till World Combat Games"},"content":{"rendered":"<p><strong><span style=\"line-height:1.6em\"><img decoding=\"async\" alt=\"\" src=\"\/sites\/default\/files\/ulf.gif\" style=\"height:290px; width:435px\"><br \/>Svensk aikido s\u00e4tter sig \u00e5terigen p\u00e5 v\u00e4rldskartan i och med World Combat Games i S:t Petersburg. Tre svenskar har blivit uttagna till uppvisningarna \u2013 och dessutom \u00e4r Ulf Even\u00e5s fr\u00e5n G\u00f6teborg uttagen som en av tre shihan.<\/span><br \/>\u00a0\u00a0 &#8211; Det \u00e4r en oerh\u00f6rt stor \u00e4ra, s\u00e4ger han till budokampsport.se.<\/strong><!--break--><\/p>\n<p>Idag inleds World Combat Games i S:t Petersburg. Spelen inleds med invigningen och sedan startar det hela upp med t\u00e4vlingar i Sumobrottning och Sambo.<\/p>\n<p>P\u00e5 m\u00e5ndag och tisdag kliver aikido in i handlingen p\u00e5 allvar, som spelens enda idrott utan t\u00e4vlingsregler. Sverige har f\u00e5tt fyra aikidoidrottare uttagna, en av dessa \u00e4r Ulf Even\u00e5s som i egenskap som en av tre shihan kommer att h\u00e5lla en uppvisning.<br \/>\u00a0\u00a0 &#8211; I det officiella mediamaterialet om aikido vid World Combat Games s\u00e4gs \u201dIn addition to the national teams, there are demonstrations by expert level aikido instructors. They will also coach all the participants in classes held to prepare them for the demonstrations.\u201d Dessa \u00e4r tre shihan \u2013 d\u00e4r Hombu Dojo representeras av Miyamoto sensei, och International Aikido Federation av Tissier sensei och mig. Att bli uttagen som en av dessa tre shihan \u00e4r en oerh\u00f6rt stor \u00e4ra.<\/p>\n<p>Ulfs deltagande under spelen \u00e4r uppdelade i tv\u00e5 st\u00f6rre aktiviteter, den ena \u00e4r s\u00e5ledes uppvisningen. Den andra \u00e4r undervisning.<br \/>\u00a0\u00a0 &#8211; Jag kommer att visa bukiwaza (ken och jo), tachidori och jodori (f\u00f6rsvar mot ken och jo), taijutsu (obev\u00e4pnade tekniker) \u2013 kihon, ki no nagare, samt kokyunage. Jag har med tv\u00e5 uke, Fredrik Snell fr\u00e5n Karlstad och Domas Jablonskis fr\u00e5n Litauen. Jag har f\u00f6rberett uppvisningen individuellt med dem, men vi har ocks\u00e5 tr\u00e4nat tillsammans alla tre.<br \/><span style=\"line-height:1.6em\">\u00a0 \u00a0&#8211; Den andra delen \u00e4r undervisning, som kommer att delas av Waka sensei, Miyamoto sensei, Tissier sensei och mig sj\u00e4lv. Jag kommer att undervisa grunder, kihon, och ki no nagare.<\/span><\/p>\n<p><strong>&#8220;H\u00f6g kompetens&#8221;<\/strong><br \/>F\u00f6rutom de tre shihan kommer totalt ett hundratal aikidoka fr\u00e5n 32 l\u00e4nder att g\u00f6ra uppvisningar. Av dessa kommer tre fr\u00e5n Sverige: Anna Wilder Hjerppe, Ulf Hjerppe, samt Sten Fr\u00f6din. P\u00e5 fr\u00e5gan om hur Sverige st\u00e5r sig i den internationella konkurrensen svarar Ulf:<br \/>\u00a0\u00a0 &#8211; Vi har en h\u00f6g kompetens och ett v\u00e4ldigt gott rykte. Sverige \u00e4r s\u00e5ledes v\u00e4l representerat p\u00e5 World Combat Games och f\u00f6rhoppningsvis ger detta lite publicitet i media f\u00f6r svensk aikido. F\u00f6rutom oss som \u00e4r p\u00e5 mattan, \u00e4r SB&#038;K:s ordf\u00f6rande Stefan Stenudd pressansvarig f\u00f6r IAF. S\u00e5 v\u00e4l representerat \u00e4r nog inget annat land. L\u00e4gg d\u00e4rtill att vi i Sverige har fem shihan som \u00e4r internationellt k\u00e4nda, s\u00e5 tror jag att detta speglar niv\u00e5n p\u00e5 svensk aikido.<\/p>\n<p>Att Combat Games h\u00e5lls i just S:t petersburg finner Ulf ocks\u00e5 v\u00e4ldigt intressant.<br \/>\u00a0\u00a0 &#8211; F\u00f6r min personliga del \u00e4r det extra trevligt att Combat Games sker i Sankt Petersburg. Det \u00e4r 20 \u00e5r sedan jag f\u00f6rsta g\u00e5ngen kom dit f\u00f6r att undervisa. D\u00e5 var det en liten klubb som bj\u00f6d in mig, men den har utvecklats till en grupp p\u00e5 50 dojo, med 3.300 aktiva medlemmar. Jag reser fortfarande till Ryssland flera g\u00e5nger om \u00e5ret och minst en g\u00e5ng \u00e5rligen just till Sankt Petersburg.<\/p>\n<p>P\u00e5 m\u00e5ndag och tisdag \u00e4r det allts\u00e5 dags f\u00f6r aikido p\u00e5 Combat Games, med stark svensk representation. World Combat Games s\u00e4nds direkt via Youtube, h\u00e4r \u00e4r l\u00e4nken dit.<\/p>\n<p>Text: Jonathan Broberg<br \/>Foto Hamid Ershad<\/p>\n","protected":false},"excerpt":{"rendered":"<p><strong><span style=\"line-height:1.6em\"><img decoding=\"async\" alt=\"\" src=\"\/sites\/default\/files\/ulf.gif\" style=\"height:290px; width:435px\"><br \/>Svensk aikido s\u00e4tter sig \u00e5terigen p\u00e5 v\u00e4rldskartan i och med World Combat Games i S:t Petersburg. Tre svenskar har blivit uttagna till uppvisningarna \u2013 och dessutom \u00e4r Ulf Even\u00e5s fr\u00e5n G\u00f6teborg uttagen som en av tre shihan.<\/span><br \/>\u00a0\u00a0 &#8211; Det \u00e4r en oerh\u00f6rt stor \u00e4ra, s\u00e4ger han till budokampsport.se.<\/strong><\/p><br>","protected":false},"author":7,"featured_media":0,"comment_status":"closed","ping_status":"closed","sticky":false,"template":"","format":"standard","meta":{"_acf_changed":false,"footnotes":""},"categories":[1],"tags":[],"class_list":["post-3336","post","type-post","status-publish","format-standard","hentry","category-okategoriserade"],"acf":[],"yoast_head":"<!-- This site is optimized with the Yoast SEO plugin v26.8 - https:\/\/yoast.com\/product\/yoast-seo-wordpress\/ -->\n<title>Ulf Even\u00e5s \u2013 en av tre shihan uttagna till World Combat Games - Svenska Budo &amp; Kampsportsf\u00f6rbundet<\/title>\n<meta name=\"description\" content=\"Svensk aikido s\u00e4tter sig \u00e5terigen p\u00e5 v\u00e4rldskartan i och med World Combat Games i S:t Petersburg. Tre svenskar har blivit uttagna till uppvisningarna \u2013 och dessutom \u00e4r Ulf Even\u00e5s fr\u00e5n G\u00f6teborg uttagen som en av tre shihan.\u00a0\u00a0 - Det \u00e4r en oerh\u00f6rt stor \u00e4ra, s\u00e4ger han till budokampsport.se.\" \/>\n<meta name=\"robots\" content=\"index, follow, max-snippet:-1, max-image-preview:large, max-video-preview:-1\" \/>\n<link rel=\"canonical\" href=\"https:\/\/www.budokampsport.se\/2013\/10\/18\/ulf-evenas-en-av-tre-shihan-uttagna-till-world-combat-games\/\" \/>\n<meta property=\"og:locale\" content=\"sv_SE\" \/>\n<meta property=\"og:type\" content=\"article\" \/>\n<meta property=\"og:title\" content=\"Ulf Even\u00e5s \u2013 en av tre shihan uttagna till World Combat Games - Svenska Budo &amp; Kampsportsf\u00f6rbundet\" \/>\n<meta property=\"og:description\" content=\"Svensk aikido s\u00e4tter sig \u00e5terigen p\u00e5 v\u00e4rldskartan i och med World Combat Games i S:t Petersburg. Tre svenskar har blivit uttagna till uppvisningarna \u2013 och dessutom \u00e4r Ulf Even\u00e5s fr\u00e5n G\u00f6teborg uttagen som en av tre shihan.\u00a0\u00a0 - Det \u00e4r en oerh\u00f6rt stor \u00e4ra, s\u00e4ger han till budokampsport.se.\" \/>\n<meta property=\"og:url\" content=\"https:\/\/www.budokampsport.se\/2013\/10\/18\/ulf-evenas-en-av-tre-shihan-uttagna-till-world-combat-games\/\" \/>\n<meta property=\"og:site_name\" content=\"Svenska Budo &amp; Kampsportsf\u00f6rbundet\" \/>\n<meta property=\"article:author\" content=\"https:\/\/www.facebook.com\/jonathan.broberg.7\" \/>\n<meta property=\"article:published_time\" content=\"2013-10-18T06:31:39+00:00\" \/>\n<meta property=\"article:modified_time\" content=\"2016-12-06T21:31:27+00:00\" \/>\n<meta name=\"author\" content=\"Jonathan Broberg\" \/>\n<meta name=\"twitter:card\" content=\"summary_large_image\" \/>\n<meta name=\"twitter:label1\" content=\"Skriven av\" \/>\n\t<meta name=\"twitter:data1\" content=\"Jonathan Broberg\" \/>\n\t<meta name=\"twitter:label2\" content=\"Ber\u00e4knad l\u00e4stid\" \/>\n\t<meta name=\"twitter:data2\" content=\"3 minuter\" \/>\n<script type=\"application\/ld+json\" class=\"yoast-schema-graph\">{\"@context\":\"https:\/\/schema.org\",\"@graph\":[{\"@type\":\"Article\",\"@id\":\"https:\/\/www.budokampsport.se\/2013\/10\/18\/ulf-evenas-en-av-tre-shihan-uttagna-till-world-combat-games\/#article\",\"isPartOf\":{\"@id\":\"https:\/\/www.budokampsport.se\/2013\/10\/18\/ulf-evenas-en-av-tre-shihan-uttagna-till-world-combat-games\/\"},\"author\":{\"name\":\"Jonathan Broberg\",\"@id\":\"https:\/\/www.budokampsport.se\/#\/schema\/person\/5c06d81d14850e2a8ce5493386560145\"},\"headline\":\"Ulf Even\u00e5s \u2013 en av tre shihan uttagna till World Combat Games\",\"datePublished\":\"2013-10-18T06:31:39+00:00\",\"dateModified\":\"2016-12-06T21:31:27+00:00\",\"mainEntityOfPage\":{\"@id\":\"https:\/\/www.budokampsport.se\/2013\/10\/18\/ulf-evenas-en-av-tre-shihan-uttagna-till-world-combat-games\/\"},\"wordCount\":606,\"inLanguage\":\"sv-SE\"},{\"@type\":\"WebPage\",\"@id\":\"https:\/\/www.budokampsport.se\/2013\/10\/18\/ulf-evenas-en-av-tre-shihan-uttagna-till-world-combat-games\/\",\"url\":\"https:\/\/www.budokampsport.se\/2013\/10\/18\/ulf-evenas-en-av-tre-shihan-uttagna-till-world-combat-games\/\",\"name\":\"Ulf Even\u00e5s \u2013 en av tre shihan uttagna till World Combat Games - Svenska Budo &amp; Kampsportsf\u00f6rbundet\",\"isPartOf\":{\"@id\":\"https:\/\/www.budokampsport.se\/#website\"},\"datePublished\":\"2013-10-18T06:31:39+00:00\",\"dateModified\":\"2016-12-06T21:31:27+00:00\",\"author\":{\"@id\":\"https:\/\/www.budokampsport.se\/#\/schema\/person\/5c06d81d14850e2a8ce5493386560145\"},\"description\":\"Svensk aikido s\u00e4tter sig \u00e5terigen p\u00e5 v\u00e4rldskartan i och med World Combat Games i S:t Petersburg. Tre svenskar har blivit uttagna till uppvisningarna \u2013 och dessutom \u00e4r Ulf Even\u00e5s fr\u00e5n G\u00f6teborg uttagen som en av tre shihan.\u00a0\u00a0 - Det \u00e4r en oerh\u00f6rt stor \u00e4ra, s\u00e4ger han till budokampsport.se.\",\"breadcrumb\":{\"@id\":\"https:\/\/www.budokampsport.se\/2013\/10\/18\/ulf-evenas-en-av-tre-shihan-uttagna-till-world-combat-games\/#breadcrumb\"},\"inLanguage\":\"sv-SE\",\"potentialAction\":[{\"@type\":\"ReadAction\",\"target\":[\"https:\/\/www.budokampsport.se\/2013\/10\/18\/ulf-evenas-en-av-tre-shihan-uttagna-till-world-combat-games\/\"]}]},{\"@type\":\"BreadcrumbList\",\"@id\":\"https:\/\/www.budokampsport.se\/2013\/10\/18\/ulf-evenas-en-av-tre-shihan-uttagna-till-world-combat-games\/#breadcrumb\",\"itemListElement\":[{\"@type\":\"ListItem\",\"position\":1,\"name\":\"Hem\",\"item\":\"https:\/\/www.budokampsport.se\/\"},{\"@type\":\"ListItem\",\"position\":2,\"name\":\"Ulf Even\u00e5s \u2013 en av tre shihan uttagna till World Combat Games\"}]},{\"@type\":\"WebSite\",\"@id\":\"https:\/\/www.budokampsport.se\/#website\",\"url\":\"https:\/\/www.budokampsport.se\/\",\"name\":\"Svenska Budo &amp; Kampsportsf\u00f6rbundet\",\"description\":\"T\u00e4vling, Tr\u00e4ning, Tradition\",\"potentialAction\":[{\"@type\":\"SearchAction\",\"target\":{\"@type\":\"EntryPoint\",\"urlTemplate\":\"https:\/\/www.budokampsport.se\/?s={search_term_string}\"},\"query-input\":{\"@type\":\"PropertyValueSpecification\",\"valueRequired\":true,\"valueName\":\"search_term_string\"}}],\"inLanguage\":\"sv-SE\"},{\"@type\":\"Person\",\"@id\":\"https:\/\/www.budokampsport.se\/#\/schema\/person\/5c06d81d14850e2a8ce5493386560145\",\"name\":\"Jonathan Broberg\",\"image\":{\"@type\":\"ImageObject\",\"inLanguage\":\"sv-SE\",\"@id\":\"https:\/\/www.budokampsport.se\/#\/schema\/person\/image\/\",\"url\":\"https:\/\/secure.gravatar.com\/avatar\/a58041c6cea9128bd9c40ee2f26d4136?s=96&d=blank&r=g\",\"contentUrl\":\"https:\/\/secure.gravatar.com\/avatar\/a58041c6cea9128bd9c40ee2f26d4136?s=96&d=blank&r=g\",\"caption\":\"Jonathan Broberg\"},\"sameAs\":[\"https:\/\/www.facebook.com\/jonathan.broberg.7\"],\"url\":\"https:\/\/www.budokampsport.se\/author\/jonathan\/\"}]}<\/script>\n<!-- \/ Yoast SEO plugin. -->","yoast_head_json":{"title":"Ulf Even\u00e5s \u2013 en av tre shihan uttagna till World Combat Games - Svenska Budo &amp; Kampsportsf\u00f6rbundet","description":"Svensk aikido s\u00e4tter sig \u00e5terigen p\u00e5 v\u00e4rldskartan i och med World Combat Games i S:t Petersburg. Tre svenskar har blivit uttagna till uppvisningarna \u2013 och dessutom \u00e4r Ulf Even\u00e5s fr\u00e5n G\u00f6teborg uttagen som en av tre shihan.\u00a0\u00a0 - Det \u00e4r en oerh\u00f6rt stor \u00e4ra, s\u00e4ger han till budokampsport.se.","robots":{"index":"index","follow":"follow","max-snippet":"max-snippet:-1","max-image-preview":"max-image-preview:large","max-video-preview":"max-video-preview:-1"},"canonical":"https:\/\/www.budokampsport.se\/2013\/10\/18\/ulf-evenas-en-av-tre-shihan-uttagna-till-world-combat-games\/","og_locale":"sv_SE","og_type":"article","og_title":"Ulf Even\u00e5s \u2013 en av tre shihan uttagna till World Combat Games - Svenska Budo &amp; Kampsportsf\u00f6rbundet","og_description":"Svensk aikido s\u00e4tter sig \u00e5terigen p\u00e5 v\u00e4rldskartan i och med World Combat Games i S:t Petersburg. Tre svenskar har blivit uttagna till uppvisningarna \u2013 och dessutom \u00e4r Ulf Even\u00e5s fr\u00e5n G\u00f6teborg uttagen som en av tre shihan.\u00a0\u00a0 - Det \u00e4r en oerh\u00f6rt stor \u00e4ra, s\u00e4ger han till budokampsport.se.","og_url":"https:\/\/www.budokampsport.se\/2013\/10\/18\/ulf-evenas-en-av-tre-shihan-uttagna-till-world-combat-games\/","og_site_name":"Svenska Budo &amp; Kampsportsf\u00f6rbundet","article_author":"https:\/\/www.facebook.com\/jonathan.broberg.7","article_published_time":"2013-10-18T06:31:39+00:00","article_modified_time":"2016-12-06T21:31:27+00:00","author":"Jonathan Broberg","twitter_card":"summary_large_image","twitter_misc":{"Skriven av":"Jonathan Broberg","Ber\u00e4knad l\u00e4stid":"3 minuter"},"schema":{"@context":"https:\/\/schema.org","@graph":[{"@type":"Article","@id":"https:\/\/www.budokampsport.se\/2013\/10\/18\/ulf-evenas-en-av-tre-shihan-uttagna-till-world-combat-games\/#article","isPartOf":{"@id":"https:\/\/www.budokampsport.se\/2013\/10\/18\/ulf-evenas-en-av-tre-shihan-uttagna-till-world-combat-games\/"},"author":{"name":"Jonathan Broberg","@id":"https:\/\/www.budokampsport.se\/#\/schema\/person\/5c06d81d14850e2a8ce5493386560145"},"headline":"Ulf Even\u00e5s \u2013 en av tre shihan uttagna till World Combat Games","datePublished":"2013-10-18T06:31:39+00:00","dateModified":"2016-12-06T21:31:27+00:00","mainEntityOfPage":{"@id":"https:\/\/www.budokampsport.se\/2013\/10\/18\/ulf-evenas-en-av-tre-shihan-uttagna-till-world-combat-games\/"},"wordCount":606,"inLanguage":"sv-SE"},{"@type":"WebPage","@id":"https:\/\/www.budokampsport.se\/2013\/10\/18\/ulf-evenas-en-av-tre-shihan-uttagna-till-world-combat-games\/","url":"https:\/\/www.budokampsport.se\/2013\/10\/18\/ulf-evenas-en-av-tre-shihan-uttagna-till-world-combat-games\/","name":"Ulf Even\u00e5s \u2013 en av tre shihan uttagna till World Combat Games - Svenska Budo &amp; Kampsportsf\u00f6rbundet","isPartOf":{"@id":"https:\/\/www.budokampsport.se\/#website"},"datePublished":"2013-10-18T06:31:39+00:00","dateModified":"2016-12-06T21:31:27+00:00","author":{"@id":"https:\/\/www.budokampsport.se\/#\/schema\/person\/5c06d81d14850e2a8ce5493386560145"},"description":"Svensk aikido s\u00e4tter sig \u00e5terigen p\u00e5 v\u00e4rldskartan i och med World Combat Games i S:t Petersburg. Tre svenskar har blivit uttagna till uppvisningarna \u2013 och dessutom \u00e4r Ulf Even\u00e5s fr\u00e5n G\u00f6teborg uttagen som en av tre shihan.\u00a0\u00a0 - Det \u00e4r en oerh\u00f6rt stor \u00e4ra, s\u00e4ger han till budokampsport.se.","breadcrumb":{"@id":"https:\/\/www.budokampsport.se\/2013\/10\/18\/ulf-evenas-en-av-tre-shihan-uttagna-till-world-combat-games\/#breadcrumb"},"inLanguage":"sv-SE","potentialAction":[{"@type":"ReadAction","target":["https:\/\/www.budokampsport.se\/2013\/10\/18\/ulf-evenas-en-av-tre-shihan-uttagna-till-world-combat-games\/"]}]},{"@type":"BreadcrumbList","@id":"https:\/\/www.budokampsport.se\/2013\/10\/18\/ulf-evenas-en-av-tre-shihan-uttagna-till-world-combat-games\/#breadcrumb","itemListElement":[{"@type":"ListItem","position":1,"name":"Hem","item":"https:\/\/www.budokampsport.se\/"},{"@type":"ListItem","position":2,"name":"Ulf Even\u00e5s \u2013 en av tre shihan uttagna till World Combat Games"}]},{"@type":"WebSite","@id":"https:\/\/www.budokampsport.se\/#website","url":"https:\/\/www.budokampsport.se\/","name":"Svenska Budo &amp; Kampsportsf\u00f6rbundet","description":"T\u00e4vling, Tr\u00e4ning, Tradition","potentialAction":[{"@type":"SearchAction","target":{"@type":"EntryPoint","urlTemplate":"https:\/\/www.budokampsport.se\/?s={search_term_string}"},"query-input":{"@type":"PropertyValueSpecification","valueRequired":true,"valueName":"search_term_string"}}],"inLanguage":"sv-SE"},{"@type":"Person","@id":"https:\/\/www.budokampsport.se\/#\/schema\/person\/5c06d81d14850e2a8ce5493386560145","name":"Jonathan Broberg","image":{"@type":"ImageObject","inLanguage":"sv-SE","@id":"https:\/\/www.budokampsport.se\/#\/schema\/person\/image\/","url":"https:\/\/secure.gravatar.com\/avatar\/a58041c6cea9128bd9c40ee2f26d4136?s=96&d=blank&r=g","contentUrl":"https:\/\/secure.gravatar.com\/avatar\/a58041c6cea9128bd9c40ee2f26d4136?s=96&d=blank&r=g","caption":"Jonathan Broberg"},"sameAs":["https:\/\/www.facebook.com\/jonathan.broberg.7"],"url":"https:\/\/www.budokampsport.se\/author\/jonathan\/"}]}},"_links":{"self":[{"href":"https:\/\/www.budokampsport.se\/api\/wp\/v2\/posts\/3336","targetHints":{"allow":["GET"]}}],"collection":[{"href":"https:\/\/www.budokampsport.se\/api\/wp\/v2\/posts"}],"about":[{"href":"https:\/\/www.budokampsport.se\/api\/wp\/v2\/types\/post"}],"author":[{"embeddable":true,"href":"https:\/\/www.budokampsport.se\/api\/wp\/v2\/users\/7"}],"replies":[{"embeddable":true,"href":"https:\/\/www.budokampsport.se\/api\/wp\/v2\/comments?post=3336"}],"version-history":[{"count":0,"href":"https:\/\/www.budokampsport.se\/api\/wp\/v2\/posts\/3336\/revisions"}],"wp:attachment":[{"href":"https:\/\/www.budokampsport.se\/api\/wp\/v2\/media?parent=3336"}],"wp:term":[{"taxonomy":"category","embeddable":true,"href":"https:\/\/www.budokampsport.se\/api\/wp\/v2\/categories?post=3336"},{"taxonomy":"post_tag","embeddable":true,"href":"https:\/\/www.budokampsport.se\/api\/wp\/v2\/tags?post=3336"}],"curies":[{"name":"wp","href":"https:\/\/api.w.org\/{rel}","templated":true}]}}