{"id":3349,"date":"2013-10-08T13:57:15","date_gmt":"2013-10-08T11:57:15","guid":{"rendered":"http:\/\/budo.wordpress.dev\/2013\/10\/08\/fight-card-till-the-zone-pa-fredag-ar-spikat\/"},"modified":"2016-12-06T22:31:30","modified_gmt":"2016-12-06T21:31:30","slug":"fight-card-till-the-zone-pa-fredag-ar-spikat","status":"publish","type":"post","link":"https:\/\/www.budokampsport.se\/2013\/10\/08\/fight-card-till-the-zone-pa-fredag-ar-spikat\/","title":{"rendered":"Fight card till The Zone p\u00e5 fredag \u00e4r spikat"},"content":{"rendered":"<p><span style=\"line-height:1.6em\"><strong><img decoding=\"async\" alt=\"\" src=\"\/sites\/default\/files\/thezonefc12_240x313_v2.jpg\" style=\"float:right; height:196px; width:150px\">G\u00f6teborgs mesta MMA-gala The Zone \u00e5terkommer i en tolfe upplaga p\u00e5 fredag i Lisebergshallen. Nu \u00e4r ocks\u00e5 fightcardet klart i sin helhet. Bland annat g\u00f6r August Wall\u00e9n come back efter ett par \u00e5rs skadefr\u00e5nvaro. Vidare finns namn som Per Franklin, \u00c5ke Bergvall, Elina Nilsson och Rami Aziz med p\u00e5 cardet<\/strong>.<\/span><\/p>\n<p><a href=\"http:\/\/www.thezonefc.com\/fightcard.asp?CompetitionID=1123\">H\u00e4r finner ni all information ni beh\u00f6ver om biljetter och \u00f6vriga matcher.<\/a><!--break--><\/p>\n","protected":false},"excerpt":{"rendered":"<p><span style=\"line-height:1.6em\"><strong><img decoding=\"async\" alt=\"\" src=\"\/sites\/default\/files\/thezonefc12_240x313_v2.jpg\" style=\"float:right; height:196px; width:150px\">G\u00f6teborgs mesta MMA-gala The Zone \u00e5terkommer i en tolfe upplaga p\u00e5 fredag i Lisebergshallen. Nu \u00e4r ocks\u00e5 fightcardet klart i sin helhet. Bland annat g\u00f6r August Wall\u00e9n come back efter ett par \u00e5rs skadefr\u00e5nvaro. Vidare finns namn som Per Franklin, \u00c5ke Bergvall, Elina Nilsson och Rami Aziz med p\u00e5 cardet<\/strong>.<\/span><\/p><br><p><a href=\"http:\/\/www.thezonefc.com\/fightcard.asp?CompetitionID=1123\">H\u00e4r finner ni all information ni beh\u00f6ver om biljetter och \u00f6vriga matcher.<\/a><\/p><br>","protected":false},"author":7,"featured_media":0,"comment_status":"closed","ping_status":"closed","sticky":false,"template":"","format":"standard","meta":{"_acf_changed":false,"footnotes":""},"categories":[1],"tags":[],"class_list":["post-3349","post","type-post","status-publish","format-standard","hentry","category-okategoriserade"],"acf":[],"yoast_head":"<!-- This site is optimized with the Yoast SEO plugin v26.8 - https:\/\/yoast.com\/product\/yoast-seo-wordpress\/ -->\n<title>Fight card till The Zone p\u00e5 fredag \u00e4r spikat - Svenska Budo &amp; Kampsportsf\u00f6rbundet<\/title>\n<meta name=\"description\" content=\"G\u00f6teborgs mesta MMA-gala The Zone \u00e5terkommer i en tolfe upplaga p\u00e5 fredag i Lisebergshallen. Nu \u00e4r ocks\u00e5 fightcardet klart i sin helhet. Bland annat g\u00f6r August Wall\u00e9n come back efter ett par \u00e5rs skadefr\u00e5nvaro. Vidare finns namn som Per Franklin, \u00c5ke Bergvall, Elina Nilsson och Rami Aziz med p\u00e5 cardet.H\u00e4r finner ni all information ni beh\u00f6ver om biljetter och \u00f6vriga matcher.\" \/>\n<meta name=\"robots\" content=\"index, follow, max-snippet:-1, max-image-preview:large, max-video-preview:-1\" \/>\n<link rel=\"canonical\" href=\"https:\/\/www.budokampsport.se\/2013\/10\/08\/fight-card-till-the-zone-pa-fredag-ar-spikat\/\" \/>\n<meta property=\"og:locale\" content=\"sv_SE\" \/>\n<meta property=\"og:type\" content=\"article\" \/>\n<meta property=\"og:title\" content=\"Fight card till The Zone p\u00e5 fredag \u00e4r spikat - Svenska Budo &amp; Kampsportsf\u00f6rbundet\" \/>\n<meta property=\"og:description\" content=\"G\u00f6teborgs mesta MMA-gala The Zone \u00e5terkommer i en tolfe upplaga p\u00e5 fredag i Lisebergshallen. Nu \u00e4r ocks\u00e5 fightcardet klart i sin helhet. Bland annat g\u00f6r August Wall\u00e9n come back efter ett par \u00e5rs skadefr\u00e5nvaro. Vidare finns namn som Per Franklin, \u00c5ke Bergvall, Elina Nilsson och Rami Aziz med p\u00e5 cardet.H\u00e4r finner ni all information ni beh\u00f6ver om biljetter och \u00f6vriga matcher.\" \/>\n<meta property=\"og:url\" content=\"https:\/\/www.budokampsport.se\/2013\/10\/08\/fight-card-till-the-zone-pa-fredag-ar-spikat\/\" \/>\n<meta property=\"og:site_name\" content=\"Svenska Budo &amp; Kampsportsf\u00f6rbundet\" \/>\n<meta property=\"article:author\" content=\"https:\/\/www.facebook.com\/jonathan.broberg.7\" \/>\n<meta property=\"article:published_time\" content=\"2013-10-08T11:57:15+00:00\" \/>\n<meta property=\"article:modified_time\" content=\"2016-12-06T21:31:30+00:00\" \/>\n<meta name=\"author\" content=\"Jonathan Broberg\" \/>\n<meta name=\"twitter:card\" content=\"summary_large_image\" \/>\n<meta name=\"twitter:label1\" content=\"Skriven av\" \/>\n\t<meta name=\"twitter:data1\" content=\"Jonathan Broberg\" \/>\n<script type=\"application\/ld+json\" class=\"yoast-schema-graph\">{\"@context\":\"https:\/\/schema.org\",\"@graph\":[{\"@type\":\"Article\",\"@id\":\"https:\/\/www.budokampsport.se\/2013\/10\/08\/fight-card-till-the-zone-pa-fredag-ar-spikat\/#article\",\"isPartOf\":{\"@id\":\"https:\/\/www.budokampsport.se\/2013\/10\/08\/fight-card-till-the-zone-pa-fredag-ar-spikat\/\"},\"author\":{\"name\":\"Jonathan Broberg\",\"@id\":\"https:\/\/www.budokampsport.se\/#\/schema\/person\/5c06d81d14850e2a8ce5493386560145\"},\"headline\":\"Fight card till The Zone p\u00e5 fredag \u00e4r spikat\",\"datePublished\":\"2013-10-08T11:57:15+00:00\",\"dateModified\":\"2016-12-06T21:31:30+00:00\",\"mainEntityOfPage\":{\"@id\":\"https:\/\/www.budokampsport.se\/2013\/10\/08\/fight-card-till-the-zone-pa-fredag-ar-spikat\/\"},\"wordCount\":77,\"inLanguage\":\"sv-SE\"},{\"@type\":\"WebPage\",\"@id\":\"https:\/\/www.budokampsport.se\/2013\/10\/08\/fight-card-till-the-zone-pa-fredag-ar-spikat\/\",\"url\":\"https:\/\/www.budokampsport.se\/2013\/10\/08\/fight-card-till-the-zone-pa-fredag-ar-spikat\/\",\"name\":\"Fight card till The Zone p\u00e5 fredag \u00e4r spikat - Svenska Budo &amp; Kampsportsf\u00f6rbundet\",\"isPartOf\":{\"@id\":\"https:\/\/www.budokampsport.se\/#website\"},\"datePublished\":\"2013-10-08T11:57:15+00:00\",\"dateModified\":\"2016-12-06T21:31:30+00:00\",\"author\":{\"@id\":\"https:\/\/www.budokampsport.se\/#\/schema\/person\/5c06d81d14850e2a8ce5493386560145\"},\"description\":\"G\u00f6teborgs mesta MMA-gala The Zone \u00e5terkommer i en tolfe upplaga p\u00e5 fredag i Lisebergshallen. Nu \u00e4r ocks\u00e5 fightcardet klart i sin helhet. Bland annat g\u00f6r August Wall\u00e9n come back efter ett par \u00e5rs skadefr\u00e5nvaro. Vidare finns namn som Per Franklin, \u00c5ke Bergvall, Elina Nilsson och Rami Aziz med p\u00e5 cardet.H\u00e4r finner ni all information ni beh\u00f6ver om biljetter och \u00f6vriga matcher.\",\"breadcrumb\":{\"@id\":\"https:\/\/www.budokampsport.se\/2013\/10\/08\/fight-card-till-the-zone-pa-fredag-ar-spikat\/#breadcrumb\"},\"inLanguage\":\"sv-SE\",\"potentialAction\":[{\"@type\":\"ReadAction\",\"target\":[\"https:\/\/www.budokampsport.se\/2013\/10\/08\/fight-card-till-the-zone-pa-fredag-ar-spikat\/\"]}]},{\"@type\":\"BreadcrumbList\",\"@id\":\"https:\/\/www.budokampsport.se\/2013\/10\/08\/fight-card-till-the-zone-pa-fredag-ar-spikat\/#breadcrumb\",\"itemListElement\":[{\"@type\":\"ListItem\",\"position\":1,\"name\":\"Hem\",\"item\":\"https:\/\/www.budokampsport.se\/\"},{\"@type\":\"ListItem\",\"position\":2,\"name\":\"Fight card till The Zone p\u00e5 fredag \u00e4r spikat\"}]},{\"@type\":\"WebSite\",\"@id\":\"https:\/\/www.budokampsport.se\/#website\",\"url\":\"https:\/\/www.budokampsport.se\/\",\"name\":\"Svenska Budo &amp; Kampsportsf\u00f6rbundet\",\"description\":\"T\u00e4vling, Tr\u00e4ning, Tradition\",\"potentialAction\":[{\"@type\":\"SearchAction\",\"target\":{\"@type\":\"EntryPoint\",\"urlTemplate\":\"https:\/\/www.budokampsport.se\/?s={search_term_string}\"},\"query-input\":{\"@type\":\"PropertyValueSpecification\",\"valueRequired\":true,\"valueName\":\"search_term_string\"}}],\"inLanguage\":\"sv-SE\"},{\"@type\":\"Person\",\"@id\":\"https:\/\/www.budokampsport.se\/#\/schema\/person\/5c06d81d14850e2a8ce5493386560145\",\"name\":\"Jonathan Broberg\",\"image\":{\"@type\":\"ImageObject\",\"inLanguage\":\"sv-SE\",\"@id\":\"https:\/\/www.budokampsport.se\/#\/schema\/person\/image\/\",\"url\":\"https:\/\/secure.gravatar.com\/avatar\/a58041c6cea9128bd9c40ee2f26d4136?s=96&d=blank&r=g\",\"contentUrl\":\"https:\/\/secure.gravatar.com\/avatar\/a58041c6cea9128bd9c40ee2f26d4136?s=96&d=blank&r=g\",\"caption\":\"Jonathan Broberg\"},\"sameAs\":[\"https:\/\/www.facebook.com\/jonathan.broberg.7\"],\"url\":\"https:\/\/www.budokampsport.se\/author\/jonathan\/\"}]}<\/script>\n<!-- \/ Yoast SEO plugin. -->","yoast_head_json":{"title":"Fight card till The Zone p\u00e5 fredag \u00e4r spikat - Svenska Budo &amp; Kampsportsf\u00f6rbundet","description":"G\u00f6teborgs mesta MMA-gala The Zone \u00e5terkommer i en tolfe upplaga p\u00e5 fredag i Lisebergshallen. Nu \u00e4r ocks\u00e5 fightcardet klart i sin helhet. Bland annat g\u00f6r August Wall\u00e9n come back efter ett par \u00e5rs skadefr\u00e5nvaro. Vidare finns namn som Per Franklin, \u00c5ke Bergvall, Elina Nilsson och Rami Aziz med p\u00e5 cardet.H\u00e4r finner ni all information ni beh\u00f6ver om biljetter och \u00f6vriga matcher.","robots":{"index":"index","follow":"follow","max-snippet":"max-snippet:-1","max-image-preview":"max-image-preview:large","max-video-preview":"max-video-preview:-1"},"canonical":"https:\/\/www.budokampsport.se\/2013\/10\/08\/fight-card-till-the-zone-pa-fredag-ar-spikat\/","og_locale":"sv_SE","og_type":"article","og_title":"Fight card till The Zone p\u00e5 fredag \u00e4r spikat - Svenska Budo &amp; Kampsportsf\u00f6rbundet","og_description":"G\u00f6teborgs mesta MMA-gala The Zone \u00e5terkommer i en tolfe upplaga p\u00e5 fredag i Lisebergshallen. Nu \u00e4r ocks\u00e5 fightcardet klart i sin helhet. Bland annat g\u00f6r August Wall\u00e9n come back efter ett par \u00e5rs skadefr\u00e5nvaro. Vidare finns namn som Per Franklin, \u00c5ke Bergvall, Elina Nilsson och Rami Aziz med p\u00e5 cardet.H\u00e4r finner ni all information ni beh\u00f6ver om biljetter och \u00f6vriga matcher.","og_url":"https:\/\/www.budokampsport.se\/2013\/10\/08\/fight-card-till-the-zone-pa-fredag-ar-spikat\/","og_site_name":"Svenska Budo &amp; Kampsportsf\u00f6rbundet","article_author":"https:\/\/www.facebook.com\/jonathan.broberg.7","article_published_time":"2013-10-08T11:57:15+00:00","article_modified_time":"2016-12-06T21:31:30+00:00","author":"Jonathan Broberg","twitter_card":"summary_large_image","twitter_misc":{"Skriven av":"Jonathan Broberg"},"schema":{"@context":"https:\/\/schema.org","@graph":[{"@type":"Article","@id":"https:\/\/www.budokampsport.se\/2013\/10\/08\/fight-card-till-the-zone-pa-fredag-ar-spikat\/#article","isPartOf":{"@id":"https:\/\/www.budokampsport.se\/2013\/10\/08\/fight-card-till-the-zone-pa-fredag-ar-spikat\/"},"author":{"name":"Jonathan Broberg","@id":"https:\/\/www.budokampsport.se\/#\/schema\/person\/5c06d81d14850e2a8ce5493386560145"},"headline":"Fight card till The Zone p\u00e5 fredag \u00e4r spikat","datePublished":"2013-10-08T11:57:15+00:00","dateModified":"2016-12-06T21:31:30+00:00","mainEntityOfPage":{"@id":"https:\/\/www.budokampsport.se\/2013\/10\/08\/fight-card-till-the-zone-pa-fredag-ar-spikat\/"},"wordCount":77,"inLanguage":"sv-SE"},{"@type":"WebPage","@id":"https:\/\/www.budokampsport.se\/2013\/10\/08\/fight-card-till-the-zone-pa-fredag-ar-spikat\/","url":"https:\/\/www.budokampsport.se\/2013\/10\/08\/fight-card-till-the-zone-pa-fredag-ar-spikat\/","name":"Fight card till The Zone p\u00e5 fredag \u00e4r spikat - Svenska Budo &amp; Kampsportsf\u00f6rbundet","isPartOf":{"@id":"https:\/\/www.budokampsport.se\/#website"},"datePublished":"2013-10-08T11:57:15+00:00","dateModified":"2016-12-06T21:31:30+00:00","author":{"@id":"https:\/\/www.budokampsport.se\/#\/schema\/person\/5c06d81d14850e2a8ce5493386560145"},"description":"G\u00f6teborgs mesta MMA-gala The Zone \u00e5terkommer i en tolfe upplaga p\u00e5 fredag i Lisebergshallen. Nu \u00e4r ocks\u00e5 fightcardet klart i sin helhet. Bland annat g\u00f6r August Wall\u00e9n come back efter ett par \u00e5rs skadefr\u00e5nvaro. Vidare finns namn som Per Franklin, \u00c5ke Bergvall, Elina Nilsson och Rami Aziz med p\u00e5 cardet.H\u00e4r finner ni all information ni beh\u00f6ver om biljetter och \u00f6vriga matcher.","breadcrumb":{"@id":"https:\/\/www.budokampsport.se\/2013\/10\/08\/fight-card-till-the-zone-pa-fredag-ar-spikat\/#breadcrumb"},"inLanguage":"sv-SE","potentialAction":[{"@type":"ReadAction","target":["https:\/\/www.budokampsport.se\/2013\/10\/08\/fight-card-till-the-zone-pa-fredag-ar-spikat\/"]}]},{"@type":"BreadcrumbList","@id":"https:\/\/www.budokampsport.se\/2013\/10\/08\/fight-card-till-the-zone-pa-fredag-ar-spikat\/#breadcrumb","itemListElement":[{"@type":"ListItem","position":1,"name":"Hem","item":"https:\/\/www.budokampsport.se\/"},{"@type":"ListItem","position":2,"name":"Fight card till The Zone p\u00e5 fredag \u00e4r spikat"}]},{"@type":"WebSite","@id":"https:\/\/www.budokampsport.se\/#website","url":"https:\/\/www.budokampsport.se\/","name":"Svenska Budo &amp; Kampsportsf\u00f6rbundet","description":"T\u00e4vling, Tr\u00e4ning, Tradition","potentialAction":[{"@type":"SearchAction","target":{"@type":"EntryPoint","urlTemplate":"https:\/\/www.budokampsport.se\/?s={search_term_string}"},"query-input":{"@type":"PropertyValueSpecification","valueRequired":true,"valueName":"search_term_string"}}],"inLanguage":"sv-SE"},{"@type":"Person","@id":"https:\/\/www.budokampsport.se\/#\/schema\/person\/5c06d81d14850e2a8ce5493386560145","name":"Jonathan Broberg","image":{"@type":"ImageObject","inLanguage":"sv-SE","@id":"https:\/\/www.budokampsport.se\/#\/schema\/person\/image\/","url":"https:\/\/secure.gravatar.com\/avatar\/a58041c6cea9128bd9c40ee2f26d4136?s=96&d=blank&r=g","contentUrl":"https:\/\/secure.gravatar.com\/avatar\/a58041c6cea9128bd9c40ee2f26d4136?s=96&d=blank&r=g","caption":"Jonathan Broberg"},"sameAs":["https:\/\/www.facebook.com\/jonathan.broberg.7"],"url":"https:\/\/www.budokampsport.se\/author\/jonathan\/"}]}},"_links":{"self":[{"href":"https:\/\/www.budokampsport.se\/api\/wp\/v2\/posts\/3349","targetHints":{"allow":["GET"]}}],"collection":[{"href":"https:\/\/www.budokampsport.se\/api\/wp\/v2\/posts"}],"about":[{"href":"https:\/\/www.budokampsport.se\/api\/wp\/v2\/types\/post"}],"author":[{"embeddable":true,"href":"https:\/\/www.budokampsport.se\/api\/wp\/v2\/users\/7"}],"replies":[{"embeddable":true,"href":"https:\/\/www.budokampsport.se\/api\/wp\/v2\/comments?post=3349"}],"version-history":[{"count":0,"href":"https:\/\/www.budokampsport.se\/api\/wp\/v2\/posts\/3349\/revisions"}],"wp:attachment":[{"href":"https:\/\/www.budokampsport.se\/api\/wp\/v2\/media?parent=3349"}],"wp:term":[{"taxonomy":"category","embeddable":true,"href":"https:\/\/www.budokampsport.se\/api\/wp\/v2\/categories?post=3349"},{"taxonomy":"post_tag","embeddable":true,"href":"https:\/\/www.budokampsport.se\/api\/wp\/v2\/tags?post=3349"}],"curies":[{"name":"wp","href":"https:\/\/api.w.org\/{rel}","templated":true}]}}