{"id":3351,"date":"2013-10-08T10:49:57","date_gmt":"2013-10-08T08:49:57","guid":{"rendered":"http:\/\/budo.wordpress.dev\/2013\/10\/08\/janni-larsson-tavlade-mot-man-kom-pa-andra-plats\/"},"modified":"2016-12-06T22:31:30","modified_gmt":"2016-12-06T21:31:30","slug":"janni-larsson-tavlade-mot-man-kom-pa-andra-plats","status":"publish","type":"post","link":"https:\/\/www.budokampsport.se\/2013\/10\/08\/janni-larsson-tavlade-mot-man-kom-pa-andra-plats\/","title":{"rendered":"Janni Larsson t\u00e4vlade mot m\u00e4n \u2013 kom p\u00e5 andra plats"},"content":{"rendered":"<p><strong><span style=\"line-height:1.6em\"><img decoding=\"async\" alt=\"\" src=\"\/sites\/default\/files\/janni_larsson.jpg\" style=\"float:right; height:233px; width:175px\">Svensk ju jutsu har startat ett landslag i stilen Newaza. V\u00e4rldsm\u00e4starinnan i BJJ, Janni Larsson blev den f\u00f6rsta att t\u00e4vla f\u00f6r Sverige i det officiella sammanhanget p\u00e5 German Open. Men det blev inte riktigt som n\u00e5gon egentligen hade t\u00e4nkt sig.<\/span><\/strong><!--break--><\/p>\n<p>N\u00e4r Janni Larsson skulle registrera sig i Tyskland hade arrang\u00f6ren bokat i henne i -70kg f\u00f6r m\u00e4n. Och eftersom det inte fanns n\u00e5gon kvinnlig deltagare i Newaza i den viktklassen s\u00e5g det ut som att Larsson inte skulle f\u00e5 t\u00e4vla alls.<\/p>\n<p><strong>Men efter en del om och men<\/strong> gick arrang\u00f6ren med p\u00e5 att l\u00e5ta svenskan st\u00e4lla upp i herrklassen. Det slutade med att Larsson vann tre matcher och kom till final, d\u00e4r segert\u00e5get emellertid stannade.<\/p>\n<p>En givetvis p\u00e5 alla s\u00e4tt enorm prestation.<\/p>\n<p>Text: Jonathan Broberg<\/p>\n","protected":false},"excerpt":{"rendered":"<p><strong><span style=\"line-height:1.6em\"><img decoding=\"async\" alt=\"\" src=\"\/sites\/default\/files\/janni_larsson.jpg\" style=\"float:right; height:233px; width:175px\">Svensk ju jutsu har startat ett landslag i stilen Newaza. V\u00e4rldsm\u00e4starinnan i BJJ, Janni Larsson blev den f\u00f6rsta att t\u00e4vla f\u00f6r Sverige i det officiella sammanhanget p\u00e5 German Open. Men det blev inte riktigt som n\u00e5gon egentligen hade t\u00e4nkt sig.<\/span><\/strong><\/p><br>","protected":false},"author":7,"featured_media":0,"comment_status":"closed","ping_status":"closed","sticky":false,"template":"","format":"standard","meta":{"_acf_changed":false,"footnotes":""},"categories":[1],"tags":[],"class_list":["post-3351","post","type-post","status-publish","format-standard","hentry","category-okategoriserade"],"acf":[],"yoast_head":"<!-- This site is optimized with the Yoast SEO plugin v26.8 - https:\/\/yoast.com\/product\/yoast-seo-wordpress\/ -->\n<title>Janni Larsson t\u00e4vlade mot m\u00e4n \u2013 kom p\u00e5 andra plats - Svenska Budo &amp; Kampsportsf\u00f6rbundet<\/title>\n<meta name=\"description\" content=\"Svensk ju jutsu har startat ett landslag i stilen Newaza. V\u00e4rldsm\u00e4starinnan i BJJ, Janni Larsson blev den f\u00f6rsta att t\u00e4vla f\u00f6r Sverige i det officiella sammanhanget p\u00e5 German Open. Men det blev inte riktigt som n\u00e5gon egentligen hade t\u00e4nkt sig.\" \/>\n<meta name=\"robots\" content=\"index, follow, max-snippet:-1, max-image-preview:large, max-video-preview:-1\" \/>\n<link rel=\"canonical\" href=\"https:\/\/www.budokampsport.se\/2013\/10\/08\/janni-larsson-tavlade-mot-man-kom-pa-andra-plats\/\" \/>\n<meta property=\"og:locale\" content=\"sv_SE\" \/>\n<meta property=\"og:type\" content=\"article\" \/>\n<meta property=\"og:title\" content=\"Janni Larsson t\u00e4vlade mot m\u00e4n \u2013 kom p\u00e5 andra plats - Svenska Budo &amp; Kampsportsf\u00f6rbundet\" \/>\n<meta property=\"og:description\" content=\"Svensk ju jutsu har startat ett landslag i stilen Newaza. V\u00e4rldsm\u00e4starinnan i BJJ, Janni Larsson blev den f\u00f6rsta att t\u00e4vla f\u00f6r Sverige i det officiella sammanhanget p\u00e5 German Open. Men det blev inte riktigt som n\u00e5gon egentligen hade t\u00e4nkt sig.\" \/>\n<meta property=\"og:url\" content=\"https:\/\/www.budokampsport.se\/2013\/10\/08\/janni-larsson-tavlade-mot-man-kom-pa-andra-plats\/\" \/>\n<meta property=\"og:site_name\" content=\"Svenska Budo &amp; Kampsportsf\u00f6rbundet\" \/>\n<meta property=\"article:author\" content=\"https:\/\/www.facebook.com\/jonathan.broberg.7\" \/>\n<meta property=\"article:published_time\" content=\"2013-10-08T08:49:57+00:00\" \/>\n<meta property=\"article:modified_time\" content=\"2016-12-06T21:31:30+00:00\" \/>\n<meta name=\"author\" content=\"Jonathan Broberg\" \/>\n<meta name=\"twitter:card\" content=\"summary_large_image\" \/>\n<meta name=\"twitter:label1\" content=\"Skriven av\" \/>\n\t<meta name=\"twitter:data1\" content=\"Jonathan Broberg\" \/>\n\t<meta name=\"twitter:label2\" content=\"Ber\u00e4knad l\u00e4stid\" \/>\n\t<meta name=\"twitter:data2\" content=\"1 minut\" \/>\n<script type=\"application\/ld+json\" class=\"yoast-schema-graph\">{\"@context\":\"https:\/\/schema.org\",\"@graph\":[{\"@type\":\"Article\",\"@id\":\"https:\/\/www.budokampsport.se\/2013\/10\/08\/janni-larsson-tavlade-mot-man-kom-pa-andra-plats\/#article\",\"isPartOf\":{\"@id\":\"https:\/\/www.budokampsport.se\/2013\/10\/08\/janni-larsson-tavlade-mot-man-kom-pa-andra-plats\/\"},\"author\":{\"name\":\"Jonathan Broberg\",\"@id\":\"https:\/\/www.budokampsport.se\/#\/schema\/person\/5c06d81d14850e2a8ce5493386560145\"},\"headline\":\"Janni Larsson t\u00e4vlade mot m\u00e4n \u2013 kom p\u00e5 andra plats\",\"datePublished\":\"2013-10-08T08:49:57+00:00\",\"dateModified\":\"2016-12-06T21:31:30+00:00\",\"mainEntityOfPage\":{\"@id\":\"https:\/\/www.budokampsport.se\/2013\/10\/08\/janni-larsson-tavlade-mot-man-kom-pa-andra-plats\/\"},\"wordCount\":157,\"inLanguage\":\"sv-SE\"},{\"@type\":\"WebPage\",\"@id\":\"https:\/\/www.budokampsport.se\/2013\/10\/08\/janni-larsson-tavlade-mot-man-kom-pa-andra-plats\/\",\"url\":\"https:\/\/www.budokampsport.se\/2013\/10\/08\/janni-larsson-tavlade-mot-man-kom-pa-andra-plats\/\",\"name\":\"Janni Larsson t\u00e4vlade mot m\u00e4n \u2013 kom p\u00e5 andra plats - Svenska Budo &amp; Kampsportsf\u00f6rbundet\",\"isPartOf\":{\"@id\":\"https:\/\/www.budokampsport.se\/#website\"},\"datePublished\":\"2013-10-08T08:49:57+00:00\",\"dateModified\":\"2016-12-06T21:31:30+00:00\",\"author\":{\"@id\":\"https:\/\/www.budokampsport.se\/#\/schema\/person\/5c06d81d14850e2a8ce5493386560145\"},\"description\":\"Svensk ju jutsu har startat ett landslag i stilen Newaza. V\u00e4rldsm\u00e4starinnan i BJJ, Janni Larsson blev den f\u00f6rsta att t\u00e4vla f\u00f6r Sverige i det officiella sammanhanget p\u00e5 German Open. Men det blev inte riktigt som n\u00e5gon egentligen hade t\u00e4nkt sig.\",\"breadcrumb\":{\"@id\":\"https:\/\/www.budokampsport.se\/2013\/10\/08\/janni-larsson-tavlade-mot-man-kom-pa-andra-plats\/#breadcrumb\"},\"inLanguage\":\"sv-SE\",\"potentialAction\":[{\"@type\":\"ReadAction\",\"target\":[\"https:\/\/www.budokampsport.se\/2013\/10\/08\/janni-larsson-tavlade-mot-man-kom-pa-andra-plats\/\"]}]},{\"@type\":\"BreadcrumbList\",\"@id\":\"https:\/\/www.budokampsport.se\/2013\/10\/08\/janni-larsson-tavlade-mot-man-kom-pa-andra-plats\/#breadcrumb\",\"itemListElement\":[{\"@type\":\"ListItem\",\"position\":1,\"name\":\"Hem\",\"item\":\"https:\/\/www.budokampsport.se\/\"},{\"@type\":\"ListItem\",\"position\":2,\"name\":\"Janni Larsson t\u00e4vlade mot m\u00e4n \u2013 kom p\u00e5 andra plats\"}]},{\"@type\":\"WebSite\",\"@id\":\"https:\/\/www.budokampsport.se\/#website\",\"url\":\"https:\/\/www.budokampsport.se\/\",\"name\":\"Svenska Budo &amp; Kampsportsf\u00f6rbundet\",\"description\":\"T\u00e4vling, Tr\u00e4ning, Tradition\",\"potentialAction\":[{\"@type\":\"SearchAction\",\"target\":{\"@type\":\"EntryPoint\",\"urlTemplate\":\"https:\/\/www.budokampsport.se\/?s={search_term_string}\"},\"query-input\":{\"@type\":\"PropertyValueSpecification\",\"valueRequired\":true,\"valueName\":\"search_term_string\"}}],\"inLanguage\":\"sv-SE\"},{\"@type\":\"Person\",\"@id\":\"https:\/\/www.budokampsport.se\/#\/schema\/person\/5c06d81d14850e2a8ce5493386560145\",\"name\":\"Jonathan Broberg\",\"image\":{\"@type\":\"ImageObject\",\"inLanguage\":\"sv-SE\",\"@id\":\"https:\/\/www.budokampsport.se\/#\/schema\/person\/image\/\",\"url\":\"https:\/\/secure.gravatar.com\/avatar\/a58041c6cea9128bd9c40ee2f26d4136?s=96&d=blank&r=g\",\"contentUrl\":\"https:\/\/secure.gravatar.com\/avatar\/a58041c6cea9128bd9c40ee2f26d4136?s=96&d=blank&r=g\",\"caption\":\"Jonathan Broberg\"},\"sameAs\":[\"https:\/\/www.facebook.com\/jonathan.broberg.7\"],\"url\":\"https:\/\/www.budokampsport.se\/author\/jonathan\/\"}]}<\/script>\n<!-- \/ Yoast SEO plugin. -->","yoast_head_json":{"title":"Janni Larsson t\u00e4vlade mot m\u00e4n \u2013 kom p\u00e5 andra plats - Svenska Budo &amp; Kampsportsf\u00f6rbundet","description":"Svensk ju jutsu har startat ett landslag i stilen Newaza. V\u00e4rldsm\u00e4starinnan i BJJ, Janni Larsson blev den f\u00f6rsta att t\u00e4vla f\u00f6r Sverige i det officiella sammanhanget p\u00e5 German Open. Men det blev inte riktigt som n\u00e5gon egentligen hade t\u00e4nkt sig.","robots":{"index":"index","follow":"follow","max-snippet":"max-snippet:-1","max-image-preview":"max-image-preview:large","max-video-preview":"max-video-preview:-1"},"canonical":"https:\/\/www.budokampsport.se\/2013\/10\/08\/janni-larsson-tavlade-mot-man-kom-pa-andra-plats\/","og_locale":"sv_SE","og_type":"article","og_title":"Janni Larsson t\u00e4vlade mot m\u00e4n \u2013 kom p\u00e5 andra plats - Svenska Budo &amp; Kampsportsf\u00f6rbundet","og_description":"Svensk ju jutsu har startat ett landslag i stilen Newaza. V\u00e4rldsm\u00e4starinnan i BJJ, Janni Larsson blev den f\u00f6rsta att t\u00e4vla f\u00f6r Sverige i det officiella sammanhanget p\u00e5 German Open. Men det blev inte riktigt som n\u00e5gon egentligen hade t\u00e4nkt sig.","og_url":"https:\/\/www.budokampsport.se\/2013\/10\/08\/janni-larsson-tavlade-mot-man-kom-pa-andra-plats\/","og_site_name":"Svenska Budo &amp; Kampsportsf\u00f6rbundet","article_author":"https:\/\/www.facebook.com\/jonathan.broberg.7","article_published_time":"2013-10-08T08:49:57+00:00","article_modified_time":"2016-12-06T21:31:30+00:00","author":"Jonathan Broberg","twitter_card":"summary_large_image","twitter_misc":{"Skriven av":"Jonathan Broberg","Ber\u00e4knad l\u00e4stid":"1 minut"},"schema":{"@context":"https:\/\/schema.org","@graph":[{"@type":"Article","@id":"https:\/\/www.budokampsport.se\/2013\/10\/08\/janni-larsson-tavlade-mot-man-kom-pa-andra-plats\/#article","isPartOf":{"@id":"https:\/\/www.budokampsport.se\/2013\/10\/08\/janni-larsson-tavlade-mot-man-kom-pa-andra-plats\/"},"author":{"name":"Jonathan Broberg","@id":"https:\/\/www.budokampsport.se\/#\/schema\/person\/5c06d81d14850e2a8ce5493386560145"},"headline":"Janni Larsson t\u00e4vlade mot m\u00e4n \u2013 kom p\u00e5 andra plats","datePublished":"2013-10-08T08:49:57+00:00","dateModified":"2016-12-06T21:31:30+00:00","mainEntityOfPage":{"@id":"https:\/\/www.budokampsport.se\/2013\/10\/08\/janni-larsson-tavlade-mot-man-kom-pa-andra-plats\/"},"wordCount":157,"inLanguage":"sv-SE"},{"@type":"WebPage","@id":"https:\/\/www.budokampsport.se\/2013\/10\/08\/janni-larsson-tavlade-mot-man-kom-pa-andra-plats\/","url":"https:\/\/www.budokampsport.se\/2013\/10\/08\/janni-larsson-tavlade-mot-man-kom-pa-andra-plats\/","name":"Janni Larsson t\u00e4vlade mot m\u00e4n \u2013 kom p\u00e5 andra plats - Svenska Budo &amp; Kampsportsf\u00f6rbundet","isPartOf":{"@id":"https:\/\/www.budokampsport.se\/#website"},"datePublished":"2013-10-08T08:49:57+00:00","dateModified":"2016-12-06T21:31:30+00:00","author":{"@id":"https:\/\/www.budokampsport.se\/#\/schema\/person\/5c06d81d14850e2a8ce5493386560145"},"description":"Svensk ju jutsu har startat ett landslag i stilen Newaza. V\u00e4rldsm\u00e4starinnan i BJJ, Janni Larsson blev den f\u00f6rsta att t\u00e4vla f\u00f6r Sverige i det officiella sammanhanget p\u00e5 German Open. Men det blev inte riktigt som n\u00e5gon egentligen hade t\u00e4nkt sig.","breadcrumb":{"@id":"https:\/\/www.budokampsport.se\/2013\/10\/08\/janni-larsson-tavlade-mot-man-kom-pa-andra-plats\/#breadcrumb"},"inLanguage":"sv-SE","potentialAction":[{"@type":"ReadAction","target":["https:\/\/www.budokampsport.se\/2013\/10\/08\/janni-larsson-tavlade-mot-man-kom-pa-andra-plats\/"]}]},{"@type":"BreadcrumbList","@id":"https:\/\/www.budokampsport.se\/2013\/10\/08\/janni-larsson-tavlade-mot-man-kom-pa-andra-plats\/#breadcrumb","itemListElement":[{"@type":"ListItem","position":1,"name":"Hem","item":"https:\/\/www.budokampsport.se\/"},{"@type":"ListItem","position":2,"name":"Janni Larsson t\u00e4vlade mot m\u00e4n \u2013 kom p\u00e5 andra plats"}]},{"@type":"WebSite","@id":"https:\/\/www.budokampsport.se\/#website","url":"https:\/\/www.budokampsport.se\/","name":"Svenska Budo &amp; Kampsportsf\u00f6rbundet","description":"T\u00e4vling, Tr\u00e4ning, Tradition","potentialAction":[{"@type":"SearchAction","target":{"@type":"EntryPoint","urlTemplate":"https:\/\/www.budokampsport.se\/?s={search_term_string}"},"query-input":{"@type":"PropertyValueSpecification","valueRequired":true,"valueName":"search_term_string"}}],"inLanguage":"sv-SE"},{"@type":"Person","@id":"https:\/\/www.budokampsport.se\/#\/schema\/person\/5c06d81d14850e2a8ce5493386560145","name":"Jonathan Broberg","image":{"@type":"ImageObject","inLanguage":"sv-SE","@id":"https:\/\/www.budokampsport.se\/#\/schema\/person\/image\/","url":"https:\/\/secure.gravatar.com\/avatar\/a58041c6cea9128bd9c40ee2f26d4136?s=96&d=blank&r=g","contentUrl":"https:\/\/secure.gravatar.com\/avatar\/a58041c6cea9128bd9c40ee2f26d4136?s=96&d=blank&r=g","caption":"Jonathan Broberg"},"sameAs":["https:\/\/www.facebook.com\/jonathan.broberg.7"],"url":"https:\/\/www.budokampsport.se\/author\/jonathan\/"}]}},"_links":{"self":[{"href":"https:\/\/www.budokampsport.se\/api\/wp\/v2\/posts\/3351","targetHints":{"allow":["GET"]}}],"collection":[{"href":"https:\/\/www.budokampsport.se\/api\/wp\/v2\/posts"}],"about":[{"href":"https:\/\/www.budokampsport.se\/api\/wp\/v2\/types\/post"}],"author":[{"embeddable":true,"href":"https:\/\/www.budokampsport.se\/api\/wp\/v2\/users\/7"}],"replies":[{"embeddable":true,"href":"https:\/\/www.budokampsport.se\/api\/wp\/v2\/comments?post=3351"}],"version-history":[{"count":0,"href":"https:\/\/www.budokampsport.se\/api\/wp\/v2\/posts\/3351\/revisions"}],"wp:attachment":[{"href":"https:\/\/www.budokampsport.se\/api\/wp\/v2\/media?parent=3351"}],"wp:term":[{"taxonomy":"category","embeddable":true,"href":"https:\/\/www.budokampsport.se\/api\/wp\/v2\/categories?post=3351"},{"taxonomy":"post_tag","embeddable":true,"href":"https:\/\/www.budokampsport.se\/api\/wp\/v2\/tags?post=3351"}],"curies":[{"name":"wp","href":"https:\/\/api.w.org\/{rel}","templated":true}]}}