{"id":3352,"date":"2013-10-07T09:00:14","date_gmt":"2013-10-07T07:00:14","guid":{"rendered":"http:\/\/budo.wordpress.dev\/2013\/10\/07\/aikidostjarnan-anna-wilder-hjerppe-infor-kampsports-os\/"},"modified":"2016-12-02T07:26:23","modified_gmt":"2016-12-02T06:26:23","slug":"aikidostjarnan-anna-wilder-hjerppe-infor-kampsports-os","status":"publish","type":"post","link":"https:\/\/www.budokampsport.se\/2013\/10\/07\/aikidostjarnan-anna-wilder-hjerppe-infor-kampsports-os\/","title":{"rendered":"Aikidostj\u00e4rnan Anna Wilder Hjerppe inf\u00f6r &#8220;kampsports-OS&#8221;"},"content":{"rendered":"<p><strong><span style=\"line-height:1.6em\"><img decoding=\"async\" alt=\"\" src=\"http:\/\/www.budokampsport.se\/sites\/default\/files\/anna_hjerppe.jpg\" style=\"height:289px; width:430px\"><br \/>Konsten att vara t\u00e4vlingsm\u00e4nniska och samtidigt idrotta utan t\u00e4vlingsmoment \u00e4r ett fenomen som Anna Wilder Hjerppe f\u00e5tt l\u00e4ra sig att bem\u00e4stra. Och kanske \u00e4r det den kombinationen som tagit henne l\u00e5ngt inom aikido. Om n\u00e5gra veckor \u00e5ker Wilder Hjerppe till S:t Petersburg f\u00f6r sitt andra raka Sport Accord Combat Games.<\/span><br \/><span style=\"line-height:1.6em\">\u00a0 \u00a0&#8211; Det k\u00e4nns s\u00e5 klart v\u00e4ldigt roligt att bli uttagen och vara med igen, s\u00e4ger hon till budokampsport.se.<\/span><\/strong><!--break--><\/p>\n<p>N\u00e4r SportAccord Combat Games f\u00f6r f\u00f6rsta g\u00e5ngen arrangerades 2010 i Peking liknades t\u00e4vlingen vid ett \u201dkampsportens OS\u201d.<\/p>\n<p>Med en organisation och med ett uppskruvat intresse blev succ\u00e9n i Kina total. Flera svenskar i en rad olika kampsporter blev uttagna till ett \u00e4ventyr l\u00e5ngt vida m\u00e5nga var vana vid \u2013 en av dem var Anna Wilder Hjerppe.<\/p>\n<p>I Kina var arenan i det n\u00e4rmaste helt fullsatt under aikidouppvisningen.<br \/>\u00a0\u00a0 &#8211; Det h\u00f6r ju inte precis till vanligheterna f\u00f6r en aikidout\u00f6vare att delta i ett s\u00e5 stort arrangemang. Det var en annorlunda upplevelse att f\u00e5 delta i Combat Games i Kina. Att f\u00e5 flygbiljetter, visum och hotell bokat, och hela arrangemanget runt omkring ut\u00f6ver sj\u00e4lva uppvisningarna. Det \u00e4r ju inte som att \u00e4ta ravioli direkt ur burken n\u00e4r vi k\u00f6r till tr\u00e4ningsl\u00e4ger. Vi inom aikidon \u00e4r s\u00e5 vana vid att planera och betala allt sj\u00e4lva, s\u00e5 det h\u00e4r var n\u00e5got ut\u00f6ver det vanliga.<\/p>\n<p>Att det blev Aikido f\u00f6r Anna \u2013 var en lyckad slump Egentligen var det hela en stor slump. F\u00f6r 19 \u00e5r sedan best\u00e4mde sig ett g\u00e4ng tjejer p\u00e5 Ume\u00e5 Universitet att bes\u00f6ka Ume\u00e5 aikidoklubb f\u00f6r ett \u201dprova p\u00e5 pass\u201d i aikido. Det blev f\u00f6r Anna, som man brukar s\u00e4ga, k\u00e4rlek vid f\u00f6rsta \u00f6gonkastet.<br \/>\u00a0\u00a0 \u00a0&#8211; Jag hade aldrig h\u00f6rt talas om aikido innan, visste absolut inte vad det gick ut p\u00e5. Men jag blev helt s\u00e5ld direkt. Det blev sedan bara jag av oss tjejer som fortsatte. Idag \u00e4r jag \u00e4r oerh\u00f6rt glad och tacksam f\u00f6r att jag gick p\u00e5 den d\u00e4r tr\u00e4ningen.<\/p>\n<p>Idag \u00e4r Anna Wilder Hjerppe en av Sveriges allra mest framg\u00e5ngsrika kvinnliga ut\u00f6vare och tillh\u00f6r sedan flera \u00e5r ocks\u00e5 den svenska nationella uppvisningsgruppen, vilket \u00e4r motsvarigheten till ett landslag som aikido har. Och nu hon \u00e4r ocks\u00e5 uttagen till sitt andra raka Combat Games.<br \/>\u00a0\u00a0 &#8211; Ja, det k\u00e4nns sp\u00e4nnande, att f\u00e5 delta i spelen och visa upp svensk aikido. Att dessutom f\u00e5 se lite av S:t Petersburg igen k\u00e4nns roligt. Jag var d\u00e4r -86 s\u00e5 det har s\u00e4kert h\u00e4nt en del sedan dess.<\/p>\n<p><strong>Anna, hur st\u00e5r sig svensk aikido med \u00f6vriga v\u00e4rlden?<\/strong><br \/>\u00a0\u00a0 &#8211; Vi har ju inte t\u00e4vling s\u00e5 vi konkurrerar inte som andra idrotter. Men \u00f6verlag h\u00e5ller svensk aikido en h\u00f6g niv\u00e5 och det har vi att tacka v\u00e5ra f\u00f6reg\u00e5ngare f\u00f6r som b\u00e5de inspirerat och fortfarande inspirerar oss som \u00e4r ut\u00f6vare och instrukt\u00f6rer. Men det \u00e4r sv\u00e5rt att j\u00e4mf\u00f6ra l\u00e4nder emellan eftersom det finns flera olika inriktningar b\u00e5de mellan l\u00e4nder men \u00e4ven inom samma land. Sen \u00e4r f\u00f6ruts\u00e4ttningarna vad g\u00e4ller tillg\u00e5ng till en tatami, att \u00e5ka p\u00e5 tr\u00e4ningsl\u00e4ger s\u00e5 det \u00e4r skillnad att tr\u00e4na aikido i \u00c5sele, Stockholm eller i Paris.<\/p>\n<p>Inom aikido, och faktiskt m\u00e5nga andra kampsporter, tr\u00e4nar kvinnor och m\u00e4n, unga som gamla, tillsammans med varandra \u2013 och har ett utbyte av det. Ett filosofiskt s\u00e4rdrag som Anna tror att idrott \u00f6verlag borde vara intresserade av att ta del av.<br \/>\u00a0\u00a0 &#8211; Ja, det \u00e4r kanske d\u00e4rf\u00f6r aikido ser ut som det g\u00f6r. Det finns inte den h\u00e4r prestationshetsen som kan bli tung vid t\u00e4vlingar. \u00c5 andra sidan tenderar det att inom aikido hamna p\u00e5 individniv\u00e5 att utvecklas p\u00e5 olika s\u00e4tt och det kan f\u00f6r vissa vara p\u00e5frestande. Men jag tror att det har just med v\u00e5r k\u00f6ns- och \u00e5lders\u00f6verskridande tr\u00e4ning att g\u00f6ra, att vi kan unna oss den lyxen att s\u00f6ka andra omr\u00e5den att utveckla oss sj\u00e4lva p\u00e5 tillsammans med andra.<br \/>\u00a0\u00a0 &#8211; Det finns en dimension ytterligare som kanske \u00e4r sv\u00e5r att fullt f\u00f6rst\u00e5 om man inte tr\u00e4nar aikido. Att tr\u00e4na med en partner inte motst\u00e5ndare, anpassa sig till den man tr\u00e4nar tillsammans med utan att f\u00f6r den skull kompromissa p\u00e5 tekniken eller kontakten, att hitta den balansen \u00e4r extremt givande och otroligt h\u00e4ftigt.<\/p>\n<p><strong>&#8220;Lite fj\u00e4rilar i magen&#8221;<\/strong><br \/>Vad som f\u00f6rv\u00e4ntas av Anna under Combat Games har hon precis i dagarna f\u00e5tt reda p\u00e5. Det blir fem uppvisningar och \u00e4ven \u00e4nnu ett \u00e4rofyllt uppdrag.<br \/>\u00a0\u00a0 &#8211; Ja, schemat fick jag nyss och ut\u00f6ver uppvisningen, d\u00e4r vi kommer att visa olika delar som ing\u00e5r, alltfr\u00e5n basic till avancerad och avv\u00e4pning , har jag blivit tilldelad att leda ett uppvisningsmoment med ut\u00f6vare fr\u00e5n flera nationer.<\/p>\n<p>S\u00e5, Anna, s\u00e5 h\u00e4r med n\u00e5gra veckor kvar till \u00e4ventyret \u2013 vad \u00e4r din spontana k\u00e4nsla just nu?<br \/>\u00a0\u00a0\u00a0&#8211; Att det ska bli roligt men jag har ocks\u00e5 lite fj\u00e4rliar i magen!<\/p>\n<p>SportAccord Combat Games, ibland \u00a0kallat Kampsports-OS, h\u00e5lls mellan 16-28 oktober i S:t Petersburg.<\/p>\n<p>\u00a0Text: Jonathan Broberg<\/p>\n","protected":false},"excerpt":{"rendered":"<p>Konsten att vara t\u00e4vlingsm\u00e4nniska och samtidigt idrotta utan t\u00e4vlingsmoment \u00e4r [&#8230;]<\/p><br>","protected":false},"author":1,"featured_media":0,"comment_status":"closed","ping_status":"closed","sticky":false,"template":"","format":"standard","meta":{"_acf_changed":false,"footnotes":""},"categories":[1],"tags":[],"class_list":["post-3352","post","type-post","status-publish","format-standard","hentry","category-okategoriserade"],"acf":[],"yoast_head":"<!-- This site is optimized with the Yoast SEO plugin v26.8 - https:\/\/yoast.com\/product\/yoast-seo-wordpress\/ -->\n<title>Aikidostj\u00e4rnan Anna Wilder Hjerppe inf\u00f6r &quot;kampsports-OS&quot; - Svenska Budo &amp; Kampsportsf\u00f6rbundet<\/title>\n<meta name=\"description\" content=\"Konsten att vara t\u00e4vlingsm\u00e4nniska och samtidigt idrotta utan t\u00e4vlingsmoment \u00e4r ett fenomen som Anna Wilder Hjerppe f\u00e5tt l\u00e4ra sig att bem\u00e4stra. Och kanske\" \/>\n<meta name=\"robots\" content=\"index, follow, max-snippet:-1, max-image-preview:large, max-video-preview:-1\" \/>\n<link rel=\"canonical\" href=\"https:\/\/www.budokampsport.se\/2013\/10\/07\/aikidostjarnan-anna-wilder-hjerppe-infor-kampsports-os\/\" \/>\n<meta property=\"og:locale\" content=\"sv_SE\" \/>\n<meta property=\"og:type\" content=\"article\" \/>\n<meta property=\"og:title\" content=\"Aikidostj\u00e4rnan Anna Wilder Hjerppe inf\u00f6r &quot;kampsports-OS&quot; - Svenska Budo &amp; Kampsportsf\u00f6rbundet\" \/>\n<meta property=\"og:description\" content=\"Konsten att vara t\u00e4vlingsm\u00e4nniska och samtidigt idrotta utan t\u00e4vlingsmoment \u00e4r ett fenomen som Anna Wilder Hjerppe f\u00e5tt l\u00e4ra sig att bem\u00e4stra. Och kanske\" \/>\n<meta property=\"og:url\" content=\"https:\/\/www.budokampsport.se\/2013\/10\/07\/aikidostjarnan-anna-wilder-hjerppe-infor-kampsports-os\/\" \/>\n<meta property=\"og:site_name\" content=\"Svenska Budo &amp; Kampsportsf\u00f6rbundet\" \/>\n<meta property=\"article:published_time\" content=\"2013-10-07T07:00:14+00:00\" \/>\n<meta property=\"article:modified_time\" content=\"2016-12-02T06:26:23+00:00\" \/>\n<meta property=\"og:image\" content=\"http:\/\/www.budokampsport.se\/sites\/default\/files\/anna_hjerppe.jpg\" \/>\n<meta name=\"author\" content=\"Tony Svensson\" \/>\n<meta name=\"twitter:card\" content=\"summary_large_image\" \/>\n<meta name=\"twitter:label1\" content=\"Skriven av\" \/>\n\t<meta name=\"twitter:data1\" content=\"Tony Svensson\" \/>\n\t<meta name=\"twitter:label2\" content=\"Ber\u00e4knad l\u00e4stid\" \/>\n\t<meta name=\"twitter:data2\" content=\"5 minuter\" \/>\n<script type=\"application\/ld+json\" class=\"yoast-schema-graph\">{\"@context\":\"https:\/\/schema.org\",\"@graph\":[{\"@type\":\"Article\",\"@id\":\"https:\/\/www.budokampsport.se\/2013\/10\/07\/aikidostjarnan-anna-wilder-hjerppe-infor-kampsports-os\/#article\",\"isPartOf\":{\"@id\":\"https:\/\/www.budokampsport.se\/2013\/10\/07\/aikidostjarnan-anna-wilder-hjerppe-infor-kampsports-os\/\"},\"author\":{\"name\":\"Tony Svensson\",\"@id\":\"https:\/\/www.budokampsport.se\/#\/schema\/person\/fa63fbbb0d79141e613a4ec1e6866e5e\"},\"headline\":\"Aikidostj\u00e4rnan Anna Wilder Hjerppe inf\u00f6r &#8220;kampsports-OS&#8221;\",\"datePublished\":\"2013-10-07T07:00:14+00:00\",\"dateModified\":\"2016-12-02T06:26:23+00:00\",\"mainEntityOfPage\":{\"@id\":\"https:\/\/www.budokampsport.se\/2013\/10\/07\/aikidostjarnan-anna-wilder-hjerppe-infor-kampsports-os\/\"},\"wordCount\":925,\"image\":{\"@id\":\"https:\/\/www.budokampsport.se\/2013\/10\/07\/aikidostjarnan-anna-wilder-hjerppe-infor-kampsports-os\/#primaryimage\"},\"thumbnailUrl\":\"http:\/\/www.budokampsport.se\/sites\/default\/files\/anna_hjerppe.jpg\",\"inLanguage\":\"sv-SE\"},{\"@type\":\"WebPage\",\"@id\":\"https:\/\/www.budokampsport.se\/2013\/10\/07\/aikidostjarnan-anna-wilder-hjerppe-infor-kampsports-os\/\",\"url\":\"https:\/\/www.budokampsport.se\/2013\/10\/07\/aikidostjarnan-anna-wilder-hjerppe-infor-kampsports-os\/\",\"name\":\"Aikidostj\u00e4rnan Anna Wilder Hjerppe inf\u00f6r \\\"kampsports-OS\\\" - Svenska Budo &amp; Kampsportsf\u00f6rbundet\",\"isPartOf\":{\"@id\":\"https:\/\/www.budokampsport.se\/#website\"},\"primaryImageOfPage\":{\"@id\":\"https:\/\/www.budokampsport.se\/2013\/10\/07\/aikidostjarnan-anna-wilder-hjerppe-infor-kampsports-os\/#primaryimage\"},\"image\":{\"@id\":\"https:\/\/www.budokampsport.se\/2013\/10\/07\/aikidostjarnan-anna-wilder-hjerppe-infor-kampsports-os\/#primaryimage\"},\"thumbnailUrl\":\"http:\/\/www.budokampsport.se\/sites\/default\/files\/anna_hjerppe.jpg\",\"datePublished\":\"2013-10-07T07:00:14+00:00\",\"dateModified\":\"2016-12-02T06:26:23+00:00\",\"author\":{\"@id\":\"https:\/\/www.budokampsport.se\/#\/schema\/person\/fa63fbbb0d79141e613a4ec1e6866e5e\"},\"description\":\"Konsten att vara t\u00e4vlingsm\u00e4nniska och samtidigt idrotta utan t\u00e4vlingsmoment \u00e4r ett fenomen som Anna Wilder Hjerppe f\u00e5tt l\u00e4ra sig att bem\u00e4stra. Och kanske\",\"breadcrumb\":{\"@id\":\"https:\/\/www.budokampsport.se\/2013\/10\/07\/aikidostjarnan-anna-wilder-hjerppe-infor-kampsports-os\/#breadcrumb\"},\"inLanguage\":\"sv-SE\",\"potentialAction\":[{\"@type\":\"ReadAction\",\"target\":[\"https:\/\/www.budokampsport.se\/2013\/10\/07\/aikidostjarnan-anna-wilder-hjerppe-infor-kampsports-os\/\"]}]},{\"@type\":\"ImageObject\",\"inLanguage\":\"sv-SE\",\"@id\":\"https:\/\/www.budokampsport.se\/2013\/10\/07\/aikidostjarnan-anna-wilder-hjerppe-infor-kampsports-os\/#primaryimage\",\"url\":\"http:\/\/www.budokampsport.se\/sites\/default\/files\/anna_hjerppe.jpg\",\"contentUrl\":\"http:\/\/www.budokampsport.se\/sites\/default\/files\/anna_hjerppe.jpg\"},{\"@type\":\"BreadcrumbList\",\"@id\":\"https:\/\/www.budokampsport.se\/2013\/10\/07\/aikidostjarnan-anna-wilder-hjerppe-infor-kampsports-os\/#breadcrumb\",\"itemListElement\":[{\"@type\":\"ListItem\",\"position\":1,\"name\":\"Hem\",\"item\":\"https:\/\/www.budokampsport.se\/\"},{\"@type\":\"ListItem\",\"position\":2,\"name\":\"Aikidostj\u00e4rnan Anna Wilder Hjerppe inf\u00f6r &#8220;kampsports-OS&#8221;\"}]},{\"@type\":\"WebSite\",\"@id\":\"https:\/\/www.budokampsport.se\/#website\",\"url\":\"https:\/\/www.budokampsport.se\/\",\"name\":\"Svenska Budo &amp; Kampsportsf\u00f6rbundet\",\"description\":\"T\u00e4vling, Tr\u00e4ning, Tradition\",\"potentialAction\":[{\"@type\":\"SearchAction\",\"target\":{\"@type\":\"EntryPoint\",\"urlTemplate\":\"https:\/\/www.budokampsport.se\/?s={search_term_string}\"},\"query-input\":{\"@type\":\"PropertyValueSpecification\",\"valueRequired\":true,\"valueName\":\"search_term_string\"}}],\"inLanguage\":\"sv-SE\"},{\"@type\":\"Person\",\"@id\":\"https:\/\/www.budokampsport.se\/#\/schema\/person\/fa63fbbb0d79141e613a4ec1e6866e5e\",\"name\":\"Tony Svensson\",\"image\":{\"@type\":\"ImageObject\",\"inLanguage\":\"sv-SE\",\"@id\":\"https:\/\/www.budokampsport.se\/#\/schema\/person\/image\/\",\"url\":\"https:\/\/secure.gravatar.com\/avatar\/7bc374e22b288be285d5a3938a1e7522?s=96&d=blank&r=g\",\"contentUrl\":\"https:\/\/secure.gravatar.com\/avatar\/7bc374e22b288be285d5a3938a1e7522?s=96&d=blank&r=g\",\"caption\":\"Tony Svensson\"},\"url\":\"https:\/\/www.budokampsport.se\/author\/sbk\/\"}]}<\/script>\n<!-- \/ Yoast SEO plugin. -->","yoast_head_json":{"title":"Aikidostj\u00e4rnan Anna Wilder Hjerppe inf\u00f6r \"kampsports-OS\" - Svenska Budo &amp; Kampsportsf\u00f6rbundet","description":"Konsten att vara t\u00e4vlingsm\u00e4nniska och samtidigt idrotta utan t\u00e4vlingsmoment \u00e4r ett fenomen som Anna Wilder Hjerppe f\u00e5tt l\u00e4ra sig att bem\u00e4stra. Och kanske","robots":{"index":"index","follow":"follow","max-snippet":"max-snippet:-1","max-image-preview":"max-image-preview:large","max-video-preview":"max-video-preview:-1"},"canonical":"https:\/\/www.budokampsport.se\/2013\/10\/07\/aikidostjarnan-anna-wilder-hjerppe-infor-kampsports-os\/","og_locale":"sv_SE","og_type":"article","og_title":"Aikidostj\u00e4rnan Anna Wilder Hjerppe inf\u00f6r \"kampsports-OS\" - Svenska Budo &amp; Kampsportsf\u00f6rbundet","og_description":"Konsten att vara t\u00e4vlingsm\u00e4nniska och samtidigt idrotta utan t\u00e4vlingsmoment \u00e4r ett fenomen som Anna Wilder Hjerppe f\u00e5tt l\u00e4ra sig att bem\u00e4stra. Och kanske","og_url":"https:\/\/www.budokampsport.se\/2013\/10\/07\/aikidostjarnan-anna-wilder-hjerppe-infor-kampsports-os\/","og_site_name":"Svenska Budo &amp; Kampsportsf\u00f6rbundet","article_published_time":"2013-10-07T07:00:14+00:00","article_modified_time":"2016-12-02T06:26:23+00:00","og_image":[{"url":"http:\/\/www.budokampsport.se\/sites\/default\/files\/anna_hjerppe.jpg","type":"","width":"","height":""}],"author":"Tony Svensson","twitter_card":"summary_large_image","twitter_misc":{"Skriven av":"Tony Svensson","Ber\u00e4knad l\u00e4stid":"5 minuter"},"schema":{"@context":"https:\/\/schema.org","@graph":[{"@type":"Article","@id":"https:\/\/www.budokampsport.se\/2013\/10\/07\/aikidostjarnan-anna-wilder-hjerppe-infor-kampsports-os\/#article","isPartOf":{"@id":"https:\/\/www.budokampsport.se\/2013\/10\/07\/aikidostjarnan-anna-wilder-hjerppe-infor-kampsports-os\/"},"author":{"name":"Tony Svensson","@id":"https:\/\/www.budokampsport.se\/#\/schema\/person\/fa63fbbb0d79141e613a4ec1e6866e5e"},"headline":"Aikidostj\u00e4rnan Anna Wilder Hjerppe inf\u00f6r &#8220;kampsports-OS&#8221;","datePublished":"2013-10-07T07:00:14+00:00","dateModified":"2016-12-02T06:26:23+00:00","mainEntityOfPage":{"@id":"https:\/\/www.budokampsport.se\/2013\/10\/07\/aikidostjarnan-anna-wilder-hjerppe-infor-kampsports-os\/"},"wordCount":925,"image":{"@id":"https:\/\/www.budokampsport.se\/2013\/10\/07\/aikidostjarnan-anna-wilder-hjerppe-infor-kampsports-os\/#primaryimage"},"thumbnailUrl":"http:\/\/www.budokampsport.se\/sites\/default\/files\/anna_hjerppe.jpg","inLanguage":"sv-SE"},{"@type":"WebPage","@id":"https:\/\/www.budokampsport.se\/2013\/10\/07\/aikidostjarnan-anna-wilder-hjerppe-infor-kampsports-os\/","url":"https:\/\/www.budokampsport.se\/2013\/10\/07\/aikidostjarnan-anna-wilder-hjerppe-infor-kampsports-os\/","name":"Aikidostj\u00e4rnan Anna Wilder Hjerppe inf\u00f6r \"kampsports-OS\" - Svenska Budo &amp; Kampsportsf\u00f6rbundet","isPartOf":{"@id":"https:\/\/www.budokampsport.se\/#website"},"primaryImageOfPage":{"@id":"https:\/\/www.budokampsport.se\/2013\/10\/07\/aikidostjarnan-anna-wilder-hjerppe-infor-kampsports-os\/#primaryimage"},"image":{"@id":"https:\/\/www.budokampsport.se\/2013\/10\/07\/aikidostjarnan-anna-wilder-hjerppe-infor-kampsports-os\/#primaryimage"},"thumbnailUrl":"http:\/\/www.budokampsport.se\/sites\/default\/files\/anna_hjerppe.jpg","datePublished":"2013-10-07T07:00:14+00:00","dateModified":"2016-12-02T06:26:23+00:00","author":{"@id":"https:\/\/www.budokampsport.se\/#\/schema\/person\/fa63fbbb0d79141e613a4ec1e6866e5e"},"description":"Konsten att vara t\u00e4vlingsm\u00e4nniska och samtidigt idrotta utan t\u00e4vlingsmoment \u00e4r ett fenomen som Anna Wilder Hjerppe f\u00e5tt l\u00e4ra sig att bem\u00e4stra. Och kanske","breadcrumb":{"@id":"https:\/\/www.budokampsport.se\/2013\/10\/07\/aikidostjarnan-anna-wilder-hjerppe-infor-kampsports-os\/#breadcrumb"},"inLanguage":"sv-SE","potentialAction":[{"@type":"ReadAction","target":["https:\/\/www.budokampsport.se\/2013\/10\/07\/aikidostjarnan-anna-wilder-hjerppe-infor-kampsports-os\/"]}]},{"@type":"ImageObject","inLanguage":"sv-SE","@id":"https:\/\/www.budokampsport.se\/2013\/10\/07\/aikidostjarnan-anna-wilder-hjerppe-infor-kampsports-os\/#primaryimage","url":"http:\/\/www.budokampsport.se\/sites\/default\/files\/anna_hjerppe.jpg","contentUrl":"http:\/\/www.budokampsport.se\/sites\/default\/files\/anna_hjerppe.jpg"},{"@type":"BreadcrumbList","@id":"https:\/\/www.budokampsport.se\/2013\/10\/07\/aikidostjarnan-anna-wilder-hjerppe-infor-kampsports-os\/#breadcrumb","itemListElement":[{"@type":"ListItem","position":1,"name":"Hem","item":"https:\/\/www.budokampsport.se\/"},{"@type":"ListItem","position":2,"name":"Aikidostj\u00e4rnan Anna Wilder Hjerppe inf\u00f6r &#8220;kampsports-OS&#8221;"}]},{"@type":"WebSite","@id":"https:\/\/www.budokampsport.se\/#website","url":"https:\/\/www.budokampsport.se\/","name":"Svenska Budo &amp; Kampsportsf\u00f6rbundet","description":"T\u00e4vling, Tr\u00e4ning, Tradition","potentialAction":[{"@type":"SearchAction","target":{"@type":"EntryPoint","urlTemplate":"https:\/\/www.budokampsport.se\/?s={search_term_string}"},"query-input":{"@type":"PropertyValueSpecification","valueRequired":true,"valueName":"search_term_string"}}],"inLanguage":"sv-SE"},{"@type":"Person","@id":"https:\/\/www.budokampsport.se\/#\/schema\/person\/fa63fbbb0d79141e613a4ec1e6866e5e","name":"Tony Svensson","image":{"@type":"ImageObject","inLanguage":"sv-SE","@id":"https:\/\/www.budokampsport.se\/#\/schema\/person\/image\/","url":"https:\/\/secure.gravatar.com\/avatar\/7bc374e22b288be285d5a3938a1e7522?s=96&d=blank&r=g","contentUrl":"https:\/\/secure.gravatar.com\/avatar\/7bc374e22b288be285d5a3938a1e7522?s=96&d=blank&r=g","caption":"Tony Svensson"},"url":"https:\/\/www.budokampsport.se\/author\/sbk\/"}]}},"_links":{"self":[{"href":"https:\/\/www.budokampsport.se\/api\/wp\/v2\/posts\/3352","targetHints":{"allow":["GET"]}}],"collection":[{"href":"https:\/\/www.budokampsport.se\/api\/wp\/v2\/posts"}],"about":[{"href":"https:\/\/www.budokampsport.se\/api\/wp\/v2\/types\/post"}],"author":[{"embeddable":true,"href":"https:\/\/www.budokampsport.se\/api\/wp\/v2\/users\/1"}],"replies":[{"embeddable":true,"href":"https:\/\/www.budokampsport.se\/api\/wp\/v2\/comments?post=3352"}],"version-history":[{"count":0,"href":"https:\/\/www.budokampsport.se\/api\/wp\/v2\/posts\/3352\/revisions"}],"wp:attachment":[{"href":"https:\/\/www.budokampsport.se\/api\/wp\/v2\/media?parent=3352"}],"wp:term":[{"taxonomy":"category","embeddable":true,"href":"https:\/\/www.budokampsport.se\/api\/wp\/v2\/categories?post=3352"},{"taxonomy":"post_tag","embeddable":true,"href":"https:\/\/www.budokampsport.se\/api\/wp\/v2\/tags?post=3352"}],"curies":[{"name":"wp","href":"https:\/\/api.w.org\/{rel}","templated":true}]}}