{"id":3367,"date":"2013-09-27T14:51:10","date_gmt":"2013-09-27T12:51:10","guid":{"rendered":"http:\/\/budo.wordpress.dev\/2013\/09\/27\/maria-elin-olsson-det-ar-bara-guld-som-galler\/"},"modified":"2016-12-02T07:26:24","modified_gmt":"2016-12-02T06:26:24","slug":"maria-elin-olsson-det-ar-bara-guld-som-galler","status":"publish","type":"post","link":"https:\/\/www.budokampsport.se\/2013\/09\/27\/maria-elin-olsson-det-ar-bara-guld-som-galler\/","title":{"rendered":"Maria Elin Olsson: &#8220;Det \u00e4r bara guld som g\u00e4ller&#8221;"},"content":{"rendered":"<p><strong><span style=\"line-height:1.6em\"><img decoding=\"async\" alt=\"\" src=\"\/sites\/default\/files\/maria_gala.gif\" style=\"float:right; height:90px; width:135px\">En av de allra mest framst\u00e5ende svenska kvinnliga kampsportarna p\u00e5 senare tid \u00e4r tillbaka i kickboxningslandslaget. Och med tv\u00e5 raka silvermedaljer, den sista finalen f\u00f6rlorades p\u00e5 \u201dThe Mauler-vis\u201d, \u00e4r hon fast besluten:<\/span><br \/>\u00a0 \u00a0&#8211; Jag hoppas verkligen att det \u00e4r min tur nu, s\u00e4ger hon till budokampsport.se.<\/strong><!--break--><\/p>\n<p>F\u00f6r tv\u00e5 \u00e5r sedan vann Maria Elin Olsson tre Vm-medaljer i tre kampsporter p\u00e5 39 dagar. Ifjol knep hon en proffstitel i kickboxning.<\/p>\n<p>Man kan lugnt konstatera att hennes utveckling de senaste \u00e5ren har pekat rakt upp\u00e5t. Men inf\u00f6r \u00e5rets VM har ett m\u00f6rkt moln v\u00e4xt fram. Hon har haft problem med ett \u00f6mmande kn\u00e4, men k\u00e4nner sig \u00e4nd\u00e5 i v\u00e4ldigt fin form.<br \/>\u00a0 \u00a0&#8211; Det har varit mycket slit. Skador och mentalt svaj har gjort att det varit lite tuffare \u00e4n vanligt. Men skam den som ger sig. Jag tackar min envishet och Hayes (L\u00e4s: Jemide, tr\u00e4naren) s\u00e5klart som alltid f\u00e5r mig p\u00e5 r\u00e4tt bana igen. Det har varit mycket av varannan dag en d\u00e5lig dag, varannan dag en mycket bra dag. De \u00e4r de dagarna som f\u00e5r mig att forts\u00e4tt.<\/p>\n<p><strong>Maria, med vilken sinnesbild \u00e5ker du till VM i Brasilien?<\/strong><br \/>\u00a0 \u00a0&#8211; Det kommer bli s\u00e5 h\u00e4ftigt! Har aldrig varit i Brasilien. S\u00e5 det kommer bli en upplevelse ut\u00f6ver det vanliga. Jag har en mycket positivt bild och jag l\u00e4ngtar efter att kliva upp i ringen och prova nya saker jag l\u00e4rt mig. Det \u00e4r d\u00e5 jag m\u00e4rker hur man utvecklats sedan tidigare. Vi \u00e4r ett sk\u00f6nt g\u00e4ng som \u00e5ker och det kommer bli mer h\u00e4ng och skrik i hallen \u00e4n sol p\u00e5 stranden. F\u00f6rutom att f\u00f6rhoppningsvis st\u00e5 \u00f6verst p\u00e5 prispallen l\u00e4ngtar jag \u00e4ven efter att prova deras k\u00f6ttrestauranger som s\u00e4gs vara supergrymma.<\/p>\n<p>Och n\u00e4r det g\u00e4ller f\u00f6rv\u00e4ntningarna p\u00e5 m\u00e4sterskapet \u00e4r det bara en sak i hennes huvud nu.<br \/>\u00a0 \u00a0&#8211; Det \u00e4r bara guld som g\u00e4ller denna g\u00e5ng! S\u00e5 jag hoppas verkligen att det \u00e4r min tur nu.<\/p>\n<p>Text: Jonathan Broberg<\/p>\n","protected":false},"excerpt":{"rendered":"<p>En av de allra mest framst\u00e5ende svenska kvinnliga kampsportarna p\u00e5 [&#8230;]<\/p><br>","protected":false},"author":1,"featured_media":0,"comment_status":"closed","ping_status":"closed","sticky":false,"template":"","format":"standard","meta":{"_acf_changed":false,"footnotes":""},"categories":[1],"tags":[],"class_list":["post-3367","post","type-post","status-publish","format-standard","hentry","category-okategoriserade"],"acf":[],"yoast_head":"<!-- This site is optimized with the Yoast SEO plugin v26.8 - https:\/\/yoast.com\/product\/yoast-seo-wordpress\/ -->\n<title>Maria Elin Olsson: &quot;Det \u00e4r bara guld som g\u00e4ller&quot; - Svenska Budo &amp; Kampsportsf\u00f6rbundet<\/title>\n<meta name=\"description\" content=\"En av de allra mest framst\u00e5ende svenska kvinnliga kampsportarna p\u00e5 senare tid \u00e4r tillbaka i kickboxningslandslaget. Och med tv\u00e5 raka silvermedaljer, den\" \/>\n<meta name=\"robots\" content=\"index, follow, max-snippet:-1, max-image-preview:large, max-video-preview:-1\" \/>\n<link rel=\"canonical\" href=\"https:\/\/www.budokampsport.se\/2013\/09\/27\/maria-elin-olsson-det-ar-bara-guld-som-galler\/\" \/>\n<meta property=\"og:locale\" content=\"sv_SE\" \/>\n<meta property=\"og:type\" content=\"article\" \/>\n<meta property=\"og:title\" content=\"Maria Elin Olsson: &quot;Det \u00e4r bara guld som g\u00e4ller&quot; - Svenska Budo &amp; Kampsportsf\u00f6rbundet\" \/>\n<meta property=\"og:description\" content=\"En av de allra mest framst\u00e5ende svenska kvinnliga kampsportarna p\u00e5 senare tid \u00e4r tillbaka i kickboxningslandslaget. Och med tv\u00e5 raka silvermedaljer, den\" \/>\n<meta property=\"og:url\" content=\"https:\/\/www.budokampsport.se\/2013\/09\/27\/maria-elin-olsson-det-ar-bara-guld-som-galler\/\" \/>\n<meta property=\"og:site_name\" content=\"Svenska Budo &amp; Kampsportsf\u00f6rbundet\" \/>\n<meta property=\"article:published_time\" content=\"2013-09-27T12:51:10+00:00\" \/>\n<meta property=\"article:modified_time\" content=\"2016-12-02T06:26:24+00:00\" \/>\n<meta name=\"author\" content=\"Tony Svensson\" \/>\n<meta name=\"twitter:card\" content=\"summary_large_image\" \/>\n<meta name=\"twitter:label1\" content=\"Skriven av\" \/>\n\t<meta name=\"twitter:data1\" content=\"Tony Svensson\" \/>\n\t<meta name=\"twitter:label2\" content=\"Ber\u00e4knad l\u00e4stid\" \/>\n\t<meta name=\"twitter:data2\" content=\"2 minuter\" \/>\n<script type=\"application\/ld+json\" class=\"yoast-schema-graph\">{\"@context\":\"https:\/\/schema.org\",\"@graph\":[{\"@type\":\"Article\",\"@id\":\"https:\/\/www.budokampsport.se\/2013\/09\/27\/maria-elin-olsson-det-ar-bara-guld-som-galler\/#article\",\"isPartOf\":{\"@id\":\"https:\/\/www.budokampsport.se\/2013\/09\/27\/maria-elin-olsson-det-ar-bara-guld-som-galler\/\"},\"author\":{\"name\":\"Tony Svensson\",\"@id\":\"https:\/\/www.budokampsport.se\/#\/schema\/person\/fa63fbbb0d79141e613a4ec1e6866e5e\"},\"headline\":\"Maria Elin Olsson: &#8220;Det \u00e4r bara guld som g\u00e4ller&#8221;\",\"datePublished\":\"2013-09-27T12:51:10+00:00\",\"dateModified\":\"2016-12-02T06:26:24+00:00\",\"mainEntityOfPage\":{\"@id\":\"https:\/\/www.budokampsport.se\/2013\/09\/27\/maria-elin-olsson-det-ar-bara-guld-som-galler\/\"},\"wordCount\":365,\"inLanguage\":\"sv-SE\"},{\"@type\":\"WebPage\",\"@id\":\"https:\/\/www.budokampsport.se\/2013\/09\/27\/maria-elin-olsson-det-ar-bara-guld-som-galler\/\",\"url\":\"https:\/\/www.budokampsport.se\/2013\/09\/27\/maria-elin-olsson-det-ar-bara-guld-som-galler\/\",\"name\":\"Maria Elin Olsson: \\\"Det \u00e4r bara guld som g\u00e4ller\\\" - Svenska Budo &amp; Kampsportsf\u00f6rbundet\",\"isPartOf\":{\"@id\":\"https:\/\/www.budokampsport.se\/#website\"},\"datePublished\":\"2013-09-27T12:51:10+00:00\",\"dateModified\":\"2016-12-02T06:26:24+00:00\",\"author\":{\"@id\":\"https:\/\/www.budokampsport.se\/#\/schema\/person\/fa63fbbb0d79141e613a4ec1e6866e5e\"},\"description\":\"En av de allra mest framst\u00e5ende svenska kvinnliga kampsportarna p\u00e5 senare tid \u00e4r tillbaka i kickboxningslandslaget. Och med tv\u00e5 raka silvermedaljer, den\",\"breadcrumb\":{\"@id\":\"https:\/\/www.budokampsport.se\/2013\/09\/27\/maria-elin-olsson-det-ar-bara-guld-som-galler\/#breadcrumb\"},\"inLanguage\":\"sv-SE\",\"potentialAction\":[{\"@type\":\"ReadAction\",\"target\":[\"https:\/\/www.budokampsport.se\/2013\/09\/27\/maria-elin-olsson-det-ar-bara-guld-som-galler\/\"]}]},{\"@type\":\"BreadcrumbList\",\"@id\":\"https:\/\/www.budokampsport.se\/2013\/09\/27\/maria-elin-olsson-det-ar-bara-guld-som-galler\/#breadcrumb\",\"itemListElement\":[{\"@type\":\"ListItem\",\"position\":1,\"name\":\"Hem\",\"item\":\"https:\/\/www.budokampsport.se\/\"},{\"@type\":\"ListItem\",\"position\":2,\"name\":\"Maria Elin Olsson: &#8220;Det \u00e4r bara guld som g\u00e4ller&#8221;\"}]},{\"@type\":\"WebSite\",\"@id\":\"https:\/\/www.budokampsport.se\/#website\",\"url\":\"https:\/\/www.budokampsport.se\/\",\"name\":\"Svenska Budo &amp; Kampsportsf\u00f6rbundet\",\"description\":\"T\u00e4vling, Tr\u00e4ning, Tradition\",\"potentialAction\":[{\"@type\":\"SearchAction\",\"target\":{\"@type\":\"EntryPoint\",\"urlTemplate\":\"https:\/\/www.budokampsport.se\/?s={search_term_string}\"},\"query-input\":{\"@type\":\"PropertyValueSpecification\",\"valueRequired\":true,\"valueName\":\"search_term_string\"}}],\"inLanguage\":\"sv-SE\"},{\"@type\":\"Person\",\"@id\":\"https:\/\/www.budokampsport.se\/#\/schema\/person\/fa63fbbb0d79141e613a4ec1e6866e5e\",\"name\":\"Tony Svensson\",\"image\":{\"@type\":\"ImageObject\",\"inLanguage\":\"sv-SE\",\"@id\":\"https:\/\/www.budokampsport.se\/#\/schema\/person\/image\/\",\"url\":\"https:\/\/secure.gravatar.com\/avatar\/7bc374e22b288be285d5a3938a1e7522?s=96&d=blank&r=g\",\"contentUrl\":\"https:\/\/secure.gravatar.com\/avatar\/7bc374e22b288be285d5a3938a1e7522?s=96&d=blank&r=g\",\"caption\":\"Tony Svensson\"},\"url\":\"https:\/\/www.budokampsport.se\/author\/sbk\/\"}]}<\/script>\n<!-- \/ Yoast SEO plugin. -->","yoast_head_json":{"title":"Maria Elin Olsson: \"Det \u00e4r bara guld som g\u00e4ller\" - Svenska Budo &amp; Kampsportsf\u00f6rbundet","description":"En av de allra mest framst\u00e5ende svenska kvinnliga kampsportarna p\u00e5 senare tid \u00e4r tillbaka i kickboxningslandslaget. Och med tv\u00e5 raka silvermedaljer, den","robots":{"index":"index","follow":"follow","max-snippet":"max-snippet:-1","max-image-preview":"max-image-preview:large","max-video-preview":"max-video-preview:-1"},"canonical":"https:\/\/www.budokampsport.se\/2013\/09\/27\/maria-elin-olsson-det-ar-bara-guld-som-galler\/","og_locale":"sv_SE","og_type":"article","og_title":"Maria Elin Olsson: \"Det \u00e4r bara guld som g\u00e4ller\" - Svenska Budo &amp; Kampsportsf\u00f6rbundet","og_description":"En av de allra mest framst\u00e5ende svenska kvinnliga kampsportarna p\u00e5 senare tid \u00e4r tillbaka i kickboxningslandslaget. Och med tv\u00e5 raka silvermedaljer, den","og_url":"https:\/\/www.budokampsport.se\/2013\/09\/27\/maria-elin-olsson-det-ar-bara-guld-som-galler\/","og_site_name":"Svenska Budo &amp; Kampsportsf\u00f6rbundet","article_published_time":"2013-09-27T12:51:10+00:00","article_modified_time":"2016-12-02T06:26:24+00:00","author":"Tony Svensson","twitter_card":"summary_large_image","twitter_misc":{"Skriven av":"Tony Svensson","Ber\u00e4knad l\u00e4stid":"2 minuter"},"schema":{"@context":"https:\/\/schema.org","@graph":[{"@type":"Article","@id":"https:\/\/www.budokampsport.se\/2013\/09\/27\/maria-elin-olsson-det-ar-bara-guld-som-galler\/#article","isPartOf":{"@id":"https:\/\/www.budokampsport.se\/2013\/09\/27\/maria-elin-olsson-det-ar-bara-guld-som-galler\/"},"author":{"name":"Tony Svensson","@id":"https:\/\/www.budokampsport.se\/#\/schema\/person\/fa63fbbb0d79141e613a4ec1e6866e5e"},"headline":"Maria Elin Olsson: &#8220;Det \u00e4r bara guld som g\u00e4ller&#8221;","datePublished":"2013-09-27T12:51:10+00:00","dateModified":"2016-12-02T06:26:24+00:00","mainEntityOfPage":{"@id":"https:\/\/www.budokampsport.se\/2013\/09\/27\/maria-elin-olsson-det-ar-bara-guld-som-galler\/"},"wordCount":365,"inLanguage":"sv-SE"},{"@type":"WebPage","@id":"https:\/\/www.budokampsport.se\/2013\/09\/27\/maria-elin-olsson-det-ar-bara-guld-som-galler\/","url":"https:\/\/www.budokampsport.se\/2013\/09\/27\/maria-elin-olsson-det-ar-bara-guld-som-galler\/","name":"Maria Elin Olsson: \"Det \u00e4r bara guld som g\u00e4ller\" - Svenska Budo &amp; Kampsportsf\u00f6rbundet","isPartOf":{"@id":"https:\/\/www.budokampsport.se\/#website"},"datePublished":"2013-09-27T12:51:10+00:00","dateModified":"2016-12-02T06:26:24+00:00","author":{"@id":"https:\/\/www.budokampsport.se\/#\/schema\/person\/fa63fbbb0d79141e613a4ec1e6866e5e"},"description":"En av de allra mest framst\u00e5ende svenska kvinnliga kampsportarna p\u00e5 senare tid \u00e4r tillbaka i kickboxningslandslaget. Och med tv\u00e5 raka silvermedaljer, den","breadcrumb":{"@id":"https:\/\/www.budokampsport.se\/2013\/09\/27\/maria-elin-olsson-det-ar-bara-guld-som-galler\/#breadcrumb"},"inLanguage":"sv-SE","potentialAction":[{"@type":"ReadAction","target":["https:\/\/www.budokampsport.se\/2013\/09\/27\/maria-elin-olsson-det-ar-bara-guld-som-galler\/"]}]},{"@type":"BreadcrumbList","@id":"https:\/\/www.budokampsport.se\/2013\/09\/27\/maria-elin-olsson-det-ar-bara-guld-som-galler\/#breadcrumb","itemListElement":[{"@type":"ListItem","position":1,"name":"Hem","item":"https:\/\/www.budokampsport.se\/"},{"@type":"ListItem","position":2,"name":"Maria Elin Olsson: &#8220;Det \u00e4r bara guld som g\u00e4ller&#8221;"}]},{"@type":"WebSite","@id":"https:\/\/www.budokampsport.se\/#website","url":"https:\/\/www.budokampsport.se\/","name":"Svenska Budo &amp; Kampsportsf\u00f6rbundet","description":"T\u00e4vling, Tr\u00e4ning, Tradition","potentialAction":[{"@type":"SearchAction","target":{"@type":"EntryPoint","urlTemplate":"https:\/\/www.budokampsport.se\/?s={search_term_string}"},"query-input":{"@type":"PropertyValueSpecification","valueRequired":true,"valueName":"search_term_string"}}],"inLanguage":"sv-SE"},{"@type":"Person","@id":"https:\/\/www.budokampsport.se\/#\/schema\/person\/fa63fbbb0d79141e613a4ec1e6866e5e","name":"Tony Svensson","image":{"@type":"ImageObject","inLanguage":"sv-SE","@id":"https:\/\/www.budokampsport.se\/#\/schema\/person\/image\/","url":"https:\/\/secure.gravatar.com\/avatar\/7bc374e22b288be285d5a3938a1e7522?s=96&d=blank&r=g","contentUrl":"https:\/\/secure.gravatar.com\/avatar\/7bc374e22b288be285d5a3938a1e7522?s=96&d=blank&r=g","caption":"Tony Svensson"},"url":"https:\/\/www.budokampsport.se\/author\/sbk\/"}]}},"_links":{"self":[{"href":"https:\/\/www.budokampsport.se\/api\/wp\/v2\/posts\/3367","targetHints":{"allow":["GET"]}}],"collection":[{"href":"https:\/\/www.budokampsport.se\/api\/wp\/v2\/posts"}],"about":[{"href":"https:\/\/www.budokampsport.se\/api\/wp\/v2\/types\/post"}],"author":[{"embeddable":true,"href":"https:\/\/www.budokampsport.se\/api\/wp\/v2\/users\/1"}],"replies":[{"embeddable":true,"href":"https:\/\/www.budokampsport.se\/api\/wp\/v2\/comments?post=3367"}],"version-history":[{"count":0,"href":"https:\/\/www.budokampsport.se\/api\/wp\/v2\/posts\/3367\/revisions"}],"wp:attachment":[{"href":"https:\/\/www.budokampsport.se\/api\/wp\/v2\/media?parent=3367"}],"wp:term":[{"taxonomy":"category","embeddable":true,"href":"https:\/\/www.budokampsport.se\/api\/wp\/v2\/categories?post=3367"},{"taxonomy":"post_tag","embeddable":true,"href":"https:\/\/www.budokampsport.se\/api\/wp\/v2\/tags?post=3367"}],"curies":[{"name":"wp","href":"https:\/\/api.w.org\/{rel}","templated":true}]}}