{"id":3368,"date":"2013-09-27T10:48:59","date_gmt":"2013-09-27T08:48:59","guid":{"rendered":"http:\/\/budo.wordpress.dev\/2013\/09\/27\/lovande-kickboxningstjejer-redo-for-vm\/"},"modified":"2016-12-06T22:31:33","modified_gmt":"2016-12-06T21:31:33","slug":"lovande-kickboxningstjejer-redo-for-vm","status":"publish","type":"post","link":"https:\/\/www.budokampsport.se\/2013\/09\/27\/lovande-kickboxningstjejer-redo-for-vm\/","title":{"rendered":"Lovande kickboxningstjejer redo f\u00f6r VM"},"content":{"rendered":"<p><strong><span style=\"line-height:1.6em\"><img decoding=\"async\" alt=\"\" src=\"\/sites\/default\/files\/zina_camila.gif\" style=\"height:290px; width:435px\"><br \/>I ett Stockholm som p\u00e5 bara ett par dagar g\u00e5tt fr\u00e5n sommarv\u00e4rme till n\u00e4rmast vinterkyla laddar tv\u00e5 tjejer f\u00f6r sitt livs kommande st\u00f6rsta kampsports\u00e4ventyr. F\u00f6r \u00e4ven om sn\u00e5la vindar med isande kyla svept in \u00f6ver den svenska huvudstaden, \u00e4r det bara n\u00e5gra f\u00e5 dagar kvar till kickboxningslandslaget \u00e5ker till v\u00e4rmen och Sao Paolo. Budokampsport.se m\u00f6tte de b\u00e5da unga landslagstjejerna Zina Djelassi och Camila Rivarola i deras klubbs lokaler i Stockholms innerstad.<\/span><\/strong><!--break--><\/p>\n<p>Det \u00e4r kampsportens andrav\u00e5g som sk\u00f6ljer in \u00f6ver land. V\u00e5gen efter Alexander Gustafssons bragdmatch i Toronto tar med sig m\u00e5nga torra sandkorn i eftersuget.<\/p>\n<p>H\u00f6sten \u00e4r kampsportens stora tid, de stora m\u00e4sterskapens tid. Emellan UFC-titelmatchen och det stundande Combat Games \u00e4r det ocks\u00e5 VM i kickboxning i Brasilien. Sverige skickar en meriterad trupp. Men \u00e4nd\u00e5 finns det plats f\u00f6r \u00e5terv\u00e4xt.<\/p>\n<p>Och det \u00e4r beh\u00f6vligt. I synnerhet d\u00e5 v\u00e4rldsm\u00e4starinnan Therese Gunnarsson flaggat f\u00f6r att detta VM blir hennes sista kickboxningsm\u00e4sterskap.<\/p>\n<p><strong style=\"line-height:1.6em\">&#8220;Det har g\u00e5tt ganska snabbt&#8221;<\/strong><br \/>Zina Djelassi och Camila Rivarola tillh\u00f6r b\u00e5da Stockholms Kickboxningsklubb. I den branta trappan ned mot tr\u00e4ningsmattorna m\u00f6ts man av en stark luktande doft, en doft av svett, linement \u2013 och f\u00f6rv\u00e4ntan.<\/p>\n<p>Djelassi \u00e4r nyss fyllda 21 \u00e5r, men det k\u00e4nns som hon har varit med l\u00e4nge nu. Men faktum \u00e4r att Djelassi endast g\u00f6r sitt andra VM.<br \/>\u00a0 \u00a0&#8211; Jag ser j\u00e4ttemycket fram emot det h\u00e4r m\u00e4sterskapet. Jag k\u00e4nner mig b\u00e4ttre f\u00f6rberedd och i b\u00e4ttre form \u00e4n f\u00f6rr, konstaterar hon.<\/p>\n<p>F\u00f6r Camila Rivarola \u00e4r det f\u00f6rsta g\u00e5ngen med landslagsdressen p\u00e5 \u00f6verhuvudtaget. Det \u00e4r s\u00e5 pass att 24-\u00e5ringen endast \u00e4r inne p\u00e5 hennes fj\u00e4rde kickboxar\u00e5r.\u00a0<br \/>\u00a0 \u00a0&#8211; Det har g\u00e5tt ganska snabbt, ja. Jag har precis landat med tanken att representera Sverige i ett VM. Det k\u00e4nns s\u00e5 klart stort.<\/p>\n<p>De b\u00e5da klubbkompisarna har sparrat mycket inf\u00f6r VM tillsammans och de erk\u00e4nner att det \u00e4r en stor trygghet att ha varandra i denna satsning.<br \/>\u00a0 \u00a0&#8211; Ja, det har verkligen varit kul att ha med Camila. Hon \u00e4r bra, har bra psyke och fin stil, som jag tror kommer att passa i VM. Hon \u00e4r bra p\u00e5 att plocka po\u00e4ng. Sedan \u00e4r hon en h\u00e4rlig personlighet och \u00e4r alltid p\u00e5 bra hum\u00f6r, s\u00e4ger Djelassi.<\/p>\n<p><strong>&#8220;\u00c4ndrat min stil lite&#8221;<\/strong><br \/>Camila vidh\u00e5ller ocks\u00e5 att det har varit sk\u00f6nt att ha med klubbkompisen Zina, men \u00e4ven den tredje uttagna fr\u00e5n Stockholms Kickboxningsklubb Farzad Rangrazian.<br \/>\u00a0 \u00a0&#8211; En stor trygghet. Jag \u00e4r inte s\u00e5 nerv\u00f6s i f\u00f6rh\u00e5llande till hur stort detta \u00e4r. Jag k\u00e4nner mig relativt lugn. Mycket beror det p\u00e5 att jag har haft Zina och Farzad med mig.\u00a0<\/p>\n<p>F\u00f6r ett par m\u00e5nader sedan br\u00f6t emellertid Camila armen och VM-starten s\u00e5g inte alls lika ljus ut. Men hon har rehabat p\u00e5 b\u00e4sta s\u00e4tt och k\u00e4nner sig, aningen anm\u00e4rkningsv\u00e4rt kan tyckas, \u00e4nnu starkare nu \u00e4n innan armbrottet.<br \/>\u00a0 \u00a0&#8211; Jag har haft en m\u00e5nad utan tr\u00e4ning alls och det har gjort mig gott. Jag har kunnat fokusera och f\u00e5 tillbaka det d\u00e4r stora suget. Men det \u00e4r ocks\u00e5 viktigt att p\u00e5peka att jag har haft bra st\u00f6ttning ocks\u00e5, b\u00e5de hemifr\u00e5n och fr\u00e5n klubben.<\/p>\n<p>\u00c4ven f\u00f6r Zina har uppladdningen kr\u00e4vt en lite annorlunda struktur. Hon ska n\u00e4mligen t\u00e4vla i det f\u00f6r henne mer ovana low kick.<br \/>\u00a0 \u00a0&#8211; Jag varit tvungen att \u00e4ndra min stil lite, f\u00f6rs\u00f6kt bli betydligt l\u00e4ttare p\u00e5 f\u00f6tterna. Det k\u00e4nns ju lite speciellt, men det ska bli roligt att testa p\u00e5 n\u00e5got nytt.<\/p>\n<p>Camila fyller i:<br \/>\u00a0 \u00a0&#8211; Zina ser otroligt stark ut och hon \u00e4r snabb f\u00f6r sin storlek. Jag tycker hon har bra tajming och \u00e4r kraftfull. Hon har en internationellt g\u00e5ngbar stil, skulle jag s\u00e4ga.<\/p>\n<p><strong>Ska bli n\u00f6jd med framf\u00f6rallt prestationen<\/strong><br \/>Det \u00e4r ett lugn som \u00f6verhuvudtaget utstr\u00e5las fr\u00e5n b\u00e5da de relativt f\u00e4rska landslagstjejerna. Och \u00e4ven om de sj\u00e4lva har h\u00f6ga f\u00f6rv\u00e4ntningar, m\u00e4rks det tydligt att de har haft en bra VM-uppladdning.<br \/>\u00a0 \u00a0&#8211; M\u00e5ls\u00e4ttningen, s\u00e4ger Camila och t\u00e4nker\u2026<br \/>\u00a0 \u00a0&#8211; \u00c4r att klara vikten, fyller Djelassi sk\u00e4mtsamt i. (skratt)<br \/>\u00a0 \u00a0&#8211; Nej, ska jag vara helt \u00e4rlig \u00e5ker jag ju f\u00f6r att vinna guldet, forts\u00e4tter Zina. Det g\u00e5r inte att \u00e5ka iv\u00e4g och inte tro att man ska vinna sina matcher.<br \/>\u00a0<br \/>N\u00e5got Rivarola helt h\u00e5ller med om.<br \/>\u00a0 \u00a0&#8211; \u00c4ven om det \u00e4r f\u00f6rsta VM:et f\u00f6r mig, \u00e4ven om jag \u00e4r landslagsdebutant k\u00e4nner jag sj\u00e4lv att jag m\u00e5ste tro att jag kan vinna detta. Det \u00e4r helt och h\u00e5llet det jag siktar p\u00e5. Men sedan finns det s\u00e4kert andra faktorer som jag ocks\u00e5 skulle bli n\u00f6jd med. Det viktiga \u00e4r att k\u00e4nna att man gjort en prestation som jag kan vara n\u00f6jd med.<\/p>\n<p>P\u00e5 tisdag i n\u00e4sta vecka g\u00e5r den f\u00f6rsta svensken in i VM-ringen, d\u00e5 vet vi hur det kommer att g\u00e5 f\u00f6r Zina Djelassi och Camila Rivarola. Fram till dess l\u00e4r Stockholm hunnit med att bli \u00e4n kallare, \u00e4n h\u00f6stm\u00f6rkare. Men det kommer knappast bekomma kickboxningslandslaget.<\/p>\n<p>Text och foto: Jonathan Broberg<\/p>\n","protected":false},"excerpt":{"rendered":"<p><strong><span style=\"line-height:1.6em\"><img decoding=\"async\" alt=\"\" src=\"\/sites\/default\/files\/zina_camila.gif\" style=\"height:290px; width:435px\"><br \/>I ett Stockholm som p\u00e5 bara ett par dagar g\u00e5tt fr\u00e5n sommarv\u00e4rme till n\u00e4rmast vinterkyla laddar tv\u00e5 tjejer f\u00f6r sitt livs kommande st\u00f6rsta kampsports\u00e4ventyr. F\u00f6r \u00e4ven om sn\u00e5la vindar med isande kyla svept in \u00f6ver den svenska huvudstaden, \u00e4r det bara n\u00e5gra f\u00e5 dagar kvar till kickboxningslandslaget \u00e5ker till v\u00e4rmen och Sao Paolo. Budokampsport.se m\u00f6tte de b\u00e5da unga landslagstjejerna Zina Djelassi och Camila Rivarola i deras klubbs lokaler i Stockholms innerstad.<\/span><\/strong><\/p><br>","protected":false},"author":7,"featured_media":0,"comment_status":"closed","ping_status":"closed","sticky":false,"template":"","format":"standard","meta":{"_acf_changed":false,"footnotes":""},"categories":[1],"tags":[],"class_list":["post-3368","post","type-post","status-publish","format-standard","hentry","category-okategoriserade"],"acf":[],"yoast_head":"<!-- This site is optimized with the Yoast SEO plugin v26.8 - https:\/\/yoast.com\/product\/yoast-seo-wordpress\/ -->\n<title>Lovande kickboxningstjejer redo f\u00f6r VM - Svenska Budo &amp; Kampsportsf\u00f6rbundet<\/title>\n<meta name=\"description\" content=\"I ett Stockholm som p\u00e5 bara ett par dagar g\u00e5tt fr\u00e5n sommarv\u00e4rme till n\u00e4rmast vinterkyla laddar tv\u00e5 tjejer f\u00f6r sitt livs kommande st\u00f6rsta kampsports\u00e4ventyr. F\u00f6r \u00e4ven om sn\u00e5la vindar med isande kyla svept in \u00f6ver den svenska huvudstaden, \u00e4r det bara n\u00e5gra f\u00e5 dagar kvar till kickboxningslandslaget \u00e5ker till v\u00e4rmen och Sao Paolo. Budokampsport.se m\u00f6tte de b\u00e5da unga landslagstjejerna Zina Djelassi och Camila Rivarola i deras klubbs lokaler i Stockholms innerstad.\" \/>\n<meta name=\"robots\" content=\"index, follow, max-snippet:-1, max-image-preview:large, max-video-preview:-1\" \/>\n<link rel=\"canonical\" href=\"https:\/\/www.budokampsport.se\/2013\/09\/27\/lovande-kickboxningstjejer-redo-for-vm\/\" \/>\n<meta property=\"og:locale\" content=\"sv_SE\" \/>\n<meta property=\"og:type\" content=\"article\" \/>\n<meta property=\"og:title\" content=\"Lovande kickboxningstjejer redo f\u00f6r VM - Svenska Budo &amp; Kampsportsf\u00f6rbundet\" \/>\n<meta property=\"og:description\" content=\"I ett Stockholm som p\u00e5 bara ett par dagar g\u00e5tt fr\u00e5n sommarv\u00e4rme till n\u00e4rmast vinterkyla laddar tv\u00e5 tjejer f\u00f6r sitt livs kommande st\u00f6rsta kampsports\u00e4ventyr. F\u00f6r \u00e4ven om sn\u00e5la vindar med isande kyla svept in \u00f6ver den svenska huvudstaden, \u00e4r det bara n\u00e5gra f\u00e5 dagar kvar till kickboxningslandslaget \u00e5ker till v\u00e4rmen och Sao Paolo. Budokampsport.se m\u00f6tte de b\u00e5da unga landslagstjejerna Zina Djelassi och Camila Rivarola i deras klubbs lokaler i Stockholms innerstad.\" \/>\n<meta property=\"og:url\" content=\"https:\/\/www.budokampsport.se\/2013\/09\/27\/lovande-kickboxningstjejer-redo-for-vm\/\" \/>\n<meta property=\"og:site_name\" content=\"Svenska Budo &amp; Kampsportsf\u00f6rbundet\" \/>\n<meta property=\"article:author\" content=\"https:\/\/www.facebook.com\/jonathan.broberg.7\" \/>\n<meta property=\"article:published_time\" content=\"2013-09-27T08:48:59+00:00\" \/>\n<meta property=\"article:modified_time\" content=\"2016-12-06T21:31:33+00:00\" \/>\n<meta name=\"author\" content=\"Jonathan Broberg\" \/>\n<meta name=\"twitter:card\" content=\"summary_large_image\" \/>\n<meta name=\"twitter:label1\" content=\"Skriven av\" \/>\n\t<meta name=\"twitter:data1\" content=\"Jonathan Broberg\" \/>\n\t<meta name=\"twitter:label2\" content=\"Ber\u00e4knad l\u00e4stid\" \/>\n\t<meta name=\"twitter:data2\" content=\"5 minuter\" \/>\n<script type=\"application\/ld+json\" class=\"yoast-schema-graph\">{\"@context\":\"https:\/\/schema.org\",\"@graph\":[{\"@type\":\"Article\",\"@id\":\"https:\/\/www.budokampsport.se\/2013\/09\/27\/lovande-kickboxningstjejer-redo-for-vm\/#article\",\"isPartOf\":{\"@id\":\"https:\/\/www.budokampsport.se\/2013\/09\/27\/lovande-kickboxningstjejer-redo-for-vm\/\"},\"author\":{\"name\":\"Jonathan Broberg\",\"@id\":\"https:\/\/www.budokampsport.se\/#\/schema\/person\/5c06d81d14850e2a8ce5493386560145\"},\"headline\":\"Lovande kickboxningstjejer redo f\u00f6r VM\",\"datePublished\":\"2013-09-27T08:48:59+00:00\",\"dateModified\":\"2016-12-06T21:31:33+00:00\",\"mainEntityOfPage\":{\"@id\":\"https:\/\/www.budokampsport.se\/2013\/09\/27\/lovande-kickboxningstjejer-redo-for-vm\/\"},\"wordCount\":931,\"inLanguage\":\"sv-SE\"},{\"@type\":\"WebPage\",\"@id\":\"https:\/\/www.budokampsport.se\/2013\/09\/27\/lovande-kickboxningstjejer-redo-for-vm\/\",\"url\":\"https:\/\/www.budokampsport.se\/2013\/09\/27\/lovande-kickboxningstjejer-redo-for-vm\/\",\"name\":\"Lovande kickboxningstjejer redo f\u00f6r VM - Svenska Budo &amp; Kampsportsf\u00f6rbundet\",\"isPartOf\":{\"@id\":\"https:\/\/www.budokampsport.se\/#website\"},\"datePublished\":\"2013-09-27T08:48:59+00:00\",\"dateModified\":\"2016-12-06T21:31:33+00:00\",\"author\":{\"@id\":\"https:\/\/www.budokampsport.se\/#\/schema\/person\/5c06d81d14850e2a8ce5493386560145\"},\"description\":\"I ett Stockholm som p\u00e5 bara ett par dagar g\u00e5tt fr\u00e5n sommarv\u00e4rme till n\u00e4rmast vinterkyla laddar tv\u00e5 tjejer f\u00f6r sitt livs kommande st\u00f6rsta kampsports\u00e4ventyr. F\u00f6r \u00e4ven om sn\u00e5la vindar med isande kyla svept in \u00f6ver den svenska huvudstaden, \u00e4r det bara n\u00e5gra f\u00e5 dagar kvar till kickboxningslandslaget \u00e5ker till v\u00e4rmen och Sao Paolo. Budokampsport.se m\u00f6tte de b\u00e5da unga landslagstjejerna Zina Djelassi och Camila Rivarola i deras klubbs lokaler i Stockholms innerstad.\",\"breadcrumb\":{\"@id\":\"https:\/\/www.budokampsport.se\/2013\/09\/27\/lovande-kickboxningstjejer-redo-for-vm\/#breadcrumb\"},\"inLanguage\":\"sv-SE\",\"potentialAction\":[{\"@type\":\"ReadAction\",\"target\":[\"https:\/\/www.budokampsport.se\/2013\/09\/27\/lovande-kickboxningstjejer-redo-for-vm\/\"]}]},{\"@type\":\"BreadcrumbList\",\"@id\":\"https:\/\/www.budokampsport.se\/2013\/09\/27\/lovande-kickboxningstjejer-redo-for-vm\/#breadcrumb\",\"itemListElement\":[{\"@type\":\"ListItem\",\"position\":1,\"name\":\"Hem\",\"item\":\"https:\/\/www.budokampsport.se\/\"},{\"@type\":\"ListItem\",\"position\":2,\"name\":\"Lovande kickboxningstjejer redo f\u00f6r VM\"}]},{\"@type\":\"WebSite\",\"@id\":\"https:\/\/www.budokampsport.se\/#website\",\"url\":\"https:\/\/www.budokampsport.se\/\",\"name\":\"Svenska Budo &amp; Kampsportsf\u00f6rbundet\",\"description\":\"T\u00e4vling, Tr\u00e4ning, Tradition\",\"potentialAction\":[{\"@type\":\"SearchAction\",\"target\":{\"@type\":\"EntryPoint\",\"urlTemplate\":\"https:\/\/www.budokampsport.se\/?s={search_term_string}\"},\"query-input\":{\"@type\":\"PropertyValueSpecification\",\"valueRequired\":true,\"valueName\":\"search_term_string\"}}],\"inLanguage\":\"sv-SE\"},{\"@type\":\"Person\",\"@id\":\"https:\/\/www.budokampsport.se\/#\/schema\/person\/5c06d81d14850e2a8ce5493386560145\",\"name\":\"Jonathan Broberg\",\"image\":{\"@type\":\"ImageObject\",\"inLanguage\":\"sv-SE\",\"@id\":\"https:\/\/www.budokampsport.se\/#\/schema\/person\/image\/\",\"url\":\"https:\/\/secure.gravatar.com\/avatar\/a58041c6cea9128bd9c40ee2f26d4136?s=96&d=blank&r=g\",\"contentUrl\":\"https:\/\/secure.gravatar.com\/avatar\/a58041c6cea9128bd9c40ee2f26d4136?s=96&d=blank&r=g\",\"caption\":\"Jonathan Broberg\"},\"sameAs\":[\"https:\/\/www.facebook.com\/jonathan.broberg.7\"],\"url\":\"https:\/\/www.budokampsport.se\/author\/jonathan\/\"}]}<\/script>\n<!-- \/ Yoast SEO plugin. -->","yoast_head_json":{"title":"Lovande kickboxningstjejer redo f\u00f6r VM - Svenska Budo &amp; Kampsportsf\u00f6rbundet","description":"I ett Stockholm som p\u00e5 bara ett par dagar g\u00e5tt fr\u00e5n sommarv\u00e4rme till n\u00e4rmast vinterkyla laddar tv\u00e5 tjejer f\u00f6r sitt livs kommande st\u00f6rsta kampsports\u00e4ventyr. F\u00f6r \u00e4ven om sn\u00e5la vindar med isande kyla svept in \u00f6ver den svenska huvudstaden, \u00e4r det bara n\u00e5gra f\u00e5 dagar kvar till kickboxningslandslaget \u00e5ker till v\u00e4rmen och Sao Paolo. Budokampsport.se m\u00f6tte de b\u00e5da unga landslagstjejerna Zina Djelassi och Camila Rivarola i deras klubbs lokaler i Stockholms innerstad.","robots":{"index":"index","follow":"follow","max-snippet":"max-snippet:-1","max-image-preview":"max-image-preview:large","max-video-preview":"max-video-preview:-1"},"canonical":"https:\/\/www.budokampsport.se\/2013\/09\/27\/lovande-kickboxningstjejer-redo-for-vm\/","og_locale":"sv_SE","og_type":"article","og_title":"Lovande kickboxningstjejer redo f\u00f6r VM - Svenska Budo &amp; Kampsportsf\u00f6rbundet","og_description":"I ett Stockholm som p\u00e5 bara ett par dagar g\u00e5tt fr\u00e5n sommarv\u00e4rme till n\u00e4rmast vinterkyla laddar tv\u00e5 tjejer f\u00f6r sitt livs kommande st\u00f6rsta kampsports\u00e4ventyr. F\u00f6r \u00e4ven om sn\u00e5la vindar med isande kyla svept in \u00f6ver den svenska huvudstaden, \u00e4r det bara n\u00e5gra f\u00e5 dagar kvar till kickboxningslandslaget \u00e5ker till v\u00e4rmen och Sao Paolo. Budokampsport.se m\u00f6tte de b\u00e5da unga landslagstjejerna Zina Djelassi och Camila Rivarola i deras klubbs lokaler i Stockholms innerstad.","og_url":"https:\/\/www.budokampsport.se\/2013\/09\/27\/lovande-kickboxningstjejer-redo-for-vm\/","og_site_name":"Svenska Budo &amp; Kampsportsf\u00f6rbundet","article_author":"https:\/\/www.facebook.com\/jonathan.broberg.7","article_published_time":"2013-09-27T08:48:59+00:00","article_modified_time":"2016-12-06T21:31:33+00:00","author":"Jonathan Broberg","twitter_card":"summary_large_image","twitter_misc":{"Skriven av":"Jonathan Broberg","Ber\u00e4knad l\u00e4stid":"5 minuter"},"schema":{"@context":"https:\/\/schema.org","@graph":[{"@type":"Article","@id":"https:\/\/www.budokampsport.se\/2013\/09\/27\/lovande-kickboxningstjejer-redo-for-vm\/#article","isPartOf":{"@id":"https:\/\/www.budokampsport.se\/2013\/09\/27\/lovande-kickboxningstjejer-redo-for-vm\/"},"author":{"name":"Jonathan Broberg","@id":"https:\/\/www.budokampsport.se\/#\/schema\/person\/5c06d81d14850e2a8ce5493386560145"},"headline":"Lovande kickboxningstjejer redo f\u00f6r VM","datePublished":"2013-09-27T08:48:59+00:00","dateModified":"2016-12-06T21:31:33+00:00","mainEntityOfPage":{"@id":"https:\/\/www.budokampsport.se\/2013\/09\/27\/lovande-kickboxningstjejer-redo-for-vm\/"},"wordCount":931,"inLanguage":"sv-SE"},{"@type":"WebPage","@id":"https:\/\/www.budokampsport.se\/2013\/09\/27\/lovande-kickboxningstjejer-redo-for-vm\/","url":"https:\/\/www.budokampsport.se\/2013\/09\/27\/lovande-kickboxningstjejer-redo-for-vm\/","name":"Lovande kickboxningstjejer redo f\u00f6r VM - Svenska Budo &amp; Kampsportsf\u00f6rbundet","isPartOf":{"@id":"https:\/\/www.budokampsport.se\/#website"},"datePublished":"2013-09-27T08:48:59+00:00","dateModified":"2016-12-06T21:31:33+00:00","author":{"@id":"https:\/\/www.budokampsport.se\/#\/schema\/person\/5c06d81d14850e2a8ce5493386560145"},"description":"I ett Stockholm som p\u00e5 bara ett par dagar g\u00e5tt fr\u00e5n sommarv\u00e4rme till n\u00e4rmast vinterkyla laddar tv\u00e5 tjejer f\u00f6r sitt livs kommande st\u00f6rsta kampsports\u00e4ventyr. F\u00f6r \u00e4ven om sn\u00e5la vindar med isande kyla svept in \u00f6ver den svenska huvudstaden, \u00e4r det bara n\u00e5gra f\u00e5 dagar kvar till kickboxningslandslaget \u00e5ker till v\u00e4rmen och Sao Paolo. Budokampsport.se m\u00f6tte de b\u00e5da unga landslagstjejerna Zina Djelassi och Camila Rivarola i deras klubbs lokaler i Stockholms innerstad.","breadcrumb":{"@id":"https:\/\/www.budokampsport.se\/2013\/09\/27\/lovande-kickboxningstjejer-redo-for-vm\/#breadcrumb"},"inLanguage":"sv-SE","potentialAction":[{"@type":"ReadAction","target":["https:\/\/www.budokampsport.se\/2013\/09\/27\/lovande-kickboxningstjejer-redo-for-vm\/"]}]},{"@type":"BreadcrumbList","@id":"https:\/\/www.budokampsport.se\/2013\/09\/27\/lovande-kickboxningstjejer-redo-for-vm\/#breadcrumb","itemListElement":[{"@type":"ListItem","position":1,"name":"Hem","item":"https:\/\/www.budokampsport.se\/"},{"@type":"ListItem","position":2,"name":"Lovande kickboxningstjejer redo f\u00f6r VM"}]},{"@type":"WebSite","@id":"https:\/\/www.budokampsport.se\/#website","url":"https:\/\/www.budokampsport.se\/","name":"Svenska Budo &amp; Kampsportsf\u00f6rbundet","description":"T\u00e4vling, Tr\u00e4ning, Tradition","potentialAction":[{"@type":"SearchAction","target":{"@type":"EntryPoint","urlTemplate":"https:\/\/www.budokampsport.se\/?s={search_term_string}"},"query-input":{"@type":"PropertyValueSpecification","valueRequired":true,"valueName":"search_term_string"}}],"inLanguage":"sv-SE"},{"@type":"Person","@id":"https:\/\/www.budokampsport.se\/#\/schema\/person\/5c06d81d14850e2a8ce5493386560145","name":"Jonathan Broberg","image":{"@type":"ImageObject","inLanguage":"sv-SE","@id":"https:\/\/www.budokampsport.se\/#\/schema\/person\/image\/","url":"https:\/\/secure.gravatar.com\/avatar\/a58041c6cea9128bd9c40ee2f26d4136?s=96&d=blank&r=g","contentUrl":"https:\/\/secure.gravatar.com\/avatar\/a58041c6cea9128bd9c40ee2f26d4136?s=96&d=blank&r=g","caption":"Jonathan Broberg"},"sameAs":["https:\/\/www.facebook.com\/jonathan.broberg.7"],"url":"https:\/\/www.budokampsport.se\/author\/jonathan\/"}]}},"_links":{"self":[{"href":"https:\/\/www.budokampsport.se\/api\/wp\/v2\/posts\/3368","targetHints":{"allow":["GET"]}}],"collection":[{"href":"https:\/\/www.budokampsport.se\/api\/wp\/v2\/posts"}],"about":[{"href":"https:\/\/www.budokampsport.se\/api\/wp\/v2\/types\/post"}],"author":[{"embeddable":true,"href":"https:\/\/www.budokampsport.se\/api\/wp\/v2\/users\/7"}],"replies":[{"embeddable":true,"href":"https:\/\/www.budokampsport.se\/api\/wp\/v2\/comments?post=3368"}],"version-history":[{"count":0,"href":"https:\/\/www.budokampsport.se\/api\/wp\/v2\/posts\/3368\/revisions"}],"wp:attachment":[{"href":"https:\/\/www.budokampsport.se\/api\/wp\/v2\/media?parent=3368"}],"wp:term":[{"taxonomy":"category","embeddable":true,"href":"https:\/\/www.budokampsport.se\/api\/wp\/v2\/categories?post=3368"},{"taxonomy":"post_tag","embeddable":true,"href":"https:\/\/www.budokampsport.se\/api\/wp\/v2\/tags?post=3368"}],"curies":[{"name":"wp","href":"https:\/\/api.w.org\/{rel}","templated":true}]}}