{"id":3370,"date":"2013-09-26T09:17:48","date_gmt":"2013-09-26T07:17:48","guid":{"rendered":"http:\/\/budo.wordpress.dev\/2013\/09\/26\/nils-widlund-vm-guldet-ska-hem-till-sodermalm\/"},"modified":"2016-12-06T22:31:34","modified_gmt":"2016-12-06T21:31:34","slug":"nils-widlund-vm-guldet-ska-hem-till-sodermalm","status":"publish","type":"post","link":"https:\/\/www.budokampsport.se\/2013\/09\/26\/nils-widlund-vm-guldet-ska-hem-till-sodermalm\/","title":{"rendered":"Nils Widlund: \u201dVM-guldet ska hem till S\u00f6dermalm\u201d"},"content":{"rendered":"<p><strong><span style=\"line-height:1.6em\"><img decoding=\"async\" alt=\"\" src=\"\/sites\/default\/files\/nils_widlund.gif\" style=\"height:290px; width:435px\">En av Sveriges mest kompletta kampsportare \u00e4r tillbaka i kickboxningslandslaget. Och nu siktar en p\u00e5nyttf\u00f6dd Nils Widlund mot VM-guld i Brasilien.<\/span><br \/>\u00a0\u00a0 &#8211; Jag ska verkligen g\u00f6ra allt jag kan f\u00f6r att n\u00e5 hel v\u00e4gen, s\u00e4ger han till budokampsport.se.<\/strong><!--break--><\/p>\n<p>Det \u00e4r bara ett par dagar kvar till svenska kickboxningslandslaget ger sig iv\u00e4g f\u00f6r VM i Brasilien. P\u00e5 pappret \u00e4r landslaget starkare \u00e4n p\u00e5 l\u00e4nge och flera intressanta comebacker stundar.<\/p>\n<p>Bland andra \u00e4r Nils Widlund tillbaka i kickboxningslandslaget efter sin kampsports-time-out. Och det \u00e4r en fokuserad och inspirerad Widlund med siktet inst\u00e4llt mot den \u00e4dlaste av medaljval\u00f6rer.<br \/>\u00a0\u00a0 &#8211; Det k\u00e4nns bra! K\u00e4nns inte som det var l\u00e4nge sedan jag \u00e5kte iv\u00e4g med landslaget, det var n\u00e4stan exakt ett \u00e5r sedan. D\u00e5 var det EM i Turkiet. Landslagsresor \u00e4r alltid extra roliga. Man peppar varandra och har ett bra st\u00f6d.<\/p>\n<p>Det var f\u00f6r knappt ett \u00e5r sedan som en bomb slog ner i kampsports-Sverige. Nils Widlund valde att kliva \u00e5t sidan bort fr\u00e5n t\u00e4vlandet ett tag. N\u00e5got som verkar ha gjort honom gott.<br \/>\u00a0\u00a0 &#8211; Det har varit v\u00e4ldigt sk\u00f6nt m\u00e5ste jag erk\u00e4nna. Trots att jag inte k\u00e4nner mig s\u00e5 gammal s\u00e5 har jag t\u00e4vlat v\u00e4ldigt l\u00e4nge och intensivt. Pausen gjorde att jag fick en distans till det hela men jag l\u00e4ngtade ocks\u00e5 tillbaka. Nu har jag bara tv\u00e5 matcher p\u00e5 ett \u00e5r och jag kanske \u00e4r lite ringrostig, men jag har lyckas h\u00e5lla ett helt annat fokus inf\u00f6r denna satsning och en b\u00e4ttre motivation. Pausen var nyttig.<\/p>\n<p><strong>Nils, hur har du f\u00f6rberett dig inf\u00f6r VM?<\/strong><br \/>\u00a0\u00a0 &#8211; Jag tycker jag har utnyttjat min tid v\u00e4ldigt bra och effektivt. Eftersom jag jobbar samtidigt s\u00e5 \u00e4r det en sv\u00e5r balansg\u00e5ng med att tr\u00e4na h\u00e5rt och\u00a0r\u00e4tt, h\u00e5lla r\u00e4tt kosth\u00e5llning, sova tillr\u00e4ckligt och samtidigt stimulera kroppen med att vara lite social. Det var d\u00e4r skon kl\u00e4mde innan jag tog en paus och nu har allt funkat bra! Jag tror jag kan g\u00f6ra min livs turnering i Brasilien. Allt har mer eller mindre klaffat i denna satsning. Alexander Gustafssons match har ocks\u00e5 gett mig en extra energikick. Nu ska VM-guldet hem till S\u00f6dermalm.<\/p>\n<p><strong>Inget kommer h\u00e5lla tillbaka<\/strong><br \/>Och att formen verkar vara p\u00e5 topp r\u00e5der det inga som helst tvivel p\u00e5. Han har ocks\u00e5 f\u00e5tt vara hyggligt skadefri under f\u00f6reberedelseperioden.<br \/>\u00a0\u00a0 &#8211; Formen \u00e4r v\u00e4ldigt bra och jag har h\u00e5llit mig relativt skadefri. Axeln och ena foten har sp\u00f6kat lite men just nu k\u00e4nns allt bra, tror inte att n\u00e5got kommer h\u00e5lla mig tillbaka under matcherna.<\/p>\n<p>Text och foto: Jonathan Broberg\u00a0<\/p>\n","protected":false},"excerpt":{"rendered":"<p><strong><span style=\"line-height:1.6em\"><img decoding=\"async\" alt=\"\" src=\"\/sites\/default\/files\/nils_widlund.gif\" style=\"height:290px; width:435px\">En av Sveriges mest kompletta kampsportare \u00e4r tillbaka i kickboxningslandslaget. Och nu siktar en p\u00e5nyttf\u00f6dd Nils Widlund mot VM-guld i Brasilien.<\/span><br \/>\u00a0\u00a0 &#8211; Jag ska verkligen g\u00f6ra allt jag kan f\u00f6r att n\u00e5 hel v\u00e4gen, s\u00e4ger han till budokampsport.se.<\/strong><\/p><br>","protected":false},"author":7,"featured_media":0,"comment_status":"closed","ping_status":"closed","sticky":false,"template":"","format":"standard","meta":{"_acf_changed":false,"footnotes":""},"categories":[1],"tags":[],"class_list":["post-3370","post","type-post","status-publish","format-standard","hentry","category-okategoriserade"],"acf":[],"yoast_head":"<!-- This site is optimized with the Yoast SEO plugin v26.8 - https:\/\/yoast.com\/product\/yoast-seo-wordpress\/ -->\n<title>Nils Widlund: \u201dVM-guldet ska hem till S\u00f6dermalm\u201d - Svenska Budo &amp; Kampsportsf\u00f6rbundet<\/title>\n<meta name=\"description\" content=\"En av Sveriges mest kompletta kampsportare \u00e4r tillbaka i kickboxningslandslaget. Och nu siktar en p\u00e5nyttf\u00f6dd Nils Widlund mot VM-guld i Brasilien.\u00a0\u00a0 - Jag ska verkligen g\u00f6ra allt jag kan f\u00f6r att n\u00e5 hel v\u00e4gen, s\u00e4ger han till budokampsport.se.\" \/>\n<meta name=\"robots\" content=\"index, follow, max-snippet:-1, max-image-preview:large, max-video-preview:-1\" \/>\n<link rel=\"canonical\" href=\"https:\/\/www.budokampsport.se\/2013\/09\/26\/nils-widlund-vm-guldet-ska-hem-till-sodermalm\/\" \/>\n<meta property=\"og:locale\" content=\"sv_SE\" \/>\n<meta property=\"og:type\" content=\"article\" \/>\n<meta property=\"og:title\" content=\"Nils Widlund: \u201dVM-guldet ska hem till S\u00f6dermalm\u201d - Svenska Budo &amp; Kampsportsf\u00f6rbundet\" \/>\n<meta property=\"og:description\" content=\"En av Sveriges mest kompletta kampsportare \u00e4r tillbaka i kickboxningslandslaget. Och nu siktar en p\u00e5nyttf\u00f6dd Nils Widlund mot VM-guld i Brasilien.\u00a0\u00a0 - Jag ska verkligen g\u00f6ra allt jag kan f\u00f6r att n\u00e5 hel v\u00e4gen, s\u00e4ger han till budokampsport.se.\" \/>\n<meta property=\"og:url\" content=\"https:\/\/www.budokampsport.se\/2013\/09\/26\/nils-widlund-vm-guldet-ska-hem-till-sodermalm\/\" \/>\n<meta property=\"og:site_name\" content=\"Svenska Budo &amp; Kampsportsf\u00f6rbundet\" \/>\n<meta property=\"article:author\" content=\"https:\/\/www.facebook.com\/jonathan.broberg.7\" \/>\n<meta property=\"article:published_time\" content=\"2013-09-26T07:17:48+00:00\" \/>\n<meta property=\"article:modified_time\" content=\"2016-12-06T21:31:34+00:00\" \/>\n<meta name=\"author\" content=\"Jonathan Broberg\" \/>\n<meta name=\"twitter:card\" content=\"summary_large_image\" \/>\n<meta name=\"twitter:label1\" content=\"Skriven av\" \/>\n\t<meta name=\"twitter:data1\" content=\"Jonathan Broberg\" \/>\n\t<meta name=\"twitter:label2\" content=\"Ber\u00e4knad l\u00e4stid\" \/>\n\t<meta name=\"twitter:data2\" content=\"2 minuter\" \/>\n<script type=\"application\/ld+json\" class=\"yoast-schema-graph\">{\"@context\":\"https:\/\/schema.org\",\"@graph\":[{\"@type\":\"Article\",\"@id\":\"https:\/\/www.budokampsport.se\/2013\/09\/26\/nils-widlund-vm-guldet-ska-hem-till-sodermalm\/#article\",\"isPartOf\":{\"@id\":\"https:\/\/www.budokampsport.se\/2013\/09\/26\/nils-widlund-vm-guldet-ska-hem-till-sodermalm\/\"},\"author\":{\"name\":\"Jonathan Broberg\",\"@id\":\"https:\/\/www.budokampsport.se\/#\/schema\/person\/5c06d81d14850e2a8ce5493386560145\"},\"headline\":\"Nils Widlund: \u201dVM-guldet ska hem till S\u00f6dermalm\u201d\",\"datePublished\":\"2013-09-26T07:17:48+00:00\",\"dateModified\":\"2016-12-06T21:31:34+00:00\",\"mainEntityOfPage\":{\"@id\":\"https:\/\/www.budokampsport.se\/2013\/09\/26\/nils-widlund-vm-guldet-ska-hem-till-sodermalm\/\"},\"wordCount\":480,\"inLanguage\":\"sv-SE\"},{\"@type\":\"WebPage\",\"@id\":\"https:\/\/www.budokampsport.se\/2013\/09\/26\/nils-widlund-vm-guldet-ska-hem-till-sodermalm\/\",\"url\":\"https:\/\/www.budokampsport.se\/2013\/09\/26\/nils-widlund-vm-guldet-ska-hem-till-sodermalm\/\",\"name\":\"Nils Widlund: \u201dVM-guldet ska hem till S\u00f6dermalm\u201d - Svenska Budo &amp; Kampsportsf\u00f6rbundet\",\"isPartOf\":{\"@id\":\"https:\/\/www.budokampsport.se\/#website\"},\"datePublished\":\"2013-09-26T07:17:48+00:00\",\"dateModified\":\"2016-12-06T21:31:34+00:00\",\"author\":{\"@id\":\"https:\/\/www.budokampsport.se\/#\/schema\/person\/5c06d81d14850e2a8ce5493386560145\"},\"description\":\"En av Sveriges mest kompletta kampsportare \u00e4r tillbaka i kickboxningslandslaget. Och nu siktar en p\u00e5nyttf\u00f6dd Nils Widlund mot VM-guld i Brasilien.\u00a0\u00a0 - Jag ska verkligen g\u00f6ra allt jag kan f\u00f6r att n\u00e5 hel v\u00e4gen, s\u00e4ger han till budokampsport.se.\",\"breadcrumb\":{\"@id\":\"https:\/\/www.budokampsport.se\/2013\/09\/26\/nils-widlund-vm-guldet-ska-hem-till-sodermalm\/#breadcrumb\"},\"inLanguage\":\"sv-SE\",\"potentialAction\":[{\"@type\":\"ReadAction\",\"target\":[\"https:\/\/www.budokampsport.se\/2013\/09\/26\/nils-widlund-vm-guldet-ska-hem-till-sodermalm\/\"]}]},{\"@type\":\"BreadcrumbList\",\"@id\":\"https:\/\/www.budokampsport.se\/2013\/09\/26\/nils-widlund-vm-guldet-ska-hem-till-sodermalm\/#breadcrumb\",\"itemListElement\":[{\"@type\":\"ListItem\",\"position\":1,\"name\":\"Hem\",\"item\":\"https:\/\/www.budokampsport.se\/\"},{\"@type\":\"ListItem\",\"position\":2,\"name\":\"Nils Widlund: \u201dVM-guldet ska hem till S\u00f6dermalm\u201d\"}]},{\"@type\":\"WebSite\",\"@id\":\"https:\/\/www.budokampsport.se\/#website\",\"url\":\"https:\/\/www.budokampsport.se\/\",\"name\":\"Svenska Budo &amp; Kampsportsf\u00f6rbundet\",\"description\":\"T\u00e4vling, Tr\u00e4ning, Tradition\",\"potentialAction\":[{\"@type\":\"SearchAction\",\"target\":{\"@type\":\"EntryPoint\",\"urlTemplate\":\"https:\/\/www.budokampsport.se\/?s={search_term_string}\"},\"query-input\":{\"@type\":\"PropertyValueSpecification\",\"valueRequired\":true,\"valueName\":\"search_term_string\"}}],\"inLanguage\":\"sv-SE\"},{\"@type\":\"Person\",\"@id\":\"https:\/\/www.budokampsport.se\/#\/schema\/person\/5c06d81d14850e2a8ce5493386560145\",\"name\":\"Jonathan Broberg\",\"image\":{\"@type\":\"ImageObject\",\"inLanguage\":\"sv-SE\",\"@id\":\"https:\/\/www.budokampsport.se\/#\/schema\/person\/image\/\",\"url\":\"https:\/\/secure.gravatar.com\/avatar\/a58041c6cea9128bd9c40ee2f26d4136?s=96&d=blank&r=g\",\"contentUrl\":\"https:\/\/secure.gravatar.com\/avatar\/a58041c6cea9128bd9c40ee2f26d4136?s=96&d=blank&r=g\",\"caption\":\"Jonathan Broberg\"},\"sameAs\":[\"https:\/\/www.facebook.com\/jonathan.broberg.7\"],\"url\":\"https:\/\/www.budokampsport.se\/author\/jonathan\/\"}]}<\/script>\n<!-- \/ Yoast SEO plugin. -->","yoast_head_json":{"title":"Nils Widlund: \u201dVM-guldet ska hem till S\u00f6dermalm\u201d - Svenska Budo &amp; Kampsportsf\u00f6rbundet","description":"En av Sveriges mest kompletta kampsportare \u00e4r tillbaka i kickboxningslandslaget. Och nu siktar en p\u00e5nyttf\u00f6dd Nils Widlund mot VM-guld i Brasilien.\u00a0\u00a0 - Jag ska verkligen g\u00f6ra allt jag kan f\u00f6r att n\u00e5 hel v\u00e4gen, s\u00e4ger han till budokampsport.se.","robots":{"index":"index","follow":"follow","max-snippet":"max-snippet:-1","max-image-preview":"max-image-preview:large","max-video-preview":"max-video-preview:-1"},"canonical":"https:\/\/www.budokampsport.se\/2013\/09\/26\/nils-widlund-vm-guldet-ska-hem-till-sodermalm\/","og_locale":"sv_SE","og_type":"article","og_title":"Nils Widlund: \u201dVM-guldet ska hem till S\u00f6dermalm\u201d - Svenska Budo &amp; Kampsportsf\u00f6rbundet","og_description":"En av Sveriges mest kompletta kampsportare \u00e4r tillbaka i kickboxningslandslaget. Och nu siktar en p\u00e5nyttf\u00f6dd Nils Widlund mot VM-guld i Brasilien.\u00a0\u00a0 - Jag ska verkligen g\u00f6ra allt jag kan f\u00f6r att n\u00e5 hel v\u00e4gen, s\u00e4ger han till budokampsport.se.","og_url":"https:\/\/www.budokampsport.se\/2013\/09\/26\/nils-widlund-vm-guldet-ska-hem-till-sodermalm\/","og_site_name":"Svenska Budo &amp; Kampsportsf\u00f6rbundet","article_author":"https:\/\/www.facebook.com\/jonathan.broberg.7","article_published_time":"2013-09-26T07:17:48+00:00","article_modified_time":"2016-12-06T21:31:34+00:00","author":"Jonathan Broberg","twitter_card":"summary_large_image","twitter_misc":{"Skriven av":"Jonathan Broberg","Ber\u00e4knad l\u00e4stid":"2 minuter"},"schema":{"@context":"https:\/\/schema.org","@graph":[{"@type":"Article","@id":"https:\/\/www.budokampsport.se\/2013\/09\/26\/nils-widlund-vm-guldet-ska-hem-till-sodermalm\/#article","isPartOf":{"@id":"https:\/\/www.budokampsport.se\/2013\/09\/26\/nils-widlund-vm-guldet-ska-hem-till-sodermalm\/"},"author":{"name":"Jonathan Broberg","@id":"https:\/\/www.budokampsport.se\/#\/schema\/person\/5c06d81d14850e2a8ce5493386560145"},"headline":"Nils Widlund: \u201dVM-guldet ska hem till S\u00f6dermalm\u201d","datePublished":"2013-09-26T07:17:48+00:00","dateModified":"2016-12-06T21:31:34+00:00","mainEntityOfPage":{"@id":"https:\/\/www.budokampsport.se\/2013\/09\/26\/nils-widlund-vm-guldet-ska-hem-till-sodermalm\/"},"wordCount":480,"inLanguage":"sv-SE"},{"@type":"WebPage","@id":"https:\/\/www.budokampsport.se\/2013\/09\/26\/nils-widlund-vm-guldet-ska-hem-till-sodermalm\/","url":"https:\/\/www.budokampsport.se\/2013\/09\/26\/nils-widlund-vm-guldet-ska-hem-till-sodermalm\/","name":"Nils Widlund: \u201dVM-guldet ska hem till S\u00f6dermalm\u201d - Svenska Budo &amp; Kampsportsf\u00f6rbundet","isPartOf":{"@id":"https:\/\/www.budokampsport.se\/#website"},"datePublished":"2013-09-26T07:17:48+00:00","dateModified":"2016-12-06T21:31:34+00:00","author":{"@id":"https:\/\/www.budokampsport.se\/#\/schema\/person\/5c06d81d14850e2a8ce5493386560145"},"description":"En av Sveriges mest kompletta kampsportare \u00e4r tillbaka i kickboxningslandslaget. Och nu siktar en p\u00e5nyttf\u00f6dd Nils Widlund mot VM-guld i Brasilien.\u00a0\u00a0 - Jag ska verkligen g\u00f6ra allt jag kan f\u00f6r att n\u00e5 hel v\u00e4gen, s\u00e4ger han till budokampsport.se.","breadcrumb":{"@id":"https:\/\/www.budokampsport.se\/2013\/09\/26\/nils-widlund-vm-guldet-ska-hem-till-sodermalm\/#breadcrumb"},"inLanguage":"sv-SE","potentialAction":[{"@type":"ReadAction","target":["https:\/\/www.budokampsport.se\/2013\/09\/26\/nils-widlund-vm-guldet-ska-hem-till-sodermalm\/"]}]},{"@type":"BreadcrumbList","@id":"https:\/\/www.budokampsport.se\/2013\/09\/26\/nils-widlund-vm-guldet-ska-hem-till-sodermalm\/#breadcrumb","itemListElement":[{"@type":"ListItem","position":1,"name":"Hem","item":"https:\/\/www.budokampsport.se\/"},{"@type":"ListItem","position":2,"name":"Nils Widlund: \u201dVM-guldet ska hem till S\u00f6dermalm\u201d"}]},{"@type":"WebSite","@id":"https:\/\/www.budokampsport.se\/#website","url":"https:\/\/www.budokampsport.se\/","name":"Svenska Budo &amp; Kampsportsf\u00f6rbundet","description":"T\u00e4vling, Tr\u00e4ning, Tradition","potentialAction":[{"@type":"SearchAction","target":{"@type":"EntryPoint","urlTemplate":"https:\/\/www.budokampsport.se\/?s={search_term_string}"},"query-input":{"@type":"PropertyValueSpecification","valueRequired":true,"valueName":"search_term_string"}}],"inLanguage":"sv-SE"},{"@type":"Person","@id":"https:\/\/www.budokampsport.se\/#\/schema\/person\/5c06d81d14850e2a8ce5493386560145","name":"Jonathan Broberg","image":{"@type":"ImageObject","inLanguage":"sv-SE","@id":"https:\/\/www.budokampsport.se\/#\/schema\/person\/image\/","url":"https:\/\/secure.gravatar.com\/avatar\/a58041c6cea9128bd9c40ee2f26d4136?s=96&d=blank&r=g","contentUrl":"https:\/\/secure.gravatar.com\/avatar\/a58041c6cea9128bd9c40ee2f26d4136?s=96&d=blank&r=g","caption":"Jonathan Broberg"},"sameAs":["https:\/\/www.facebook.com\/jonathan.broberg.7"],"url":"https:\/\/www.budokampsport.se\/author\/jonathan\/"}]}},"_links":{"self":[{"href":"https:\/\/www.budokampsport.se\/api\/wp\/v2\/posts\/3370","targetHints":{"allow":["GET"]}}],"collection":[{"href":"https:\/\/www.budokampsport.se\/api\/wp\/v2\/posts"}],"about":[{"href":"https:\/\/www.budokampsport.se\/api\/wp\/v2\/types\/post"}],"author":[{"embeddable":true,"href":"https:\/\/www.budokampsport.se\/api\/wp\/v2\/users\/7"}],"replies":[{"embeddable":true,"href":"https:\/\/www.budokampsport.se\/api\/wp\/v2\/comments?post=3370"}],"version-history":[{"count":0,"href":"https:\/\/www.budokampsport.se\/api\/wp\/v2\/posts\/3370\/revisions"}],"wp:attachment":[{"href":"https:\/\/www.budokampsport.se\/api\/wp\/v2\/media?parent=3370"}],"wp:term":[{"taxonomy":"category","embeddable":true,"href":"https:\/\/www.budokampsport.se\/api\/wp\/v2\/categories?post=3370"},{"taxonomy":"post_tag","embeddable":true,"href":"https:\/\/www.budokampsport.se\/api\/wp\/v2\/tags?post=3370"}],"curies":[{"name":"wp","href":"https:\/\/api.w.org\/{rel}","templated":true}]}}