{"id":3390,"date":"2010-06-08T10:56:51","date_gmt":"2010-06-08T08:56:51","guid":{"rendered":"http:\/\/budo.wordpress.dev\/2010\/06\/08\/emil-gustafsson-om-ju-jutsu-sasongen\/"},"modified":"2016-12-06T22:31:37","modified_gmt":"2016-12-06T21:31:37","slug":"emil-gustafsson-om-ju-jutsu-sasongen","status":"publish","type":"post","link":"https:\/\/www.budokampsport.se\/2010\/06\/08\/emil-gustafsson-om-ju-jutsu-sasongen\/","title":{"rendered":"Emil Gustafsson om ju-jutsu-s\u00e4songen"},"content":{"rendered":"<p><P><STRONG><IMG alt=\"\" align=right src=\"\/sites\/default\/files\/emil_gustavsson.jpg\" width=150 height=200>I helgen hade ju-jutsun s\u00e4songsavslutning i och med Nordfalken Fight Challenge i Ljungby. Men redan tv\u00e5 dagar senare \u00e4r planeringen inf\u00f6r kommande s\u00e4song i full g\u00e5ng hos Svenska Ju-jutsufederationen. Budokampsport.se tog sig ett snack med ordf\u00f6rande Emil Gustafsson f\u00f6r att h\u00f6ra vad han tycker om framtiden f\u00f6r svensk ju-jutsu och hur han har sett p\u00e5 den s\u00e4song som var.<\/STRONG><I><BR><!--break--><BR><\/I>N\u00e4r Nordfalken Fight Challenge i Ljungby avslutades i helgen f\u00f6rkunnades samtidigt vilka som vunnit Svenska Ju-jutsuligan och Svenska Cupen. <BR><BR>2010 \u00e5rs s\u00e4song var d\u00e4rmed till \u00e4nda och ordf\u00f6rande f\u00f6r Svenska Ju-jutsufederationen Emil Gustafsson ser tillbaka p\u00e5 ett positivt 2010 f\u00f6r svensk ju-jutsu.<BR>\u00a0\u00a0 &#8211; Ja, det g\u00f6r jag. Jag tycker att vi i \u00e5r har lyckats v\u00e4nda en ned\u00e5tg\u00e5ende trend som varat i ett par s\u00e4songer. Vi har haft fler t\u00e4vlingar i \u00e5r. V\u00e5ra arrang\u00f6rer blir hela tiden b\u00e4ttre och p\u00e5 det stora hela tror jag att denna s\u00e4song kan bli ett avstamp inf\u00f6r framtiden.<BR><BR><STRONG>&#8220;Tagit stora kliv fram\u00e5t&#8221;<\/STRONG><BR>N\u00e4r det g\u00e4ller landslag har svensk ju-jutsu haft en stor generationsv\u00e4xling sedan det magiska VM:et p\u00e5 hemmaplan f\u00f6r ett par \u00e5r sedan. Men i och med \u00e5rets framg\u00e5ngar kan en ljus framtid sk\u00f6njas \u00e4ven d\u00e4r.<BR>\u00a0\u00a0 &#8211; Jag tycker att landslags\u00e5ret har varit lite si och s\u00e5, faktiskt. P\u00e5 juniorsidan har vi tagit stora kliv fram\u00e5t och p\u00e5 m\u00e4sterskapen har det g\u00e5tt v\u00e4ldigt bra. Sedan tycker jag att v\u00e5ra juniorer beh\u00f6ver fler internationella t\u00e4vlingar under ett \u00e5r f\u00f6r att kunna vidareutvecklas. P\u00e5 seniorsidan har vi varit t\u00e4vlingsflitiga och \u00e4ven om vi inte haft samma medaljframg\u00e5ngar som vi hade f\u00f6r ett par s\u00e4songer sedan, har vi \u00e4nd\u00e5 n\u00e5got stort p\u00e5 g\u00e5ng. <BR><BR>S\u00e4songen 2010 har f\u00f6r Svenska Ju-jutsufederationen ocks\u00e5 inneburit en hel del f\u00f6r\u00e4ndringar och f\u00f6rb\u00e4ttringar, strukturellt sett.<BR>\u00a0\u00a0 &#8211; Jovisst. Vi tillsatte i \u00e5r en sportchef med ansvar f\u00f6r samordning, Michael Kuntz. Det har verkligen blivit ordning och reda p\u00e5 den punkten, kan man s\u00e4ga. Michael har gjort ett str\u00e5lande arbete. N\u00e4sta stora f\u00f6rb\u00e4ttring blir att f\u00e5 alla arrang\u00f6rer att f\u00f6lja samma mall f\u00f6r hur en t\u00e4vling b\u00f6r arrangeras. Vi ska vara mer behj\u00e4lpliga f\u00f6r arrang\u00f6rerna och underl\u00e4tta f\u00f6r dem.<BR><BR><STRONG><IMG alt=\"\" align=middle src=\"\/sites\/default\/files\/ju-jutsu_0.jpg\" width=430 height=286><BR><BR>Svenska Cupen l\u00e4ggs ner<\/STRONG><BR>\u00c5rets s\u00e4song avslutades med Nordfalken Fight Challenge i Ljungby. En t\u00e4vling som arrangerades f\u00f6r f\u00f6rsta g\u00e5ngen.<BR>\u00a0\u00a0 &#8211; Jag tycker de gjorde det j\u00e4vligt bra, m\u00e5ste jag s\u00e4ga. Det var f\u00f6rsta g\u00e5ngen som de arrangerade en s\u00e5 stor t\u00e4vling och det k\u00e4nns som att klubben precis har b\u00f6rjat t\u00e4vla, egentligen. Sedan tycker jag att det \u00e4r synd att inte alla v\u00e5ra b\u00e4sta st\u00e4llde upp. Det \u00e4r rent ut sagt d\u00e5ligt. Det var framf\u00f6r allt p\u00e5 juniorsidan som vi saknade de b\u00e4sta. Och det var ju faktiskt s\u00e5 att tv\u00e5 av dem hade vunnit sina klasser i Svenska Ju-jutsuligan om de bara hade st\u00e4llt upp, mer eller mindre. Det \u00e4r en fr\u00e5ga om karakt\u00e4r och det tycker jag \u00e4r v\u00e4ldigt synd. Det \u00e4r ocks\u00e5 tr\u00e5kigt f\u00f6r arrang\u00f6ren som naturligtvis \u00e4r beroende av att de b\u00e4sta st\u00e4ller upp.<BR><BR>Trots det ser Emil positivt p\u00e5 framtiden f\u00f6r svensk ju-jutsu. Till n\u00e4sta s\u00e4song kommer en hel del f\u00f6r\u00e4ndringar att ske, f\u00f6r att utveckla idrotten och anpassa den efter idrottarna. Bland annat beslutades s\u00e5 sent som ig\u00e5r att Svenska cupen l\u00e4ggs ned.<BR>\u00a0\u00a0 &#8211; Det st\u00e4mmer. Det beslutade vi p\u00e5 ett styrelsem\u00f6te ig\u00e5r kv\u00e4ll. Den blev inte riktigt vad vi hade t\u00e4nkt oss. Vi ville ha att vinnaren i Svenska Ju-jutsuligan m\u00f6ter vinnaren i SM, det skulle bli en typ av \u201dsuperfight\u201d, men det har inte blivit s\u00e5 tyv\u00e4rr. <BR>\u00a0\u00a0 &#8211; Annars kan jag n\u00e4mna att fyra delt\u00e4vlingar till Svenska Ju-jutsuligan redan \u00e4r klara f\u00f6r n\u00e4sta s\u00e4song. Vi kommer att starta en barnliga f\u00f6r att ytterligare f\u00e5 barn och ungdomar att t\u00e4vla i ju-jutsu. Dessutom har v\u00e5ra danska kollegor hotat med att komma tillbaka n\u00e4sta \u00e5r och t\u00e4vla med oss, s\u00e5 det vill till att v\u00e5ra svenska stj\u00e4rnor \u00e4r p\u00e5 t\u00e5rna \u00e4ven n\u00e4sta s\u00e4song.<BR><BR>Text: Jonathan Broberg<\/P><\/p>\n","protected":false},"excerpt":{"rendered":"<p><P><STRONG><IMG alt=\"\" align=right src=\"\/sites\/default\/files\/emil_gustavsson.jpg\" width=150 height=200>I helgen hade ju-jutsun s\u00e4songsavslutning i och med Nordfalken Fight Challenge i Ljungby. Men redan tv\u00e5 dagar senare \u00e4r planeringen inf\u00f6r kommande s\u00e4song i full g\u00e5ng hos Svenska Ju-jutsufederationen. Budokampsport.se tog sig ett snack med ordf\u00f6rande Emil Gustafsson f\u00f6r att h\u00f6ra vad han tycker om framtiden f\u00f6r svensk ju-jutsu och hur han har sett p\u00e5 den s\u00e4song som var.<\/STRONG><I><BR><\/p><br>","protected":false},"author":7,"featured_media":0,"comment_status":"closed","ping_status":"closed","sticky":false,"template":"","format":"standard","meta":{"_acf_changed":false,"footnotes":""},"categories":[1],"tags":[],"class_list":["post-3390","post","type-post","status-publish","format-standard","hentry","category-okategoriserade"],"acf":[],"yoast_head":"<!-- This site is optimized with the Yoast SEO plugin v26.8 - https:\/\/yoast.com\/product\/yoast-seo-wordpress\/ -->\n<title>Emil Gustafsson om ju-jutsu-s\u00e4songen - Svenska Budo &amp; Kampsportsf\u00f6rbundet<\/title>\n<meta name=\"description\" content=\"I helgen hade ju-jutsun s\u00e4songsavslutning i och med Nordfalken Fight Challenge i Ljungby. Men redan tv\u00e5 dagar senare \u00e4r planeringen inf\u00f6r kommande s\u00e4song i full g\u00e5ng hos Svenska Ju-jutsufederationen. Budokampsport.se tog sig ett snack med ordf\u00f6rande Emil Gustafsson f\u00f6r att h\u00f6ra vad han tycker om framtiden f\u00f6r svensk ju-jutsu och hur han har sett p\u00e5 den s\u00e4song som var.\" \/>\n<meta name=\"robots\" content=\"index, follow, max-snippet:-1, max-image-preview:large, max-video-preview:-1\" \/>\n<link rel=\"canonical\" href=\"https:\/\/www.budokampsport.se\/2010\/06\/08\/emil-gustafsson-om-ju-jutsu-sasongen\/\" \/>\n<meta property=\"og:locale\" content=\"sv_SE\" \/>\n<meta property=\"og:type\" content=\"article\" \/>\n<meta property=\"og:title\" content=\"Emil Gustafsson om ju-jutsu-s\u00e4songen - Svenska Budo &amp; Kampsportsf\u00f6rbundet\" \/>\n<meta property=\"og:description\" content=\"I helgen hade ju-jutsun s\u00e4songsavslutning i och med Nordfalken Fight Challenge i Ljungby. Men redan tv\u00e5 dagar senare \u00e4r planeringen inf\u00f6r kommande s\u00e4song i full g\u00e5ng hos Svenska Ju-jutsufederationen. Budokampsport.se tog sig ett snack med ordf\u00f6rande Emil Gustafsson f\u00f6r att h\u00f6ra vad han tycker om framtiden f\u00f6r svensk ju-jutsu och hur han har sett p\u00e5 den s\u00e4song som var.\" \/>\n<meta property=\"og:url\" content=\"https:\/\/www.budokampsport.se\/2010\/06\/08\/emil-gustafsson-om-ju-jutsu-sasongen\/\" \/>\n<meta property=\"og:site_name\" content=\"Svenska Budo &amp; Kampsportsf\u00f6rbundet\" \/>\n<meta property=\"article:author\" content=\"https:\/\/www.facebook.com\/jonathan.broberg.7\" \/>\n<meta property=\"article:published_time\" content=\"2010-06-08T08:56:51+00:00\" \/>\n<meta property=\"article:modified_time\" content=\"2016-12-06T21:31:37+00:00\" \/>\n<meta name=\"author\" content=\"Jonathan Broberg\" \/>\n<meta name=\"twitter:card\" content=\"summary_large_image\" \/>\n<meta name=\"twitter:label1\" content=\"Skriven av\" \/>\n\t<meta name=\"twitter:data1\" content=\"Jonathan Broberg\" \/>\n\t<meta name=\"twitter:label2\" content=\"Ber\u00e4knad l\u00e4stid\" \/>\n\t<meta name=\"twitter:data2\" content=\"4 minuter\" \/>\n<script type=\"application\/ld+json\" class=\"yoast-schema-graph\">{\"@context\":\"https:\/\/schema.org\",\"@graph\":[{\"@type\":\"Article\",\"@id\":\"https:\/\/www.budokampsport.se\/2010\/06\/08\/emil-gustafsson-om-ju-jutsu-sasongen\/#article\",\"isPartOf\":{\"@id\":\"https:\/\/www.budokampsport.se\/2010\/06\/08\/emil-gustafsson-om-ju-jutsu-sasongen\/\"},\"author\":{\"name\":\"Jonathan Broberg\",\"@id\":\"https:\/\/www.budokampsport.se\/#\/schema\/person\/5c06d81d14850e2a8ce5493386560145\"},\"headline\":\"Emil Gustafsson om ju-jutsu-s\u00e4songen\",\"datePublished\":\"2010-06-08T08:56:51+00:00\",\"dateModified\":\"2016-12-06T21:31:37+00:00\",\"mainEntityOfPage\":{\"@id\":\"https:\/\/www.budokampsport.se\/2010\/06\/08\/emil-gustafsson-om-ju-jutsu-sasongen\/\"},\"wordCount\":773,\"inLanguage\":\"sv-SE\"},{\"@type\":\"WebPage\",\"@id\":\"https:\/\/www.budokampsport.se\/2010\/06\/08\/emil-gustafsson-om-ju-jutsu-sasongen\/\",\"url\":\"https:\/\/www.budokampsport.se\/2010\/06\/08\/emil-gustafsson-om-ju-jutsu-sasongen\/\",\"name\":\"Emil Gustafsson om ju-jutsu-s\u00e4songen - Svenska Budo &amp; Kampsportsf\u00f6rbundet\",\"isPartOf\":{\"@id\":\"https:\/\/www.budokampsport.se\/#website\"},\"datePublished\":\"2010-06-08T08:56:51+00:00\",\"dateModified\":\"2016-12-06T21:31:37+00:00\",\"author\":{\"@id\":\"https:\/\/www.budokampsport.se\/#\/schema\/person\/5c06d81d14850e2a8ce5493386560145\"},\"description\":\"I helgen hade ju-jutsun s\u00e4songsavslutning i och med Nordfalken Fight Challenge i Ljungby. Men redan tv\u00e5 dagar senare \u00e4r planeringen inf\u00f6r kommande s\u00e4song i full g\u00e5ng hos Svenska Ju-jutsufederationen. Budokampsport.se tog sig ett snack med ordf\u00f6rande Emil Gustafsson f\u00f6r att h\u00f6ra vad han tycker om framtiden f\u00f6r svensk ju-jutsu och hur han har sett p\u00e5 den s\u00e4song som var.\",\"breadcrumb\":{\"@id\":\"https:\/\/www.budokampsport.se\/2010\/06\/08\/emil-gustafsson-om-ju-jutsu-sasongen\/#breadcrumb\"},\"inLanguage\":\"sv-SE\",\"potentialAction\":[{\"@type\":\"ReadAction\",\"target\":[\"https:\/\/www.budokampsport.se\/2010\/06\/08\/emil-gustafsson-om-ju-jutsu-sasongen\/\"]}]},{\"@type\":\"BreadcrumbList\",\"@id\":\"https:\/\/www.budokampsport.se\/2010\/06\/08\/emil-gustafsson-om-ju-jutsu-sasongen\/#breadcrumb\",\"itemListElement\":[{\"@type\":\"ListItem\",\"position\":1,\"name\":\"Hem\",\"item\":\"https:\/\/www.budokampsport.se\/\"},{\"@type\":\"ListItem\",\"position\":2,\"name\":\"Emil Gustafsson om ju-jutsu-s\u00e4songen\"}]},{\"@type\":\"WebSite\",\"@id\":\"https:\/\/www.budokampsport.se\/#website\",\"url\":\"https:\/\/www.budokampsport.se\/\",\"name\":\"Svenska Budo &amp; Kampsportsf\u00f6rbundet\",\"description\":\"T\u00e4vling, Tr\u00e4ning, Tradition\",\"potentialAction\":[{\"@type\":\"SearchAction\",\"target\":{\"@type\":\"EntryPoint\",\"urlTemplate\":\"https:\/\/www.budokampsport.se\/?s={search_term_string}\"},\"query-input\":{\"@type\":\"PropertyValueSpecification\",\"valueRequired\":true,\"valueName\":\"search_term_string\"}}],\"inLanguage\":\"sv-SE\"},{\"@type\":\"Person\",\"@id\":\"https:\/\/www.budokampsport.se\/#\/schema\/person\/5c06d81d14850e2a8ce5493386560145\",\"name\":\"Jonathan Broberg\",\"image\":{\"@type\":\"ImageObject\",\"inLanguage\":\"sv-SE\",\"@id\":\"https:\/\/www.budokampsport.se\/#\/schema\/person\/image\/\",\"url\":\"https:\/\/secure.gravatar.com\/avatar\/a58041c6cea9128bd9c40ee2f26d4136?s=96&d=blank&r=g\",\"contentUrl\":\"https:\/\/secure.gravatar.com\/avatar\/a58041c6cea9128bd9c40ee2f26d4136?s=96&d=blank&r=g\",\"caption\":\"Jonathan Broberg\"},\"sameAs\":[\"https:\/\/www.facebook.com\/jonathan.broberg.7\"],\"url\":\"https:\/\/www.budokampsport.se\/author\/jonathan\/\"}]}<\/script>\n<!-- \/ Yoast SEO plugin. -->","yoast_head_json":{"title":"Emil Gustafsson om ju-jutsu-s\u00e4songen - Svenska Budo &amp; Kampsportsf\u00f6rbundet","description":"I helgen hade ju-jutsun s\u00e4songsavslutning i och med Nordfalken Fight Challenge i Ljungby. Men redan tv\u00e5 dagar senare \u00e4r planeringen inf\u00f6r kommande s\u00e4song i full g\u00e5ng hos Svenska Ju-jutsufederationen. Budokampsport.se tog sig ett snack med ordf\u00f6rande Emil Gustafsson f\u00f6r att h\u00f6ra vad han tycker om framtiden f\u00f6r svensk ju-jutsu och hur han har sett p\u00e5 den s\u00e4song som var.","robots":{"index":"index","follow":"follow","max-snippet":"max-snippet:-1","max-image-preview":"max-image-preview:large","max-video-preview":"max-video-preview:-1"},"canonical":"https:\/\/www.budokampsport.se\/2010\/06\/08\/emil-gustafsson-om-ju-jutsu-sasongen\/","og_locale":"sv_SE","og_type":"article","og_title":"Emil Gustafsson om ju-jutsu-s\u00e4songen - Svenska Budo &amp; Kampsportsf\u00f6rbundet","og_description":"I helgen hade ju-jutsun s\u00e4songsavslutning i och med Nordfalken Fight Challenge i Ljungby. Men redan tv\u00e5 dagar senare \u00e4r planeringen inf\u00f6r kommande s\u00e4song i full g\u00e5ng hos Svenska Ju-jutsufederationen. Budokampsport.se tog sig ett snack med ordf\u00f6rande Emil Gustafsson f\u00f6r att h\u00f6ra vad han tycker om framtiden f\u00f6r svensk ju-jutsu och hur han har sett p\u00e5 den s\u00e4song som var.","og_url":"https:\/\/www.budokampsport.se\/2010\/06\/08\/emil-gustafsson-om-ju-jutsu-sasongen\/","og_site_name":"Svenska Budo &amp; Kampsportsf\u00f6rbundet","article_author":"https:\/\/www.facebook.com\/jonathan.broberg.7","article_published_time":"2010-06-08T08:56:51+00:00","article_modified_time":"2016-12-06T21:31:37+00:00","author":"Jonathan Broberg","twitter_card":"summary_large_image","twitter_misc":{"Skriven av":"Jonathan Broberg","Ber\u00e4knad l\u00e4stid":"4 minuter"},"schema":{"@context":"https:\/\/schema.org","@graph":[{"@type":"Article","@id":"https:\/\/www.budokampsport.se\/2010\/06\/08\/emil-gustafsson-om-ju-jutsu-sasongen\/#article","isPartOf":{"@id":"https:\/\/www.budokampsport.se\/2010\/06\/08\/emil-gustafsson-om-ju-jutsu-sasongen\/"},"author":{"name":"Jonathan Broberg","@id":"https:\/\/www.budokampsport.se\/#\/schema\/person\/5c06d81d14850e2a8ce5493386560145"},"headline":"Emil Gustafsson om ju-jutsu-s\u00e4songen","datePublished":"2010-06-08T08:56:51+00:00","dateModified":"2016-12-06T21:31:37+00:00","mainEntityOfPage":{"@id":"https:\/\/www.budokampsport.se\/2010\/06\/08\/emil-gustafsson-om-ju-jutsu-sasongen\/"},"wordCount":773,"inLanguage":"sv-SE"},{"@type":"WebPage","@id":"https:\/\/www.budokampsport.se\/2010\/06\/08\/emil-gustafsson-om-ju-jutsu-sasongen\/","url":"https:\/\/www.budokampsport.se\/2010\/06\/08\/emil-gustafsson-om-ju-jutsu-sasongen\/","name":"Emil Gustafsson om ju-jutsu-s\u00e4songen - Svenska Budo &amp; Kampsportsf\u00f6rbundet","isPartOf":{"@id":"https:\/\/www.budokampsport.se\/#website"},"datePublished":"2010-06-08T08:56:51+00:00","dateModified":"2016-12-06T21:31:37+00:00","author":{"@id":"https:\/\/www.budokampsport.se\/#\/schema\/person\/5c06d81d14850e2a8ce5493386560145"},"description":"I helgen hade ju-jutsun s\u00e4songsavslutning i och med Nordfalken Fight Challenge i Ljungby. Men redan tv\u00e5 dagar senare \u00e4r planeringen inf\u00f6r kommande s\u00e4song i full g\u00e5ng hos Svenska Ju-jutsufederationen. Budokampsport.se tog sig ett snack med ordf\u00f6rande Emil Gustafsson f\u00f6r att h\u00f6ra vad han tycker om framtiden f\u00f6r svensk ju-jutsu och hur han har sett p\u00e5 den s\u00e4song som var.","breadcrumb":{"@id":"https:\/\/www.budokampsport.se\/2010\/06\/08\/emil-gustafsson-om-ju-jutsu-sasongen\/#breadcrumb"},"inLanguage":"sv-SE","potentialAction":[{"@type":"ReadAction","target":["https:\/\/www.budokampsport.se\/2010\/06\/08\/emil-gustafsson-om-ju-jutsu-sasongen\/"]}]},{"@type":"BreadcrumbList","@id":"https:\/\/www.budokampsport.se\/2010\/06\/08\/emil-gustafsson-om-ju-jutsu-sasongen\/#breadcrumb","itemListElement":[{"@type":"ListItem","position":1,"name":"Hem","item":"https:\/\/www.budokampsport.se\/"},{"@type":"ListItem","position":2,"name":"Emil Gustafsson om ju-jutsu-s\u00e4songen"}]},{"@type":"WebSite","@id":"https:\/\/www.budokampsport.se\/#website","url":"https:\/\/www.budokampsport.se\/","name":"Svenska Budo &amp; Kampsportsf\u00f6rbundet","description":"T\u00e4vling, Tr\u00e4ning, Tradition","potentialAction":[{"@type":"SearchAction","target":{"@type":"EntryPoint","urlTemplate":"https:\/\/www.budokampsport.se\/?s={search_term_string}"},"query-input":{"@type":"PropertyValueSpecification","valueRequired":true,"valueName":"search_term_string"}}],"inLanguage":"sv-SE"},{"@type":"Person","@id":"https:\/\/www.budokampsport.se\/#\/schema\/person\/5c06d81d14850e2a8ce5493386560145","name":"Jonathan Broberg","image":{"@type":"ImageObject","inLanguage":"sv-SE","@id":"https:\/\/www.budokampsport.se\/#\/schema\/person\/image\/","url":"https:\/\/secure.gravatar.com\/avatar\/a58041c6cea9128bd9c40ee2f26d4136?s=96&d=blank&r=g","contentUrl":"https:\/\/secure.gravatar.com\/avatar\/a58041c6cea9128bd9c40ee2f26d4136?s=96&d=blank&r=g","caption":"Jonathan Broberg"},"sameAs":["https:\/\/www.facebook.com\/jonathan.broberg.7"],"url":"https:\/\/www.budokampsport.se\/author\/jonathan\/"}]}},"_links":{"self":[{"href":"https:\/\/www.budokampsport.se\/api\/wp\/v2\/posts\/3390","targetHints":{"allow":["GET"]}}],"collection":[{"href":"https:\/\/www.budokampsport.se\/api\/wp\/v2\/posts"}],"about":[{"href":"https:\/\/www.budokampsport.se\/api\/wp\/v2\/types\/post"}],"author":[{"embeddable":true,"href":"https:\/\/www.budokampsport.se\/api\/wp\/v2\/users\/7"}],"replies":[{"embeddable":true,"href":"https:\/\/www.budokampsport.se\/api\/wp\/v2\/comments?post=3390"}],"version-history":[{"count":0,"href":"https:\/\/www.budokampsport.se\/api\/wp\/v2\/posts\/3390\/revisions"}],"wp:attachment":[{"href":"https:\/\/www.budokampsport.se\/api\/wp\/v2\/media?parent=3390"}],"wp:term":[{"taxonomy":"category","embeddable":true,"href":"https:\/\/www.budokampsport.se\/api\/wp\/v2\/categories?post=3390"},{"taxonomy":"post_tag","embeddable":true,"href":"https:\/\/www.budokampsport.se\/api\/wp\/v2\/tags?post=3390"}],"curies":[{"name":"wp","href":"https:\/\/api.w.org\/{rel}","templated":true}]}}