{"id":3408,"date":"2010-06-23T12:35:56","date_gmt":"2010-06-23T10:35:56","guid":{"rendered":"http:\/\/budo.wordpress.dev\/2010\/06\/23\/har-halls-kampsportsgalan-2011\/"},"modified":"2016-12-06T22:31:41","modified_gmt":"2016-12-06T21:31:41","slug":"har-halls-kampsportsgalan-2011","status":"publish","type":"post","link":"https:\/\/www.budokampsport.se\/2010\/06\/23\/har-halls-kampsportsgalan-2011\/","title":{"rendered":"H\u00e4r h\u00e5lls Kampsportsgalan 2011"},"content":{"rendered":"<p><P><STRONG><IMG alt=\"\" align=middle src=\"\/sites\/default\/files\/kampsportsgalan_2011.jpg\" width=430 height=286><BR>Kampsportsgalan den 20:e mars i \u00e5r blev en succ\u00e9. S\u00e5 stor att den blir av \u00e4ven 2011. Datum f\u00f6r galan \u00e4r best\u00e4mt till 26:e mars och den sker \u00e5terigen p\u00e5 Clarion Sign Hotel vid Norra Bantorget i Stockholm.<BR>\u00a0\u00a0 &#8211; Kampsportsgalan b\u00f6r bli en sj\u00e4lvklar \u00e5rlig begivenhet &#8211; vi har ju hela tiden nya bragder av v\u00e5ra idrottare att fira, s\u00e4ger Svenska Budo &#038; Kampsportsf\u00f6rbundets ordf\u00f6rande Stefan Stenudd.<BR><\/STRONG><!--break--><BR>I v\u00e5ras gick den f\u00f6rsta Kampsportsgalan av stapeln. Det blev en succ\u00e9 som f\u00f6rgyllde m\u00e5nga idrottares h\u00e5rda slit. <BR><BR>Svenska Budo &#038; Kampsportsf\u00f6rbundet har hela tiden haft ambitionen att galan ska bli en \u00e5rligen \u00e5terkommande tradition \u2013 och nu \u00e4r det klart med datum och plats f\u00f6r Kampsportsgalan 2011. Det blir \u00e5terigen p\u00e5 Clarion Sign Hotel, den 26:e mars 2011.<BR>\u00a0\u00a0 &#8211; Vi vill ha galan samma dag som st\u00e4mman f\u00f6r att s\u00e5 m\u00e5nga som m\u00f6jligt ska kunna komma p\u00e5 b\u00e5da. Och Clarion Sign fungerade f\u00f6rtr\u00e4ffligt &#8211; bara en s\u00e5dan sak som att de serverade vitfisk till allihop och \u00e4nd\u00e5 var den len och delikat.<BR><BR><STRONG>Budo- och kampsportsut\u00f6vare \u00e4r inte bortsk\u00e4mda <\/STRONG>med att bli observerade ut\u00e5t s\u00e4tt, men det ska Kampsportsgalan \u00e4ndra p\u00e5.<BR>\u00a0\u00a0 &#8211; Det h\u00e4rligaste med galan var att se lyckan i alla h\u00e5rt k\u00e4mpande idrottare, som \u00e4ntligen fick den uppm\u00e4rksamhet de f\u00f6rtj\u00e4nade.<BR><BR>Stefan Stenudd erk\u00e4nner att 2010 \u00e5rs Kampsportgala nog blir sv\u00e5r att \u00f6vertr\u00e4ffa \u2013 fast det \u00e4r inte det mest vitala.<BR>\u00a0\u00a0 &#8211; Nej, det viktigaste \u00e4r att vi forts\u00e4tter, och s\u00e5 f\u00e5r vi grunna p\u00e5 hur vi kan ta det ett sn\u00e4pp till&#8230;<BR><BR>Text: Jonathan Broberg<BR>Foto: Hamid Shokatyan\/Alexandra Blomqv\u00edst<\/P><\/p>\n","protected":false},"excerpt":{"rendered":"<p><P><STRONG><IMG alt=\"\" align=middle src=\"\/sites\/default\/files\/kampsportsgalan_2011.jpg\" width=430 height=286><BR>Kampsportsgalan den 20:e mars i \u00e5r blev en succ\u00e9. S\u00e5 stor att den blir av \u00e4ven 2011. Datum f\u00f6r galan \u00e4r best\u00e4mt till 26:e mars och den sker \u00e5terigen p\u00e5 Clarion Sign Hotel vid Norra Bantorget i Stockholm.<BR>\u00a0\u00a0 &#8211; Kampsportsgalan b\u00f6r bli en sj\u00e4lvklar \u00e5rlig begivenhet &#8211; vi har ju hela tiden nya bragder av v\u00e5ra idrottare att fira, s\u00e4ger Svenska Budo &#038; Kampsportsf\u00f6rbundets ordf\u00f6rande Stefan Stenudd.<BR><\/STRONG><\/p><br>","protected":false},"author":7,"featured_media":0,"comment_status":"closed","ping_status":"closed","sticky":false,"template":"","format":"standard","meta":{"_acf_changed":false,"footnotes":""},"categories":[1],"tags":[],"class_list":["post-3408","post","type-post","status-publish","format-standard","hentry","category-okategoriserade"],"acf":[],"yoast_head":"<!-- This site is optimized with the Yoast SEO plugin v26.8 - https:\/\/yoast.com\/product\/yoast-seo-wordpress\/ -->\n<title>H\u00e4r h\u00e5lls Kampsportsgalan 2011 - Svenska Budo &amp; Kampsportsf\u00f6rbundet<\/title>\n<meta name=\"description\" content=\"Kampsportsgalan den 20:e mars i \u00e5r blev en succ\u00e9. S\u00e5 stor att den blir av \u00e4ven 2011. Datum f\u00f6r galan \u00e4r best\u00e4mt till 26:e mars och den sker \u00e5terigen p\u00e5 Clarion Sign Hotel vid Norra Bantorget i Stockholm.\u00a0\u00a0 - Kampsportsgalan b\u00f6r bli en sj\u00e4lvklar \u00e5rlig begivenhet - vi har ju hela tiden nya bragder av v\u00e5ra idrottare att fira, s\u00e4ger Svenska Budo &amp; Kampsportsf\u00f6rbundets ordf\u00f6rande Stefan Stenudd.\" \/>\n<meta name=\"robots\" content=\"index, follow, max-snippet:-1, max-image-preview:large, max-video-preview:-1\" \/>\n<link rel=\"canonical\" href=\"https:\/\/www.budokampsport.se\/2010\/06\/23\/har-halls-kampsportsgalan-2011\/\" \/>\n<meta property=\"og:locale\" content=\"sv_SE\" \/>\n<meta property=\"og:type\" content=\"article\" \/>\n<meta property=\"og:title\" content=\"H\u00e4r h\u00e5lls Kampsportsgalan 2011 - Svenska Budo &amp; Kampsportsf\u00f6rbundet\" \/>\n<meta property=\"og:description\" content=\"Kampsportsgalan den 20:e mars i \u00e5r blev en succ\u00e9. S\u00e5 stor att den blir av \u00e4ven 2011. Datum f\u00f6r galan \u00e4r best\u00e4mt till 26:e mars och den sker \u00e5terigen p\u00e5 Clarion Sign Hotel vid Norra Bantorget i Stockholm.\u00a0\u00a0 - Kampsportsgalan b\u00f6r bli en sj\u00e4lvklar \u00e5rlig begivenhet - vi har ju hela tiden nya bragder av v\u00e5ra idrottare att fira, s\u00e4ger Svenska Budo &amp; Kampsportsf\u00f6rbundets ordf\u00f6rande Stefan Stenudd.\" \/>\n<meta property=\"og:url\" content=\"https:\/\/www.budokampsport.se\/2010\/06\/23\/har-halls-kampsportsgalan-2011\/\" \/>\n<meta property=\"og:site_name\" content=\"Svenska Budo &amp; Kampsportsf\u00f6rbundet\" \/>\n<meta property=\"article:author\" content=\"https:\/\/www.facebook.com\/jonathan.broberg.7\" \/>\n<meta property=\"article:published_time\" content=\"2010-06-23T10:35:56+00:00\" \/>\n<meta property=\"article:modified_time\" content=\"2016-12-06T21:31:41+00:00\" \/>\n<meta name=\"author\" content=\"Jonathan Broberg\" \/>\n<meta name=\"twitter:card\" content=\"summary_large_image\" \/>\n<meta name=\"twitter:label1\" content=\"Skriven av\" \/>\n\t<meta name=\"twitter:data1\" content=\"Jonathan Broberg\" \/>\n\t<meta name=\"twitter:label2\" content=\"Ber\u00e4knad l\u00e4stid\" \/>\n\t<meta name=\"twitter:data2\" content=\"1 minut\" \/>\n<script type=\"application\/ld+json\" class=\"yoast-schema-graph\">{\"@context\":\"https:\/\/schema.org\",\"@graph\":[{\"@type\":\"Article\",\"@id\":\"https:\/\/www.budokampsport.se\/2010\/06\/23\/har-halls-kampsportsgalan-2011\/#article\",\"isPartOf\":{\"@id\":\"https:\/\/www.budokampsport.se\/2010\/06\/23\/har-halls-kampsportsgalan-2011\/\"},\"author\":{\"name\":\"Jonathan Broberg\",\"@id\":\"https:\/\/www.budokampsport.se\/#\/schema\/person\/5c06d81d14850e2a8ce5493386560145\"},\"headline\":\"H\u00e4r h\u00e5lls Kampsportsgalan 2011\",\"datePublished\":\"2010-06-23T10:35:56+00:00\",\"dateModified\":\"2016-12-06T21:31:41+00:00\",\"mainEntityOfPage\":{\"@id\":\"https:\/\/www.budokampsport.se\/2010\/06\/23\/har-halls-kampsportsgalan-2011\/\"},\"wordCount\":295,\"inLanguage\":\"sv-SE\"},{\"@type\":\"WebPage\",\"@id\":\"https:\/\/www.budokampsport.se\/2010\/06\/23\/har-halls-kampsportsgalan-2011\/\",\"url\":\"https:\/\/www.budokampsport.se\/2010\/06\/23\/har-halls-kampsportsgalan-2011\/\",\"name\":\"H\u00e4r h\u00e5lls Kampsportsgalan 2011 - Svenska Budo &amp; Kampsportsf\u00f6rbundet\",\"isPartOf\":{\"@id\":\"https:\/\/www.budokampsport.se\/#website\"},\"datePublished\":\"2010-06-23T10:35:56+00:00\",\"dateModified\":\"2016-12-06T21:31:41+00:00\",\"author\":{\"@id\":\"https:\/\/www.budokampsport.se\/#\/schema\/person\/5c06d81d14850e2a8ce5493386560145\"},\"description\":\"Kampsportsgalan den 20:e mars i \u00e5r blev en succ\u00e9. S\u00e5 stor att den blir av \u00e4ven 2011. Datum f\u00f6r galan \u00e4r best\u00e4mt till 26:e mars och den sker \u00e5terigen p\u00e5 Clarion Sign Hotel vid Norra Bantorget i Stockholm.\u00a0\u00a0 - Kampsportsgalan b\u00f6r bli en sj\u00e4lvklar \u00e5rlig begivenhet - vi har ju hela tiden nya bragder av v\u00e5ra idrottare att fira, s\u00e4ger Svenska Budo & Kampsportsf\u00f6rbundets ordf\u00f6rande Stefan Stenudd.\",\"breadcrumb\":{\"@id\":\"https:\/\/www.budokampsport.se\/2010\/06\/23\/har-halls-kampsportsgalan-2011\/#breadcrumb\"},\"inLanguage\":\"sv-SE\",\"potentialAction\":[{\"@type\":\"ReadAction\",\"target\":[\"https:\/\/www.budokampsport.se\/2010\/06\/23\/har-halls-kampsportsgalan-2011\/\"]}]},{\"@type\":\"BreadcrumbList\",\"@id\":\"https:\/\/www.budokampsport.se\/2010\/06\/23\/har-halls-kampsportsgalan-2011\/#breadcrumb\",\"itemListElement\":[{\"@type\":\"ListItem\",\"position\":1,\"name\":\"Hem\",\"item\":\"https:\/\/www.budokampsport.se\/\"},{\"@type\":\"ListItem\",\"position\":2,\"name\":\"H\u00e4r h\u00e5lls Kampsportsgalan 2011\"}]},{\"@type\":\"WebSite\",\"@id\":\"https:\/\/www.budokampsport.se\/#website\",\"url\":\"https:\/\/www.budokampsport.se\/\",\"name\":\"Svenska Budo &amp; Kampsportsf\u00f6rbundet\",\"description\":\"T\u00e4vling, Tr\u00e4ning, Tradition\",\"potentialAction\":[{\"@type\":\"SearchAction\",\"target\":{\"@type\":\"EntryPoint\",\"urlTemplate\":\"https:\/\/www.budokampsport.se\/?s={search_term_string}\"},\"query-input\":{\"@type\":\"PropertyValueSpecification\",\"valueRequired\":true,\"valueName\":\"search_term_string\"}}],\"inLanguage\":\"sv-SE\"},{\"@type\":\"Person\",\"@id\":\"https:\/\/www.budokampsport.se\/#\/schema\/person\/5c06d81d14850e2a8ce5493386560145\",\"name\":\"Jonathan Broberg\",\"image\":{\"@type\":\"ImageObject\",\"inLanguage\":\"sv-SE\",\"@id\":\"https:\/\/www.budokampsport.se\/#\/schema\/person\/image\/\",\"url\":\"https:\/\/secure.gravatar.com\/avatar\/a58041c6cea9128bd9c40ee2f26d4136?s=96&d=blank&r=g\",\"contentUrl\":\"https:\/\/secure.gravatar.com\/avatar\/a58041c6cea9128bd9c40ee2f26d4136?s=96&d=blank&r=g\",\"caption\":\"Jonathan Broberg\"},\"sameAs\":[\"https:\/\/www.facebook.com\/jonathan.broberg.7\"],\"url\":\"https:\/\/www.budokampsport.se\/author\/jonathan\/\"}]}<\/script>\n<!-- \/ Yoast SEO plugin. -->","yoast_head_json":{"title":"H\u00e4r h\u00e5lls Kampsportsgalan 2011 - Svenska Budo &amp; Kampsportsf\u00f6rbundet","description":"Kampsportsgalan den 20:e mars i \u00e5r blev en succ\u00e9. S\u00e5 stor att den blir av \u00e4ven 2011. Datum f\u00f6r galan \u00e4r best\u00e4mt till 26:e mars och den sker \u00e5terigen p\u00e5 Clarion Sign Hotel vid Norra Bantorget i Stockholm.\u00a0\u00a0 - Kampsportsgalan b\u00f6r bli en sj\u00e4lvklar \u00e5rlig begivenhet - vi har ju hela tiden nya bragder av v\u00e5ra idrottare att fira, s\u00e4ger Svenska Budo & Kampsportsf\u00f6rbundets ordf\u00f6rande Stefan Stenudd.","robots":{"index":"index","follow":"follow","max-snippet":"max-snippet:-1","max-image-preview":"max-image-preview:large","max-video-preview":"max-video-preview:-1"},"canonical":"https:\/\/www.budokampsport.se\/2010\/06\/23\/har-halls-kampsportsgalan-2011\/","og_locale":"sv_SE","og_type":"article","og_title":"H\u00e4r h\u00e5lls Kampsportsgalan 2011 - Svenska Budo &amp; Kampsportsf\u00f6rbundet","og_description":"Kampsportsgalan den 20:e mars i \u00e5r blev en succ\u00e9. S\u00e5 stor att den blir av \u00e4ven 2011. Datum f\u00f6r galan \u00e4r best\u00e4mt till 26:e mars och den sker \u00e5terigen p\u00e5 Clarion Sign Hotel vid Norra Bantorget i Stockholm.\u00a0\u00a0 - Kampsportsgalan b\u00f6r bli en sj\u00e4lvklar \u00e5rlig begivenhet - vi har ju hela tiden nya bragder av v\u00e5ra idrottare att fira, s\u00e4ger Svenska Budo & Kampsportsf\u00f6rbundets ordf\u00f6rande Stefan Stenudd.","og_url":"https:\/\/www.budokampsport.se\/2010\/06\/23\/har-halls-kampsportsgalan-2011\/","og_site_name":"Svenska Budo &amp; Kampsportsf\u00f6rbundet","article_author":"https:\/\/www.facebook.com\/jonathan.broberg.7","article_published_time":"2010-06-23T10:35:56+00:00","article_modified_time":"2016-12-06T21:31:41+00:00","author":"Jonathan Broberg","twitter_card":"summary_large_image","twitter_misc":{"Skriven av":"Jonathan Broberg","Ber\u00e4knad l\u00e4stid":"1 minut"},"schema":{"@context":"https:\/\/schema.org","@graph":[{"@type":"Article","@id":"https:\/\/www.budokampsport.se\/2010\/06\/23\/har-halls-kampsportsgalan-2011\/#article","isPartOf":{"@id":"https:\/\/www.budokampsport.se\/2010\/06\/23\/har-halls-kampsportsgalan-2011\/"},"author":{"name":"Jonathan Broberg","@id":"https:\/\/www.budokampsport.se\/#\/schema\/person\/5c06d81d14850e2a8ce5493386560145"},"headline":"H\u00e4r h\u00e5lls Kampsportsgalan 2011","datePublished":"2010-06-23T10:35:56+00:00","dateModified":"2016-12-06T21:31:41+00:00","mainEntityOfPage":{"@id":"https:\/\/www.budokampsport.se\/2010\/06\/23\/har-halls-kampsportsgalan-2011\/"},"wordCount":295,"inLanguage":"sv-SE"},{"@type":"WebPage","@id":"https:\/\/www.budokampsport.se\/2010\/06\/23\/har-halls-kampsportsgalan-2011\/","url":"https:\/\/www.budokampsport.se\/2010\/06\/23\/har-halls-kampsportsgalan-2011\/","name":"H\u00e4r h\u00e5lls Kampsportsgalan 2011 - Svenska Budo &amp; Kampsportsf\u00f6rbundet","isPartOf":{"@id":"https:\/\/www.budokampsport.se\/#website"},"datePublished":"2010-06-23T10:35:56+00:00","dateModified":"2016-12-06T21:31:41+00:00","author":{"@id":"https:\/\/www.budokampsport.se\/#\/schema\/person\/5c06d81d14850e2a8ce5493386560145"},"description":"Kampsportsgalan den 20:e mars i \u00e5r blev en succ\u00e9. S\u00e5 stor att den blir av \u00e4ven 2011. Datum f\u00f6r galan \u00e4r best\u00e4mt till 26:e mars och den sker \u00e5terigen p\u00e5 Clarion Sign Hotel vid Norra Bantorget i Stockholm.\u00a0\u00a0 - Kampsportsgalan b\u00f6r bli en sj\u00e4lvklar \u00e5rlig begivenhet - vi har ju hela tiden nya bragder av v\u00e5ra idrottare att fira, s\u00e4ger Svenska Budo & Kampsportsf\u00f6rbundets ordf\u00f6rande Stefan Stenudd.","breadcrumb":{"@id":"https:\/\/www.budokampsport.se\/2010\/06\/23\/har-halls-kampsportsgalan-2011\/#breadcrumb"},"inLanguage":"sv-SE","potentialAction":[{"@type":"ReadAction","target":["https:\/\/www.budokampsport.se\/2010\/06\/23\/har-halls-kampsportsgalan-2011\/"]}]},{"@type":"BreadcrumbList","@id":"https:\/\/www.budokampsport.se\/2010\/06\/23\/har-halls-kampsportsgalan-2011\/#breadcrumb","itemListElement":[{"@type":"ListItem","position":1,"name":"Hem","item":"https:\/\/www.budokampsport.se\/"},{"@type":"ListItem","position":2,"name":"H\u00e4r h\u00e5lls Kampsportsgalan 2011"}]},{"@type":"WebSite","@id":"https:\/\/www.budokampsport.se\/#website","url":"https:\/\/www.budokampsport.se\/","name":"Svenska Budo &amp; Kampsportsf\u00f6rbundet","description":"T\u00e4vling, Tr\u00e4ning, Tradition","potentialAction":[{"@type":"SearchAction","target":{"@type":"EntryPoint","urlTemplate":"https:\/\/www.budokampsport.se\/?s={search_term_string}"},"query-input":{"@type":"PropertyValueSpecification","valueRequired":true,"valueName":"search_term_string"}}],"inLanguage":"sv-SE"},{"@type":"Person","@id":"https:\/\/www.budokampsport.se\/#\/schema\/person\/5c06d81d14850e2a8ce5493386560145","name":"Jonathan Broberg","image":{"@type":"ImageObject","inLanguage":"sv-SE","@id":"https:\/\/www.budokampsport.se\/#\/schema\/person\/image\/","url":"https:\/\/secure.gravatar.com\/avatar\/a58041c6cea9128bd9c40ee2f26d4136?s=96&d=blank&r=g","contentUrl":"https:\/\/secure.gravatar.com\/avatar\/a58041c6cea9128bd9c40ee2f26d4136?s=96&d=blank&r=g","caption":"Jonathan Broberg"},"sameAs":["https:\/\/www.facebook.com\/jonathan.broberg.7"],"url":"https:\/\/www.budokampsport.se\/author\/jonathan\/"}]}},"_links":{"self":[{"href":"https:\/\/www.budokampsport.se\/api\/wp\/v2\/posts\/3408","targetHints":{"allow":["GET"]}}],"collection":[{"href":"https:\/\/www.budokampsport.se\/api\/wp\/v2\/posts"}],"about":[{"href":"https:\/\/www.budokampsport.se\/api\/wp\/v2\/types\/post"}],"author":[{"embeddable":true,"href":"https:\/\/www.budokampsport.se\/api\/wp\/v2\/users\/7"}],"replies":[{"embeddable":true,"href":"https:\/\/www.budokampsport.se\/api\/wp\/v2\/comments?post=3408"}],"version-history":[{"count":0,"href":"https:\/\/www.budokampsport.se\/api\/wp\/v2\/posts\/3408\/revisions"}],"wp:attachment":[{"href":"https:\/\/www.budokampsport.se\/api\/wp\/v2\/media?parent=3408"}],"wp:term":[{"taxonomy":"category","embeddable":true,"href":"https:\/\/www.budokampsport.se\/api\/wp\/v2\/categories?post=3408"},{"taxonomy":"post_tag","embeddable":true,"href":"https:\/\/www.budokampsport.se\/api\/wp\/v2\/tags?post=3408"}],"curies":[{"name":"wp","href":"https:\/\/api.w.org\/{rel}","templated":true}]}}