{"id":3444,"date":"2010-08-10T13:24:47","date_gmt":"2010-08-10T11:24:47","guid":{"rendered":"http:\/\/budo.wordpress.dev\/2010\/08\/10\/kvinnliga-instruktorer-samlades-pa-styrso\/"},"modified":"2016-12-06T22:31:49","modified_gmt":"2016-12-06T21:31:49","slug":"kvinnliga-instruktorer-samlades-pa-styrso","status":"publish","type":"post","link":"https:\/\/www.budokampsport.se\/2010\/08\/10\/kvinnliga-instruktorer-samlades-pa-styrso\/","title":{"rendered":"Kvinnliga instrukt\u00f6rer samlades p\u00e5 Styrs\u00f6"},"content":{"rendered":"<p><P>\u00a0<STRONG><IMG alt=\"\" align=middle src=\"\/sites\/default\/files\/styrso_nio.jpg\" width=430 height=286><BR>Svenska Budo &#038; Kampsportsf\u00f6rbundet samlade under helgen ett g\u00e4ng kvinnliga instrukt\u00f6rer f\u00f6r att prata j\u00e4mst\u00e4lldhet. L\u00e4gret blev fullt och 32 personer tillbringade en fin helg i G\u00f6teborgs sk\u00e4rg\u00e5rd tillsammans.<BR>\u00a0\u00a0 &#8211; Det k\u00e4ndes viktigt att f\u00e5 ig\u00e5ng ett forum f\u00f6r de f\u00e5 kvinnliga kampsportinstrukt\u00f6rer vi har i v\u00e5ra arter. Ett n\u00e4tverk med syfte att inspirera varandra p\u00e5 olika s\u00e4tt, s\u00e4ger styrelsens Raili B\u00fckk som har ansvar f\u00f6r just f\u00f6rbundets j\u00e4mst\u00e4lldhet.<BR><!--break--><BR><\/STRONG>Svenska Budo &#038; Kampsportf\u00f6rbundet arbetar mot ett j\u00e4mst\u00e4llt f\u00f6rbund. Av f\u00f6rbundets drygt 33 000 medlemmar \u00e4r drygt en tredjedel av kvinnligt k\u00f6n. <BR><BR>I helgen samlades 32 stycken kvinnliga instrukt\u00f6rer p\u00e5 Styrs\u00f6 i G\u00f6teborgs sk\u00e4rg\u00e5rd, f\u00f6r en inspirationshelg tillsammans.<BR>\u00a0\u00a0 &#8211; Helgen blev lyckad p\u00e5 flera vis. Bara st\u00e4llet var helt underbart i ett gammalt kollo f\u00f6r barn som kyrkan byggt och \u00e4gt i m\u00e5nga \u00e5r. N\u00e5gra minuters promenad till havsstranden och bastun i kallbadhuset. V\u00e4dret var perfekt, alla deltagare mycket positiva, vilket ocks\u00e5 gjorde helgens inneh\u00e5ll meningsfullt, s\u00e4ger B\u00fckk.<BR><BR><IMG alt=\"\" align=right src=\"\/sites\/default\/files\/fs_raili.jpg\" width=113 height=152>\u00c4ven om helgen anv\u00e4ndes till meningsutbyte av varandras arter, handlade den ocks\u00e5 v\u00e4ldigt mycket om inspiration och skratt.<BR>\u00a0\u00a0 &#8211; Tjejerna verkade ha j\u00e4ttekul tillsammans, m\u00e5nga var nyfikna p\u00e5 varandras idrotter, man j\u00e4mf\u00f6rde och fann likheter och olikheter. Denna helg var mer fokuserad p\u00e5 budo-delen av f\u00f6rbundet, eftersom det \u00e4r vad jag har levt i och kan b\u00e4st, men till n\u00e4sta sammankomst vill jag f\u00e5 hj\u00e4lp av n\u00e5gon eller n\u00e5gra av de &#8220;nya&#8221; arternas tjejrepresentanter och skapa en helg d\u00e4r vi ska l\u00e4ra k\u00e4nna deras idrotter b\u00e4ttre.<BR><STRONG><BR>Raili, hur var uppl\u00e4gget f\u00f6r helgen?<BR><\/STRONG>\u00a0\u00a0 &#8211; Vi var tillsammans fredag kv\u00e4ll, l\u00f6rdag och s\u00f6ndag f\u00f6rmiddag. Fredagskv\u00e4llen var det bara att umg\u00e5s och l\u00e4ra k\u00e4nna varandra, grilla och bada i havet. L\u00f6rdagen var fylld av aktiviteter. F\u00f6rst fick vi k\u00e4nna p\u00e5 ett pass Kettlebells med Sandra Vargbom fr\u00e5n Coloseum i Sk\u00f6vde, det \u00e4r lite ajaj fortfarande i n\u00e5gra muskler man inte visste fanns&#8230;<BR>\u00a0\u00a0 &#8211; D\u00e4refter introducerades vi i andningsteknik och kiaitsu &#8211; tryckpunktsmassage &#8211; av Maj Edman fr\u00e5n Ki No Ken Kyu Kai Aikido i G\u00f6teborg.<BR><BR>Dessutom h\u00f6ll Pia Moberg fr\u00e5n Riai aikido i G\u00f6teborg ett f\u00f6redrag om katans betydelse i det japanska samh\u00e4llet. L\u00e4gg d\u00e4rtill att uppvisningar av idrotter genomf\u00f6rdes, lite teambuildings\u00f6vningar samt att grupparbeten under Maria Mossbergs ledning diskuterade hur f\u00f6rbundet kan st\u00f6tta f\u00f6reningarna i j\u00e4mst\u00e4lldhetsfr\u00e5gorna, d\u00e5 f\u00f6rst\u00e5r ni hur fullsp\u00e4ckad helgen var.<BR>\u00a0\u00a0 &#8211; Nu har jag material att sammanst\u00e4lla och framf\u00f6ra de id\u00e9er som kom upp, och se vad av det vi i SB&#038;K-styrelsen kan genomf\u00f6ra.<BR><BR><IMG alt=\"\" align=middle src=\"\/sites\/default\/files\/styrso_ett.jpg\" width=430 height=286><BR><BR><IMG alt=\"\" align=middle src=\"\/sites\/default\/files\/styrso_tva.jpg\" width=430 height=286><BR><BR><IMG alt=\"\" align=middle src=\"\/sites\/default\/files\/styrso_tre.jpg\" width=430 height=286><BR><BR><IMG alt=\"\" align=middle src=\"\/sites\/default\/files\/styrso_fyra.jpg\" width=430 height=287><BR><BR><IMG alt=\"\" align=middle src=\"\/sites\/default\/files\/styrso_fem.jpg\" width=430 height=286><BR><BR><IMG alt=\"\" align=middle src=\"\/sites\/default\/files\/styrso_sex.jpg\" width=430 height=286><BR><BR><IMG alt=\"\" align=middle src=\"\/sites\/default\/files\/styrso_sju.jpg\" width=430 height=286><BR><BR><IMG alt=\"\" align=middle src=\"\/sites\/default\/files\/styrso_atta.jpg\" width=430 height=286><BR><BR><IMG alt=\"\" align=middle src=\"\/sites\/default\/files\/styrso_tio.jpg\" width=430 height=287><BR><BR><IMG alt=\"\" align=middle src=\"\/sites\/default\/files\/styrso_elva.jpg\" width=430 height=286><BR><BR>Text: Jonathan Broberg<BR>Foto: Annika Peterson<\/P> <P>\u00a0<\/P><\/p>\n","protected":false},"excerpt":{"rendered":"<p><P>\u00a0<STRONG><IMG alt=\"\" align=middle src=\"\/sites\/default\/files\/styrso_nio.jpg\" width=430 height=286><BR>Svenska Budo &#038; Kampsportsf\u00f6rbundet samlade under helgen ett g\u00e4ng kvinnliga instrukt\u00f6rer f\u00f6r att prata j\u00e4mst\u00e4lldhet. L\u00e4gret blev fullt och 32 personer tillbringade en fin helg i G\u00f6teborgs sk\u00e4rg\u00e5rd tillsammans.<BR>\u00a0\u00a0 &#8211; Det k\u00e4ndes viktigt att f\u00e5 ig\u00e5ng ett forum f\u00f6r de f\u00e5 kvinnliga kampsportinstrukt\u00f6rer vi har i v\u00e5ra arter. Ett n\u00e4tverk med syfte att inspirera varandra p\u00e5 olika s\u00e4tt, s\u00e4ger styrelsens Raili B\u00fckk som har ansvar f\u00f6r just f\u00f6rbundets j\u00e4mst\u00e4lldhet.<BR><\/p><br>","protected":false},"author":7,"featured_media":0,"comment_status":"closed","ping_status":"closed","sticky":false,"template":"","format":"standard","meta":{"_acf_changed":false,"footnotes":""},"categories":[1],"tags":[],"class_list":["post-3444","post","type-post","status-publish","format-standard","hentry","category-okategoriserade"],"acf":[],"yoast_head":"<!-- This site is optimized with the Yoast SEO plugin v26.8 - https:\/\/yoast.com\/product\/yoast-seo-wordpress\/ -->\n<title>Kvinnliga instrukt\u00f6rer samlades p\u00e5 Styrs\u00f6 - Svenska Budo &amp; Kampsportsf\u00f6rbundet<\/title>\n<meta name=\"description\" content=\"\u00a0Svenska Budo &amp; Kampsportsf\u00f6rbundet samlade under helgen ett g\u00e4ng kvinnliga instrukt\u00f6rer f\u00f6r att prata j\u00e4mst\u00e4lldhet. L\u00e4gret blev fullt och 32 personer tillbringade en fin helg i G\u00f6teborgs sk\u00e4rg\u00e5rd tillsammans.\u00a0\u00a0 - Det k\u00e4ndes viktigt att f\u00e5 ig\u00e5ng ett forum f\u00f6r de f\u00e5 kvinnliga kampsportinstrukt\u00f6rer vi har i v\u00e5ra arter. Ett n\u00e4tverk med syfte att inspirera varandra p\u00e5 olika s\u00e4tt, s\u00e4ger styrelsens Raili B\u00fckk som har ansvar f\u00f6r just f\u00f6rbundets j\u00e4mst\u00e4lldhet.\" \/>\n<meta name=\"robots\" content=\"index, follow, max-snippet:-1, max-image-preview:large, max-video-preview:-1\" \/>\n<link rel=\"canonical\" href=\"https:\/\/www.budokampsport.se\/2010\/08\/10\/kvinnliga-instruktorer-samlades-pa-styrso\/\" \/>\n<meta property=\"og:locale\" content=\"sv_SE\" \/>\n<meta property=\"og:type\" content=\"article\" \/>\n<meta property=\"og:title\" content=\"Kvinnliga instrukt\u00f6rer samlades p\u00e5 Styrs\u00f6 - Svenska Budo &amp; Kampsportsf\u00f6rbundet\" \/>\n<meta property=\"og:description\" content=\"\u00a0Svenska Budo &amp; Kampsportsf\u00f6rbundet samlade under helgen ett g\u00e4ng kvinnliga instrukt\u00f6rer f\u00f6r att prata j\u00e4mst\u00e4lldhet. L\u00e4gret blev fullt och 32 personer tillbringade en fin helg i G\u00f6teborgs sk\u00e4rg\u00e5rd tillsammans.\u00a0\u00a0 - Det k\u00e4ndes viktigt att f\u00e5 ig\u00e5ng ett forum f\u00f6r de f\u00e5 kvinnliga kampsportinstrukt\u00f6rer vi har i v\u00e5ra arter. Ett n\u00e4tverk med syfte att inspirera varandra p\u00e5 olika s\u00e4tt, s\u00e4ger styrelsens Raili B\u00fckk som har ansvar f\u00f6r just f\u00f6rbundets j\u00e4mst\u00e4lldhet.\" \/>\n<meta property=\"og:url\" content=\"https:\/\/www.budokampsport.se\/2010\/08\/10\/kvinnliga-instruktorer-samlades-pa-styrso\/\" \/>\n<meta property=\"og:site_name\" content=\"Svenska Budo &amp; Kampsportsf\u00f6rbundet\" \/>\n<meta property=\"article:author\" content=\"https:\/\/www.facebook.com\/jonathan.broberg.7\" \/>\n<meta property=\"article:published_time\" content=\"2010-08-10T11:24:47+00:00\" \/>\n<meta property=\"article:modified_time\" content=\"2016-12-06T21:31:49+00:00\" \/>\n<meta name=\"author\" content=\"Jonathan Broberg\" \/>\n<meta name=\"twitter:card\" content=\"summary_large_image\" \/>\n<meta name=\"twitter:label1\" content=\"Skriven av\" \/>\n\t<meta name=\"twitter:data1\" content=\"Jonathan Broberg\" \/>\n\t<meta name=\"twitter:label2\" content=\"Ber\u00e4knad l\u00e4stid\" \/>\n\t<meta name=\"twitter:data2\" content=\"3 minuter\" \/>\n<script type=\"application\/ld+json\" class=\"yoast-schema-graph\">{\"@context\":\"https:\/\/schema.org\",\"@graph\":[{\"@type\":\"Article\",\"@id\":\"https:\/\/www.budokampsport.se\/2010\/08\/10\/kvinnliga-instruktorer-samlades-pa-styrso\/#article\",\"isPartOf\":{\"@id\":\"https:\/\/www.budokampsport.se\/2010\/08\/10\/kvinnliga-instruktorer-samlades-pa-styrso\/\"},\"author\":{\"name\":\"Jonathan Broberg\",\"@id\":\"https:\/\/www.budokampsport.se\/#\/schema\/person\/5c06d81d14850e2a8ce5493386560145\"},\"headline\":\"Kvinnliga instrukt\u00f6rer samlades p\u00e5 Styrs\u00f6\",\"datePublished\":\"2010-08-10T11:24:47+00:00\",\"dateModified\":\"2016-12-06T21:31:49+00:00\",\"mainEntityOfPage\":{\"@id\":\"https:\/\/www.budokampsport.se\/2010\/08\/10\/kvinnliga-instruktorer-samlades-pa-styrso\/\"},\"wordCount\":507,\"inLanguage\":\"sv-SE\"},{\"@type\":\"WebPage\",\"@id\":\"https:\/\/www.budokampsport.se\/2010\/08\/10\/kvinnliga-instruktorer-samlades-pa-styrso\/\",\"url\":\"https:\/\/www.budokampsport.se\/2010\/08\/10\/kvinnliga-instruktorer-samlades-pa-styrso\/\",\"name\":\"Kvinnliga instrukt\u00f6rer samlades p\u00e5 Styrs\u00f6 - Svenska Budo &amp; Kampsportsf\u00f6rbundet\",\"isPartOf\":{\"@id\":\"https:\/\/www.budokampsport.se\/#website\"},\"datePublished\":\"2010-08-10T11:24:47+00:00\",\"dateModified\":\"2016-12-06T21:31:49+00:00\",\"author\":{\"@id\":\"https:\/\/www.budokampsport.se\/#\/schema\/person\/5c06d81d14850e2a8ce5493386560145\"},\"description\":\"\u00a0Svenska Budo & Kampsportsf\u00f6rbundet samlade under helgen ett g\u00e4ng kvinnliga instrukt\u00f6rer f\u00f6r att prata j\u00e4mst\u00e4lldhet. L\u00e4gret blev fullt och 32 personer tillbringade en fin helg i G\u00f6teborgs sk\u00e4rg\u00e5rd tillsammans.\u00a0\u00a0 - Det k\u00e4ndes viktigt att f\u00e5 ig\u00e5ng ett forum f\u00f6r de f\u00e5 kvinnliga kampsportinstrukt\u00f6rer vi har i v\u00e5ra arter. Ett n\u00e4tverk med syfte att inspirera varandra p\u00e5 olika s\u00e4tt, s\u00e4ger styrelsens Raili B\u00fckk som har ansvar f\u00f6r just f\u00f6rbundets j\u00e4mst\u00e4lldhet.\",\"breadcrumb\":{\"@id\":\"https:\/\/www.budokampsport.se\/2010\/08\/10\/kvinnliga-instruktorer-samlades-pa-styrso\/#breadcrumb\"},\"inLanguage\":\"sv-SE\",\"potentialAction\":[{\"@type\":\"ReadAction\",\"target\":[\"https:\/\/www.budokampsport.se\/2010\/08\/10\/kvinnliga-instruktorer-samlades-pa-styrso\/\"]}]},{\"@type\":\"BreadcrumbList\",\"@id\":\"https:\/\/www.budokampsport.se\/2010\/08\/10\/kvinnliga-instruktorer-samlades-pa-styrso\/#breadcrumb\",\"itemListElement\":[{\"@type\":\"ListItem\",\"position\":1,\"name\":\"Hem\",\"item\":\"https:\/\/www.budokampsport.se\/\"},{\"@type\":\"ListItem\",\"position\":2,\"name\":\"Kvinnliga instrukt\u00f6rer samlades p\u00e5 Styrs\u00f6\"}]},{\"@type\":\"WebSite\",\"@id\":\"https:\/\/www.budokampsport.se\/#website\",\"url\":\"https:\/\/www.budokampsport.se\/\",\"name\":\"Svenska Budo &amp; Kampsportsf\u00f6rbundet\",\"description\":\"T\u00e4vling, Tr\u00e4ning, Tradition\",\"potentialAction\":[{\"@type\":\"SearchAction\",\"target\":{\"@type\":\"EntryPoint\",\"urlTemplate\":\"https:\/\/www.budokampsport.se\/?s={search_term_string}\"},\"query-input\":{\"@type\":\"PropertyValueSpecification\",\"valueRequired\":true,\"valueName\":\"search_term_string\"}}],\"inLanguage\":\"sv-SE\"},{\"@type\":\"Person\",\"@id\":\"https:\/\/www.budokampsport.se\/#\/schema\/person\/5c06d81d14850e2a8ce5493386560145\",\"name\":\"Jonathan Broberg\",\"image\":{\"@type\":\"ImageObject\",\"inLanguage\":\"sv-SE\",\"@id\":\"https:\/\/www.budokampsport.se\/#\/schema\/person\/image\/\",\"url\":\"https:\/\/secure.gravatar.com\/avatar\/a58041c6cea9128bd9c40ee2f26d4136?s=96&d=blank&r=g\",\"contentUrl\":\"https:\/\/secure.gravatar.com\/avatar\/a58041c6cea9128bd9c40ee2f26d4136?s=96&d=blank&r=g\",\"caption\":\"Jonathan Broberg\"},\"sameAs\":[\"https:\/\/www.facebook.com\/jonathan.broberg.7\"],\"url\":\"https:\/\/www.budokampsport.se\/author\/jonathan\/\"}]}<\/script>\n<!-- \/ Yoast SEO plugin. -->","yoast_head_json":{"title":"Kvinnliga instrukt\u00f6rer samlades p\u00e5 Styrs\u00f6 - Svenska Budo &amp; Kampsportsf\u00f6rbundet","description":"\u00a0Svenska Budo & Kampsportsf\u00f6rbundet samlade under helgen ett g\u00e4ng kvinnliga instrukt\u00f6rer f\u00f6r att prata j\u00e4mst\u00e4lldhet. L\u00e4gret blev fullt och 32 personer tillbringade en fin helg i G\u00f6teborgs sk\u00e4rg\u00e5rd tillsammans.\u00a0\u00a0 - Det k\u00e4ndes viktigt att f\u00e5 ig\u00e5ng ett forum f\u00f6r de f\u00e5 kvinnliga kampsportinstrukt\u00f6rer vi har i v\u00e5ra arter. Ett n\u00e4tverk med syfte att inspirera varandra p\u00e5 olika s\u00e4tt, s\u00e4ger styrelsens Raili B\u00fckk som har ansvar f\u00f6r just f\u00f6rbundets j\u00e4mst\u00e4lldhet.","robots":{"index":"index","follow":"follow","max-snippet":"max-snippet:-1","max-image-preview":"max-image-preview:large","max-video-preview":"max-video-preview:-1"},"canonical":"https:\/\/www.budokampsport.se\/2010\/08\/10\/kvinnliga-instruktorer-samlades-pa-styrso\/","og_locale":"sv_SE","og_type":"article","og_title":"Kvinnliga instrukt\u00f6rer samlades p\u00e5 Styrs\u00f6 - Svenska Budo &amp; Kampsportsf\u00f6rbundet","og_description":"\u00a0Svenska Budo & Kampsportsf\u00f6rbundet samlade under helgen ett g\u00e4ng kvinnliga instrukt\u00f6rer f\u00f6r att prata j\u00e4mst\u00e4lldhet. L\u00e4gret blev fullt och 32 personer tillbringade en fin helg i G\u00f6teborgs sk\u00e4rg\u00e5rd tillsammans.\u00a0\u00a0 - Det k\u00e4ndes viktigt att f\u00e5 ig\u00e5ng ett forum f\u00f6r de f\u00e5 kvinnliga kampsportinstrukt\u00f6rer vi har i v\u00e5ra arter. Ett n\u00e4tverk med syfte att inspirera varandra p\u00e5 olika s\u00e4tt, s\u00e4ger styrelsens Raili B\u00fckk som har ansvar f\u00f6r just f\u00f6rbundets j\u00e4mst\u00e4lldhet.","og_url":"https:\/\/www.budokampsport.se\/2010\/08\/10\/kvinnliga-instruktorer-samlades-pa-styrso\/","og_site_name":"Svenska Budo &amp; Kampsportsf\u00f6rbundet","article_author":"https:\/\/www.facebook.com\/jonathan.broberg.7","article_published_time":"2010-08-10T11:24:47+00:00","article_modified_time":"2016-12-06T21:31:49+00:00","author":"Jonathan Broberg","twitter_card":"summary_large_image","twitter_misc":{"Skriven av":"Jonathan Broberg","Ber\u00e4knad l\u00e4stid":"3 minuter"},"schema":{"@context":"https:\/\/schema.org","@graph":[{"@type":"Article","@id":"https:\/\/www.budokampsport.se\/2010\/08\/10\/kvinnliga-instruktorer-samlades-pa-styrso\/#article","isPartOf":{"@id":"https:\/\/www.budokampsport.se\/2010\/08\/10\/kvinnliga-instruktorer-samlades-pa-styrso\/"},"author":{"name":"Jonathan Broberg","@id":"https:\/\/www.budokampsport.se\/#\/schema\/person\/5c06d81d14850e2a8ce5493386560145"},"headline":"Kvinnliga instrukt\u00f6rer samlades p\u00e5 Styrs\u00f6","datePublished":"2010-08-10T11:24:47+00:00","dateModified":"2016-12-06T21:31:49+00:00","mainEntityOfPage":{"@id":"https:\/\/www.budokampsport.se\/2010\/08\/10\/kvinnliga-instruktorer-samlades-pa-styrso\/"},"wordCount":507,"inLanguage":"sv-SE"},{"@type":"WebPage","@id":"https:\/\/www.budokampsport.se\/2010\/08\/10\/kvinnliga-instruktorer-samlades-pa-styrso\/","url":"https:\/\/www.budokampsport.se\/2010\/08\/10\/kvinnliga-instruktorer-samlades-pa-styrso\/","name":"Kvinnliga instrukt\u00f6rer samlades p\u00e5 Styrs\u00f6 - Svenska Budo &amp; Kampsportsf\u00f6rbundet","isPartOf":{"@id":"https:\/\/www.budokampsport.se\/#website"},"datePublished":"2010-08-10T11:24:47+00:00","dateModified":"2016-12-06T21:31:49+00:00","author":{"@id":"https:\/\/www.budokampsport.se\/#\/schema\/person\/5c06d81d14850e2a8ce5493386560145"},"description":"\u00a0Svenska Budo & Kampsportsf\u00f6rbundet samlade under helgen ett g\u00e4ng kvinnliga instrukt\u00f6rer f\u00f6r att prata j\u00e4mst\u00e4lldhet. L\u00e4gret blev fullt och 32 personer tillbringade en fin helg i G\u00f6teborgs sk\u00e4rg\u00e5rd tillsammans.\u00a0\u00a0 - Det k\u00e4ndes viktigt att f\u00e5 ig\u00e5ng ett forum f\u00f6r de f\u00e5 kvinnliga kampsportinstrukt\u00f6rer vi har i v\u00e5ra arter. Ett n\u00e4tverk med syfte att inspirera varandra p\u00e5 olika s\u00e4tt, s\u00e4ger styrelsens Raili B\u00fckk som har ansvar f\u00f6r just f\u00f6rbundets j\u00e4mst\u00e4lldhet.","breadcrumb":{"@id":"https:\/\/www.budokampsport.se\/2010\/08\/10\/kvinnliga-instruktorer-samlades-pa-styrso\/#breadcrumb"},"inLanguage":"sv-SE","potentialAction":[{"@type":"ReadAction","target":["https:\/\/www.budokampsport.se\/2010\/08\/10\/kvinnliga-instruktorer-samlades-pa-styrso\/"]}]},{"@type":"BreadcrumbList","@id":"https:\/\/www.budokampsport.se\/2010\/08\/10\/kvinnliga-instruktorer-samlades-pa-styrso\/#breadcrumb","itemListElement":[{"@type":"ListItem","position":1,"name":"Hem","item":"https:\/\/www.budokampsport.se\/"},{"@type":"ListItem","position":2,"name":"Kvinnliga instrukt\u00f6rer samlades p\u00e5 Styrs\u00f6"}]},{"@type":"WebSite","@id":"https:\/\/www.budokampsport.se\/#website","url":"https:\/\/www.budokampsport.se\/","name":"Svenska Budo &amp; Kampsportsf\u00f6rbundet","description":"T\u00e4vling, Tr\u00e4ning, Tradition","potentialAction":[{"@type":"SearchAction","target":{"@type":"EntryPoint","urlTemplate":"https:\/\/www.budokampsport.se\/?s={search_term_string}"},"query-input":{"@type":"PropertyValueSpecification","valueRequired":true,"valueName":"search_term_string"}}],"inLanguage":"sv-SE"},{"@type":"Person","@id":"https:\/\/www.budokampsport.se\/#\/schema\/person\/5c06d81d14850e2a8ce5493386560145","name":"Jonathan Broberg","image":{"@type":"ImageObject","inLanguage":"sv-SE","@id":"https:\/\/www.budokampsport.se\/#\/schema\/person\/image\/","url":"https:\/\/secure.gravatar.com\/avatar\/a58041c6cea9128bd9c40ee2f26d4136?s=96&d=blank&r=g","contentUrl":"https:\/\/secure.gravatar.com\/avatar\/a58041c6cea9128bd9c40ee2f26d4136?s=96&d=blank&r=g","caption":"Jonathan Broberg"},"sameAs":["https:\/\/www.facebook.com\/jonathan.broberg.7"],"url":"https:\/\/www.budokampsport.se\/author\/jonathan\/"}]}},"_links":{"self":[{"href":"https:\/\/www.budokampsport.se\/api\/wp\/v2\/posts\/3444","targetHints":{"allow":["GET"]}}],"collection":[{"href":"https:\/\/www.budokampsport.se\/api\/wp\/v2\/posts"}],"about":[{"href":"https:\/\/www.budokampsport.se\/api\/wp\/v2\/types\/post"}],"author":[{"embeddable":true,"href":"https:\/\/www.budokampsport.se\/api\/wp\/v2\/users\/7"}],"replies":[{"embeddable":true,"href":"https:\/\/www.budokampsport.se\/api\/wp\/v2\/comments?post=3444"}],"version-history":[{"count":0,"href":"https:\/\/www.budokampsport.se\/api\/wp\/v2\/posts\/3444\/revisions"}],"wp:attachment":[{"href":"https:\/\/www.budokampsport.se\/api\/wp\/v2\/media?parent=3444"}],"wp:term":[{"taxonomy":"category","embeddable":true,"href":"https:\/\/www.budokampsport.se\/api\/wp\/v2\/categories?post=3444"},{"taxonomy":"post_tag","embeddable":true,"href":"https:\/\/www.budokampsport.se\/api\/wp\/v2\/tags?post=3444"}],"curies":[{"name":"wp","href":"https:\/\/api.w.org\/{rel}","templated":true}]}}