{"id":3515,"date":"2010-09-20T15:00:37","date_gmt":"2010-09-20T13:00:37","guid":{"rendered":"http:\/\/budo.wordpress.dev\/2010\/09\/20\/dags-for-historiskt-sm-i-kyokushin\/"},"modified":"2016-12-06T22:32:04","modified_gmt":"2016-12-06T21:32:04","slug":"dags-for-historiskt-sm-i-kyokushin","status":"publish","type":"post","link":"https:\/\/www.budokampsport.se\/2010\/09\/20\/dags-for-historiskt-sm-i-kyokushin\/","title":{"rendered":"Dags f\u00f6r historiskt SM i kyokushin"},"content":{"rendered":"<p><P><STRONG><IMG alt=\"\" align=right src=\"\/sites\/default\/files\/KSM201022.jpg\" width=125 height=142>2010 \u00e4r \u00e5ret d\u00e5 kyokushin f\u00e5r sitt egna SM. Sporten som tidigare var en genre inom karate och som relativt nyligen blev klassad som en egne idrott, kommer att h\u00e5lla sitt f\u00f6rsta SM i G\u00f6teborg.<BR><\/STRONG><BR>\u00c4nnu har inga anm\u00e4lningslistor inkommit, men Sverige \u00e4r klassat som ett starkt land inom kyokushin. S\u00e5 om de b\u00e4sta st\u00e4ller upp blir t\u00e4vlingen en h\u00f6jdare. <BR><!--break--><BR>Sveriges kanske st\u00f6rste stj\u00e4rna inom kyokushin \u00e4r Jimmie Collin, som bland annat blev nominerad till Kampsportsgalan i mars och senare vann ett EM-brons i Barcelona. <BR><BR>Text: Jonathan Broberg<\/P><\/p>\n","protected":false},"excerpt":{"rendered":"<p><P><STRONG><IMG alt=\"\" align=right src=\"\/sites\/default\/files\/KSM201022.jpg\" width=125 height=142>2010 \u00e4r \u00e5ret d\u00e5 kyokushin f\u00e5r sitt egna SM. Sporten som tidigare var en genre inom karate och som relativt nyligen blev klassad som en egne idrott, kommer att h\u00e5lla sitt f\u00f6rsta SM i G\u00f6teborg.<BR><\/STRONG><BR>\u00c4nnu har inga anm\u00e4lningslistor inkommit, men Sverige \u00e4r klassat som ett starkt land inom kyokushin. S\u00e5 om de b\u00e4sta st\u00e4ller upp blir t\u00e4vlingen en h\u00f6jdare. <BR><\/p><br>","protected":false},"author":7,"featured_media":0,"comment_status":"closed","ping_status":"closed","sticky":false,"template":"","format":"standard","meta":{"_acf_changed":false,"footnotes":""},"categories":[1],"tags":[],"class_list":["post-3515","post","type-post","status-publish","format-standard","hentry","category-okategoriserade"],"acf":[],"yoast_head":"<!-- This site is optimized with the Yoast SEO plugin v26.8 - https:\/\/yoast.com\/product\/yoast-seo-wordpress\/ -->\n<title>Dags f\u00f6r historiskt SM i kyokushin - Svenska Budo &amp; Kampsportsf\u00f6rbundet<\/title>\n<meta name=\"description\" content=\"2010 \u00e4r \u00e5ret d\u00e5 kyokushin f\u00e5r sitt egna SM. Sporten som tidigare var en genre inom karate och som relativt nyligen blev klassad som en egne idrott, kommer att h\u00e5lla sitt f\u00f6rsta SM i G\u00f6teborg.\u00c4nnu har inga anm\u00e4lningslistor inkommit, men Sverige \u00e4r klassat som ett starkt land inom kyokushin. S\u00e5 om de b\u00e4sta st\u00e4ller upp blir t\u00e4vlingen en h\u00f6jdare.\" \/>\n<meta name=\"robots\" content=\"index, follow, max-snippet:-1, max-image-preview:large, max-video-preview:-1\" \/>\n<link rel=\"canonical\" href=\"https:\/\/www.budokampsport.se\/2010\/09\/20\/dags-for-historiskt-sm-i-kyokushin\/\" \/>\n<meta property=\"og:locale\" content=\"sv_SE\" \/>\n<meta property=\"og:type\" content=\"article\" \/>\n<meta property=\"og:title\" content=\"Dags f\u00f6r historiskt SM i kyokushin - Svenska Budo &amp; Kampsportsf\u00f6rbundet\" \/>\n<meta property=\"og:description\" content=\"2010 \u00e4r \u00e5ret d\u00e5 kyokushin f\u00e5r sitt egna SM. Sporten som tidigare var en genre inom karate och som relativt nyligen blev klassad som en egne idrott, kommer att h\u00e5lla sitt f\u00f6rsta SM i G\u00f6teborg.\u00c4nnu har inga anm\u00e4lningslistor inkommit, men Sverige \u00e4r klassat som ett starkt land inom kyokushin. S\u00e5 om de b\u00e4sta st\u00e4ller upp blir t\u00e4vlingen en h\u00f6jdare.\" \/>\n<meta property=\"og:url\" content=\"https:\/\/www.budokampsport.se\/2010\/09\/20\/dags-for-historiskt-sm-i-kyokushin\/\" \/>\n<meta property=\"og:site_name\" content=\"Svenska Budo &amp; Kampsportsf\u00f6rbundet\" \/>\n<meta property=\"article:author\" content=\"https:\/\/www.facebook.com\/jonathan.broberg.7\" \/>\n<meta property=\"article:published_time\" content=\"2010-09-20T13:00:37+00:00\" \/>\n<meta property=\"article:modified_time\" content=\"2016-12-06T21:32:04+00:00\" \/>\n<meta name=\"author\" content=\"Jonathan Broberg\" \/>\n<meta name=\"twitter:card\" content=\"summary_large_image\" \/>\n<meta name=\"twitter:label1\" content=\"Skriven av\" \/>\n\t<meta name=\"twitter:data1\" content=\"Jonathan Broberg\" \/>\n<script type=\"application\/ld+json\" class=\"yoast-schema-graph\">{\"@context\":\"https:\/\/schema.org\",\"@graph\":[{\"@type\":\"Article\",\"@id\":\"https:\/\/www.budokampsport.se\/2010\/09\/20\/dags-for-historiskt-sm-i-kyokushin\/#article\",\"isPartOf\":{\"@id\":\"https:\/\/www.budokampsport.se\/2010\/09\/20\/dags-for-historiskt-sm-i-kyokushin\/\"},\"author\":{\"name\":\"Jonathan Broberg\",\"@id\":\"https:\/\/www.budokampsport.se\/#\/schema\/person\/5c06d81d14850e2a8ce5493386560145\"},\"headline\":\"Dags f\u00f6r historiskt SM i kyokushin\",\"datePublished\":\"2010-09-20T13:00:37+00:00\",\"dateModified\":\"2016-12-06T21:32:04+00:00\",\"mainEntityOfPage\":{\"@id\":\"https:\/\/www.budokampsport.se\/2010\/09\/20\/dags-for-historiskt-sm-i-kyokushin\/\"},\"wordCount\":105,\"inLanguage\":\"sv-SE\"},{\"@type\":\"WebPage\",\"@id\":\"https:\/\/www.budokampsport.se\/2010\/09\/20\/dags-for-historiskt-sm-i-kyokushin\/\",\"url\":\"https:\/\/www.budokampsport.se\/2010\/09\/20\/dags-for-historiskt-sm-i-kyokushin\/\",\"name\":\"Dags f\u00f6r historiskt SM i kyokushin - Svenska Budo &amp; Kampsportsf\u00f6rbundet\",\"isPartOf\":{\"@id\":\"https:\/\/www.budokampsport.se\/#website\"},\"datePublished\":\"2010-09-20T13:00:37+00:00\",\"dateModified\":\"2016-12-06T21:32:04+00:00\",\"author\":{\"@id\":\"https:\/\/www.budokampsport.se\/#\/schema\/person\/5c06d81d14850e2a8ce5493386560145\"},\"description\":\"2010 \u00e4r \u00e5ret d\u00e5 kyokushin f\u00e5r sitt egna SM. Sporten som tidigare var en genre inom karate och som relativt nyligen blev klassad som en egne idrott, kommer att h\u00e5lla sitt f\u00f6rsta SM i G\u00f6teborg.\u00c4nnu har inga anm\u00e4lningslistor inkommit, men Sverige \u00e4r klassat som ett starkt land inom kyokushin. S\u00e5 om de b\u00e4sta st\u00e4ller upp blir t\u00e4vlingen en h\u00f6jdare.\",\"breadcrumb\":{\"@id\":\"https:\/\/www.budokampsport.se\/2010\/09\/20\/dags-for-historiskt-sm-i-kyokushin\/#breadcrumb\"},\"inLanguage\":\"sv-SE\",\"potentialAction\":[{\"@type\":\"ReadAction\",\"target\":[\"https:\/\/www.budokampsport.se\/2010\/09\/20\/dags-for-historiskt-sm-i-kyokushin\/\"]}]},{\"@type\":\"BreadcrumbList\",\"@id\":\"https:\/\/www.budokampsport.se\/2010\/09\/20\/dags-for-historiskt-sm-i-kyokushin\/#breadcrumb\",\"itemListElement\":[{\"@type\":\"ListItem\",\"position\":1,\"name\":\"Hem\",\"item\":\"https:\/\/www.budokampsport.se\/\"},{\"@type\":\"ListItem\",\"position\":2,\"name\":\"Dags f\u00f6r historiskt SM i kyokushin\"}]},{\"@type\":\"WebSite\",\"@id\":\"https:\/\/www.budokampsport.se\/#website\",\"url\":\"https:\/\/www.budokampsport.se\/\",\"name\":\"Svenska Budo &amp; Kampsportsf\u00f6rbundet\",\"description\":\"T\u00e4vling, Tr\u00e4ning, Tradition\",\"potentialAction\":[{\"@type\":\"SearchAction\",\"target\":{\"@type\":\"EntryPoint\",\"urlTemplate\":\"https:\/\/www.budokampsport.se\/?s={search_term_string}\"},\"query-input\":{\"@type\":\"PropertyValueSpecification\",\"valueRequired\":true,\"valueName\":\"search_term_string\"}}],\"inLanguage\":\"sv-SE\"},{\"@type\":\"Person\",\"@id\":\"https:\/\/www.budokampsport.se\/#\/schema\/person\/5c06d81d14850e2a8ce5493386560145\",\"name\":\"Jonathan Broberg\",\"image\":{\"@type\":\"ImageObject\",\"inLanguage\":\"sv-SE\",\"@id\":\"https:\/\/www.budokampsport.se\/#\/schema\/person\/image\/\",\"url\":\"https:\/\/secure.gravatar.com\/avatar\/a58041c6cea9128bd9c40ee2f26d4136?s=96&d=blank&r=g\",\"contentUrl\":\"https:\/\/secure.gravatar.com\/avatar\/a58041c6cea9128bd9c40ee2f26d4136?s=96&d=blank&r=g\",\"caption\":\"Jonathan Broberg\"},\"sameAs\":[\"https:\/\/www.facebook.com\/jonathan.broberg.7\"],\"url\":\"https:\/\/www.budokampsport.se\/author\/jonathan\/\"}]}<\/script>\n<!-- \/ Yoast SEO plugin. -->","yoast_head_json":{"title":"Dags f\u00f6r historiskt SM i kyokushin - Svenska Budo &amp; Kampsportsf\u00f6rbundet","description":"2010 \u00e4r \u00e5ret d\u00e5 kyokushin f\u00e5r sitt egna SM. Sporten som tidigare var en genre inom karate och som relativt nyligen blev klassad som en egne idrott, kommer att h\u00e5lla sitt f\u00f6rsta SM i G\u00f6teborg.\u00c4nnu har inga anm\u00e4lningslistor inkommit, men Sverige \u00e4r klassat som ett starkt land inom kyokushin. S\u00e5 om de b\u00e4sta st\u00e4ller upp blir t\u00e4vlingen en h\u00f6jdare.","robots":{"index":"index","follow":"follow","max-snippet":"max-snippet:-1","max-image-preview":"max-image-preview:large","max-video-preview":"max-video-preview:-1"},"canonical":"https:\/\/www.budokampsport.se\/2010\/09\/20\/dags-for-historiskt-sm-i-kyokushin\/","og_locale":"sv_SE","og_type":"article","og_title":"Dags f\u00f6r historiskt SM i kyokushin - Svenska Budo &amp; Kampsportsf\u00f6rbundet","og_description":"2010 \u00e4r \u00e5ret d\u00e5 kyokushin f\u00e5r sitt egna SM. Sporten som tidigare var en genre inom karate och som relativt nyligen blev klassad som en egne idrott, kommer att h\u00e5lla sitt f\u00f6rsta SM i G\u00f6teborg.\u00c4nnu har inga anm\u00e4lningslistor inkommit, men Sverige \u00e4r klassat som ett starkt land inom kyokushin. S\u00e5 om de b\u00e4sta st\u00e4ller upp blir t\u00e4vlingen en h\u00f6jdare.","og_url":"https:\/\/www.budokampsport.se\/2010\/09\/20\/dags-for-historiskt-sm-i-kyokushin\/","og_site_name":"Svenska Budo &amp; Kampsportsf\u00f6rbundet","article_author":"https:\/\/www.facebook.com\/jonathan.broberg.7","article_published_time":"2010-09-20T13:00:37+00:00","article_modified_time":"2016-12-06T21:32:04+00:00","author":"Jonathan Broberg","twitter_card":"summary_large_image","twitter_misc":{"Skriven av":"Jonathan Broberg"},"schema":{"@context":"https:\/\/schema.org","@graph":[{"@type":"Article","@id":"https:\/\/www.budokampsport.se\/2010\/09\/20\/dags-for-historiskt-sm-i-kyokushin\/#article","isPartOf":{"@id":"https:\/\/www.budokampsport.se\/2010\/09\/20\/dags-for-historiskt-sm-i-kyokushin\/"},"author":{"name":"Jonathan Broberg","@id":"https:\/\/www.budokampsport.se\/#\/schema\/person\/5c06d81d14850e2a8ce5493386560145"},"headline":"Dags f\u00f6r historiskt SM i kyokushin","datePublished":"2010-09-20T13:00:37+00:00","dateModified":"2016-12-06T21:32:04+00:00","mainEntityOfPage":{"@id":"https:\/\/www.budokampsport.se\/2010\/09\/20\/dags-for-historiskt-sm-i-kyokushin\/"},"wordCount":105,"inLanguage":"sv-SE"},{"@type":"WebPage","@id":"https:\/\/www.budokampsport.se\/2010\/09\/20\/dags-for-historiskt-sm-i-kyokushin\/","url":"https:\/\/www.budokampsport.se\/2010\/09\/20\/dags-for-historiskt-sm-i-kyokushin\/","name":"Dags f\u00f6r historiskt SM i kyokushin - Svenska Budo &amp; Kampsportsf\u00f6rbundet","isPartOf":{"@id":"https:\/\/www.budokampsport.se\/#website"},"datePublished":"2010-09-20T13:00:37+00:00","dateModified":"2016-12-06T21:32:04+00:00","author":{"@id":"https:\/\/www.budokampsport.se\/#\/schema\/person\/5c06d81d14850e2a8ce5493386560145"},"description":"2010 \u00e4r \u00e5ret d\u00e5 kyokushin f\u00e5r sitt egna SM. Sporten som tidigare var en genre inom karate och som relativt nyligen blev klassad som en egne idrott, kommer att h\u00e5lla sitt f\u00f6rsta SM i G\u00f6teborg.\u00c4nnu har inga anm\u00e4lningslistor inkommit, men Sverige \u00e4r klassat som ett starkt land inom kyokushin. S\u00e5 om de b\u00e4sta st\u00e4ller upp blir t\u00e4vlingen en h\u00f6jdare.","breadcrumb":{"@id":"https:\/\/www.budokampsport.se\/2010\/09\/20\/dags-for-historiskt-sm-i-kyokushin\/#breadcrumb"},"inLanguage":"sv-SE","potentialAction":[{"@type":"ReadAction","target":["https:\/\/www.budokampsport.se\/2010\/09\/20\/dags-for-historiskt-sm-i-kyokushin\/"]}]},{"@type":"BreadcrumbList","@id":"https:\/\/www.budokampsport.se\/2010\/09\/20\/dags-for-historiskt-sm-i-kyokushin\/#breadcrumb","itemListElement":[{"@type":"ListItem","position":1,"name":"Hem","item":"https:\/\/www.budokampsport.se\/"},{"@type":"ListItem","position":2,"name":"Dags f\u00f6r historiskt SM i kyokushin"}]},{"@type":"WebSite","@id":"https:\/\/www.budokampsport.se\/#website","url":"https:\/\/www.budokampsport.se\/","name":"Svenska Budo &amp; Kampsportsf\u00f6rbundet","description":"T\u00e4vling, Tr\u00e4ning, Tradition","potentialAction":[{"@type":"SearchAction","target":{"@type":"EntryPoint","urlTemplate":"https:\/\/www.budokampsport.se\/?s={search_term_string}"},"query-input":{"@type":"PropertyValueSpecification","valueRequired":true,"valueName":"search_term_string"}}],"inLanguage":"sv-SE"},{"@type":"Person","@id":"https:\/\/www.budokampsport.se\/#\/schema\/person\/5c06d81d14850e2a8ce5493386560145","name":"Jonathan Broberg","image":{"@type":"ImageObject","inLanguage":"sv-SE","@id":"https:\/\/www.budokampsport.se\/#\/schema\/person\/image\/","url":"https:\/\/secure.gravatar.com\/avatar\/a58041c6cea9128bd9c40ee2f26d4136?s=96&d=blank&r=g","contentUrl":"https:\/\/secure.gravatar.com\/avatar\/a58041c6cea9128bd9c40ee2f26d4136?s=96&d=blank&r=g","caption":"Jonathan Broberg"},"sameAs":["https:\/\/www.facebook.com\/jonathan.broberg.7"],"url":"https:\/\/www.budokampsport.se\/author\/jonathan\/"}]}},"_links":{"self":[{"href":"https:\/\/www.budokampsport.se\/api\/wp\/v2\/posts\/3515","targetHints":{"allow":["GET"]}}],"collection":[{"href":"https:\/\/www.budokampsport.se\/api\/wp\/v2\/posts"}],"about":[{"href":"https:\/\/www.budokampsport.se\/api\/wp\/v2\/types\/post"}],"author":[{"embeddable":true,"href":"https:\/\/www.budokampsport.se\/api\/wp\/v2\/users\/7"}],"replies":[{"embeddable":true,"href":"https:\/\/www.budokampsport.se\/api\/wp\/v2\/comments?post=3515"}],"version-history":[{"count":0,"href":"https:\/\/www.budokampsport.se\/api\/wp\/v2\/posts\/3515\/revisions"}],"wp:attachment":[{"href":"https:\/\/www.budokampsport.se\/api\/wp\/v2\/media?parent=3515"}],"wp:term":[{"taxonomy":"category","embeddable":true,"href":"https:\/\/www.budokampsport.se\/api\/wp\/v2\/categories?post=3515"},{"taxonomy":"post_tag","embeddable":true,"href":"https:\/\/www.budokampsport.se\/api\/wp\/v2\/tags?post=3515"}],"curies":[{"name":"wp","href":"https:\/\/api.w.org\/{rel}","templated":true}]}}