{"id":3547,"date":"2010-10-08T10:13:35","date_gmt":"2010-10-08T08:13:35","guid":{"rendered":"http:\/\/budo.wordpress.dev\/2010\/10\/08\/azerbaijans-ambassador-onskar-sverige-lycka-till-i-em\/"},"modified":"2016-12-06T22:32:11","modified_gmt":"2016-12-06T21:32:11","slug":"azerbaijans-ambassador-onskar-sverige-lycka-till-i-em","status":"publish","type":"post","link":"https:\/\/www.budokampsport.se\/2010\/10\/08\/azerbaijans-ambassador-onskar-sverige-lycka-till-i-em\/","title":{"rendered":"Azerbaijans ambassad\u00f6r \u00f6nskar Sverige lycka till i EM"},"content":{"rendered":"<p><P><STRONG><IMG alt=\"\" align=middle src=\"\/sites\/default\/files\/ambassador.jpg\" width=430 height=223><BR>Under onsdagen hade t\u00e4vlingsansvarige f\u00f6r Swedish Open i Wushu Ahad Nobakhti sammankallat till ett m\u00f6te med Azerbaijans ambassad\u00f6r i Stockholm. Ett m\u00f6te som inneh\u00f6ll m\u00e5nga skratt och en hel del diplomati, d\u00e4r bland annat visum stod p\u00e5 agendan.<\/STRONG><BR><!--break--><BR>Om tio dagar reser Sveriges trupp till kickboxnings-EM i Azerbaijan. Den vackra staden Baku, som ocks\u00e5 \u00e4r landets huvudstad, st\u00e5r som v\u00e4rd f\u00f6r m\u00e4sterskapet.<BR><BR>I dag \u00f6nskade s\u00e5 Azerbaijans ambassad\u00f6r Rafael Ibrahimov den svenska truppen lycka till i m\u00e4sterskapet.<BR>\u00a0\u00a0 &#8211; Azerbaijan \u00e4r en fantastisk nation och trots att vi enbart varit sj\u00e4lvst\u00e4ndig nation i 20 \u00e5r, \u00e4r vi mycket duktiga inom idrott. Kampsport har en stor betydelse f\u00f6r v\u00e5rt folk, s\u00e4ger han till budokampsport.se.<BR><BR><STRONG><IMG alt=\"\" align=right src=\"\/sites\/default\/files\/rafael_ibrahimov.jpg\" width=150 height=194>&#8220;S\u00e4tter landet p\u00e5 kartan&#8221;<\/STRONG><BR>EM blir ett viktigt m\u00e4sterskap f\u00f6r den relativt unga nationen, f\u00f6resp\u00e5r Ibrahimov.<BR>\u00a0\u00a0 &#8211; S\u00e5 klart. Det s\u00e4tter landet p\u00e5 kartan. Mycket folk kommer att resa till Azerbaijan och f\u00e5 erfarenheter d\u00e4rifr\u00e5n med sig hem. Det \u00e4r klart att det \u00e4r viktigt.<BR><BR>M\u00f6tet, d\u00e4r kickboxningens ordf\u00f6rande H\u00e5kan Ozan, Svenska Budo &#038; Kampsportsf\u00f6rbundets informat\u00f6r Jonathan Broberg, mannen bakom Swedish Open i Wushu Ahad Nobakhti samt Kickboxningsf\u00f6rbundets PR-ansvarig Keyvan Zarea-Ganji fanns representerade, handlade ocks\u00e5 om relationsbyggande f\u00f6r framtiden.<BR>\u00a0\u00a0 &#8211; Jag har en hel del diplomatiska kontakter. Rafael Ibrahimov \u00e4r en god v\u00e4n till mig och det \u00e4r vitkigt att f\u00f6r framtidens t\u00e4vlingar bygga goda relationer med andra l\u00e4nder och deras ambassader, s\u00e4ger Nobakhti.<BR><STRONG><BR>&#8220;St\u00e4ller upp f\u00f6r att vinna&#8221;<\/STRONG><BR>Ahad, som sj\u00e4lv t\u00e4vlat i diverse kampsporter f\u00f6r Azerbaijans r\u00e4kning, vet vad hans forna landsm\u00e4n har f\u00f6r inst\u00e4llning till kampsporter.<BR>\u00a0\u00a0 &#8211; De st\u00e4ller inte upp f\u00f6r att delta. De st\u00e4ller upp f\u00f6r att vinna, ler han.<BR><BR>Om tio dagar inleds m\u00e4sterskapen och svenska truppen f\u00e5r med sig en lycka-till-\u00f6nskning av Rafael Ibrahimov, dock inte riktigt fullt ut.<BR>\u00a0\u00a0 &#8211; Jag kan inte \u00f6nska er alltf\u00f6r mycket lycka till, f\u00f6r det inneb\u00e4r ju att ni i s\u00e5dana fall \u00e4ven vinner mot mina landsm\u00e4n\u2026 (skratt). <BR>\u00a0\u00a0 &#8211; Men jag garanterar att ni kommer f\u00e5 en trevlig vistelse i Azerbaijan. Och prova v\u00e5ra kebaber, de \u00e4r fantastiska, avslutar han.<BR><BR>Text och foto: Jonathan Broberg<\/P><\/p>\n","protected":false},"excerpt":{"rendered":"<p><P><STRONG><IMG alt=\"\" align=middle src=\"\/sites\/default\/files\/ambassador.jpg\" width=430 height=223><BR>Under onsdagen hade t\u00e4vlingsansvarige f\u00f6r Swedish Open i Wushu Ahad Nobakhti sammankallat till ett m\u00f6te med Azerbaijans ambassad\u00f6r i Stockholm. Ett m\u00f6te som inneh\u00f6ll m\u00e5nga skratt och en hel del diplomati, d\u00e4r bland annat visum stod p\u00e5 agendan.<\/STRONG><BR><\/p><br>","protected":false},"author":7,"featured_media":0,"comment_status":"closed","ping_status":"closed","sticky":false,"template":"","format":"standard","meta":{"_acf_changed":false,"footnotes":""},"categories":[1],"tags":[],"class_list":["post-3547","post","type-post","status-publish","format-standard","hentry","category-okategoriserade"],"acf":[],"yoast_head":"<!-- This site is optimized with the Yoast SEO plugin v26.8 - https:\/\/yoast.com\/product\/yoast-seo-wordpress\/ -->\n<title>Azerbaijans ambassad\u00f6r \u00f6nskar Sverige lycka till i EM - Svenska Budo &amp; Kampsportsf\u00f6rbundet<\/title>\n<meta name=\"description\" content=\"Under onsdagen hade t\u00e4vlingsansvarige f\u00f6r Swedish Open i Wushu Ahad Nobakhti sammankallat till ett m\u00f6te med Azerbaijans ambassad\u00f6r i Stockholm. Ett m\u00f6te som inneh\u00f6ll m\u00e5nga skratt och en hel del diplomati, d\u00e4r bland annat visum stod p\u00e5 agendan.\" \/>\n<meta name=\"robots\" content=\"index, follow, max-snippet:-1, max-image-preview:large, max-video-preview:-1\" \/>\n<link rel=\"canonical\" href=\"https:\/\/www.budokampsport.se\/2010\/10\/08\/azerbaijans-ambassador-onskar-sverige-lycka-till-i-em\/\" \/>\n<meta property=\"og:locale\" content=\"sv_SE\" \/>\n<meta property=\"og:type\" content=\"article\" \/>\n<meta property=\"og:title\" content=\"Azerbaijans ambassad\u00f6r \u00f6nskar Sverige lycka till i EM - Svenska Budo &amp; Kampsportsf\u00f6rbundet\" \/>\n<meta property=\"og:description\" content=\"Under onsdagen hade t\u00e4vlingsansvarige f\u00f6r Swedish Open i Wushu Ahad Nobakhti sammankallat till ett m\u00f6te med Azerbaijans ambassad\u00f6r i Stockholm. Ett m\u00f6te som inneh\u00f6ll m\u00e5nga skratt och en hel del diplomati, d\u00e4r bland annat visum stod p\u00e5 agendan.\" \/>\n<meta property=\"og:url\" content=\"https:\/\/www.budokampsport.se\/2010\/10\/08\/azerbaijans-ambassador-onskar-sverige-lycka-till-i-em\/\" \/>\n<meta property=\"og:site_name\" content=\"Svenska Budo &amp; Kampsportsf\u00f6rbundet\" \/>\n<meta property=\"article:author\" content=\"https:\/\/www.facebook.com\/jonathan.broberg.7\" \/>\n<meta property=\"article:published_time\" content=\"2010-10-08T08:13:35+00:00\" \/>\n<meta property=\"article:modified_time\" content=\"2016-12-06T21:32:11+00:00\" \/>\n<meta name=\"author\" content=\"Jonathan Broberg\" \/>\n<meta name=\"twitter:card\" content=\"summary_large_image\" \/>\n<meta name=\"twitter:label1\" content=\"Skriven av\" \/>\n\t<meta name=\"twitter:data1\" content=\"Jonathan Broberg\" \/>\n\t<meta name=\"twitter:label2\" content=\"Ber\u00e4knad l\u00e4stid\" \/>\n\t<meta name=\"twitter:data2\" content=\"2 minuter\" \/>\n<script type=\"application\/ld+json\" class=\"yoast-schema-graph\">{\"@context\":\"https:\/\/schema.org\",\"@graph\":[{\"@type\":\"Article\",\"@id\":\"https:\/\/www.budokampsport.se\/2010\/10\/08\/azerbaijans-ambassador-onskar-sverige-lycka-till-i-em\/#article\",\"isPartOf\":{\"@id\":\"https:\/\/www.budokampsport.se\/2010\/10\/08\/azerbaijans-ambassador-onskar-sverige-lycka-till-i-em\/\"},\"author\":{\"name\":\"Jonathan Broberg\",\"@id\":\"https:\/\/www.budokampsport.se\/#\/schema\/person\/5c06d81d14850e2a8ce5493386560145\"},\"headline\":\"Azerbaijans ambassad\u00f6r \u00f6nskar Sverige lycka till i EM\",\"datePublished\":\"2010-10-08T08:13:35+00:00\",\"dateModified\":\"2016-12-06T21:32:11+00:00\",\"mainEntityOfPage\":{\"@id\":\"https:\/\/www.budokampsport.se\/2010\/10\/08\/azerbaijans-ambassador-onskar-sverige-lycka-till-i-em\/\"},\"wordCount\":410,\"inLanguage\":\"sv-SE\"},{\"@type\":\"WebPage\",\"@id\":\"https:\/\/www.budokampsport.se\/2010\/10\/08\/azerbaijans-ambassador-onskar-sverige-lycka-till-i-em\/\",\"url\":\"https:\/\/www.budokampsport.se\/2010\/10\/08\/azerbaijans-ambassador-onskar-sverige-lycka-till-i-em\/\",\"name\":\"Azerbaijans ambassad\u00f6r \u00f6nskar Sverige lycka till i EM - Svenska Budo &amp; Kampsportsf\u00f6rbundet\",\"isPartOf\":{\"@id\":\"https:\/\/www.budokampsport.se\/#website\"},\"datePublished\":\"2010-10-08T08:13:35+00:00\",\"dateModified\":\"2016-12-06T21:32:11+00:00\",\"author\":{\"@id\":\"https:\/\/www.budokampsport.se\/#\/schema\/person\/5c06d81d14850e2a8ce5493386560145\"},\"description\":\"Under onsdagen hade t\u00e4vlingsansvarige f\u00f6r Swedish Open i Wushu Ahad Nobakhti sammankallat till ett m\u00f6te med Azerbaijans ambassad\u00f6r i Stockholm. Ett m\u00f6te som inneh\u00f6ll m\u00e5nga skratt och en hel del diplomati, d\u00e4r bland annat visum stod p\u00e5 agendan.\",\"breadcrumb\":{\"@id\":\"https:\/\/www.budokampsport.se\/2010\/10\/08\/azerbaijans-ambassador-onskar-sverige-lycka-till-i-em\/#breadcrumb\"},\"inLanguage\":\"sv-SE\",\"potentialAction\":[{\"@type\":\"ReadAction\",\"target\":[\"https:\/\/www.budokampsport.se\/2010\/10\/08\/azerbaijans-ambassador-onskar-sverige-lycka-till-i-em\/\"]}]},{\"@type\":\"BreadcrumbList\",\"@id\":\"https:\/\/www.budokampsport.se\/2010\/10\/08\/azerbaijans-ambassador-onskar-sverige-lycka-till-i-em\/#breadcrumb\",\"itemListElement\":[{\"@type\":\"ListItem\",\"position\":1,\"name\":\"Hem\",\"item\":\"https:\/\/www.budokampsport.se\/\"},{\"@type\":\"ListItem\",\"position\":2,\"name\":\"Azerbaijans ambassad\u00f6r \u00f6nskar Sverige lycka till i EM\"}]},{\"@type\":\"WebSite\",\"@id\":\"https:\/\/www.budokampsport.se\/#website\",\"url\":\"https:\/\/www.budokampsport.se\/\",\"name\":\"Svenska Budo &amp; Kampsportsf\u00f6rbundet\",\"description\":\"T\u00e4vling, Tr\u00e4ning, Tradition\",\"potentialAction\":[{\"@type\":\"SearchAction\",\"target\":{\"@type\":\"EntryPoint\",\"urlTemplate\":\"https:\/\/www.budokampsport.se\/?s={search_term_string}\"},\"query-input\":{\"@type\":\"PropertyValueSpecification\",\"valueRequired\":true,\"valueName\":\"search_term_string\"}}],\"inLanguage\":\"sv-SE\"},{\"@type\":\"Person\",\"@id\":\"https:\/\/www.budokampsport.se\/#\/schema\/person\/5c06d81d14850e2a8ce5493386560145\",\"name\":\"Jonathan Broberg\",\"image\":{\"@type\":\"ImageObject\",\"inLanguage\":\"sv-SE\",\"@id\":\"https:\/\/www.budokampsport.se\/#\/schema\/person\/image\/\",\"url\":\"https:\/\/secure.gravatar.com\/avatar\/a58041c6cea9128bd9c40ee2f26d4136?s=96&d=blank&r=g\",\"contentUrl\":\"https:\/\/secure.gravatar.com\/avatar\/a58041c6cea9128bd9c40ee2f26d4136?s=96&d=blank&r=g\",\"caption\":\"Jonathan Broberg\"},\"sameAs\":[\"https:\/\/www.facebook.com\/jonathan.broberg.7\"],\"url\":\"https:\/\/www.budokampsport.se\/author\/jonathan\/\"}]}<\/script>\n<!-- \/ Yoast SEO plugin. -->","yoast_head_json":{"title":"Azerbaijans ambassad\u00f6r \u00f6nskar Sverige lycka till i EM - Svenska Budo &amp; Kampsportsf\u00f6rbundet","description":"Under onsdagen hade t\u00e4vlingsansvarige f\u00f6r Swedish Open i Wushu Ahad Nobakhti sammankallat till ett m\u00f6te med Azerbaijans ambassad\u00f6r i Stockholm. Ett m\u00f6te som inneh\u00f6ll m\u00e5nga skratt och en hel del diplomati, d\u00e4r bland annat visum stod p\u00e5 agendan.","robots":{"index":"index","follow":"follow","max-snippet":"max-snippet:-1","max-image-preview":"max-image-preview:large","max-video-preview":"max-video-preview:-1"},"canonical":"https:\/\/www.budokampsport.se\/2010\/10\/08\/azerbaijans-ambassador-onskar-sverige-lycka-till-i-em\/","og_locale":"sv_SE","og_type":"article","og_title":"Azerbaijans ambassad\u00f6r \u00f6nskar Sverige lycka till i EM - Svenska Budo &amp; Kampsportsf\u00f6rbundet","og_description":"Under onsdagen hade t\u00e4vlingsansvarige f\u00f6r Swedish Open i Wushu Ahad Nobakhti sammankallat till ett m\u00f6te med Azerbaijans ambassad\u00f6r i Stockholm. Ett m\u00f6te som inneh\u00f6ll m\u00e5nga skratt och en hel del diplomati, d\u00e4r bland annat visum stod p\u00e5 agendan.","og_url":"https:\/\/www.budokampsport.se\/2010\/10\/08\/azerbaijans-ambassador-onskar-sverige-lycka-till-i-em\/","og_site_name":"Svenska Budo &amp; Kampsportsf\u00f6rbundet","article_author":"https:\/\/www.facebook.com\/jonathan.broberg.7","article_published_time":"2010-10-08T08:13:35+00:00","article_modified_time":"2016-12-06T21:32:11+00:00","author":"Jonathan Broberg","twitter_card":"summary_large_image","twitter_misc":{"Skriven av":"Jonathan Broberg","Ber\u00e4knad l\u00e4stid":"2 minuter"},"schema":{"@context":"https:\/\/schema.org","@graph":[{"@type":"Article","@id":"https:\/\/www.budokampsport.se\/2010\/10\/08\/azerbaijans-ambassador-onskar-sverige-lycka-till-i-em\/#article","isPartOf":{"@id":"https:\/\/www.budokampsport.se\/2010\/10\/08\/azerbaijans-ambassador-onskar-sverige-lycka-till-i-em\/"},"author":{"name":"Jonathan Broberg","@id":"https:\/\/www.budokampsport.se\/#\/schema\/person\/5c06d81d14850e2a8ce5493386560145"},"headline":"Azerbaijans ambassad\u00f6r \u00f6nskar Sverige lycka till i EM","datePublished":"2010-10-08T08:13:35+00:00","dateModified":"2016-12-06T21:32:11+00:00","mainEntityOfPage":{"@id":"https:\/\/www.budokampsport.se\/2010\/10\/08\/azerbaijans-ambassador-onskar-sverige-lycka-till-i-em\/"},"wordCount":410,"inLanguage":"sv-SE"},{"@type":"WebPage","@id":"https:\/\/www.budokampsport.se\/2010\/10\/08\/azerbaijans-ambassador-onskar-sverige-lycka-till-i-em\/","url":"https:\/\/www.budokampsport.se\/2010\/10\/08\/azerbaijans-ambassador-onskar-sverige-lycka-till-i-em\/","name":"Azerbaijans ambassad\u00f6r \u00f6nskar Sverige lycka till i EM - Svenska Budo &amp; Kampsportsf\u00f6rbundet","isPartOf":{"@id":"https:\/\/www.budokampsport.se\/#website"},"datePublished":"2010-10-08T08:13:35+00:00","dateModified":"2016-12-06T21:32:11+00:00","author":{"@id":"https:\/\/www.budokampsport.se\/#\/schema\/person\/5c06d81d14850e2a8ce5493386560145"},"description":"Under onsdagen hade t\u00e4vlingsansvarige f\u00f6r Swedish Open i Wushu Ahad Nobakhti sammankallat till ett m\u00f6te med Azerbaijans ambassad\u00f6r i Stockholm. Ett m\u00f6te som inneh\u00f6ll m\u00e5nga skratt och en hel del diplomati, d\u00e4r bland annat visum stod p\u00e5 agendan.","breadcrumb":{"@id":"https:\/\/www.budokampsport.se\/2010\/10\/08\/azerbaijans-ambassador-onskar-sverige-lycka-till-i-em\/#breadcrumb"},"inLanguage":"sv-SE","potentialAction":[{"@type":"ReadAction","target":["https:\/\/www.budokampsport.se\/2010\/10\/08\/azerbaijans-ambassador-onskar-sverige-lycka-till-i-em\/"]}]},{"@type":"BreadcrumbList","@id":"https:\/\/www.budokampsport.se\/2010\/10\/08\/azerbaijans-ambassador-onskar-sverige-lycka-till-i-em\/#breadcrumb","itemListElement":[{"@type":"ListItem","position":1,"name":"Hem","item":"https:\/\/www.budokampsport.se\/"},{"@type":"ListItem","position":2,"name":"Azerbaijans ambassad\u00f6r \u00f6nskar Sverige lycka till i EM"}]},{"@type":"WebSite","@id":"https:\/\/www.budokampsport.se\/#website","url":"https:\/\/www.budokampsport.se\/","name":"Svenska Budo &amp; Kampsportsf\u00f6rbundet","description":"T\u00e4vling, Tr\u00e4ning, Tradition","potentialAction":[{"@type":"SearchAction","target":{"@type":"EntryPoint","urlTemplate":"https:\/\/www.budokampsport.se\/?s={search_term_string}"},"query-input":{"@type":"PropertyValueSpecification","valueRequired":true,"valueName":"search_term_string"}}],"inLanguage":"sv-SE"},{"@type":"Person","@id":"https:\/\/www.budokampsport.se\/#\/schema\/person\/5c06d81d14850e2a8ce5493386560145","name":"Jonathan Broberg","image":{"@type":"ImageObject","inLanguage":"sv-SE","@id":"https:\/\/www.budokampsport.se\/#\/schema\/person\/image\/","url":"https:\/\/secure.gravatar.com\/avatar\/a58041c6cea9128bd9c40ee2f26d4136?s=96&d=blank&r=g","contentUrl":"https:\/\/secure.gravatar.com\/avatar\/a58041c6cea9128bd9c40ee2f26d4136?s=96&d=blank&r=g","caption":"Jonathan Broberg"},"sameAs":["https:\/\/www.facebook.com\/jonathan.broberg.7"],"url":"https:\/\/www.budokampsport.se\/author\/jonathan\/"}]}},"_links":{"self":[{"href":"https:\/\/www.budokampsport.se\/api\/wp\/v2\/posts\/3547","targetHints":{"allow":["GET"]}}],"collection":[{"href":"https:\/\/www.budokampsport.se\/api\/wp\/v2\/posts"}],"about":[{"href":"https:\/\/www.budokampsport.se\/api\/wp\/v2\/types\/post"}],"author":[{"embeddable":true,"href":"https:\/\/www.budokampsport.se\/api\/wp\/v2\/users\/7"}],"replies":[{"embeddable":true,"href":"https:\/\/www.budokampsport.se\/api\/wp\/v2\/comments?post=3547"}],"version-history":[{"count":0,"href":"https:\/\/www.budokampsport.se\/api\/wp\/v2\/posts\/3547\/revisions"}],"wp:attachment":[{"href":"https:\/\/www.budokampsport.se\/api\/wp\/v2\/media?parent=3547"}],"wp:term":[{"taxonomy":"category","embeddable":true,"href":"https:\/\/www.budokampsport.se\/api\/wp\/v2\/categories?post=3547"},{"taxonomy":"post_tag","embeddable":true,"href":"https:\/\/www.budokampsport.se\/api\/wp\/v2\/tags?post=3547"}],"curies":[{"name":"wp","href":"https:\/\/api.w.org\/{rel}","templated":true}]}}