{"id":3548,"date":"2010-10-08T13:19:28","date_gmt":"2010-10-08T11:19:28","guid":{"rendered":"http:\/\/budo.wordpress.dev\/2010\/10\/08\/kayla-feder-kom-till-sverige-pa-snabbvisit\/"},"modified":"2016-12-06T22:32:11","modified_gmt":"2016-12-06T21:32:11","slug":"kayla-feder-kom-till-sverige-pa-snabbvisit","status":"publish","type":"post","link":"https:\/\/www.budokampsport.se\/2010\/10\/08\/kayla-feder-kom-till-sverige-pa-snabbvisit\/","title":{"rendered":"Kayla Feder kom till Sverige p\u00e5 snabbvisit"},"content":{"rendered":"<p><P><STRONG><IMG alt=\"\" align=middle src=\"\/sites\/default\/files\/kayla.jpg\" width=430 height=287><BR>En av v\u00e4rldens mest meriterade och \u00e4ven h\u00f6gst graderade (6 dan) aikidokvinnor Kayla Feder fr\u00e5n USA kom \u00f6verraskande till Sverige under blixtvisit och instruerade vid Vanadis Aikidoklubb i Stockholm i onsdags.<BR>\u00a0\u00a0 &#8211; Det var b\u00e5de intressant och roligt, s\u00e4ger hon till budokampsport.se.<BR><\/STRONG><!--break--><BR>Svensk aikido h\u00e5ller h\u00f6g internationell klass. Det konstaterade \u00e4ven Kayla Feder, en av v\u00e4rldens mest respekterade aikidodamer under sin vistelse i Sverige i veckan.<BR><BR>Kayla, som \u00e4r god v\u00e4n med Jan Nevelius och d\u00e4rigenom gjorde en snabb avvikare till Sverige, \u00e4r just nu p\u00e5 Europaturn\u00e9. F\u00f6rutom Sverige har hon ocks\u00e5 hunnit med att \u00e5ka till Holland, Schweiz, Danmark och Norge.<BR>\u00a0\u00a0 &#8211; Det \u00e4r f\u00f6rsta g\u00e5ngen jag bes\u00f6ker Sverige. Jag har f\u00e5tt ett mycket fint intryck. Svenskar \u00e4r j\u00e4ttetrevliga och alla har med v\u00e4rme tagit emot mig, s\u00e4ger hon direkt efter sitt pass p\u00e5 Vanadis Aikidoklubb.<BR><BR><STRONG>&#8220;Aikido v\u00e4xer hela tiden&#8221;<\/STRONG><BR>Passet hon ledde vill hon inte kalla f\u00f6r n\u00e5got s\u00e4rskilt, fast hon menar att passen i m\u00e5nga fall ocks\u00e5 \u00e4r beroende p\u00e5 kvaliteten p\u00e5 deltagarna. <BR>\u00a0\u00a0 &#8211; Jo, det var en bra grupp. Fina lyssnare och jag upplevde dem som v\u00e4ldigt dedikerade till aikido. Det var v\u00e4ldigt roligt. Jag f\u00f6rs\u00f6kte att f\u00e5 de att f\u00f6rst\u00e5 sm\u00e5 detaljer till ett st\u00f6rre perspektiv. Ungef\u00e4r som en mikrofilm som ska upp p\u00e5 en bioduk.<BR><BR>Kayla Feder har \u00e4gnat en st\u00f6rre del av sitt liv \u00e5t aikido. Hon har n\u00e5tt l\u00e5ngt, men idrotten g\u00e5r inte att bli full\u00e4rd i, tror hon.<BR>\u00a0\u00a0 &#8211; Nej. Det spelar ingen roll i vilken del av livet du \u00e4r. Aikido v\u00e4xer hela tiden och \u00e4ven om du \u00e4r ung eller gammal, man eller kvinna, \u00e4r det inom dig sj\u00e4lv som den st\u00f6rsta delen aikido finns. S\u00e5 att s\u00e4ga att man \u00e4r full\u00e4rd inom aikido \u00e4r som att s\u00e4ga att du kan allt som livet erbjuder. Vad har man d\u00e5 kvar att g\u00f6ra h\u00e4r?<BR><BR>P\u00e5 fr\u00e5gan om hon vill \u00e5terkomma till Sverige igen, ler hon sitt varma leende tillbaka.<BR>\u00a0\u00a0 &#8211; R\u00e4cker det som svar, skrattar hon.<BR><BR><IMG alt=\"\" align=middle src=\"\/sites\/default\/files\/kayla_en.jpg\" width=430 height=287><BR><BR>Text och foto: Jonathan Broberg<BR>\u00a0<\/P><\/p>\n","protected":false},"excerpt":{"rendered":"<p><P><STRONG><IMG alt=\"\" align=middle src=\"\/sites\/default\/files\/kayla.jpg\" width=430 height=287><BR>En av v\u00e4rldens mest meriterade och \u00e4ven h\u00f6gst graderade (6 dan) aikidokvinnor Kayla Feder fr\u00e5n USA kom \u00f6verraskande till Sverige under blixtvisit och instruerade vid Vanadis Aikidoklubb i Stockholm i onsdags.<BR>\u00a0\u00a0 &#8211; Det var b\u00e5de intressant och roligt, s\u00e4ger hon till budokampsport.se.<BR><\/STRONG><\/p><br>","protected":false},"author":7,"featured_media":0,"comment_status":"closed","ping_status":"closed","sticky":false,"template":"","format":"standard","meta":{"_acf_changed":false,"footnotes":""},"categories":[1],"tags":[],"class_list":["post-3548","post","type-post","status-publish","format-standard","hentry","category-okategoriserade"],"acf":[],"yoast_head":"<!-- This site is optimized with the Yoast SEO plugin v26.8 - https:\/\/yoast.com\/product\/yoast-seo-wordpress\/ -->\n<title>Kayla Feder kom till Sverige p\u00e5 snabbvisit - Svenska Budo &amp; Kampsportsf\u00f6rbundet<\/title>\n<meta name=\"description\" content=\"En av v\u00e4rldens mest meriterade och \u00e4ven h\u00f6gst graderade (6 dan) aikidokvinnor Kayla Feder fr\u00e5n USA kom \u00f6verraskande till Sverige under blixtvisit och instruerade vid Vanadis Aikidoklubb i Stockholm i onsdags.\u00a0\u00a0 - Det var b\u00e5de intressant och roligt, s\u00e4ger hon till budokampsport.se.\" \/>\n<meta name=\"robots\" content=\"index, follow, max-snippet:-1, max-image-preview:large, max-video-preview:-1\" \/>\n<link rel=\"canonical\" href=\"https:\/\/www.budokampsport.se\/2010\/10\/08\/kayla-feder-kom-till-sverige-pa-snabbvisit\/\" \/>\n<meta property=\"og:locale\" content=\"sv_SE\" \/>\n<meta property=\"og:type\" content=\"article\" \/>\n<meta property=\"og:title\" content=\"Kayla Feder kom till Sverige p\u00e5 snabbvisit - Svenska Budo &amp; Kampsportsf\u00f6rbundet\" \/>\n<meta property=\"og:description\" content=\"En av v\u00e4rldens mest meriterade och \u00e4ven h\u00f6gst graderade (6 dan) aikidokvinnor Kayla Feder fr\u00e5n USA kom \u00f6verraskande till Sverige under blixtvisit och instruerade vid Vanadis Aikidoklubb i Stockholm i onsdags.\u00a0\u00a0 - Det var b\u00e5de intressant och roligt, s\u00e4ger hon till budokampsport.se.\" \/>\n<meta property=\"og:url\" content=\"https:\/\/www.budokampsport.se\/2010\/10\/08\/kayla-feder-kom-till-sverige-pa-snabbvisit\/\" \/>\n<meta property=\"og:site_name\" content=\"Svenska Budo &amp; Kampsportsf\u00f6rbundet\" \/>\n<meta property=\"article:author\" content=\"https:\/\/www.facebook.com\/jonathan.broberg.7\" \/>\n<meta property=\"article:published_time\" content=\"2010-10-08T11:19:28+00:00\" \/>\n<meta property=\"article:modified_time\" content=\"2016-12-06T21:32:11+00:00\" \/>\n<meta name=\"author\" content=\"Jonathan Broberg\" \/>\n<meta name=\"twitter:card\" content=\"summary_large_image\" \/>\n<meta name=\"twitter:label1\" content=\"Skriven av\" \/>\n\t<meta name=\"twitter:data1\" content=\"Jonathan Broberg\" \/>\n\t<meta name=\"twitter:label2\" content=\"Ber\u00e4knad l\u00e4stid\" \/>\n\t<meta name=\"twitter:data2\" content=\"2 minuter\" \/>\n<script type=\"application\/ld+json\" class=\"yoast-schema-graph\">{\"@context\":\"https:\/\/schema.org\",\"@graph\":[{\"@type\":\"Article\",\"@id\":\"https:\/\/www.budokampsport.se\/2010\/10\/08\/kayla-feder-kom-till-sverige-pa-snabbvisit\/#article\",\"isPartOf\":{\"@id\":\"https:\/\/www.budokampsport.se\/2010\/10\/08\/kayla-feder-kom-till-sverige-pa-snabbvisit\/\"},\"author\":{\"name\":\"Jonathan Broberg\",\"@id\":\"https:\/\/www.budokampsport.se\/#\/schema\/person\/5c06d81d14850e2a8ce5493386560145\"},\"headline\":\"Kayla Feder kom till Sverige p\u00e5 snabbvisit\",\"datePublished\":\"2010-10-08T11:19:28+00:00\",\"dateModified\":\"2016-12-06T21:32:11+00:00\",\"mainEntityOfPage\":{\"@id\":\"https:\/\/www.budokampsport.se\/2010\/10\/08\/kayla-feder-kom-till-sverige-pa-snabbvisit\/\"},\"wordCount\":383,\"inLanguage\":\"sv-SE\"},{\"@type\":\"WebPage\",\"@id\":\"https:\/\/www.budokampsport.se\/2010\/10\/08\/kayla-feder-kom-till-sverige-pa-snabbvisit\/\",\"url\":\"https:\/\/www.budokampsport.se\/2010\/10\/08\/kayla-feder-kom-till-sverige-pa-snabbvisit\/\",\"name\":\"Kayla Feder kom till Sverige p\u00e5 snabbvisit - Svenska Budo &amp; Kampsportsf\u00f6rbundet\",\"isPartOf\":{\"@id\":\"https:\/\/www.budokampsport.se\/#website\"},\"datePublished\":\"2010-10-08T11:19:28+00:00\",\"dateModified\":\"2016-12-06T21:32:11+00:00\",\"author\":{\"@id\":\"https:\/\/www.budokampsport.se\/#\/schema\/person\/5c06d81d14850e2a8ce5493386560145\"},\"description\":\"En av v\u00e4rldens mest meriterade och \u00e4ven h\u00f6gst graderade (6 dan) aikidokvinnor Kayla Feder fr\u00e5n USA kom \u00f6verraskande till Sverige under blixtvisit och instruerade vid Vanadis Aikidoklubb i Stockholm i onsdags.\u00a0\u00a0 - Det var b\u00e5de intressant och roligt, s\u00e4ger hon till budokampsport.se.\",\"breadcrumb\":{\"@id\":\"https:\/\/www.budokampsport.se\/2010\/10\/08\/kayla-feder-kom-till-sverige-pa-snabbvisit\/#breadcrumb\"},\"inLanguage\":\"sv-SE\",\"potentialAction\":[{\"@type\":\"ReadAction\",\"target\":[\"https:\/\/www.budokampsport.se\/2010\/10\/08\/kayla-feder-kom-till-sverige-pa-snabbvisit\/\"]}]},{\"@type\":\"BreadcrumbList\",\"@id\":\"https:\/\/www.budokampsport.se\/2010\/10\/08\/kayla-feder-kom-till-sverige-pa-snabbvisit\/#breadcrumb\",\"itemListElement\":[{\"@type\":\"ListItem\",\"position\":1,\"name\":\"Hem\",\"item\":\"https:\/\/www.budokampsport.se\/\"},{\"@type\":\"ListItem\",\"position\":2,\"name\":\"Kayla Feder kom till Sverige p\u00e5 snabbvisit\"}]},{\"@type\":\"WebSite\",\"@id\":\"https:\/\/www.budokampsport.se\/#website\",\"url\":\"https:\/\/www.budokampsport.se\/\",\"name\":\"Svenska Budo &amp; Kampsportsf\u00f6rbundet\",\"description\":\"T\u00e4vling, Tr\u00e4ning, Tradition\",\"potentialAction\":[{\"@type\":\"SearchAction\",\"target\":{\"@type\":\"EntryPoint\",\"urlTemplate\":\"https:\/\/www.budokampsport.se\/?s={search_term_string}\"},\"query-input\":{\"@type\":\"PropertyValueSpecification\",\"valueRequired\":true,\"valueName\":\"search_term_string\"}}],\"inLanguage\":\"sv-SE\"},{\"@type\":\"Person\",\"@id\":\"https:\/\/www.budokampsport.se\/#\/schema\/person\/5c06d81d14850e2a8ce5493386560145\",\"name\":\"Jonathan Broberg\",\"image\":{\"@type\":\"ImageObject\",\"inLanguage\":\"sv-SE\",\"@id\":\"https:\/\/www.budokampsport.se\/#\/schema\/person\/image\/\",\"url\":\"https:\/\/secure.gravatar.com\/avatar\/a58041c6cea9128bd9c40ee2f26d4136?s=96&d=blank&r=g\",\"contentUrl\":\"https:\/\/secure.gravatar.com\/avatar\/a58041c6cea9128bd9c40ee2f26d4136?s=96&d=blank&r=g\",\"caption\":\"Jonathan Broberg\"},\"sameAs\":[\"https:\/\/www.facebook.com\/jonathan.broberg.7\"],\"url\":\"https:\/\/www.budokampsport.se\/author\/jonathan\/\"}]}<\/script>\n<!-- \/ Yoast SEO plugin. -->","yoast_head_json":{"title":"Kayla Feder kom till Sverige p\u00e5 snabbvisit - Svenska Budo &amp; Kampsportsf\u00f6rbundet","description":"En av v\u00e4rldens mest meriterade och \u00e4ven h\u00f6gst graderade (6 dan) aikidokvinnor Kayla Feder fr\u00e5n USA kom \u00f6verraskande till Sverige under blixtvisit och instruerade vid Vanadis Aikidoklubb i Stockholm i onsdags.\u00a0\u00a0 - Det var b\u00e5de intressant och roligt, s\u00e4ger hon till budokampsport.se.","robots":{"index":"index","follow":"follow","max-snippet":"max-snippet:-1","max-image-preview":"max-image-preview:large","max-video-preview":"max-video-preview:-1"},"canonical":"https:\/\/www.budokampsport.se\/2010\/10\/08\/kayla-feder-kom-till-sverige-pa-snabbvisit\/","og_locale":"sv_SE","og_type":"article","og_title":"Kayla Feder kom till Sverige p\u00e5 snabbvisit - Svenska Budo &amp; Kampsportsf\u00f6rbundet","og_description":"En av v\u00e4rldens mest meriterade och \u00e4ven h\u00f6gst graderade (6 dan) aikidokvinnor Kayla Feder fr\u00e5n USA kom \u00f6verraskande till Sverige under blixtvisit och instruerade vid Vanadis Aikidoklubb i Stockholm i onsdags.\u00a0\u00a0 - Det var b\u00e5de intressant och roligt, s\u00e4ger hon till budokampsport.se.","og_url":"https:\/\/www.budokampsport.se\/2010\/10\/08\/kayla-feder-kom-till-sverige-pa-snabbvisit\/","og_site_name":"Svenska Budo &amp; Kampsportsf\u00f6rbundet","article_author":"https:\/\/www.facebook.com\/jonathan.broberg.7","article_published_time":"2010-10-08T11:19:28+00:00","article_modified_time":"2016-12-06T21:32:11+00:00","author":"Jonathan Broberg","twitter_card":"summary_large_image","twitter_misc":{"Skriven av":"Jonathan Broberg","Ber\u00e4knad l\u00e4stid":"2 minuter"},"schema":{"@context":"https:\/\/schema.org","@graph":[{"@type":"Article","@id":"https:\/\/www.budokampsport.se\/2010\/10\/08\/kayla-feder-kom-till-sverige-pa-snabbvisit\/#article","isPartOf":{"@id":"https:\/\/www.budokampsport.se\/2010\/10\/08\/kayla-feder-kom-till-sverige-pa-snabbvisit\/"},"author":{"name":"Jonathan Broberg","@id":"https:\/\/www.budokampsport.se\/#\/schema\/person\/5c06d81d14850e2a8ce5493386560145"},"headline":"Kayla Feder kom till Sverige p\u00e5 snabbvisit","datePublished":"2010-10-08T11:19:28+00:00","dateModified":"2016-12-06T21:32:11+00:00","mainEntityOfPage":{"@id":"https:\/\/www.budokampsport.se\/2010\/10\/08\/kayla-feder-kom-till-sverige-pa-snabbvisit\/"},"wordCount":383,"inLanguage":"sv-SE"},{"@type":"WebPage","@id":"https:\/\/www.budokampsport.se\/2010\/10\/08\/kayla-feder-kom-till-sverige-pa-snabbvisit\/","url":"https:\/\/www.budokampsport.se\/2010\/10\/08\/kayla-feder-kom-till-sverige-pa-snabbvisit\/","name":"Kayla Feder kom till Sverige p\u00e5 snabbvisit - Svenska Budo &amp; Kampsportsf\u00f6rbundet","isPartOf":{"@id":"https:\/\/www.budokampsport.se\/#website"},"datePublished":"2010-10-08T11:19:28+00:00","dateModified":"2016-12-06T21:32:11+00:00","author":{"@id":"https:\/\/www.budokampsport.se\/#\/schema\/person\/5c06d81d14850e2a8ce5493386560145"},"description":"En av v\u00e4rldens mest meriterade och \u00e4ven h\u00f6gst graderade (6 dan) aikidokvinnor Kayla Feder fr\u00e5n USA kom \u00f6verraskande till Sverige under blixtvisit och instruerade vid Vanadis Aikidoklubb i Stockholm i onsdags.\u00a0\u00a0 - Det var b\u00e5de intressant och roligt, s\u00e4ger hon till budokampsport.se.","breadcrumb":{"@id":"https:\/\/www.budokampsport.se\/2010\/10\/08\/kayla-feder-kom-till-sverige-pa-snabbvisit\/#breadcrumb"},"inLanguage":"sv-SE","potentialAction":[{"@type":"ReadAction","target":["https:\/\/www.budokampsport.se\/2010\/10\/08\/kayla-feder-kom-till-sverige-pa-snabbvisit\/"]}]},{"@type":"BreadcrumbList","@id":"https:\/\/www.budokampsport.se\/2010\/10\/08\/kayla-feder-kom-till-sverige-pa-snabbvisit\/#breadcrumb","itemListElement":[{"@type":"ListItem","position":1,"name":"Hem","item":"https:\/\/www.budokampsport.se\/"},{"@type":"ListItem","position":2,"name":"Kayla Feder kom till Sverige p\u00e5 snabbvisit"}]},{"@type":"WebSite","@id":"https:\/\/www.budokampsport.se\/#website","url":"https:\/\/www.budokampsport.se\/","name":"Svenska Budo &amp; Kampsportsf\u00f6rbundet","description":"T\u00e4vling, Tr\u00e4ning, Tradition","potentialAction":[{"@type":"SearchAction","target":{"@type":"EntryPoint","urlTemplate":"https:\/\/www.budokampsport.se\/?s={search_term_string}"},"query-input":{"@type":"PropertyValueSpecification","valueRequired":true,"valueName":"search_term_string"}}],"inLanguage":"sv-SE"},{"@type":"Person","@id":"https:\/\/www.budokampsport.se\/#\/schema\/person\/5c06d81d14850e2a8ce5493386560145","name":"Jonathan Broberg","image":{"@type":"ImageObject","inLanguage":"sv-SE","@id":"https:\/\/www.budokampsport.se\/#\/schema\/person\/image\/","url":"https:\/\/secure.gravatar.com\/avatar\/a58041c6cea9128bd9c40ee2f26d4136?s=96&d=blank&r=g","contentUrl":"https:\/\/secure.gravatar.com\/avatar\/a58041c6cea9128bd9c40ee2f26d4136?s=96&d=blank&r=g","caption":"Jonathan Broberg"},"sameAs":["https:\/\/www.facebook.com\/jonathan.broberg.7"],"url":"https:\/\/www.budokampsport.se\/author\/jonathan\/"}]}},"_links":{"self":[{"href":"https:\/\/www.budokampsport.se\/api\/wp\/v2\/posts\/3548","targetHints":{"allow":["GET"]}}],"collection":[{"href":"https:\/\/www.budokampsport.se\/api\/wp\/v2\/posts"}],"about":[{"href":"https:\/\/www.budokampsport.se\/api\/wp\/v2\/types\/post"}],"author":[{"embeddable":true,"href":"https:\/\/www.budokampsport.se\/api\/wp\/v2\/users\/7"}],"replies":[{"embeddable":true,"href":"https:\/\/www.budokampsport.se\/api\/wp\/v2\/comments?post=3548"}],"version-history":[{"count":0,"href":"https:\/\/www.budokampsport.se\/api\/wp\/v2\/posts\/3548\/revisions"}],"wp:attachment":[{"href":"https:\/\/www.budokampsport.se\/api\/wp\/v2\/media?parent=3548"}],"wp:term":[{"taxonomy":"category","embeddable":true,"href":"https:\/\/www.budokampsport.se\/api\/wp\/v2\/categories?post=3548"},{"taxonomy":"post_tag","embeddable":true,"href":"https:\/\/www.budokampsport.se\/api\/wp\/v2\/tags?post=3548"}],"curies":[{"name":"wp","href":"https:\/\/api.w.org\/{rel}","templated":true}]}}