{"id":3552,"date":"2010-10-14T13:17:14","date_gmt":"2010-10-14T11:17:14","guid":{"rendered":"http:\/\/budo.wordpress.dev\/2010\/10\/14\/kyokushins-forsta-sm-stalls-in\/"},"modified":"2016-12-06T22:32:12","modified_gmt":"2016-12-06T21:32:12","slug":"kyokushins-forsta-sm-stalls-in","status":"publish","type":"post","link":"https:\/\/www.budokampsport.se\/2010\/10\/14\/kyokushins-forsta-sm-stalls-in\/","title":{"rendered":"Kyokushins f\u00f6rsta SM st\u00e4lls in"},"content":{"rendered":"<p><P><STRONG><SPAN style=\"COLOR: black\"><IMG alt=\"\" align=right src=\"\/sites\/default\/files\/kyokushin_installt.jpg\" width=200 height=228>F\u00f6r ett tag sedan uppdagades det att Svenska Karatef\u00f6rbundet har f\u00e5tt SM-status av RF f\u00f6r Kyokushin &#8211; trots att idrotten ligger hos Svenska Budo &#038; Kampsportsf\u00f6rbundet. Ett beslut som b\u00e5de ber\u00f6r och uppr\u00f6r Kyokushinsverige.<BR>\u00a0\u00a0 &#8211; Jag \u00e4r enormt besviken. Det har blivit politik och det \u00e4r v\u00e5ra idrottare som blir lidande, s\u00e4ger Kyokushinf\u00f6rbundets ordf\u00f6rande Virpi Alajarva.<\/SPAN><\/STRONG><SPAN style=\"COLOR: black\"><BR><!--break--><BR>Vid 2009 \u00e5rs \u00e5rsst\u00e4mma beslutades att Kyokushin \u00e4r en egen idrott som fick ett eget underf\u00f6rbund under Svenska Budo &#038; Kampsportsf\u00f6rbundet. <BR><BR><STRONG>&#8220;Vill inte ha pajkastning&#8221;<\/STRONG><BR>Det st\u00e4mmobeslutet r\u00f6stade alla f\u00f6r, \u00e4ven karaten som d\u00e5 fortfarande var med i Svenska Budo &#038; Kampsportsf\u00f6rbundet. \u00c4nd\u00e5 har Svenska Karatef\u00f6rbundet, utan att meddela SB&#038;K, b\u00e5de s\u00f6kt och f\u00e5tt SM f\u00f6r Kyokushin. D\u00e4rmed hindras Kyokushin att inom SB&#038;K anordna SM. Svenska Budo &#038; Kampsportf\u00f6rbundet forts\u00e4tter sj\u00e4lvfallet att arbeta f\u00f6r att SM ska ligga d\u00e4r idrotten finns.<BR>\u00a0\u00a0 &#8211; Jag vill inte ha n\u00e5gon pajkastning. Jag f\u00f6rlitar mig p\u00e5 den formella g\u00e5ngen, den har vi f\u00f6ljt hela tiden. Det \u00e4r otroligt synd om v\u00e5ra idrottare som inte f\u00e5r ha sitt efterl\u00e4ngtade SM, s\u00e4ger Virpi Alajarva.<BR><BR><STRONG>&#8220;Tr\u00e5kigt och tomt&#8221;<\/STRONG><BR>Jimmie Collin tillh\u00f6r Keiko, den klubb som skulle ha arrangerat f\u00f6rsta SM f\u00f6r Kyokushin den 23:e oktober. Jimmie \u00e4r ocks\u00e5 Sveriges kanske st\u00f6rste stj\u00e4rna inom Kyokushin, med flera internationella m\u00e4sterskapsmedaljer p\u00e5 meritlistan.<BR>\u00a0\u00a0 &#8211; Jag \u00e4r chockad. Det k\u00e4nns oerh\u00f6rt tr\u00e5kigt och tomt. Jag hade verkligen sett fram emot att f\u00e5 chansen att tampas om att bli svensk m\u00e4stare. <BR>\u00a0\u00a0 &#8211; Det \u00e4r som om Badminton skulle ges SM-status i tennis. Jag \u00e4r s\u00e5 klart j\u00e4ttebesviken, s\u00e4ger Collin.<BR><BR>Virpi Alajarva h\u00e5ller med om att processen \u00e4r m\u00e4rklig och hennes besvikelse \u00f6ver det uteblivna SM:et \u00e4r p\u00e5taglig.<BR>\u00a0\u00a0 &#8211; F\u00f6rst och fr\u00e4mst \u00e4r jag besviken \u00f6ver att v\u00e5ra idrottare blir drabbade av den s\u00e5 kallade politiken, de f\u00e5r inte t\u00e4vla. Sedan ocks\u00e5 f\u00f6r att vi har f\u00f6ljt spelreglerna och \u00e4nd\u00e5 \u00e4r det vi som inte f\u00e5r ha SM i Kyokushin den 23 oktober.<BR><BR>Ocks\u00e5 Svenska Budo &#038; Kampsportsf\u00f6rbundets ordf\u00f6rande Stefan Stenudd \u00e4r bedr\u00f6vad \u00f6ver den uppkomna situationen.<BR>\u00a0\u00a0 <\/SPAN><SPAN style=\"COLOR: black\">\u00a0&#8211; Det \u00e4r f\u00f6rf\u00e4rligt att idrottare nekas SM i sin egen idrott. Det kan vi inte acceptera.<BR><BR><\/SPAN><SPAN style=\"COLOR: black\">Text: Jonathan Broberg<\/SPAN><\/P><\/p>\n","protected":false},"excerpt":{"rendered":"<p><P><STRONG><SPAN style=\"COLOR: black\"><IMG alt=\"\" align=right src=\"\/sites\/default\/files\/kyokushin_installt.jpg\" width=200 height=228>F\u00f6r ett tag sedan uppdagades det att Svenska Karatef\u00f6rbundet har f\u00e5tt SM-status av RF f\u00f6r Kyokushin &#8211; trots att idrotten ligger hos Svenska Budo &#038; Kampsportsf\u00f6rbundet. Ett beslut som b\u00e5de ber\u00f6r och uppr\u00f6r Kyokushinsverige.<BR>\u00a0\u00a0 &#8211; Jag \u00e4r enormt besviken. Det har blivit politik och det \u00e4r v\u00e5ra idrottare som blir lidande, s\u00e4ger Kyokushinf\u00f6rbundets ordf\u00f6rande Virpi Alajarva.<\/SPAN><\/STRONG><SPAN style=\"COLOR: black\"><BR><\/p><br>","protected":false},"author":7,"featured_media":0,"comment_status":"closed","ping_status":"closed","sticky":false,"template":"","format":"standard","meta":{"_acf_changed":false,"footnotes":""},"categories":[1],"tags":[],"class_list":["post-3552","post","type-post","status-publish","format-standard","hentry","category-okategoriserade"],"acf":[],"yoast_head":"<!-- This site is optimized with the Yoast SEO plugin v26.8 - https:\/\/yoast.com\/product\/yoast-seo-wordpress\/ -->\n<title>Kyokushins f\u00f6rsta SM st\u00e4lls in - Svenska Budo &amp; Kampsportsf\u00f6rbundet<\/title>\n<meta name=\"description\" content=\"F\u00f6r ett tag sedan uppdagades det att Svenska Karatef\u00f6rbundet har f\u00e5tt SM-status av RF f\u00f6r Kyokushin - trots att idrotten ligger hos Svenska Budo &amp; Kampsportsf\u00f6rbundet. Ett beslut som b\u00e5de ber\u00f6r och uppr\u00f6r Kyokushinsverige.\u00a0\u00a0 - Jag \u00e4r enormt besviken. Det har blivit politik och det \u00e4r v\u00e5ra idrottare som blir lidande, s\u00e4ger Kyokushinf\u00f6rbundets ordf\u00f6rande Virpi Alajarva.\" \/>\n<meta name=\"robots\" content=\"index, follow, max-snippet:-1, max-image-preview:large, max-video-preview:-1\" \/>\n<link rel=\"canonical\" href=\"https:\/\/www.budokampsport.se\/2010\/10\/14\/kyokushins-forsta-sm-stalls-in\/\" \/>\n<meta property=\"og:locale\" content=\"sv_SE\" \/>\n<meta property=\"og:type\" content=\"article\" \/>\n<meta property=\"og:title\" content=\"Kyokushins f\u00f6rsta SM st\u00e4lls in - Svenska Budo &amp; Kampsportsf\u00f6rbundet\" \/>\n<meta property=\"og:description\" content=\"F\u00f6r ett tag sedan uppdagades det att Svenska Karatef\u00f6rbundet har f\u00e5tt SM-status av RF f\u00f6r Kyokushin - trots att idrotten ligger hos Svenska Budo &amp; Kampsportsf\u00f6rbundet. Ett beslut som b\u00e5de ber\u00f6r och uppr\u00f6r Kyokushinsverige.\u00a0\u00a0 - Jag \u00e4r enormt besviken. Det har blivit politik och det \u00e4r v\u00e5ra idrottare som blir lidande, s\u00e4ger Kyokushinf\u00f6rbundets ordf\u00f6rande Virpi Alajarva.\" \/>\n<meta property=\"og:url\" content=\"https:\/\/www.budokampsport.se\/2010\/10\/14\/kyokushins-forsta-sm-stalls-in\/\" \/>\n<meta property=\"og:site_name\" content=\"Svenska Budo &amp; Kampsportsf\u00f6rbundet\" \/>\n<meta property=\"article:author\" content=\"https:\/\/www.facebook.com\/jonathan.broberg.7\" \/>\n<meta property=\"article:published_time\" content=\"2010-10-14T11:17:14+00:00\" \/>\n<meta property=\"article:modified_time\" content=\"2016-12-06T21:32:12+00:00\" \/>\n<meta name=\"author\" content=\"Jonathan Broberg\" \/>\n<meta name=\"twitter:card\" content=\"summary_large_image\" \/>\n<meta name=\"twitter:label1\" content=\"Skriven av\" \/>\n\t<meta name=\"twitter:data1\" content=\"Jonathan Broberg\" \/>\n\t<meta name=\"twitter:label2\" content=\"Ber\u00e4knad l\u00e4stid\" \/>\n\t<meta name=\"twitter:data2\" content=\"2 minuter\" \/>\n<script type=\"application\/ld+json\" class=\"yoast-schema-graph\">{\"@context\":\"https:\/\/schema.org\",\"@graph\":[{\"@type\":\"Article\",\"@id\":\"https:\/\/www.budokampsport.se\/2010\/10\/14\/kyokushins-forsta-sm-stalls-in\/#article\",\"isPartOf\":{\"@id\":\"https:\/\/www.budokampsport.se\/2010\/10\/14\/kyokushins-forsta-sm-stalls-in\/\"},\"author\":{\"name\":\"Jonathan Broberg\",\"@id\":\"https:\/\/www.budokampsport.se\/#\/schema\/person\/5c06d81d14850e2a8ce5493386560145\"},\"headline\":\"Kyokushins f\u00f6rsta SM st\u00e4lls in\",\"datePublished\":\"2010-10-14T11:17:14+00:00\",\"dateModified\":\"2016-12-06T21:32:12+00:00\",\"mainEntityOfPage\":{\"@id\":\"https:\/\/www.budokampsport.se\/2010\/10\/14\/kyokushins-forsta-sm-stalls-in\/\"},\"wordCount\":420,\"inLanguage\":\"sv-SE\"},{\"@type\":\"WebPage\",\"@id\":\"https:\/\/www.budokampsport.se\/2010\/10\/14\/kyokushins-forsta-sm-stalls-in\/\",\"url\":\"https:\/\/www.budokampsport.se\/2010\/10\/14\/kyokushins-forsta-sm-stalls-in\/\",\"name\":\"Kyokushins f\u00f6rsta SM st\u00e4lls in - Svenska Budo &amp; Kampsportsf\u00f6rbundet\",\"isPartOf\":{\"@id\":\"https:\/\/www.budokampsport.se\/#website\"},\"datePublished\":\"2010-10-14T11:17:14+00:00\",\"dateModified\":\"2016-12-06T21:32:12+00:00\",\"author\":{\"@id\":\"https:\/\/www.budokampsport.se\/#\/schema\/person\/5c06d81d14850e2a8ce5493386560145\"},\"description\":\"F\u00f6r ett tag sedan uppdagades det att Svenska Karatef\u00f6rbundet har f\u00e5tt SM-status av RF f\u00f6r Kyokushin - trots att idrotten ligger hos Svenska Budo & Kampsportsf\u00f6rbundet. Ett beslut som b\u00e5de ber\u00f6r och uppr\u00f6r Kyokushinsverige.\u00a0\u00a0 - Jag \u00e4r enormt besviken. Det har blivit politik och det \u00e4r v\u00e5ra idrottare som blir lidande, s\u00e4ger Kyokushinf\u00f6rbundets ordf\u00f6rande Virpi Alajarva.\",\"breadcrumb\":{\"@id\":\"https:\/\/www.budokampsport.se\/2010\/10\/14\/kyokushins-forsta-sm-stalls-in\/#breadcrumb\"},\"inLanguage\":\"sv-SE\",\"potentialAction\":[{\"@type\":\"ReadAction\",\"target\":[\"https:\/\/www.budokampsport.se\/2010\/10\/14\/kyokushins-forsta-sm-stalls-in\/\"]}]},{\"@type\":\"BreadcrumbList\",\"@id\":\"https:\/\/www.budokampsport.se\/2010\/10\/14\/kyokushins-forsta-sm-stalls-in\/#breadcrumb\",\"itemListElement\":[{\"@type\":\"ListItem\",\"position\":1,\"name\":\"Hem\",\"item\":\"https:\/\/www.budokampsport.se\/\"},{\"@type\":\"ListItem\",\"position\":2,\"name\":\"Kyokushins f\u00f6rsta SM st\u00e4lls in\"}]},{\"@type\":\"WebSite\",\"@id\":\"https:\/\/www.budokampsport.se\/#website\",\"url\":\"https:\/\/www.budokampsport.se\/\",\"name\":\"Svenska Budo &amp; Kampsportsf\u00f6rbundet\",\"description\":\"T\u00e4vling, Tr\u00e4ning, Tradition\",\"potentialAction\":[{\"@type\":\"SearchAction\",\"target\":{\"@type\":\"EntryPoint\",\"urlTemplate\":\"https:\/\/www.budokampsport.se\/?s={search_term_string}\"},\"query-input\":{\"@type\":\"PropertyValueSpecification\",\"valueRequired\":true,\"valueName\":\"search_term_string\"}}],\"inLanguage\":\"sv-SE\"},{\"@type\":\"Person\",\"@id\":\"https:\/\/www.budokampsport.se\/#\/schema\/person\/5c06d81d14850e2a8ce5493386560145\",\"name\":\"Jonathan Broberg\",\"image\":{\"@type\":\"ImageObject\",\"inLanguage\":\"sv-SE\",\"@id\":\"https:\/\/www.budokampsport.se\/#\/schema\/person\/image\/\",\"url\":\"https:\/\/secure.gravatar.com\/avatar\/a58041c6cea9128bd9c40ee2f26d4136?s=96&d=blank&r=g\",\"contentUrl\":\"https:\/\/secure.gravatar.com\/avatar\/a58041c6cea9128bd9c40ee2f26d4136?s=96&d=blank&r=g\",\"caption\":\"Jonathan Broberg\"},\"sameAs\":[\"https:\/\/www.facebook.com\/jonathan.broberg.7\"],\"url\":\"https:\/\/www.budokampsport.se\/author\/jonathan\/\"}]}<\/script>\n<!-- \/ Yoast SEO plugin. -->","yoast_head_json":{"title":"Kyokushins f\u00f6rsta SM st\u00e4lls in - Svenska Budo &amp; Kampsportsf\u00f6rbundet","description":"F\u00f6r ett tag sedan uppdagades det att Svenska Karatef\u00f6rbundet har f\u00e5tt SM-status av RF f\u00f6r Kyokushin - trots att idrotten ligger hos Svenska Budo & Kampsportsf\u00f6rbundet. Ett beslut som b\u00e5de ber\u00f6r och uppr\u00f6r Kyokushinsverige.\u00a0\u00a0 - Jag \u00e4r enormt besviken. Det har blivit politik och det \u00e4r v\u00e5ra idrottare som blir lidande, s\u00e4ger Kyokushinf\u00f6rbundets ordf\u00f6rande Virpi Alajarva.","robots":{"index":"index","follow":"follow","max-snippet":"max-snippet:-1","max-image-preview":"max-image-preview:large","max-video-preview":"max-video-preview:-1"},"canonical":"https:\/\/www.budokampsport.se\/2010\/10\/14\/kyokushins-forsta-sm-stalls-in\/","og_locale":"sv_SE","og_type":"article","og_title":"Kyokushins f\u00f6rsta SM st\u00e4lls in - Svenska Budo &amp; Kampsportsf\u00f6rbundet","og_description":"F\u00f6r ett tag sedan uppdagades det att Svenska Karatef\u00f6rbundet har f\u00e5tt SM-status av RF f\u00f6r Kyokushin - trots att idrotten ligger hos Svenska Budo & Kampsportsf\u00f6rbundet. Ett beslut som b\u00e5de ber\u00f6r och uppr\u00f6r Kyokushinsverige.\u00a0\u00a0 - Jag \u00e4r enormt besviken. Det har blivit politik och det \u00e4r v\u00e5ra idrottare som blir lidande, s\u00e4ger Kyokushinf\u00f6rbundets ordf\u00f6rande Virpi Alajarva.","og_url":"https:\/\/www.budokampsport.se\/2010\/10\/14\/kyokushins-forsta-sm-stalls-in\/","og_site_name":"Svenska Budo &amp; Kampsportsf\u00f6rbundet","article_author":"https:\/\/www.facebook.com\/jonathan.broberg.7","article_published_time":"2010-10-14T11:17:14+00:00","article_modified_time":"2016-12-06T21:32:12+00:00","author":"Jonathan Broberg","twitter_card":"summary_large_image","twitter_misc":{"Skriven av":"Jonathan Broberg","Ber\u00e4knad l\u00e4stid":"2 minuter"},"schema":{"@context":"https:\/\/schema.org","@graph":[{"@type":"Article","@id":"https:\/\/www.budokampsport.se\/2010\/10\/14\/kyokushins-forsta-sm-stalls-in\/#article","isPartOf":{"@id":"https:\/\/www.budokampsport.se\/2010\/10\/14\/kyokushins-forsta-sm-stalls-in\/"},"author":{"name":"Jonathan Broberg","@id":"https:\/\/www.budokampsport.se\/#\/schema\/person\/5c06d81d14850e2a8ce5493386560145"},"headline":"Kyokushins f\u00f6rsta SM st\u00e4lls in","datePublished":"2010-10-14T11:17:14+00:00","dateModified":"2016-12-06T21:32:12+00:00","mainEntityOfPage":{"@id":"https:\/\/www.budokampsport.se\/2010\/10\/14\/kyokushins-forsta-sm-stalls-in\/"},"wordCount":420,"inLanguage":"sv-SE"},{"@type":"WebPage","@id":"https:\/\/www.budokampsport.se\/2010\/10\/14\/kyokushins-forsta-sm-stalls-in\/","url":"https:\/\/www.budokampsport.se\/2010\/10\/14\/kyokushins-forsta-sm-stalls-in\/","name":"Kyokushins f\u00f6rsta SM st\u00e4lls in - Svenska Budo &amp; Kampsportsf\u00f6rbundet","isPartOf":{"@id":"https:\/\/www.budokampsport.se\/#website"},"datePublished":"2010-10-14T11:17:14+00:00","dateModified":"2016-12-06T21:32:12+00:00","author":{"@id":"https:\/\/www.budokampsport.se\/#\/schema\/person\/5c06d81d14850e2a8ce5493386560145"},"description":"F\u00f6r ett tag sedan uppdagades det att Svenska Karatef\u00f6rbundet har f\u00e5tt SM-status av RF f\u00f6r Kyokushin - trots att idrotten ligger hos Svenska Budo & Kampsportsf\u00f6rbundet. Ett beslut som b\u00e5de ber\u00f6r och uppr\u00f6r Kyokushinsverige.\u00a0\u00a0 - Jag \u00e4r enormt besviken. Det har blivit politik och det \u00e4r v\u00e5ra idrottare som blir lidande, s\u00e4ger Kyokushinf\u00f6rbundets ordf\u00f6rande Virpi Alajarva.","breadcrumb":{"@id":"https:\/\/www.budokampsport.se\/2010\/10\/14\/kyokushins-forsta-sm-stalls-in\/#breadcrumb"},"inLanguage":"sv-SE","potentialAction":[{"@type":"ReadAction","target":["https:\/\/www.budokampsport.se\/2010\/10\/14\/kyokushins-forsta-sm-stalls-in\/"]}]},{"@type":"BreadcrumbList","@id":"https:\/\/www.budokampsport.se\/2010\/10\/14\/kyokushins-forsta-sm-stalls-in\/#breadcrumb","itemListElement":[{"@type":"ListItem","position":1,"name":"Hem","item":"https:\/\/www.budokampsport.se\/"},{"@type":"ListItem","position":2,"name":"Kyokushins f\u00f6rsta SM st\u00e4lls in"}]},{"@type":"WebSite","@id":"https:\/\/www.budokampsport.se\/#website","url":"https:\/\/www.budokampsport.se\/","name":"Svenska Budo &amp; Kampsportsf\u00f6rbundet","description":"T\u00e4vling, Tr\u00e4ning, Tradition","potentialAction":[{"@type":"SearchAction","target":{"@type":"EntryPoint","urlTemplate":"https:\/\/www.budokampsport.se\/?s={search_term_string}"},"query-input":{"@type":"PropertyValueSpecification","valueRequired":true,"valueName":"search_term_string"}}],"inLanguage":"sv-SE"},{"@type":"Person","@id":"https:\/\/www.budokampsport.se\/#\/schema\/person\/5c06d81d14850e2a8ce5493386560145","name":"Jonathan Broberg","image":{"@type":"ImageObject","inLanguage":"sv-SE","@id":"https:\/\/www.budokampsport.se\/#\/schema\/person\/image\/","url":"https:\/\/secure.gravatar.com\/avatar\/a58041c6cea9128bd9c40ee2f26d4136?s=96&d=blank&r=g","contentUrl":"https:\/\/secure.gravatar.com\/avatar\/a58041c6cea9128bd9c40ee2f26d4136?s=96&d=blank&r=g","caption":"Jonathan Broberg"},"sameAs":["https:\/\/www.facebook.com\/jonathan.broberg.7"],"url":"https:\/\/www.budokampsport.se\/author\/jonathan\/"}]}},"_links":{"self":[{"href":"https:\/\/www.budokampsport.se\/api\/wp\/v2\/posts\/3552","targetHints":{"allow":["GET"]}}],"collection":[{"href":"https:\/\/www.budokampsport.se\/api\/wp\/v2\/posts"}],"about":[{"href":"https:\/\/www.budokampsport.se\/api\/wp\/v2\/types\/post"}],"author":[{"embeddable":true,"href":"https:\/\/www.budokampsport.se\/api\/wp\/v2\/users\/7"}],"replies":[{"embeddable":true,"href":"https:\/\/www.budokampsport.se\/api\/wp\/v2\/comments?post=3552"}],"version-history":[{"count":0,"href":"https:\/\/www.budokampsport.se\/api\/wp\/v2\/posts\/3552\/revisions"}],"wp:attachment":[{"href":"https:\/\/www.budokampsport.se\/api\/wp\/v2\/media?parent=3552"}],"wp:term":[{"taxonomy":"category","embeddable":true,"href":"https:\/\/www.budokampsport.se\/api\/wp\/v2\/categories?post=3552"},{"taxonomy":"post_tag","embeddable":true,"href":"https:\/\/www.budokampsport.se\/api\/wp\/v2\/tags?post=3552"}],"curies":[{"name":"wp","href":"https:\/\/api.w.org\/{rel}","templated":true}]}}