{"id":3558,"date":"2010-10-20T09:49:00","date_gmt":"2010-10-20T07:49:00","guid":{"rendered":"http:\/\/budo.wordpress.dev\/2010\/10\/20\/senaste-nytt-tider-for-dagens-svenska-framtradanden\/"},"modified":"2016-12-06T22:32:14","modified_gmt":"2016-12-06T21:32:14","slug":"senaste-nytt-tider-for-dagens-svenska-framtradanden","status":"publish","type":"post","link":"https:\/\/www.budokampsport.se\/2010\/10\/20\/senaste-nytt-tider-for-dagens-svenska-framtradanden\/","title":{"rendered":"Senaste nytt: Tider f\u00f6r dagens svenska framtr\u00e4danden"},"content":{"rendered":"<p><P><SPAN style=\"FONT-FAMILY: 'Calibri', 'sans-serif'; FONT-SIZE: 11pt; mso-fareast-font-family: Calibri; mso-fareast-theme-font: minor-latin; mso-ansi-language: SV; mso-fareast-language: EN-US; mso-bidi-language: AR-SA; mso-ascii-theme-font: minor-latin; mso-hansi-theme-font: minor-latin; mso-bidi-font-family: 'Times New Roman'; mso-bidi-theme-font: minor-bidi\"><SPAN><STRONG><SPAN style=\"FONT-FAMILY: 'Calibri', 'sans-serif'; mso-ascii-theme-font: minor-latin; mso-hansi-theme-font: minor-latin; mso-bidi-font-family: 'Times New Roman'; mso-bidi-theme-font: minor-bidi\"><IMG alt=\"\" align=right src=\"\/sites\/default\/files\/5085.jpg\" width=75 height=106>Utefter grymt knapph\u00e4ndig information som finns tillg\u00e4nglig kan vi \u00e5tminstone ber\u00e4tta\u00a0om n\u00e4r svenskarna i dag planeras g\u00e5 sina matcher under eftermiddagen.<\/SPAN><BR><!--break--><BR><\/STRONG>Klart \u00e4r att Elin Eriksson g\u00e5r kvartsfinal mot Severine Guilpin fr\u00e5n Frankrike. Om tiden f\u00f6r matchen n\u00e5gorlunda f\u00f6ljs startar den runt klockan 15.00.<BR><BR>Farzad Rangrazian m\u00f6ter senare ikv\u00e4ll, runt 18.00, Ismail Inci fr\u00e5n Turkiet. Matchen \u00e4r en kvartsfinal i herrarnas FCLK.<BR><BR>Therese Gunnarsson m\u00f6ter klockan 17.00 ryskan Yulia Elskaya. Ocks\u00e5 denna match \u00e4r en kvartsfinal i damernas K-1.<BR><BR>Ocks\u00e5 Emma Hell L\u00f6vgren st\u00f6ter p\u00e5 ryskt motst\u00e5nd i sin kvartsfinal. Emma m\u00f6ter Yuliya Kuznetsova i K-1 och matchstart planeras till runt klockan 18.00.<BR><BR>Kvartsfinal blir det ocks\u00e5 f\u00f6r Mohammad Hassan Al-Naib som st\u00f6ter p\u00e5 serbiskt motst\u00e5nd i form av Sreteh Miletic. Matchstart runt 18.40.<BR><BR>I light kontakten m\u00f6ter Marcus Olsson snart schweizaren David Demian Schaerer. Matchen r\u00e4knas b\u00f6rja 12.10.<BR><BR>14.50 M\u00f6ter Kristin Skante ungerskan Monika Molnar i kvartfinal, \u00e4ven det i light kontakt<\/SPAN><BR><\/SPAN><SPAN style=\"FONT-FAMILY: 'Arial', 'sans-serif'; FONT-SIZE: 11pt; mso-fareast-font-family: Calibri; mso-fareast-theme-font: minor-latin; mso-ansi-language: SV; mso-fareast-language: EN-US; mso-bidi-language: AR-SA\"><BR>OBS! Dessa tider \u00e4r lokala f\u00f6r Azerbaijan.<\/SPAN><\/P><\/p>\n","protected":false},"excerpt":{"rendered":"<p><P><SPAN style=\"FONT-FAMILY: 'Calibri', 'sans-serif'; FONT-SIZE: 11pt; mso-fareast-font-family: Calibri; mso-fareast-theme-font: minor-latin; mso-ansi-language: SV; mso-fareast-language: EN-US; mso-bidi-language: AR-SA; mso-ascii-theme-font: minor-latin; mso-hansi-theme-font: minor-latin; mso-bidi-font-family: 'Times New Roman'; mso-bidi-theme-font: minor-bidi\"><SPAN><STRONG><SPAN style=\"FONT-FAMILY: 'Calibri', 'sans-serif'; mso-ascii-theme-font: minor-latin; mso-hansi-theme-font: minor-latin; mso-bidi-font-family: 'Times New Roman'; mso-bidi-theme-font: minor-bidi\"><IMG alt=\"\" align=right src=\"\/sites\/default\/files\/5085.jpg\" width=75 height=106>Utefter grymt knapph\u00e4ndig information som finns tillg\u00e4nglig kan vi \u00e5tminstone ber\u00e4tta\u00a0om n\u00e4r svenskarna i dag planeras g\u00e5 sina matcher under eftermiddagen.<\/SPAN><BR><\/p><br>","protected":false},"author":7,"featured_media":0,"comment_status":"closed","ping_status":"closed","sticky":false,"template":"","format":"standard","meta":{"_acf_changed":false,"footnotes":""},"categories":[1],"tags":[],"class_list":["post-3558","post","type-post","status-publish","format-standard","hentry","category-okategoriserade"],"acf":[],"yoast_head":"<!-- This site is optimized with the Yoast SEO plugin v26.8 - https:\/\/yoast.com\/product\/yoast-seo-wordpress\/ -->\n<title>Senaste nytt: Tider f\u00f6r dagens svenska framtr\u00e4danden - Svenska Budo &amp; Kampsportsf\u00f6rbundet<\/title>\n<meta name=\"description\" content=\"Utefter grymt knapph\u00e4ndig information som finns tillg\u00e4nglig kan vi \u00e5tminstone ber\u00e4tta\u00a0om n\u00e4r svenskarna i dag planeras g\u00e5 sina matcher under eftermiddagen.\" \/>\n<meta name=\"robots\" content=\"index, follow, max-snippet:-1, max-image-preview:large, max-video-preview:-1\" \/>\n<link rel=\"canonical\" href=\"https:\/\/www.budokampsport.se\/2010\/10\/20\/senaste-nytt-tider-for-dagens-svenska-framtradanden\/\" \/>\n<meta property=\"og:locale\" content=\"sv_SE\" \/>\n<meta property=\"og:type\" content=\"article\" \/>\n<meta property=\"og:title\" content=\"Senaste nytt: Tider f\u00f6r dagens svenska framtr\u00e4danden - Svenska Budo &amp; Kampsportsf\u00f6rbundet\" \/>\n<meta property=\"og:description\" content=\"Utefter grymt knapph\u00e4ndig information som finns tillg\u00e4nglig kan vi \u00e5tminstone ber\u00e4tta\u00a0om n\u00e4r svenskarna i dag planeras g\u00e5 sina matcher under eftermiddagen.\" \/>\n<meta property=\"og:url\" content=\"https:\/\/www.budokampsport.se\/2010\/10\/20\/senaste-nytt-tider-for-dagens-svenska-framtradanden\/\" \/>\n<meta property=\"og:site_name\" content=\"Svenska Budo &amp; Kampsportsf\u00f6rbundet\" \/>\n<meta property=\"article:author\" content=\"https:\/\/www.facebook.com\/jonathan.broberg.7\" \/>\n<meta property=\"article:published_time\" content=\"2010-10-20T07:49:00+00:00\" \/>\n<meta property=\"article:modified_time\" content=\"2016-12-06T21:32:14+00:00\" \/>\n<meta name=\"author\" content=\"Jonathan Broberg\" \/>\n<meta name=\"twitter:card\" content=\"summary_large_image\" \/>\n<meta name=\"twitter:label1\" content=\"Skriven av\" \/>\n\t<meta name=\"twitter:data1\" content=\"Jonathan Broberg\" \/>\n\t<meta name=\"twitter:label2\" content=\"Ber\u00e4knad l\u00e4stid\" \/>\n\t<meta name=\"twitter:data2\" content=\"1 minut\" \/>\n<script type=\"application\/ld+json\" class=\"yoast-schema-graph\">{\"@context\":\"https:\/\/schema.org\",\"@graph\":[{\"@type\":\"Article\",\"@id\":\"https:\/\/www.budokampsport.se\/2010\/10\/20\/senaste-nytt-tider-for-dagens-svenska-framtradanden\/#article\",\"isPartOf\":{\"@id\":\"https:\/\/www.budokampsport.se\/2010\/10\/20\/senaste-nytt-tider-for-dagens-svenska-framtradanden\/\"},\"author\":{\"name\":\"Jonathan Broberg\",\"@id\":\"https:\/\/www.budokampsport.se\/#\/schema\/person\/5c06d81d14850e2a8ce5493386560145\"},\"headline\":\"Senaste nytt: Tider f\u00f6r dagens svenska framtr\u00e4danden\",\"datePublished\":\"2010-10-20T07:49:00+00:00\",\"dateModified\":\"2016-12-06T21:32:14+00:00\",\"mainEntityOfPage\":{\"@id\":\"https:\/\/www.budokampsport.se\/2010\/10\/20\/senaste-nytt-tider-for-dagens-svenska-framtradanden\/\"},\"wordCount\":188,\"inLanguage\":\"sv-SE\"},{\"@type\":\"WebPage\",\"@id\":\"https:\/\/www.budokampsport.se\/2010\/10\/20\/senaste-nytt-tider-for-dagens-svenska-framtradanden\/\",\"url\":\"https:\/\/www.budokampsport.se\/2010\/10\/20\/senaste-nytt-tider-for-dagens-svenska-framtradanden\/\",\"name\":\"Senaste nytt: Tider f\u00f6r dagens svenska framtr\u00e4danden - Svenska Budo &amp; Kampsportsf\u00f6rbundet\",\"isPartOf\":{\"@id\":\"https:\/\/www.budokampsport.se\/#website\"},\"datePublished\":\"2010-10-20T07:49:00+00:00\",\"dateModified\":\"2016-12-06T21:32:14+00:00\",\"author\":{\"@id\":\"https:\/\/www.budokampsport.se\/#\/schema\/person\/5c06d81d14850e2a8ce5493386560145\"},\"description\":\"Utefter grymt knapph\u00e4ndig information som finns tillg\u00e4nglig kan vi \u00e5tminstone ber\u00e4tta\u00a0om n\u00e4r svenskarna i dag planeras g\u00e5 sina matcher under eftermiddagen.\",\"breadcrumb\":{\"@id\":\"https:\/\/www.budokampsport.se\/2010\/10\/20\/senaste-nytt-tider-for-dagens-svenska-framtradanden\/#breadcrumb\"},\"inLanguage\":\"sv-SE\",\"potentialAction\":[{\"@type\":\"ReadAction\",\"target\":[\"https:\/\/www.budokampsport.se\/2010\/10\/20\/senaste-nytt-tider-for-dagens-svenska-framtradanden\/\"]}]},{\"@type\":\"BreadcrumbList\",\"@id\":\"https:\/\/www.budokampsport.se\/2010\/10\/20\/senaste-nytt-tider-for-dagens-svenska-framtradanden\/#breadcrumb\",\"itemListElement\":[{\"@type\":\"ListItem\",\"position\":1,\"name\":\"Hem\",\"item\":\"https:\/\/www.budokampsport.se\/\"},{\"@type\":\"ListItem\",\"position\":2,\"name\":\"Senaste nytt: Tider f\u00f6r dagens svenska framtr\u00e4danden\"}]},{\"@type\":\"WebSite\",\"@id\":\"https:\/\/www.budokampsport.se\/#website\",\"url\":\"https:\/\/www.budokampsport.se\/\",\"name\":\"Svenska Budo &amp; Kampsportsf\u00f6rbundet\",\"description\":\"T\u00e4vling, Tr\u00e4ning, Tradition\",\"potentialAction\":[{\"@type\":\"SearchAction\",\"target\":{\"@type\":\"EntryPoint\",\"urlTemplate\":\"https:\/\/www.budokampsport.se\/?s={search_term_string}\"},\"query-input\":{\"@type\":\"PropertyValueSpecification\",\"valueRequired\":true,\"valueName\":\"search_term_string\"}}],\"inLanguage\":\"sv-SE\"},{\"@type\":\"Person\",\"@id\":\"https:\/\/www.budokampsport.se\/#\/schema\/person\/5c06d81d14850e2a8ce5493386560145\",\"name\":\"Jonathan Broberg\",\"image\":{\"@type\":\"ImageObject\",\"inLanguage\":\"sv-SE\",\"@id\":\"https:\/\/www.budokampsport.se\/#\/schema\/person\/image\/\",\"url\":\"https:\/\/secure.gravatar.com\/avatar\/a58041c6cea9128bd9c40ee2f26d4136?s=96&d=blank&r=g\",\"contentUrl\":\"https:\/\/secure.gravatar.com\/avatar\/a58041c6cea9128bd9c40ee2f26d4136?s=96&d=blank&r=g\",\"caption\":\"Jonathan Broberg\"},\"sameAs\":[\"https:\/\/www.facebook.com\/jonathan.broberg.7\"],\"url\":\"https:\/\/www.budokampsport.se\/author\/jonathan\/\"}]}<\/script>\n<!-- \/ Yoast SEO plugin. -->","yoast_head_json":{"title":"Senaste nytt: Tider f\u00f6r dagens svenska framtr\u00e4danden - Svenska Budo &amp; Kampsportsf\u00f6rbundet","description":"Utefter grymt knapph\u00e4ndig information som finns tillg\u00e4nglig kan vi \u00e5tminstone ber\u00e4tta\u00a0om n\u00e4r svenskarna i dag planeras g\u00e5 sina matcher under eftermiddagen.","robots":{"index":"index","follow":"follow","max-snippet":"max-snippet:-1","max-image-preview":"max-image-preview:large","max-video-preview":"max-video-preview:-1"},"canonical":"https:\/\/www.budokampsport.se\/2010\/10\/20\/senaste-nytt-tider-for-dagens-svenska-framtradanden\/","og_locale":"sv_SE","og_type":"article","og_title":"Senaste nytt: Tider f\u00f6r dagens svenska framtr\u00e4danden - Svenska Budo &amp; Kampsportsf\u00f6rbundet","og_description":"Utefter grymt knapph\u00e4ndig information som finns tillg\u00e4nglig kan vi \u00e5tminstone ber\u00e4tta\u00a0om n\u00e4r svenskarna i dag planeras g\u00e5 sina matcher under eftermiddagen.","og_url":"https:\/\/www.budokampsport.se\/2010\/10\/20\/senaste-nytt-tider-for-dagens-svenska-framtradanden\/","og_site_name":"Svenska Budo &amp; Kampsportsf\u00f6rbundet","article_author":"https:\/\/www.facebook.com\/jonathan.broberg.7","article_published_time":"2010-10-20T07:49:00+00:00","article_modified_time":"2016-12-06T21:32:14+00:00","author":"Jonathan Broberg","twitter_card":"summary_large_image","twitter_misc":{"Skriven av":"Jonathan Broberg","Ber\u00e4knad l\u00e4stid":"1 minut"},"schema":{"@context":"https:\/\/schema.org","@graph":[{"@type":"Article","@id":"https:\/\/www.budokampsport.se\/2010\/10\/20\/senaste-nytt-tider-for-dagens-svenska-framtradanden\/#article","isPartOf":{"@id":"https:\/\/www.budokampsport.se\/2010\/10\/20\/senaste-nytt-tider-for-dagens-svenska-framtradanden\/"},"author":{"name":"Jonathan Broberg","@id":"https:\/\/www.budokampsport.se\/#\/schema\/person\/5c06d81d14850e2a8ce5493386560145"},"headline":"Senaste nytt: Tider f\u00f6r dagens svenska framtr\u00e4danden","datePublished":"2010-10-20T07:49:00+00:00","dateModified":"2016-12-06T21:32:14+00:00","mainEntityOfPage":{"@id":"https:\/\/www.budokampsport.se\/2010\/10\/20\/senaste-nytt-tider-for-dagens-svenska-framtradanden\/"},"wordCount":188,"inLanguage":"sv-SE"},{"@type":"WebPage","@id":"https:\/\/www.budokampsport.se\/2010\/10\/20\/senaste-nytt-tider-for-dagens-svenska-framtradanden\/","url":"https:\/\/www.budokampsport.se\/2010\/10\/20\/senaste-nytt-tider-for-dagens-svenska-framtradanden\/","name":"Senaste nytt: Tider f\u00f6r dagens svenska framtr\u00e4danden - Svenska Budo &amp; Kampsportsf\u00f6rbundet","isPartOf":{"@id":"https:\/\/www.budokampsport.se\/#website"},"datePublished":"2010-10-20T07:49:00+00:00","dateModified":"2016-12-06T21:32:14+00:00","author":{"@id":"https:\/\/www.budokampsport.se\/#\/schema\/person\/5c06d81d14850e2a8ce5493386560145"},"description":"Utefter grymt knapph\u00e4ndig information som finns tillg\u00e4nglig kan vi \u00e5tminstone ber\u00e4tta\u00a0om n\u00e4r svenskarna i dag planeras g\u00e5 sina matcher under eftermiddagen.","breadcrumb":{"@id":"https:\/\/www.budokampsport.se\/2010\/10\/20\/senaste-nytt-tider-for-dagens-svenska-framtradanden\/#breadcrumb"},"inLanguage":"sv-SE","potentialAction":[{"@type":"ReadAction","target":["https:\/\/www.budokampsport.se\/2010\/10\/20\/senaste-nytt-tider-for-dagens-svenska-framtradanden\/"]}]},{"@type":"BreadcrumbList","@id":"https:\/\/www.budokampsport.se\/2010\/10\/20\/senaste-nytt-tider-for-dagens-svenska-framtradanden\/#breadcrumb","itemListElement":[{"@type":"ListItem","position":1,"name":"Hem","item":"https:\/\/www.budokampsport.se\/"},{"@type":"ListItem","position":2,"name":"Senaste nytt: Tider f\u00f6r dagens svenska framtr\u00e4danden"}]},{"@type":"WebSite","@id":"https:\/\/www.budokampsport.se\/#website","url":"https:\/\/www.budokampsport.se\/","name":"Svenska Budo &amp; Kampsportsf\u00f6rbundet","description":"T\u00e4vling, Tr\u00e4ning, Tradition","potentialAction":[{"@type":"SearchAction","target":{"@type":"EntryPoint","urlTemplate":"https:\/\/www.budokampsport.se\/?s={search_term_string}"},"query-input":{"@type":"PropertyValueSpecification","valueRequired":true,"valueName":"search_term_string"}}],"inLanguage":"sv-SE"},{"@type":"Person","@id":"https:\/\/www.budokampsport.se\/#\/schema\/person\/5c06d81d14850e2a8ce5493386560145","name":"Jonathan Broberg","image":{"@type":"ImageObject","inLanguage":"sv-SE","@id":"https:\/\/www.budokampsport.se\/#\/schema\/person\/image\/","url":"https:\/\/secure.gravatar.com\/avatar\/a58041c6cea9128bd9c40ee2f26d4136?s=96&d=blank&r=g","contentUrl":"https:\/\/secure.gravatar.com\/avatar\/a58041c6cea9128bd9c40ee2f26d4136?s=96&d=blank&r=g","caption":"Jonathan Broberg"},"sameAs":["https:\/\/www.facebook.com\/jonathan.broberg.7"],"url":"https:\/\/www.budokampsport.se\/author\/jonathan\/"}]}},"_links":{"self":[{"href":"https:\/\/www.budokampsport.se\/api\/wp\/v2\/posts\/3558","targetHints":{"allow":["GET"]}}],"collection":[{"href":"https:\/\/www.budokampsport.se\/api\/wp\/v2\/posts"}],"about":[{"href":"https:\/\/www.budokampsport.se\/api\/wp\/v2\/types\/post"}],"author":[{"embeddable":true,"href":"https:\/\/www.budokampsport.se\/api\/wp\/v2\/users\/7"}],"replies":[{"embeddable":true,"href":"https:\/\/www.budokampsport.se\/api\/wp\/v2\/comments?post=3558"}],"version-history":[{"count":0,"href":"https:\/\/www.budokampsport.se\/api\/wp\/v2\/posts\/3558\/revisions"}],"wp:attachment":[{"href":"https:\/\/www.budokampsport.se\/api\/wp\/v2\/media?parent=3558"}],"wp:term":[{"taxonomy":"category","embeddable":true,"href":"https:\/\/www.budokampsport.se\/api\/wp\/v2\/categories?post=3558"},{"taxonomy":"post_tag","embeddable":true,"href":"https:\/\/www.budokampsport.se\/api\/wp\/v2\/tags?post=3558"}],"curies":[{"name":"wp","href":"https:\/\/api.w.org\/{rel}","templated":true}]}}