{"id":3567,"date":"2010-10-22T15:06:35","date_gmt":"2010-10-22T13:06:35","guid":{"rendered":"http:\/\/budo.wordpress.dev\/2010\/10\/22\/anna-cervin-gor-comeback\/"},"modified":"2016-12-06T22:32:15","modified_gmt":"2016-12-06T21:32:15","slug":"anna-cervin-gor-comeback","status":"publish","type":"post","link":"https:\/\/www.budokampsport.se\/2010\/10\/22\/anna-cervin-gor-comeback\/","title":{"rendered":"Anna Cervin g\u00f6r comeback"},"content":{"rendered":"<p><P><STRONG><SPAN style=\"FONT-SIZE: 11pt\"><IMG alt=\"\" align=right src=\"\/sites\/default\/files\/anna_cervin.jpg\" width=150 height=231>2009 tog Anna Cervin dubbla VM-medaljer i taido. Hon blev \u00e4ven nominerad till Kampsportsgalan i mars. Men hon hade d\u00e5 best\u00e4mt sig f\u00f6r att l\u00e4gga taidon p\u00e5 hyllan.<\/SPAN><\/STRONG><SPAN style=\"FONT-SIZE: 11pt\"><BR><BR>Nu avsl\u00f6jar landslagets nytilltr\u00e4dde f\u00f6rbundskapten Royne Rutstr\u00f6m att Cervin \u00e4r redo f\u00f6r comeback. Hon tar f\u00f6rst och fr\u00e4mst sikte p\u00e5 EM i Frankrike 2011.<!--break--><BR>\u00a0\u00a0 &#8211; <\/SPAN><SPAN style=\"FONT-SIZE: 11pt\">Anna betyder enormt mycket f\u00f6r svensk taido. Hon \u00e4r en fixstj\u00e4rna och en stor f\u00f6rebild som m\u00e5nga yngre ser upp till. Det \u00e4r fruktansv\u00e4rt kul att hon \u00e4r med p\u00e5 denna satsning, s\u00e4ger Rutstr\u00f6m till budokampsport.se.<BR><BR>Text: Jonathan Broberg<\/SPAN><\/P><\/p>\n","protected":false},"excerpt":{"rendered":"<p><P><STRONG><SPAN style=\"FONT-SIZE: 11pt\"><IMG alt=\"\" align=right src=\"\/sites\/default\/files\/anna_cervin.jpg\" width=150 height=231>2009 tog Anna Cervin dubbla VM-medaljer i taido. Hon blev \u00e4ven nominerad till Kampsportsgalan i mars. Men hon hade d\u00e5 best\u00e4mt sig f\u00f6r att l\u00e4gga taidon p\u00e5 hyllan.<\/SPAN><\/STRONG><SPAN style=\"FONT-SIZE: 11pt\"><BR><BR>Nu avsl\u00f6jar landslagets nytilltr\u00e4dde f\u00f6rbundskapten Royne Rutstr\u00f6m att Cervin \u00e4r redo f\u00f6r comeback. Hon tar f\u00f6rst och fr\u00e4mst sikte p\u00e5 EM i Frankrike 2011.<\/p><br>","protected":false},"author":7,"featured_media":0,"comment_status":"closed","ping_status":"closed","sticky":false,"template":"","format":"standard","meta":{"_acf_changed":false,"footnotes":""},"categories":[1],"tags":[],"class_list":["post-3567","post","type-post","status-publish","format-standard","hentry","category-okategoriserade"],"acf":[],"yoast_head":"<!-- This site is optimized with the Yoast SEO plugin v26.8 - https:\/\/yoast.com\/product\/yoast-seo-wordpress\/ -->\n<title>Anna Cervin g\u00f6r comeback - Svenska Budo &amp; Kampsportsf\u00f6rbundet<\/title>\n<meta name=\"description\" content=\"2009 tog Anna Cervin dubbla VM-medaljer i taido. Hon blev \u00e4ven nominerad till Kampsportsgalan i mars. Men hon hade d\u00e5 best\u00e4mt sig f\u00f6r att l\u00e4gga taidon p\u00e5 hyllan.Nu avsl\u00f6jar landslagets nytilltr\u00e4dde f\u00f6rbundskapten Royne Rutstr\u00f6m att Cervin \u00e4r redo f\u00f6r comeback. Hon tar f\u00f6rst och fr\u00e4mst sikte p\u00e5 EM i Frankrike 2011.\" \/>\n<meta name=\"robots\" content=\"index, follow, max-snippet:-1, max-image-preview:large, max-video-preview:-1\" \/>\n<link rel=\"canonical\" href=\"https:\/\/www.budokampsport.se\/2010\/10\/22\/anna-cervin-gor-comeback\/\" \/>\n<meta property=\"og:locale\" content=\"sv_SE\" \/>\n<meta property=\"og:type\" content=\"article\" \/>\n<meta property=\"og:title\" content=\"Anna Cervin g\u00f6r comeback - Svenska Budo &amp; Kampsportsf\u00f6rbundet\" \/>\n<meta property=\"og:description\" content=\"2009 tog Anna Cervin dubbla VM-medaljer i taido. Hon blev \u00e4ven nominerad till Kampsportsgalan i mars. Men hon hade d\u00e5 best\u00e4mt sig f\u00f6r att l\u00e4gga taidon p\u00e5 hyllan.Nu avsl\u00f6jar landslagets nytilltr\u00e4dde f\u00f6rbundskapten Royne Rutstr\u00f6m att Cervin \u00e4r redo f\u00f6r comeback. Hon tar f\u00f6rst och fr\u00e4mst sikte p\u00e5 EM i Frankrike 2011.\" \/>\n<meta property=\"og:url\" content=\"https:\/\/www.budokampsport.se\/2010\/10\/22\/anna-cervin-gor-comeback\/\" \/>\n<meta property=\"og:site_name\" content=\"Svenska Budo &amp; Kampsportsf\u00f6rbundet\" \/>\n<meta property=\"article:author\" content=\"https:\/\/www.facebook.com\/jonathan.broberg.7\" \/>\n<meta property=\"article:published_time\" content=\"2010-10-22T13:06:35+00:00\" \/>\n<meta property=\"article:modified_time\" content=\"2016-12-06T21:32:15+00:00\" \/>\n<meta name=\"author\" content=\"Jonathan Broberg\" \/>\n<meta name=\"twitter:card\" content=\"summary_large_image\" \/>\n<meta name=\"twitter:label1\" content=\"Skriven av\" \/>\n\t<meta name=\"twitter:data1\" content=\"Jonathan Broberg\" \/>\n\t<meta name=\"twitter:label2\" content=\"Ber\u00e4knad l\u00e4stid\" \/>\n\t<meta name=\"twitter:data2\" content=\"1 minut\" \/>\n<script type=\"application\/ld+json\" class=\"yoast-schema-graph\">{\"@context\":\"https:\/\/schema.org\",\"@graph\":[{\"@type\":\"Article\",\"@id\":\"https:\/\/www.budokampsport.se\/2010\/10\/22\/anna-cervin-gor-comeback\/#article\",\"isPartOf\":{\"@id\":\"https:\/\/www.budokampsport.se\/2010\/10\/22\/anna-cervin-gor-comeback\/\"},\"author\":{\"name\":\"Jonathan Broberg\",\"@id\":\"https:\/\/www.budokampsport.se\/#\/schema\/person\/5c06d81d14850e2a8ce5493386560145\"},\"headline\":\"Anna Cervin g\u00f6r comeback\",\"datePublished\":\"2010-10-22T13:06:35+00:00\",\"dateModified\":\"2016-12-06T21:32:15+00:00\",\"mainEntityOfPage\":{\"@id\":\"https:\/\/www.budokampsport.se\/2010\/10\/22\/anna-cervin-gor-comeback\/\"},\"wordCount\":113,\"inLanguage\":\"sv-SE\"},{\"@type\":\"WebPage\",\"@id\":\"https:\/\/www.budokampsport.se\/2010\/10\/22\/anna-cervin-gor-comeback\/\",\"url\":\"https:\/\/www.budokampsport.se\/2010\/10\/22\/anna-cervin-gor-comeback\/\",\"name\":\"Anna Cervin g\u00f6r comeback - Svenska Budo &amp; Kampsportsf\u00f6rbundet\",\"isPartOf\":{\"@id\":\"https:\/\/www.budokampsport.se\/#website\"},\"datePublished\":\"2010-10-22T13:06:35+00:00\",\"dateModified\":\"2016-12-06T21:32:15+00:00\",\"author\":{\"@id\":\"https:\/\/www.budokampsport.se\/#\/schema\/person\/5c06d81d14850e2a8ce5493386560145\"},\"description\":\"2009 tog Anna Cervin dubbla VM-medaljer i taido. Hon blev \u00e4ven nominerad till Kampsportsgalan i mars. Men hon hade d\u00e5 best\u00e4mt sig f\u00f6r att l\u00e4gga taidon p\u00e5 hyllan.Nu avsl\u00f6jar landslagets nytilltr\u00e4dde f\u00f6rbundskapten Royne Rutstr\u00f6m att Cervin \u00e4r redo f\u00f6r comeback. Hon tar f\u00f6rst och fr\u00e4mst sikte p\u00e5 EM i Frankrike 2011.\",\"breadcrumb\":{\"@id\":\"https:\/\/www.budokampsport.se\/2010\/10\/22\/anna-cervin-gor-comeback\/#breadcrumb\"},\"inLanguage\":\"sv-SE\",\"potentialAction\":[{\"@type\":\"ReadAction\",\"target\":[\"https:\/\/www.budokampsport.se\/2010\/10\/22\/anna-cervin-gor-comeback\/\"]}]},{\"@type\":\"BreadcrumbList\",\"@id\":\"https:\/\/www.budokampsport.se\/2010\/10\/22\/anna-cervin-gor-comeback\/#breadcrumb\",\"itemListElement\":[{\"@type\":\"ListItem\",\"position\":1,\"name\":\"Hem\",\"item\":\"https:\/\/www.budokampsport.se\/\"},{\"@type\":\"ListItem\",\"position\":2,\"name\":\"Anna Cervin g\u00f6r comeback\"}]},{\"@type\":\"WebSite\",\"@id\":\"https:\/\/www.budokampsport.se\/#website\",\"url\":\"https:\/\/www.budokampsport.se\/\",\"name\":\"Svenska Budo &amp; Kampsportsf\u00f6rbundet\",\"description\":\"T\u00e4vling, Tr\u00e4ning, Tradition\",\"potentialAction\":[{\"@type\":\"SearchAction\",\"target\":{\"@type\":\"EntryPoint\",\"urlTemplate\":\"https:\/\/www.budokampsport.se\/?s={search_term_string}\"},\"query-input\":{\"@type\":\"PropertyValueSpecification\",\"valueRequired\":true,\"valueName\":\"search_term_string\"}}],\"inLanguage\":\"sv-SE\"},{\"@type\":\"Person\",\"@id\":\"https:\/\/www.budokampsport.se\/#\/schema\/person\/5c06d81d14850e2a8ce5493386560145\",\"name\":\"Jonathan Broberg\",\"image\":{\"@type\":\"ImageObject\",\"inLanguage\":\"sv-SE\",\"@id\":\"https:\/\/www.budokampsport.se\/#\/schema\/person\/image\/\",\"url\":\"https:\/\/secure.gravatar.com\/avatar\/a58041c6cea9128bd9c40ee2f26d4136?s=96&d=blank&r=g\",\"contentUrl\":\"https:\/\/secure.gravatar.com\/avatar\/a58041c6cea9128bd9c40ee2f26d4136?s=96&d=blank&r=g\",\"caption\":\"Jonathan Broberg\"},\"sameAs\":[\"https:\/\/www.facebook.com\/jonathan.broberg.7\"],\"url\":\"https:\/\/www.budokampsport.se\/author\/jonathan\/\"}]}<\/script>\n<!-- \/ Yoast SEO plugin. -->","yoast_head_json":{"title":"Anna Cervin g\u00f6r comeback - Svenska Budo &amp; Kampsportsf\u00f6rbundet","description":"2009 tog Anna Cervin dubbla VM-medaljer i taido. Hon blev \u00e4ven nominerad till Kampsportsgalan i mars. Men hon hade d\u00e5 best\u00e4mt sig f\u00f6r att l\u00e4gga taidon p\u00e5 hyllan.Nu avsl\u00f6jar landslagets nytilltr\u00e4dde f\u00f6rbundskapten Royne Rutstr\u00f6m att Cervin \u00e4r redo f\u00f6r comeback. Hon tar f\u00f6rst och fr\u00e4mst sikte p\u00e5 EM i Frankrike 2011.","robots":{"index":"index","follow":"follow","max-snippet":"max-snippet:-1","max-image-preview":"max-image-preview:large","max-video-preview":"max-video-preview:-1"},"canonical":"https:\/\/www.budokampsport.se\/2010\/10\/22\/anna-cervin-gor-comeback\/","og_locale":"sv_SE","og_type":"article","og_title":"Anna Cervin g\u00f6r comeback - Svenska Budo &amp; Kampsportsf\u00f6rbundet","og_description":"2009 tog Anna Cervin dubbla VM-medaljer i taido. Hon blev \u00e4ven nominerad till Kampsportsgalan i mars. Men hon hade d\u00e5 best\u00e4mt sig f\u00f6r att l\u00e4gga taidon p\u00e5 hyllan.Nu avsl\u00f6jar landslagets nytilltr\u00e4dde f\u00f6rbundskapten Royne Rutstr\u00f6m att Cervin \u00e4r redo f\u00f6r comeback. Hon tar f\u00f6rst och fr\u00e4mst sikte p\u00e5 EM i Frankrike 2011.","og_url":"https:\/\/www.budokampsport.se\/2010\/10\/22\/anna-cervin-gor-comeback\/","og_site_name":"Svenska Budo &amp; Kampsportsf\u00f6rbundet","article_author":"https:\/\/www.facebook.com\/jonathan.broberg.7","article_published_time":"2010-10-22T13:06:35+00:00","article_modified_time":"2016-12-06T21:32:15+00:00","author":"Jonathan Broberg","twitter_card":"summary_large_image","twitter_misc":{"Skriven av":"Jonathan Broberg","Ber\u00e4knad l\u00e4stid":"1 minut"},"schema":{"@context":"https:\/\/schema.org","@graph":[{"@type":"Article","@id":"https:\/\/www.budokampsport.se\/2010\/10\/22\/anna-cervin-gor-comeback\/#article","isPartOf":{"@id":"https:\/\/www.budokampsport.se\/2010\/10\/22\/anna-cervin-gor-comeback\/"},"author":{"name":"Jonathan Broberg","@id":"https:\/\/www.budokampsport.se\/#\/schema\/person\/5c06d81d14850e2a8ce5493386560145"},"headline":"Anna Cervin g\u00f6r comeback","datePublished":"2010-10-22T13:06:35+00:00","dateModified":"2016-12-06T21:32:15+00:00","mainEntityOfPage":{"@id":"https:\/\/www.budokampsport.se\/2010\/10\/22\/anna-cervin-gor-comeback\/"},"wordCount":113,"inLanguage":"sv-SE"},{"@type":"WebPage","@id":"https:\/\/www.budokampsport.se\/2010\/10\/22\/anna-cervin-gor-comeback\/","url":"https:\/\/www.budokampsport.se\/2010\/10\/22\/anna-cervin-gor-comeback\/","name":"Anna Cervin g\u00f6r comeback - Svenska Budo &amp; Kampsportsf\u00f6rbundet","isPartOf":{"@id":"https:\/\/www.budokampsport.se\/#website"},"datePublished":"2010-10-22T13:06:35+00:00","dateModified":"2016-12-06T21:32:15+00:00","author":{"@id":"https:\/\/www.budokampsport.se\/#\/schema\/person\/5c06d81d14850e2a8ce5493386560145"},"description":"2009 tog Anna Cervin dubbla VM-medaljer i taido. Hon blev \u00e4ven nominerad till Kampsportsgalan i mars. Men hon hade d\u00e5 best\u00e4mt sig f\u00f6r att l\u00e4gga taidon p\u00e5 hyllan.Nu avsl\u00f6jar landslagets nytilltr\u00e4dde f\u00f6rbundskapten Royne Rutstr\u00f6m att Cervin \u00e4r redo f\u00f6r comeback. Hon tar f\u00f6rst och fr\u00e4mst sikte p\u00e5 EM i Frankrike 2011.","breadcrumb":{"@id":"https:\/\/www.budokampsport.se\/2010\/10\/22\/anna-cervin-gor-comeback\/#breadcrumb"},"inLanguage":"sv-SE","potentialAction":[{"@type":"ReadAction","target":["https:\/\/www.budokampsport.se\/2010\/10\/22\/anna-cervin-gor-comeback\/"]}]},{"@type":"BreadcrumbList","@id":"https:\/\/www.budokampsport.se\/2010\/10\/22\/anna-cervin-gor-comeback\/#breadcrumb","itemListElement":[{"@type":"ListItem","position":1,"name":"Hem","item":"https:\/\/www.budokampsport.se\/"},{"@type":"ListItem","position":2,"name":"Anna Cervin g\u00f6r comeback"}]},{"@type":"WebSite","@id":"https:\/\/www.budokampsport.se\/#website","url":"https:\/\/www.budokampsport.se\/","name":"Svenska Budo &amp; Kampsportsf\u00f6rbundet","description":"T\u00e4vling, Tr\u00e4ning, Tradition","potentialAction":[{"@type":"SearchAction","target":{"@type":"EntryPoint","urlTemplate":"https:\/\/www.budokampsport.se\/?s={search_term_string}"},"query-input":{"@type":"PropertyValueSpecification","valueRequired":true,"valueName":"search_term_string"}}],"inLanguage":"sv-SE"},{"@type":"Person","@id":"https:\/\/www.budokampsport.se\/#\/schema\/person\/5c06d81d14850e2a8ce5493386560145","name":"Jonathan Broberg","image":{"@type":"ImageObject","inLanguage":"sv-SE","@id":"https:\/\/www.budokampsport.se\/#\/schema\/person\/image\/","url":"https:\/\/secure.gravatar.com\/avatar\/a58041c6cea9128bd9c40ee2f26d4136?s=96&d=blank&r=g","contentUrl":"https:\/\/secure.gravatar.com\/avatar\/a58041c6cea9128bd9c40ee2f26d4136?s=96&d=blank&r=g","caption":"Jonathan Broberg"},"sameAs":["https:\/\/www.facebook.com\/jonathan.broberg.7"],"url":"https:\/\/www.budokampsport.se\/author\/jonathan\/"}]}},"_links":{"self":[{"href":"https:\/\/www.budokampsport.se\/api\/wp\/v2\/posts\/3567","targetHints":{"allow":["GET"]}}],"collection":[{"href":"https:\/\/www.budokampsport.se\/api\/wp\/v2\/posts"}],"about":[{"href":"https:\/\/www.budokampsport.se\/api\/wp\/v2\/types\/post"}],"author":[{"embeddable":true,"href":"https:\/\/www.budokampsport.se\/api\/wp\/v2\/users\/7"}],"replies":[{"embeddable":true,"href":"https:\/\/www.budokampsport.se\/api\/wp\/v2\/comments?post=3567"}],"version-history":[{"count":0,"href":"https:\/\/www.budokampsport.se\/api\/wp\/v2\/posts\/3567\/revisions"}],"wp:attachment":[{"href":"https:\/\/www.budokampsport.se\/api\/wp\/v2\/media?parent=3567"}],"wp:term":[{"taxonomy":"category","embeddable":true,"href":"https:\/\/www.budokampsport.se\/api\/wp\/v2\/categories?post=3567"},{"taxonomy":"post_tag","embeddable":true,"href":"https:\/\/www.budokampsport.se\/api\/wp\/v2\/tags?post=3567"}],"curies":[{"name":"wp","href":"https:\/\/api.w.org\/{rel}","templated":true}]}}