{"id":3572,"date":"2010-11-01T13:22:23","date_gmt":"2010-11-01T12:22:23","guid":{"rendered":"http:\/\/budo.wordpress.dev\/2010\/11\/01\/sbk-firar-50-ar\/"},"modified":"2016-12-06T22:32:17","modified_gmt":"2016-12-06T21:32:17","slug":"sbk-firar-50-ar","status":"publish","type":"post","link":"https:\/\/www.budokampsport.se\/2010\/11\/01\/sbk-firar-50-ar\/","title":{"rendered":"SB&#038;K firar 50 \u00e5r"},"content":{"rendered":"<p><P>Svenska Budo &#038; Kampsportsf\u00f6rbundet firar under hela 2010 sitt 50:ende verksamhets\u00e5r. Det har vi gjort med att starta Kampsportsgalan, med att komma ut med en jubileumsbok och mycket annat sm\u00e5tt och gott. Alla inom f\u00f6rbundet kan str\u00e4cka p\u00e5 sig lite extra detta \u00e5r.<\/P><\/p>\n","protected":false},"excerpt":{"rendered":"<p><P>Svenska Budo &#038; Kampsportsf\u00f6rbundet firar under hela 2010 sitt 50:ende verksamhets\u00e5r. Det har vi gjort med att starta Kampsportsgalan, med att komma ut med en jubileumsbok och mycket annat sm\u00e5tt och gott. Alla inom f\u00f6rbundet kan str\u00e4cka p\u00e5 sig lite extra detta \u00e5r.<\/P><\/p><br>","protected":false},"author":7,"featured_media":0,"comment_status":"closed","ping_status":"closed","sticky":false,"template":"","format":"standard","meta":{"_acf_changed":false,"footnotes":""},"categories":[1],"tags":[],"class_list":["post-3572","post","type-post","status-publish","format-standard","hentry","category-okategoriserade"],"acf":[],"yoast_head":"<!-- This site is optimized with the Yoast SEO plugin v26.8 - https:\/\/yoast.com\/product\/yoast-seo-wordpress\/ -->\n<title>SB&amp;K firar 50 \u00e5r - Svenska Budo &amp; Kampsportsf\u00f6rbundet<\/title>\n<meta name=\"description\" content=\"Svenska Budo &amp; Kampsportsf\u00f6rbundet firar under hela 2010 sitt 50:ende verksamhets\u00e5r. Det har vi gjort med att starta Kampsportsgalan, med att komma ut med en jubileumsbok och mycket annat sm\u00e5tt och gott. Alla inom f\u00f6rbundet kan str\u00e4cka p\u00e5 sig lite extra detta \u00e5r.\" \/>\n<meta name=\"robots\" content=\"index, follow, max-snippet:-1, max-image-preview:large, max-video-preview:-1\" \/>\n<link rel=\"canonical\" href=\"https:\/\/www.budokampsport.se\/2010\/11\/01\/sbk-firar-50-ar\/\" \/>\n<meta property=\"og:locale\" content=\"sv_SE\" \/>\n<meta property=\"og:type\" content=\"article\" \/>\n<meta property=\"og:title\" content=\"SB&amp;K firar 50 \u00e5r - Svenska Budo &amp; Kampsportsf\u00f6rbundet\" \/>\n<meta property=\"og:description\" content=\"Svenska Budo &amp; Kampsportsf\u00f6rbundet firar under hela 2010 sitt 50:ende verksamhets\u00e5r. Det har vi gjort med att starta Kampsportsgalan, med att komma ut med en jubileumsbok och mycket annat sm\u00e5tt och gott. Alla inom f\u00f6rbundet kan str\u00e4cka p\u00e5 sig lite extra detta \u00e5r.\" \/>\n<meta property=\"og:url\" content=\"https:\/\/www.budokampsport.se\/2010\/11\/01\/sbk-firar-50-ar\/\" \/>\n<meta property=\"og:site_name\" content=\"Svenska Budo &amp; Kampsportsf\u00f6rbundet\" \/>\n<meta property=\"article:author\" content=\"https:\/\/www.facebook.com\/jonathan.broberg.7\" \/>\n<meta property=\"article:published_time\" content=\"2010-11-01T12:22:23+00:00\" \/>\n<meta property=\"article:modified_time\" content=\"2016-12-06T21:32:17+00:00\" \/>\n<meta name=\"author\" content=\"Jonathan Broberg\" \/>\n<meta name=\"twitter:card\" content=\"summary_large_image\" \/>\n<meta name=\"twitter:label1\" content=\"Skriven av\" \/>\n\t<meta name=\"twitter:data1\" content=\"Jonathan Broberg\" \/>\n<script type=\"application\/ld+json\" class=\"yoast-schema-graph\">{\"@context\":\"https:\/\/schema.org\",\"@graph\":[{\"@type\":\"Article\",\"@id\":\"https:\/\/www.budokampsport.se\/2010\/11\/01\/sbk-firar-50-ar\/#article\",\"isPartOf\":{\"@id\":\"https:\/\/www.budokampsport.se\/2010\/11\/01\/sbk-firar-50-ar\/\"},\"author\":{\"name\":\"Jonathan Broberg\",\"@id\":\"https:\/\/www.budokampsport.se\/#\/schema\/person\/5c06d81d14850e2a8ce5493386560145\"},\"headline\":\"SB&#038;K firar 50 \u00e5r\",\"datePublished\":\"2010-11-01T12:22:23+00:00\",\"dateModified\":\"2016-12-06T21:32:17+00:00\",\"mainEntityOfPage\":{\"@id\":\"https:\/\/www.budokampsport.se\/2010\/11\/01\/sbk-firar-50-ar\/\"},\"wordCount\":50,\"inLanguage\":\"sv-SE\"},{\"@type\":\"WebPage\",\"@id\":\"https:\/\/www.budokampsport.se\/2010\/11\/01\/sbk-firar-50-ar\/\",\"url\":\"https:\/\/www.budokampsport.se\/2010\/11\/01\/sbk-firar-50-ar\/\",\"name\":\"SB&K firar 50 \u00e5r - Svenska Budo &amp; Kampsportsf\u00f6rbundet\",\"isPartOf\":{\"@id\":\"https:\/\/www.budokampsport.se\/#website\"},\"datePublished\":\"2010-11-01T12:22:23+00:00\",\"dateModified\":\"2016-12-06T21:32:17+00:00\",\"author\":{\"@id\":\"https:\/\/www.budokampsport.se\/#\/schema\/person\/5c06d81d14850e2a8ce5493386560145\"},\"description\":\"Svenska Budo & Kampsportsf\u00f6rbundet firar under hela 2010 sitt 50:ende verksamhets\u00e5r. Det har vi gjort med att starta Kampsportsgalan, med att komma ut med en jubileumsbok och mycket annat sm\u00e5tt och gott. Alla inom f\u00f6rbundet kan str\u00e4cka p\u00e5 sig lite extra detta \u00e5r.\",\"breadcrumb\":{\"@id\":\"https:\/\/www.budokampsport.se\/2010\/11\/01\/sbk-firar-50-ar\/#breadcrumb\"},\"inLanguage\":\"sv-SE\",\"potentialAction\":[{\"@type\":\"ReadAction\",\"target\":[\"https:\/\/www.budokampsport.se\/2010\/11\/01\/sbk-firar-50-ar\/\"]}]},{\"@type\":\"BreadcrumbList\",\"@id\":\"https:\/\/www.budokampsport.se\/2010\/11\/01\/sbk-firar-50-ar\/#breadcrumb\",\"itemListElement\":[{\"@type\":\"ListItem\",\"position\":1,\"name\":\"Hem\",\"item\":\"https:\/\/www.budokampsport.se\/\"},{\"@type\":\"ListItem\",\"position\":2,\"name\":\"SB&#038;K firar 50 \u00e5r\"}]},{\"@type\":\"WebSite\",\"@id\":\"https:\/\/www.budokampsport.se\/#website\",\"url\":\"https:\/\/www.budokampsport.se\/\",\"name\":\"Svenska Budo &amp; Kampsportsf\u00f6rbundet\",\"description\":\"T\u00e4vling, Tr\u00e4ning, Tradition\",\"potentialAction\":[{\"@type\":\"SearchAction\",\"target\":{\"@type\":\"EntryPoint\",\"urlTemplate\":\"https:\/\/www.budokampsport.se\/?s={search_term_string}\"},\"query-input\":{\"@type\":\"PropertyValueSpecification\",\"valueRequired\":true,\"valueName\":\"search_term_string\"}}],\"inLanguage\":\"sv-SE\"},{\"@type\":\"Person\",\"@id\":\"https:\/\/www.budokampsport.se\/#\/schema\/person\/5c06d81d14850e2a8ce5493386560145\",\"name\":\"Jonathan Broberg\",\"image\":{\"@type\":\"ImageObject\",\"inLanguage\":\"sv-SE\",\"@id\":\"https:\/\/www.budokampsport.se\/#\/schema\/person\/image\/\",\"url\":\"https:\/\/secure.gravatar.com\/avatar\/a58041c6cea9128bd9c40ee2f26d4136?s=96&d=blank&r=g\",\"contentUrl\":\"https:\/\/secure.gravatar.com\/avatar\/a58041c6cea9128bd9c40ee2f26d4136?s=96&d=blank&r=g\",\"caption\":\"Jonathan Broberg\"},\"sameAs\":[\"https:\/\/www.facebook.com\/jonathan.broberg.7\"],\"url\":\"https:\/\/www.budokampsport.se\/author\/jonathan\/\"}]}<\/script>\n<!-- \/ Yoast SEO plugin. -->","yoast_head_json":{"title":"SB&K firar 50 \u00e5r - Svenska Budo &amp; Kampsportsf\u00f6rbundet","description":"Svenska Budo & Kampsportsf\u00f6rbundet firar under hela 2010 sitt 50:ende verksamhets\u00e5r. Det har vi gjort med att starta Kampsportsgalan, med att komma ut med en jubileumsbok och mycket annat sm\u00e5tt och gott. Alla inom f\u00f6rbundet kan str\u00e4cka p\u00e5 sig lite extra detta \u00e5r.","robots":{"index":"index","follow":"follow","max-snippet":"max-snippet:-1","max-image-preview":"max-image-preview:large","max-video-preview":"max-video-preview:-1"},"canonical":"https:\/\/www.budokampsport.se\/2010\/11\/01\/sbk-firar-50-ar\/","og_locale":"sv_SE","og_type":"article","og_title":"SB&K firar 50 \u00e5r - Svenska Budo &amp; Kampsportsf\u00f6rbundet","og_description":"Svenska Budo & Kampsportsf\u00f6rbundet firar under hela 2010 sitt 50:ende verksamhets\u00e5r. Det har vi gjort med att starta Kampsportsgalan, med att komma ut med en jubileumsbok och mycket annat sm\u00e5tt och gott. Alla inom f\u00f6rbundet kan str\u00e4cka p\u00e5 sig lite extra detta \u00e5r.","og_url":"https:\/\/www.budokampsport.se\/2010\/11\/01\/sbk-firar-50-ar\/","og_site_name":"Svenska Budo &amp; Kampsportsf\u00f6rbundet","article_author":"https:\/\/www.facebook.com\/jonathan.broberg.7","article_published_time":"2010-11-01T12:22:23+00:00","article_modified_time":"2016-12-06T21:32:17+00:00","author":"Jonathan Broberg","twitter_card":"summary_large_image","twitter_misc":{"Skriven av":"Jonathan Broberg"},"schema":{"@context":"https:\/\/schema.org","@graph":[{"@type":"Article","@id":"https:\/\/www.budokampsport.se\/2010\/11\/01\/sbk-firar-50-ar\/#article","isPartOf":{"@id":"https:\/\/www.budokampsport.se\/2010\/11\/01\/sbk-firar-50-ar\/"},"author":{"name":"Jonathan Broberg","@id":"https:\/\/www.budokampsport.se\/#\/schema\/person\/5c06d81d14850e2a8ce5493386560145"},"headline":"SB&#038;K firar 50 \u00e5r","datePublished":"2010-11-01T12:22:23+00:00","dateModified":"2016-12-06T21:32:17+00:00","mainEntityOfPage":{"@id":"https:\/\/www.budokampsport.se\/2010\/11\/01\/sbk-firar-50-ar\/"},"wordCount":50,"inLanguage":"sv-SE"},{"@type":"WebPage","@id":"https:\/\/www.budokampsport.se\/2010\/11\/01\/sbk-firar-50-ar\/","url":"https:\/\/www.budokampsport.se\/2010\/11\/01\/sbk-firar-50-ar\/","name":"SB&K firar 50 \u00e5r - Svenska Budo &amp; Kampsportsf\u00f6rbundet","isPartOf":{"@id":"https:\/\/www.budokampsport.se\/#website"},"datePublished":"2010-11-01T12:22:23+00:00","dateModified":"2016-12-06T21:32:17+00:00","author":{"@id":"https:\/\/www.budokampsport.se\/#\/schema\/person\/5c06d81d14850e2a8ce5493386560145"},"description":"Svenska Budo & Kampsportsf\u00f6rbundet firar under hela 2010 sitt 50:ende verksamhets\u00e5r. Det har vi gjort med att starta Kampsportsgalan, med att komma ut med en jubileumsbok och mycket annat sm\u00e5tt och gott. Alla inom f\u00f6rbundet kan str\u00e4cka p\u00e5 sig lite extra detta \u00e5r.","breadcrumb":{"@id":"https:\/\/www.budokampsport.se\/2010\/11\/01\/sbk-firar-50-ar\/#breadcrumb"},"inLanguage":"sv-SE","potentialAction":[{"@type":"ReadAction","target":["https:\/\/www.budokampsport.se\/2010\/11\/01\/sbk-firar-50-ar\/"]}]},{"@type":"BreadcrumbList","@id":"https:\/\/www.budokampsport.se\/2010\/11\/01\/sbk-firar-50-ar\/#breadcrumb","itemListElement":[{"@type":"ListItem","position":1,"name":"Hem","item":"https:\/\/www.budokampsport.se\/"},{"@type":"ListItem","position":2,"name":"SB&#038;K firar 50 \u00e5r"}]},{"@type":"WebSite","@id":"https:\/\/www.budokampsport.se\/#website","url":"https:\/\/www.budokampsport.se\/","name":"Svenska Budo &amp; Kampsportsf\u00f6rbundet","description":"T\u00e4vling, Tr\u00e4ning, Tradition","potentialAction":[{"@type":"SearchAction","target":{"@type":"EntryPoint","urlTemplate":"https:\/\/www.budokampsport.se\/?s={search_term_string}"},"query-input":{"@type":"PropertyValueSpecification","valueRequired":true,"valueName":"search_term_string"}}],"inLanguage":"sv-SE"},{"@type":"Person","@id":"https:\/\/www.budokampsport.se\/#\/schema\/person\/5c06d81d14850e2a8ce5493386560145","name":"Jonathan Broberg","image":{"@type":"ImageObject","inLanguage":"sv-SE","@id":"https:\/\/www.budokampsport.se\/#\/schema\/person\/image\/","url":"https:\/\/secure.gravatar.com\/avatar\/a58041c6cea9128bd9c40ee2f26d4136?s=96&d=blank&r=g","contentUrl":"https:\/\/secure.gravatar.com\/avatar\/a58041c6cea9128bd9c40ee2f26d4136?s=96&d=blank&r=g","caption":"Jonathan Broberg"},"sameAs":["https:\/\/www.facebook.com\/jonathan.broberg.7"],"url":"https:\/\/www.budokampsport.se\/author\/jonathan\/"}]}},"_links":{"self":[{"href":"https:\/\/www.budokampsport.se\/api\/wp\/v2\/posts\/3572","targetHints":{"allow":["GET"]}}],"collection":[{"href":"https:\/\/www.budokampsport.se\/api\/wp\/v2\/posts"}],"about":[{"href":"https:\/\/www.budokampsport.se\/api\/wp\/v2\/types\/post"}],"author":[{"embeddable":true,"href":"https:\/\/www.budokampsport.se\/api\/wp\/v2\/users\/7"}],"replies":[{"embeddable":true,"href":"https:\/\/www.budokampsport.se\/api\/wp\/v2\/comments?post=3572"}],"version-history":[{"count":0,"href":"https:\/\/www.budokampsport.se\/api\/wp\/v2\/posts\/3572\/revisions"}],"wp:attachment":[{"href":"https:\/\/www.budokampsport.se\/api\/wp\/v2\/media?parent=3572"}],"wp:term":[{"taxonomy":"category","embeddable":true,"href":"https:\/\/www.budokampsport.se\/api\/wp\/v2\/categories?post=3572"},{"taxonomy":"post_tag","embeddable":true,"href":"https:\/\/www.budokampsport.se\/api\/wp\/v2\/tags?post=3572"}],"curies":[{"name":"wp","href":"https:\/\/api.w.org\/{rel}","templated":true}]}}