{"id":3581,"date":"2011-05-30T10:31:55","date_gmt":"2011-05-30T08:31:55","guid":{"rendered":"http:\/\/budo.wordpress.dev\/2011\/05\/30\/rf-och-sisu-pa-vag-att-blunda-for-likabehandling\/"},"modified":"2016-12-06T22:32:18","modified_gmt":"2016-12-06T21:32:18","slug":"rf-och-sisu-pa-vag-att-blunda-for-likabehandling","status":"publish","type":"post","link":"https:\/\/www.budokampsport.se\/2011\/05\/30\/rf-och-sisu-pa-vag-att-blunda-for-likabehandling\/","title":{"rendered":"RF och SISU p\u00e5 v\u00e4g att blunda f\u00f6r likabehandling"},"content":{"rendered":"<p><P><STRONG><IMG alt=\"\" align=right src=\"http:\/\/www.budokampsport.se\/sites\/default\/files\/sbok_tsuba_bsquare_rgb.jpg\" width=125 height=53>P\u00e5 RF-st\u00e4mman i helgen tog en livlig diskussion om likabehandling fart. Trots st\u00e4mmobeslut fr\u00e5n 2009 var b\u00e5de RF och SISU kallsinniga till ett omfattande arbete f\u00f6r likabehandling. Motivet f\u00f6r det: den felaktiga uppfattningen att ideella f\u00f6reningar inte skulle inkluderas i lagen om diskriminering.<BR><!--break--><BR><\/STRONG>Det var under RF-st\u00e4mmans andra dag, i l\u00f6rdags, som en av de mer livliga debatterna tog fart \u2013 tack vare Svenska Budo &#038; Kampsportsf\u00f6rbundet. <BR><BR>Ordf\u00f6rande Stefan Stenudd och f\u00f6rbundsjurist Daniel Norrg\u00e5rd framf\u00f6rde h\u00e5rd kritik p\u00e5 st\u00e4mman mot RF:s och SISU:s ovilja att ta itu med fr\u00e5gan om likabehandling.<BR>\u00a0\u00a0 \u201dDe (l\u00e4s: RF:s styrelse och SISU:s styrelse) har f\u00e5tt f\u00f6r sig att den nya diskrimineringslagen inte g\u00e4ller f\u00f6r ideella f\u00f6reningar\u201d, skriver Stefan Stenudd i sitt senaste blogginl\u00e4gg.<BR><BR><STRONG>Stefan skriver vidare att:<BR><\/STRONG>\u00a0\u201dOm inte vi i SB&#038;K hade lyckats f\u00e5 igenom f\u00f6rnyade direktiv om saken p\u00e5 de b\u00e5da st\u00e4mmorna skulle b\u00e5de RF och SISU i realiteten ha tagit avst\u00e5nd fr\u00e5n ett samlat och aktivt arbete mot diskriminering. Det hade varit skamligt\u201d.<BR><BR>Han menar att det kan finnas f\u00f6rdomar \u00e4nda upp i idrottens topp, som speglar av sig i bristen p\u00e5 arbetet f\u00f6r likabehandling. \u00c4ven en annan fr\u00e5ga under RF-st\u00e4mman gav det intrycket: utpekandet av religion och etnicitet.<BR><BR><A href=\"http:\/\/www.budokampsport.se\/blogg\/stefan-stenudd\/2011\/f%C3%B6rdomar-i-idrottsr%C3%B6relsens-topp\">H\u00e4r l\u00e4ser du hela inl\u00e4gget.<\/A><BR><BR>Text: Jonathan Broberg<\/P><\/p>\n","protected":false},"excerpt":{"rendered":"<p><P><STRONG><IMG alt=\"\" align=right src=\"http:\/\/www.budokampsport.se\/sites\/default\/files\/sbok_tsuba_bsquare_rgb.jpg\" width=125 height=53>P\u00e5 RF-st\u00e4mman i helgen tog en livlig diskussion om likabehandling fart. Trots st\u00e4mmobeslut fr\u00e5n 2009 var b\u00e5de RF och SISU kallsinniga till ett omfattande arbete f\u00f6r likabehandling. Motivet f\u00f6r det: den felaktiga uppfattningen att ideella f\u00f6reningar inte skulle inkluderas i lagen om diskriminering.<BR><\/p><br>","protected":false},"author":7,"featured_media":0,"comment_status":"closed","ping_status":"closed","sticky":false,"template":"","format":"standard","meta":{"_acf_changed":false,"footnotes":""},"categories":[1],"tags":[],"class_list":["post-3581","post","type-post","status-publish","format-standard","hentry","category-okategoriserade"],"acf":[],"yoast_head":"<!-- This site is optimized with the Yoast SEO plugin v26.8 - https:\/\/yoast.com\/product\/yoast-seo-wordpress\/ -->\n<title>RF och SISU p\u00e5 v\u00e4g att blunda f\u00f6r likabehandling - Svenska Budo &amp; Kampsportsf\u00f6rbundet<\/title>\n<meta name=\"description\" content=\"P\u00e5 RF-st\u00e4mman i helgen tog en livlig diskussion om likabehandling fart. Trots st\u00e4mmobeslut fr\u00e5n 2009 var b\u00e5de RF och SISU kallsinniga till ett omfattande arbete f\u00f6r likabehandling. Motivet f\u00f6r det: den felaktiga uppfattningen att ideella f\u00f6reningar inte skulle inkluderas i lagen om diskriminering.\" \/>\n<meta name=\"robots\" content=\"index, follow, max-snippet:-1, max-image-preview:large, max-video-preview:-1\" \/>\n<link rel=\"canonical\" href=\"https:\/\/www.budokampsport.se\/2011\/05\/30\/rf-och-sisu-pa-vag-att-blunda-for-likabehandling\/\" \/>\n<meta property=\"og:locale\" content=\"sv_SE\" \/>\n<meta property=\"og:type\" content=\"article\" \/>\n<meta property=\"og:title\" content=\"RF och SISU p\u00e5 v\u00e4g att blunda f\u00f6r likabehandling - Svenska Budo &amp; Kampsportsf\u00f6rbundet\" \/>\n<meta property=\"og:description\" content=\"P\u00e5 RF-st\u00e4mman i helgen tog en livlig diskussion om likabehandling fart. Trots st\u00e4mmobeslut fr\u00e5n 2009 var b\u00e5de RF och SISU kallsinniga till ett omfattande arbete f\u00f6r likabehandling. Motivet f\u00f6r det: den felaktiga uppfattningen att ideella f\u00f6reningar inte skulle inkluderas i lagen om diskriminering.\" \/>\n<meta property=\"og:url\" content=\"https:\/\/www.budokampsport.se\/2011\/05\/30\/rf-och-sisu-pa-vag-att-blunda-for-likabehandling\/\" \/>\n<meta property=\"og:site_name\" content=\"Svenska Budo &amp; Kampsportsf\u00f6rbundet\" \/>\n<meta property=\"article:author\" content=\"https:\/\/www.facebook.com\/jonathan.broberg.7\" \/>\n<meta property=\"article:published_time\" content=\"2011-05-30T08:31:55+00:00\" \/>\n<meta property=\"article:modified_time\" content=\"2016-12-06T21:32:18+00:00\" \/>\n<meta name=\"author\" content=\"Jonathan Broberg\" \/>\n<meta name=\"twitter:card\" content=\"summary_large_image\" \/>\n<meta name=\"twitter:label1\" content=\"Skriven av\" \/>\n\t<meta name=\"twitter:data1\" content=\"Jonathan Broberg\" \/>\n\t<meta name=\"twitter:label2\" content=\"Ber\u00e4knad l\u00e4stid\" \/>\n\t<meta name=\"twitter:data2\" content=\"1 minut\" \/>\n<script type=\"application\/ld+json\" class=\"yoast-schema-graph\">{\"@context\":\"https:\/\/schema.org\",\"@graph\":[{\"@type\":\"Article\",\"@id\":\"https:\/\/www.budokampsport.se\/2011\/05\/30\/rf-och-sisu-pa-vag-att-blunda-for-likabehandling\/#article\",\"isPartOf\":{\"@id\":\"https:\/\/www.budokampsport.se\/2011\/05\/30\/rf-och-sisu-pa-vag-att-blunda-for-likabehandling\/\"},\"author\":{\"name\":\"Jonathan Broberg\",\"@id\":\"https:\/\/www.budokampsport.se\/#\/schema\/person\/5c06d81d14850e2a8ce5493386560145\"},\"headline\":\"RF och SISU p\u00e5 v\u00e4g att blunda f\u00f6r likabehandling\",\"datePublished\":\"2011-05-30T08:31:55+00:00\",\"dateModified\":\"2016-12-06T21:32:18+00:00\",\"mainEntityOfPage\":{\"@id\":\"https:\/\/www.budokampsport.se\/2011\/05\/30\/rf-och-sisu-pa-vag-att-blunda-for-likabehandling\/\"},\"wordCount\":255,\"inLanguage\":\"sv-SE\"},{\"@type\":\"WebPage\",\"@id\":\"https:\/\/www.budokampsport.se\/2011\/05\/30\/rf-och-sisu-pa-vag-att-blunda-for-likabehandling\/\",\"url\":\"https:\/\/www.budokampsport.se\/2011\/05\/30\/rf-och-sisu-pa-vag-att-blunda-for-likabehandling\/\",\"name\":\"RF och SISU p\u00e5 v\u00e4g att blunda f\u00f6r likabehandling - Svenska Budo &amp; Kampsportsf\u00f6rbundet\",\"isPartOf\":{\"@id\":\"https:\/\/www.budokampsport.se\/#website\"},\"datePublished\":\"2011-05-30T08:31:55+00:00\",\"dateModified\":\"2016-12-06T21:32:18+00:00\",\"author\":{\"@id\":\"https:\/\/www.budokampsport.se\/#\/schema\/person\/5c06d81d14850e2a8ce5493386560145\"},\"description\":\"P\u00e5 RF-st\u00e4mman i helgen tog en livlig diskussion om likabehandling fart. Trots st\u00e4mmobeslut fr\u00e5n 2009 var b\u00e5de RF och SISU kallsinniga till ett omfattande arbete f\u00f6r likabehandling. Motivet f\u00f6r det: den felaktiga uppfattningen att ideella f\u00f6reningar inte skulle inkluderas i lagen om diskriminering.\",\"breadcrumb\":{\"@id\":\"https:\/\/www.budokampsport.se\/2011\/05\/30\/rf-och-sisu-pa-vag-att-blunda-for-likabehandling\/#breadcrumb\"},\"inLanguage\":\"sv-SE\",\"potentialAction\":[{\"@type\":\"ReadAction\",\"target\":[\"https:\/\/www.budokampsport.se\/2011\/05\/30\/rf-och-sisu-pa-vag-att-blunda-for-likabehandling\/\"]}]},{\"@type\":\"BreadcrumbList\",\"@id\":\"https:\/\/www.budokampsport.se\/2011\/05\/30\/rf-och-sisu-pa-vag-att-blunda-for-likabehandling\/#breadcrumb\",\"itemListElement\":[{\"@type\":\"ListItem\",\"position\":1,\"name\":\"Hem\",\"item\":\"https:\/\/www.budokampsport.se\/\"},{\"@type\":\"ListItem\",\"position\":2,\"name\":\"RF och SISU p\u00e5 v\u00e4g att blunda f\u00f6r likabehandling\"}]},{\"@type\":\"WebSite\",\"@id\":\"https:\/\/www.budokampsport.se\/#website\",\"url\":\"https:\/\/www.budokampsport.se\/\",\"name\":\"Svenska Budo &amp; Kampsportsf\u00f6rbundet\",\"description\":\"T\u00e4vling, Tr\u00e4ning, Tradition\",\"potentialAction\":[{\"@type\":\"SearchAction\",\"target\":{\"@type\":\"EntryPoint\",\"urlTemplate\":\"https:\/\/www.budokampsport.se\/?s={search_term_string}\"},\"query-input\":{\"@type\":\"PropertyValueSpecification\",\"valueRequired\":true,\"valueName\":\"search_term_string\"}}],\"inLanguage\":\"sv-SE\"},{\"@type\":\"Person\",\"@id\":\"https:\/\/www.budokampsport.se\/#\/schema\/person\/5c06d81d14850e2a8ce5493386560145\",\"name\":\"Jonathan Broberg\",\"image\":{\"@type\":\"ImageObject\",\"inLanguage\":\"sv-SE\",\"@id\":\"https:\/\/www.budokampsport.se\/#\/schema\/person\/image\/\",\"url\":\"https:\/\/secure.gravatar.com\/avatar\/a58041c6cea9128bd9c40ee2f26d4136?s=96&d=blank&r=g\",\"contentUrl\":\"https:\/\/secure.gravatar.com\/avatar\/a58041c6cea9128bd9c40ee2f26d4136?s=96&d=blank&r=g\",\"caption\":\"Jonathan Broberg\"},\"sameAs\":[\"https:\/\/www.facebook.com\/jonathan.broberg.7\"],\"url\":\"https:\/\/www.budokampsport.se\/author\/jonathan\/\"}]}<\/script>\n<!-- \/ Yoast SEO plugin. -->","yoast_head_json":{"title":"RF och SISU p\u00e5 v\u00e4g att blunda f\u00f6r likabehandling - Svenska Budo &amp; Kampsportsf\u00f6rbundet","description":"P\u00e5 RF-st\u00e4mman i helgen tog en livlig diskussion om likabehandling fart. Trots st\u00e4mmobeslut fr\u00e5n 2009 var b\u00e5de RF och SISU kallsinniga till ett omfattande arbete f\u00f6r likabehandling. Motivet f\u00f6r det: den felaktiga uppfattningen att ideella f\u00f6reningar inte skulle inkluderas i lagen om diskriminering.","robots":{"index":"index","follow":"follow","max-snippet":"max-snippet:-1","max-image-preview":"max-image-preview:large","max-video-preview":"max-video-preview:-1"},"canonical":"https:\/\/www.budokampsport.se\/2011\/05\/30\/rf-och-sisu-pa-vag-att-blunda-for-likabehandling\/","og_locale":"sv_SE","og_type":"article","og_title":"RF och SISU p\u00e5 v\u00e4g att blunda f\u00f6r likabehandling - Svenska Budo &amp; Kampsportsf\u00f6rbundet","og_description":"P\u00e5 RF-st\u00e4mman i helgen tog en livlig diskussion om likabehandling fart. Trots st\u00e4mmobeslut fr\u00e5n 2009 var b\u00e5de RF och SISU kallsinniga till ett omfattande arbete f\u00f6r likabehandling. Motivet f\u00f6r det: den felaktiga uppfattningen att ideella f\u00f6reningar inte skulle inkluderas i lagen om diskriminering.","og_url":"https:\/\/www.budokampsport.se\/2011\/05\/30\/rf-och-sisu-pa-vag-att-blunda-for-likabehandling\/","og_site_name":"Svenska Budo &amp; Kampsportsf\u00f6rbundet","article_author":"https:\/\/www.facebook.com\/jonathan.broberg.7","article_published_time":"2011-05-30T08:31:55+00:00","article_modified_time":"2016-12-06T21:32:18+00:00","author":"Jonathan Broberg","twitter_card":"summary_large_image","twitter_misc":{"Skriven av":"Jonathan Broberg","Ber\u00e4knad l\u00e4stid":"1 minut"},"schema":{"@context":"https:\/\/schema.org","@graph":[{"@type":"Article","@id":"https:\/\/www.budokampsport.se\/2011\/05\/30\/rf-och-sisu-pa-vag-att-blunda-for-likabehandling\/#article","isPartOf":{"@id":"https:\/\/www.budokampsport.se\/2011\/05\/30\/rf-och-sisu-pa-vag-att-blunda-for-likabehandling\/"},"author":{"name":"Jonathan Broberg","@id":"https:\/\/www.budokampsport.se\/#\/schema\/person\/5c06d81d14850e2a8ce5493386560145"},"headline":"RF och SISU p\u00e5 v\u00e4g att blunda f\u00f6r likabehandling","datePublished":"2011-05-30T08:31:55+00:00","dateModified":"2016-12-06T21:32:18+00:00","mainEntityOfPage":{"@id":"https:\/\/www.budokampsport.se\/2011\/05\/30\/rf-och-sisu-pa-vag-att-blunda-for-likabehandling\/"},"wordCount":255,"inLanguage":"sv-SE"},{"@type":"WebPage","@id":"https:\/\/www.budokampsport.se\/2011\/05\/30\/rf-och-sisu-pa-vag-att-blunda-for-likabehandling\/","url":"https:\/\/www.budokampsport.se\/2011\/05\/30\/rf-och-sisu-pa-vag-att-blunda-for-likabehandling\/","name":"RF och SISU p\u00e5 v\u00e4g att blunda f\u00f6r likabehandling - Svenska Budo &amp; Kampsportsf\u00f6rbundet","isPartOf":{"@id":"https:\/\/www.budokampsport.se\/#website"},"datePublished":"2011-05-30T08:31:55+00:00","dateModified":"2016-12-06T21:32:18+00:00","author":{"@id":"https:\/\/www.budokampsport.se\/#\/schema\/person\/5c06d81d14850e2a8ce5493386560145"},"description":"P\u00e5 RF-st\u00e4mman i helgen tog en livlig diskussion om likabehandling fart. Trots st\u00e4mmobeslut fr\u00e5n 2009 var b\u00e5de RF och SISU kallsinniga till ett omfattande arbete f\u00f6r likabehandling. Motivet f\u00f6r det: den felaktiga uppfattningen att ideella f\u00f6reningar inte skulle inkluderas i lagen om diskriminering.","breadcrumb":{"@id":"https:\/\/www.budokampsport.se\/2011\/05\/30\/rf-och-sisu-pa-vag-att-blunda-for-likabehandling\/#breadcrumb"},"inLanguage":"sv-SE","potentialAction":[{"@type":"ReadAction","target":["https:\/\/www.budokampsport.se\/2011\/05\/30\/rf-och-sisu-pa-vag-att-blunda-for-likabehandling\/"]}]},{"@type":"BreadcrumbList","@id":"https:\/\/www.budokampsport.se\/2011\/05\/30\/rf-och-sisu-pa-vag-att-blunda-for-likabehandling\/#breadcrumb","itemListElement":[{"@type":"ListItem","position":1,"name":"Hem","item":"https:\/\/www.budokampsport.se\/"},{"@type":"ListItem","position":2,"name":"RF och SISU p\u00e5 v\u00e4g att blunda f\u00f6r likabehandling"}]},{"@type":"WebSite","@id":"https:\/\/www.budokampsport.se\/#website","url":"https:\/\/www.budokampsport.se\/","name":"Svenska Budo &amp; Kampsportsf\u00f6rbundet","description":"T\u00e4vling, Tr\u00e4ning, Tradition","potentialAction":[{"@type":"SearchAction","target":{"@type":"EntryPoint","urlTemplate":"https:\/\/www.budokampsport.se\/?s={search_term_string}"},"query-input":{"@type":"PropertyValueSpecification","valueRequired":true,"valueName":"search_term_string"}}],"inLanguage":"sv-SE"},{"@type":"Person","@id":"https:\/\/www.budokampsport.se\/#\/schema\/person\/5c06d81d14850e2a8ce5493386560145","name":"Jonathan Broberg","image":{"@type":"ImageObject","inLanguage":"sv-SE","@id":"https:\/\/www.budokampsport.se\/#\/schema\/person\/image\/","url":"https:\/\/secure.gravatar.com\/avatar\/a58041c6cea9128bd9c40ee2f26d4136?s=96&d=blank&r=g","contentUrl":"https:\/\/secure.gravatar.com\/avatar\/a58041c6cea9128bd9c40ee2f26d4136?s=96&d=blank&r=g","caption":"Jonathan Broberg"},"sameAs":["https:\/\/www.facebook.com\/jonathan.broberg.7"],"url":"https:\/\/www.budokampsport.se\/author\/jonathan\/"}]}},"_links":{"self":[{"href":"https:\/\/www.budokampsport.se\/api\/wp\/v2\/posts\/3581","targetHints":{"allow":["GET"]}}],"collection":[{"href":"https:\/\/www.budokampsport.se\/api\/wp\/v2\/posts"}],"about":[{"href":"https:\/\/www.budokampsport.se\/api\/wp\/v2\/types\/post"}],"author":[{"embeddable":true,"href":"https:\/\/www.budokampsport.se\/api\/wp\/v2\/users\/7"}],"replies":[{"embeddable":true,"href":"https:\/\/www.budokampsport.se\/api\/wp\/v2\/comments?post=3581"}],"version-history":[{"count":0,"href":"https:\/\/www.budokampsport.se\/api\/wp\/v2\/posts\/3581\/revisions"}],"wp:attachment":[{"href":"https:\/\/www.budokampsport.se\/api\/wp\/v2\/media?parent=3581"}],"wp:term":[{"taxonomy":"category","embeddable":true,"href":"https:\/\/www.budokampsport.se\/api\/wp\/v2\/categories?post=3581"},{"taxonomy":"post_tag","embeddable":true,"href":"https:\/\/www.budokampsport.se\/api\/wp\/v2\/tags?post=3581"}],"curies":[{"name":"wp","href":"https:\/\/api.w.org\/{rel}","templated":true}]}}