{"id":3588,"date":"2010-11-16T13:34:24","date_gmt":"2010-11-16T12:34:24","guid":{"rendered":"http:\/\/budo.wordpress.dev\/2010\/11\/16\/ingen-plats-for-kampsport-pa-idrottsgalan\/"},"modified":"2016-12-06T22:32:20","modified_gmt":"2016-12-06T21:32:20","slug":"ingen-plats-for-kampsport-pa-idrottsgalan","status":"publish","type":"post","link":"https:\/\/www.budokampsport.se\/2010\/11\/16\/ingen-plats-for-kampsport-pa-idrottsgalan\/","title":{"rendered":"Ingen plats f\u00f6r kampsport p\u00e5 Idrottsgalan"},"content":{"rendered":"<p><P><STRONG><SPAN style=\"LINE-HEIGHT: 115%; FONT-SIZE: 11pt\"><IMG alt=\"\" align=right src=\"\/sites\/default\/files\/idrottsgalan.jpg\" width=130 height=130>N\u00e4r nomineringarna till den svenska Idrottsgalan sl\u00e4pptes stod det klart att inte heller till kommande gala finns det utrymme f\u00f6r n\u00e5gon budo eller kampsport.Trots ett succ\u00e9\u00e5r f\u00f6r idrottare knutna till Svenska Budo &#038; Kampsportsf\u00f6rbundet, blev det ingen nominerad i \u00e5r.<BR><\/SPAN><\/STRONG><SPAN style=\"LINE-HEIGHT: 115%; FONT-SIZE: 11pt\"><!--break--><BR>Det blev som det alltid har blivit hittills. Ingen fr\u00e5n budo eller kampsport blev nominerad till pris p\u00e5 Idrottsgalan i \u00e5r heller.<BR><BR>Trots ett 2010 d\u00e4r Svenska Budo &#038; Kampsportsf\u00f6rbundets idrottare plockat internationella m\u00e4sterskapsmedaljer p\u00e5 l\u00f6pande band, samt att Sverige f\u00e5tt en och annan proffsv\u00e4rldsm\u00e4stare.<BR>\u00a0\u00a0 &#8211; \u00c4ven om det \u00e4r h\u00e5rd konkurrens, tycker jag att det \u00e4r alldeles uppenbart att de inte f\u00f6rst\u00e5r vidden av v\u00e5ra idrottares prestationer. Det \u00e4r synd att vi inte f\u00e5r vara med bland de riktigt stora, trots att v\u00e5ra idrottare sannerligen h\u00f6r hemma d\u00e4r, s\u00e4ger Svenska Budo &#038; Kampsportsf\u00f6rbundets ordf\u00f6rande Stefan Stenudd.<BR><BR><A href=\"http:\/\/www.idrottsgalan.com\/nominerade.html\">H\u00e4r \u00e4r samtliga nomineringar till Idrottsgalan.<\/A><BR><BR>Text: Jonathan Broberg<BR>Foto: idrottsgalan.se<\/SPAN><\/P><\/p>\n","protected":false},"excerpt":{"rendered":"<p><P><STRONG><SPAN style=\"LINE-HEIGHT: 115%; FONT-SIZE: 11pt\"><IMG alt=\"\" align=right src=\"\/sites\/default\/files\/idrottsgalan.jpg\" width=130 height=130>N\u00e4r nomineringarna till den svenska Idrottsgalan sl\u00e4pptes stod det klart att inte heller till kommande gala finns det utrymme f\u00f6r n\u00e5gon budo eller kampsport.Trots ett succ\u00e9\u00e5r f\u00f6r idrottare knutna till Svenska Budo &#038; Kampsportsf\u00f6rbundet, blev det ingen nominerad i \u00e5r.<BR><\/SPAN><\/STRONG><SPAN style=\"LINE-HEIGHT: 115%; FONT-SIZE: 11pt\"><\/p><br>","protected":false},"author":7,"featured_media":0,"comment_status":"closed","ping_status":"closed","sticky":false,"template":"","format":"standard","meta":{"_acf_changed":false,"footnotes":""},"categories":[1],"tags":[],"class_list":["post-3588","post","type-post","status-publish","format-standard","hentry","category-okategoriserade"],"acf":[],"yoast_head":"<!-- This site is optimized with the Yoast SEO plugin v26.8 - https:\/\/yoast.com\/product\/yoast-seo-wordpress\/ -->\n<title>Ingen plats f\u00f6r kampsport p\u00e5 Idrottsgalan - Svenska Budo &amp; Kampsportsf\u00f6rbundet<\/title>\n<meta name=\"description\" content=\"N\u00e4r nomineringarna till den svenska Idrottsgalan sl\u00e4pptes stod det klart att inte heller till kommande gala finns det utrymme f\u00f6r n\u00e5gon budo eller kampsport.Trots ett succ\u00e9\u00e5r f\u00f6r idrottare knutna till Svenska Budo &amp; Kampsportsf\u00f6rbundet, blev det ingen nominerad i \u00e5r.\" \/>\n<meta name=\"robots\" content=\"index, follow, max-snippet:-1, max-image-preview:large, max-video-preview:-1\" \/>\n<link rel=\"canonical\" href=\"https:\/\/www.budokampsport.se\/2010\/11\/16\/ingen-plats-for-kampsport-pa-idrottsgalan\/\" \/>\n<meta property=\"og:locale\" content=\"sv_SE\" \/>\n<meta property=\"og:type\" content=\"article\" \/>\n<meta property=\"og:title\" content=\"Ingen plats f\u00f6r kampsport p\u00e5 Idrottsgalan - Svenska Budo &amp; Kampsportsf\u00f6rbundet\" \/>\n<meta property=\"og:description\" content=\"N\u00e4r nomineringarna till den svenska Idrottsgalan sl\u00e4pptes stod det klart att inte heller till kommande gala finns det utrymme f\u00f6r n\u00e5gon budo eller kampsport.Trots ett succ\u00e9\u00e5r f\u00f6r idrottare knutna till Svenska Budo &amp; Kampsportsf\u00f6rbundet, blev det ingen nominerad i \u00e5r.\" \/>\n<meta property=\"og:url\" content=\"https:\/\/www.budokampsport.se\/2010\/11\/16\/ingen-plats-for-kampsport-pa-idrottsgalan\/\" \/>\n<meta property=\"og:site_name\" content=\"Svenska Budo &amp; Kampsportsf\u00f6rbundet\" \/>\n<meta property=\"article:author\" content=\"https:\/\/www.facebook.com\/jonathan.broberg.7\" \/>\n<meta property=\"article:published_time\" content=\"2010-11-16T12:34:24+00:00\" \/>\n<meta property=\"article:modified_time\" content=\"2016-12-06T21:32:20+00:00\" \/>\n<meta name=\"author\" content=\"Jonathan Broberg\" \/>\n<meta name=\"twitter:card\" content=\"summary_large_image\" \/>\n<meta name=\"twitter:label1\" content=\"Skriven av\" \/>\n\t<meta name=\"twitter:data1\" content=\"Jonathan Broberg\" \/>\n\t<meta name=\"twitter:label2\" content=\"Ber\u00e4knad l\u00e4stid\" \/>\n\t<meta name=\"twitter:data2\" content=\"1 minut\" \/>\n<script type=\"application\/ld+json\" class=\"yoast-schema-graph\">{\"@context\":\"https:\/\/schema.org\",\"@graph\":[{\"@type\":\"Article\",\"@id\":\"https:\/\/www.budokampsport.se\/2010\/11\/16\/ingen-plats-for-kampsport-pa-idrottsgalan\/#article\",\"isPartOf\":{\"@id\":\"https:\/\/www.budokampsport.se\/2010\/11\/16\/ingen-plats-for-kampsport-pa-idrottsgalan\/\"},\"author\":{\"name\":\"Jonathan Broberg\",\"@id\":\"https:\/\/www.budokampsport.se\/#\/schema\/person\/5c06d81d14850e2a8ce5493386560145\"},\"headline\":\"Ingen plats f\u00f6r kampsport p\u00e5 Idrottsgalan\",\"datePublished\":\"2010-11-16T12:34:24+00:00\",\"dateModified\":\"2016-12-06T21:32:20+00:00\",\"mainEntityOfPage\":{\"@id\":\"https:\/\/www.budokampsport.se\/2010\/11\/16\/ingen-plats-for-kampsport-pa-idrottsgalan\/\"},\"wordCount\":179,\"inLanguage\":\"sv-SE\"},{\"@type\":\"WebPage\",\"@id\":\"https:\/\/www.budokampsport.se\/2010\/11\/16\/ingen-plats-for-kampsport-pa-idrottsgalan\/\",\"url\":\"https:\/\/www.budokampsport.se\/2010\/11\/16\/ingen-plats-for-kampsport-pa-idrottsgalan\/\",\"name\":\"Ingen plats f\u00f6r kampsport p\u00e5 Idrottsgalan - Svenska Budo &amp; Kampsportsf\u00f6rbundet\",\"isPartOf\":{\"@id\":\"https:\/\/www.budokampsport.se\/#website\"},\"datePublished\":\"2010-11-16T12:34:24+00:00\",\"dateModified\":\"2016-12-06T21:32:20+00:00\",\"author\":{\"@id\":\"https:\/\/www.budokampsport.se\/#\/schema\/person\/5c06d81d14850e2a8ce5493386560145\"},\"description\":\"N\u00e4r nomineringarna till den svenska Idrottsgalan sl\u00e4pptes stod det klart att inte heller till kommande gala finns det utrymme f\u00f6r n\u00e5gon budo eller kampsport.Trots ett succ\u00e9\u00e5r f\u00f6r idrottare knutna till Svenska Budo & Kampsportsf\u00f6rbundet, blev det ingen nominerad i \u00e5r.\",\"breadcrumb\":{\"@id\":\"https:\/\/www.budokampsport.se\/2010\/11\/16\/ingen-plats-for-kampsport-pa-idrottsgalan\/#breadcrumb\"},\"inLanguage\":\"sv-SE\",\"potentialAction\":[{\"@type\":\"ReadAction\",\"target\":[\"https:\/\/www.budokampsport.se\/2010\/11\/16\/ingen-plats-for-kampsport-pa-idrottsgalan\/\"]}]},{\"@type\":\"BreadcrumbList\",\"@id\":\"https:\/\/www.budokampsport.se\/2010\/11\/16\/ingen-plats-for-kampsport-pa-idrottsgalan\/#breadcrumb\",\"itemListElement\":[{\"@type\":\"ListItem\",\"position\":1,\"name\":\"Hem\",\"item\":\"https:\/\/www.budokampsport.se\/\"},{\"@type\":\"ListItem\",\"position\":2,\"name\":\"Ingen plats f\u00f6r kampsport p\u00e5 Idrottsgalan\"}]},{\"@type\":\"WebSite\",\"@id\":\"https:\/\/www.budokampsport.se\/#website\",\"url\":\"https:\/\/www.budokampsport.se\/\",\"name\":\"Svenska Budo &amp; Kampsportsf\u00f6rbundet\",\"description\":\"T\u00e4vling, Tr\u00e4ning, Tradition\",\"potentialAction\":[{\"@type\":\"SearchAction\",\"target\":{\"@type\":\"EntryPoint\",\"urlTemplate\":\"https:\/\/www.budokampsport.se\/?s={search_term_string}\"},\"query-input\":{\"@type\":\"PropertyValueSpecification\",\"valueRequired\":true,\"valueName\":\"search_term_string\"}}],\"inLanguage\":\"sv-SE\"},{\"@type\":\"Person\",\"@id\":\"https:\/\/www.budokampsport.se\/#\/schema\/person\/5c06d81d14850e2a8ce5493386560145\",\"name\":\"Jonathan Broberg\",\"image\":{\"@type\":\"ImageObject\",\"inLanguage\":\"sv-SE\",\"@id\":\"https:\/\/www.budokampsport.se\/#\/schema\/person\/image\/\",\"url\":\"https:\/\/secure.gravatar.com\/avatar\/a58041c6cea9128bd9c40ee2f26d4136?s=96&d=blank&r=g\",\"contentUrl\":\"https:\/\/secure.gravatar.com\/avatar\/a58041c6cea9128bd9c40ee2f26d4136?s=96&d=blank&r=g\",\"caption\":\"Jonathan Broberg\"},\"sameAs\":[\"https:\/\/www.facebook.com\/jonathan.broberg.7\"],\"url\":\"https:\/\/www.budokampsport.se\/author\/jonathan\/\"}]}<\/script>\n<!-- \/ Yoast SEO plugin. -->","yoast_head_json":{"title":"Ingen plats f\u00f6r kampsport p\u00e5 Idrottsgalan - Svenska Budo &amp; Kampsportsf\u00f6rbundet","description":"N\u00e4r nomineringarna till den svenska Idrottsgalan sl\u00e4pptes stod det klart att inte heller till kommande gala finns det utrymme f\u00f6r n\u00e5gon budo eller kampsport.Trots ett succ\u00e9\u00e5r f\u00f6r idrottare knutna till Svenska Budo & Kampsportsf\u00f6rbundet, blev det ingen nominerad i \u00e5r.","robots":{"index":"index","follow":"follow","max-snippet":"max-snippet:-1","max-image-preview":"max-image-preview:large","max-video-preview":"max-video-preview:-1"},"canonical":"https:\/\/www.budokampsport.se\/2010\/11\/16\/ingen-plats-for-kampsport-pa-idrottsgalan\/","og_locale":"sv_SE","og_type":"article","og_title":"Ingen plats f\u00f6r kampsport p\u00e5 Idrottsgalan - Svenska Budo &amp; Kampsportsf\u00f6rbundet","og_description":"N\u00e4r nomineringarna till den svenska Idrottsgalan sl\u00e4pptes stod det klart att inte heller till kommande gala finns det utrymme f\u00f6r n\u00e5gon budo eller kampsport.Trots ett succ\u00e9\u00e5r f\u00f6r idrottare knutna till Svenska Budo & Kampsportsf\u00f6rbundet, blev det ingen nominerad i \u00e5r.","og_url":"https:\/\/www.budokampsport.se\/2010\/11\/16\/ingen-plats-for-kampsport-pa-idrottsgalan\/","og_site_name":"Svenska Budo &amp; Kampsportsf\u00f6rbundet","article_author":"https:\/\/www.facebook.com\/jonathan.broberg.7","article_published_time":"2010-11-16T12:34:24+00:00","article_modified_time":"2016-12-06T21:32:20+00:00","author":"Jonathan Broberg","twitter_card":"summary_large_image","twitter_misc":{"Skriven av":"Jonathan Broberg","Ber\u00e4knad l\u00e4stid":"1 minut"},"schema":{"@context":"https:\/\/schema.org","@graph":[{"@type":"Article","@id":"https:\/\/www.budokampsport.se\/2010\/11\/16\/ingen-plats-for-kampsport-pa-idrottsgalan\/#article","isPartOf":{"@id":"https:\/\/www.budokampsport.se\/2010\/11\/16\/ingen-plats-for-kampsport-pa-idrottsgalan\/"},"author":{"name":"Jonathan Broberg","@id":"https:\/\/www.budokampsport.se\/#\/schema\/person\/5c06d81d14850e2a8ce5493386560145"},"headline":"Ingen plats f\u00f6r kampsport p\u00e5 Idrottsgalan","datePublished":"2010-11-16T12:34:24+00:00","dateModified":"2016-12-06T21:32:20+00:00","mainEntityOfPage":{"@id":"https:\/\/www.budokampsport.se\/2010\/11\/16\/ingen-plats-for-kampsport-pa-idrottsgalan\/"},"wordCount":179,"inLanguage":"sv-SE"},{"@type":"WebPage","@id":"https:\/\/www.budokampsport.se\/2010\/11\/16\/ingen-plats-for-kampsport-pa-idrottsgalan\/","url":"https:\/\/www.budokampsport.se\/2010\/11\/16\/ingen-plats-for-kampsport-pa-idrottsgalan\/","name":"Ingen plats f\u00f6r kampsport p\u00e5 Idrottsgalan - Svenska Budo &amp; Kampsportsf\u00f6rbundet","isPartOf":{"@id":"https:\/\/www.budokampsport.se\/#website"},"datePublished":"2010-11-16T12:34:24+00:00","dateModified":"2016-12-06T21:32:20+00:00","author":{"@id":"https:\/\/www.budokampsport.se\/#\/schema\/person\/5c06d81d14850e2a8ce5493386560145"},"description":"N\u00e4r nomineringarna till den svenska Idrottsgalan sl\u00e4pptes stod det klart att inte heller till kommande gala finns det utrymme f\u00f6r n\u00e5gon budo eller kampsport.Trots ett succ\u00e9\u00e5r f\u00f6r idrottare knutna till Svenska Budo & Kampsportsf\u00f6rbundet, blev det ingen nominerad i \u00e5r.","breadcrumb":{"@id":"https:\/\/www.budokampsport.se\/2010\/11\/16\/ingen-plats-for-kampsport-pa-idrottsgalan\/#breadcrumb"},"inLanguage":"sv-SE","potentialAction":[{"@type":"ReadAction","target":["https:\/\/www.budokampsport.se\/2010\/11\/16\/ingen-plats-for-kampsport-pa-idrottsgalan\/"]}]},{"@type":"BreadcrumbList","@id":"https:\/\/www.budokampsport.se\/2010\/11\/16\/ingen-plats-for-kampsport-pa-idrottsgalan\/#breadcrumb","itemListElement":[{"@type":"ListItem","position":1,"name":"Hem","item":"https:\/\/www.budokampsport.se\/"},{"@type":"ListItem","position":2,"name":"Ingen plats f\u00f6r kampsport p\u00e5 Idrottsgalan"}]},{"@type":"WebSite","@id":"https:\/\/www.budokampsport.se\/#website","url":"https:\/\/www.budokampsport.se\/","name":"Svenska Budo &amp; Kampsportsf\u00f6rbundet","description":"T\u00e4vling, Tr\u00e4ning, Tradition","potentialAction":[{"@type":"SearchAction","target":{"@type":"EntryPoint","urlTemplate":"https:\/\/www.budokampsport.se\/?s={search_term_string}"},"query-input":{"@type":"PropertyValueSpecification","valueRequired":true,"valueName":"search_term_string"}}],"inLanguage":"sv-SE"},{"@type":"Person","@id":"https:\/\/www.budokampsport.se\/#\/schema\/person\/5c06d81d14850e2a8ce5493386560145","name":"Jonathan Broberg","image":{"@type":"ImageObject","inLanguage":"sv-SE","@id":"https:\/\/www.budokampsport.se\/#\/schema\/person\/image\/","url":"https:\/\/secure.gravatar.com\/avatar\/a58041c6cea9128bd9c40ee2f26d4136?s=96&d=blank&r=g","contentUrl":"https:\/\/secure.gravatar.com\/avatar\/a58041c6cea9128bd9c40ee2f26d4136?s=96&d=blank&r=g","caption":"Jonathan Broberg"},"sameAs":["https:\/\/www.facebook.com\/jonathan.broberg.7"],"url":"https:\/\/www.budokampsport.se\/author\/jonathan\/"}]}},"_links":{"self":[{"href":"https:\/\/www.budokampsport.se\/api\/wp\/v2\/posts\/3588","targetHints":{"allow":["GET"]}}],"collection":[{"href":"https:\/\/www.budokampsport.se\/api\/wp\/v2\/posts"}],"about":[{"href":"https:\/\/www.budokampsport.se\/api\/wp\/v2\/types\/post"}],"author":[{"embeddable":true,"href":"https:\/\/www.budokampsport.se\/api\/wp\/v2\/users\/7"}],"replies":[{"embeddable":true,"href":"https:\/\/www.budokampsport.se\/api\/wp\/v2\/comments?post=3588"}],"version-history":[{"count":0,"href":"https:\/\/www.budokampsport.se\/api\/wp\/v2\/posts\/3588\/revisions"}],"wp:attachment":[{"href":"https:\/\/www.budokampsport.se\/api\/wp\/v2\/media?parent=3588"}],"wp:term":[{"taxonomy":"category","embeddable":true,"href":"https:\/\/www.budokampsport.se\/api\/wp\/v2\/categories?post=3588"},{"taxonomy":"post_tag","embeddable":true,"href":"https:\/\/www.budokampsport.se\/api\/wp\/v2\/tags?post=3588"}],"curies":[{"name":"wp","href":"https:\/\/api.w.org\/{rel}","templated":true}]}}