{"id":3606,"date":"2010-11-29T14:37:20","date_gmt":"2010-11-29T13:37:20","guid":{"rendered":"http:\/\/budo.wordpress.dev\/2010\/11\/29\/wallen-vann-titelbalte-pa-the-zone\/"},"modified":"2016-12-06T22:32:24","modified_gmt":"2016-12-06T21:32:24","slug":"wallen-vann-titelbalte-pa-the-zone","status":"publish","type":"post","link":"https:\/\/www.budokampsport.se\/2010\/11\/29\/wallen-vann-titelbalte-pa-the-zone\/","title":{"rendered":"Wall\u00e9n vann titelb\u00e4lte p\u00e5 The Zone"},"content":{"rendered":"<p><P><STRONG><SPAN style=\"LINE-HEIGHT: 115%; FONT-SIZE: 11pt\"><IMG alt=\"\" align=right src=\"\/sites\/default\/files\/august1.jpg\" width=250 height=167>The Zone i Liseberghallen i l\u00f6rdags bj\u00f6d p\u00e5 stor underh\u00e5llning, d\u00e4r MMA-ordf\u00f6randen August Wall\u00e9n visade att han h\u00e5ller \u00e4ven utanf\u00f6r styrelserummen. En annan som h\u00f6ll var v\u00e4rldsm\u00e4staren i submission wrestling Mats Nilsson.<BR><\/SPAN><\/STRONG><SPAN style=\"LINE-HEIGHT: 115%; FONT-SIZE: 11pt\"><BR><!--break--><BR>Huvudnumret p\u00e5 The Zone i helgen var titelmatchen mellan August Wall\u00e9n och britten Chris Greig. Det blev en kortvarig historia d\u00e4r Wall\u00e9n efter v\u00e4lplacerat kn\u00e4 tog \u00f6ver helt fr\u00e5n golvet och kunde relativt enkelt strypa ut sin motst\u00e5ndare.<BR>\u00a0\u00a0 &#8211; Jag hade lite tur idag. Jag tror inte att han var med p\u00e5 mina kn\u00e4n fr\u00e5n klinch, sade han till Nyheter24 efter segern.<BR><BR>D\u00e4rmed fick s\u00e5 \u201dThe Strangler\u201d vinna en titel i hemstaden.<BR><BR>En annan som visade klass var submission wrestling-stj\u00e4rnan Mats Nilsson. I v\u00e5ras blev han v\u00e4rldsm\u00e4stare, i helgen vann han matchen mot Ivan Gluhak p\u00e5 ett f\u00f6red\u00f6mligt s\u00e4tt.<BR><BR><STRONG>H\u00e4r \u00e4r samtliga matchers resultat<\/STRONG><BR><BR>August Wall\u00e9n besegrade Chris Greig p\u00e5 submission i rond 1<BR>Victor Cheng besegrade Danijel Dzebic p\u00e5 submission i rond 2<BR>Martin Svensson besegrade Mauro Salomao p\u00e5 enh\u00e4lligt<BR>Tommy Blom besegrade Pavel Pimentov p\u00e5 TKO i rond 3<BR>Mats Nilsson besegrade Ivan Gluhak p\u00e5 submission i rond 1<BR>Frodi Hansen besegrade Christoffer Svensson p\u00e5 enh\u00e4lligt domslut<BR>Max Hederstr\u00f6m besegrade Nerijus Slepetis p\u00e5 submission i rond 1<BR>Damir Hadzovic besegrade Michael H\u00f6jermark via TKO (cut) i rond 3<BR>Kristoffer Mur\u00e9n besegrade Ali Ameziane via TKO (cut) i rond 1<BR>Christopher Wassberg besegrade Jeremie Moreau via TKO i rond 1<BR>Kristoffer K\u00e4llgren besegrade Simon Sk\u00f6ld via enh\u00e4lligt domslut<BR><BR>Text: Jonathan Broberg<\/SPAN><\/P><\/p>\n","protected":false},"excerpt":{"rendered":"<p><P><STRONG><SPAN style=\"LINE-HEIGHT: 115%; FONT-SIZE: 11pt\"><IMG alt=\"\" align=right src=\"\/sites\/default\/files\/august1.jpg\" width=250 height=167>The Zone i Liseberghallen i l\u00f6rdags bj\u00f6d p\u00e5 stor underh\u00e5llning, d\u00e4r MMA-ordf\u00f6randen August Wall\u00e9n visade att han h\u00e5ller \u00e4ven utanf\u00f6r styrelserummen. En annan som h\u00f6ll var v\u00e4rldsm\u00e4staren i submission wrestling Mats Nilsson.<BR><\/SPAN><\/STRONG><SPAN style=\"LINE-HEIGHT: 115%; FONT-SIZE: 11pt\"><BR><\/p><br>","protected":false},"author":7,"featured_media":0,"comment_status":"closed","ping_status":"closed","sticky":false,"template":"","format":"standard","meta":{"_acf_changed":false,"footnotes":""},"categories":[1],"tags":[],"class_list":["post-3606","post","type-post","status-publish","format-standard","hentry","category-okategoriserade"],"acf":[],"yoast_head":"<!-- This site is optimized with the Yoast SEO plugin v26.8 - https:\/\/yoast.com\/product\/yoast-seo-wordpress\/ -->\n<title>Wall\u00e9n vann titelb\u00e4lte p\u00e5 The Zone - Svenska Budo &amp; Kampsportsf\u00f6rbundet<\/title>\n<meta name=\"description\" content=\"The Zone i Liseberghallen i l\u00f6rdags bj\u00f6d p\u00e5 stor underh\u00e5llning, d\u00e4r MMA-ordf\u00f6randen August Wall\u00e9n visade att han h\u00e5ller \u00e4ven utanf\u00f6r styrelserummen. En annan som h\u00f6ll var v\u00e4rldsm\u00e4staren i submission wrestling Mats Nilsson.\" \/>\n<meta name=\"robots\" content=\"index, follow, max-snippet:-1, max-image-preview:large, max-video-preview:-1\" \/>\n<link rel=\"canonical\" href=\"https:\/\/www.budokampsport.se\/2010\/11\/29\/wallen-vann-titelbalte-pa-the-zone\/\" \/>\n<meta property=\"og:locale\" content=\"sv_SE\" \/>\n<meta property=\"og:type\" content=\"article\" \/>\n<meta property=\"og:title\" content=\"Wall\u00e9n vann titelb\u00e4lte p\u00e5 The Zone - Svenska Budo &amp; Kampsportsf\u00f6rbundet\" \/>\n<meta property=\"og:description\" content=\"The Zone i Liseberghallen i l\u00f6rdags bj\u00f6d p\u00e5 stor underh\u00e5llning, d\u00e4r MMA-ordf\u00f6randen August Wall\u00e9n visade att han h\u00e5ller \u00e4ven utanf\u00f6r styrelserummen. En annan som h\u00f6ll var v\u00e4rldsm\u00e4staren i submission wrestling Mats Nilsson.\" \/>\n<meta property=\"og:url\" content=\"https:\/\/www.budokampsport.se\/2010\/11\/29\/wallen-vann-titelbalte-pa-the-zone\/\" \/>\n<meta property=\"og:site_name\" content=\"Svenska Budo &amp; Kampsportsf\u00f6rbundet\" \/>\n<meta property=\"article:author\" content=\"https:\/\/www.facebook.com\/jonathan.broberg.7\" \/>\n<meta property=\"article:published_time\" content=\"2010-11-29T13:37:20+00:00\" \/>\n<meta property=\"article:modified_time\" content=\"2016-12-06T21:32:24+00:00\" \/>\n<meta name=\"author\" content=\"Jonathan Broberg\" \/>\n<meta name=\"twitter:card\" content=\"summary_large_image\" \/>\n<meta name=\"twitter:label1\" content=\"Skriven av\" \/>\n\t<meta name=\"twitter:data1\" content=\"Jonathan Broberg\" \/>\n\t<meta name=\"twitter:label2\" content=\"Ber\u00e4knad l\u00e4stid\" \/>\n\t<meta name=\"twitter:data2\" content=\"1 minut\" \/>\n<script type=\"application\/ld+json\" class=\"yoast-schema-graph\">{\"@context\":\"https:\/\/schema.org\",\"@graph\":[{\"@type\":\"Article\",\"@id\":\"https:\/\/www.budokampsport.se\/2010\/11\/29\/wallen-vann-titelbalte-pa-the-zone\/#article\",\"isPartOf\":{\"@id\":\"https:\/\/www.budokampsport.se\/2010\/11\/29\/wallen-vann-titelbalte-pa-the-zone\/\"},\"author\":{\"name\":\"Jonathan Broberg\",\"@id\":\"https:\/\/www.budokampsport.se\/#\/schema\/person\/5c06d81d14850e2a8ce5493386560145\"},\"headline\":\"Wall\u00e9n vann titelb\u00e4lte p\u00e5 The Zone\",\"datePublished\":\"2010-11-29T13:37:20+00:00\",\"dateModified\":\"2016-12-06T21:32:24+00:00\",\"mainEntityOfPage\":{\"@id\":\"https:\/\/www.budokampsport.se\/2010\/11\/29\/wallen-vann-titelbalte-pa-the-zone\/\"},\"wordCount\":279,\"inLanguage\":\"sv-SE\"},{\"@type\":\"WebPage\",\"@id\":\"https:\/\/www.budokampsport.se\/2010\/11\/29\/wallen-vann-titelbalte-pa-the-zone\/\",\"url\":\"https:\/\/www.budokampsport.se\/2010\/11\/29\/wallen-vann-titelbalte-pa-the-zone\/\",\"name\":\"Wall\u00e9n vann titelb\u00e4lte p\u00e5 The Zone - Svenska Budo &amp; Kampsportsf\u00f6rbundet\",\"isPartOf\":{\"@id\":\"https:\/\/www.budokampsport.se\/#website\"},\"datePublished\":\"2010-11-29T13:37:20+00:00\",\"dateModified\":\"2016-12-06T21:32:24+00:00\",\"author\":{\"@id\":\"https:\/\/www.budokampsport.se\/#\/schema\/person\/5c06d81d14850e2a8ce5493386560145\"},\"description\":\"The Zone i Liseberghallen i l\u00f6rdags bj\u00f6d p\u00e5 stor underh\u00e5llning, d\u00e4r MMA-ordf\u00f6randen August Wall\u00e9n visade att han h\u00e5ller \u00e4ven utanf\u00f6r styrelserummen. En annan som h\u00f6ll var v\u00e4rldsm\u00e4staren i submission wrestling Mats Nilsson.\",\"breadcrumb\":{\"@id\":\"https:\/\/www.budokampsport.se\/2010\/11\/29\/wallen-vann-titelbalte-pa-the-zone\/#breadcrumb\"},\"inLanguage\":\"sv-SE\",\"potentialAction\":[{\"@type\":\"ReadAction\",\"target\":[\"https:\/\/www.budokampsport.se\/2010\/11\/29\/wallen-vann-titelbalte-pa-the-zone\/\"]}]},{\"@type\":\"BreadcrumbList\",\"@id\":\"https:\/\/www.budokampsport.se\/2010\/11\/29\/wallen-vann-titelbalte-pa-the-zone\/#breadcrumb\",\"itemListElement\":[{\"@type\":\"ListItem\",\"position\":1,\"name\":\"Hem\",\"item\":\"https:\/\/www.budokampsport.se\/\"},{\"@type\":\"ListItem\",\"position\":2,\"name\":\"Wall\u00e9n vann titelb\u00e4lte p\u00e5 The Zone\"}]},{\"@type\":\"WebSite\",\"@id\":\"https:\/\/www.budokampsport.se\/#website\",\"url\":\"https:\/\/www.budokampsport.se\/\",\"name\":\"Svenska Budo &amp; Kampsportsf\u00f6rbundet\",\"description\":\"T\u00e4vling, Tr\u00e4ning, Tradition\",\"potentialAction\":[{\"@type\":\"SearchAction\",\"target\":{\"@type\":\"EntryPoint\",\"urlTemplate\":\"https:\/\/www.budokampsport.se\/?s={search_term_string}\"},\"query-input\":{\"@type\":\"PropertyValueSpecification\",\"valueRequired\":true,\"valueName\":\"search_term_string\"}}],\"inLanguage\":\"sv-SE\"},{\"@type\":\"Person\",\"@id\":\"https:\/\/www.budokampsport.se\/#\/schema\/person\/5c06d81d14850e2a8ce5493386560145\",\"name\":\"Jonathan Broberg\",\"image\":{\"@type\":\"ImageObject\",\"inLanguage\":\"sv-SE\",\"@id\":\"https:\/\/www.budokampsport.se\/#\/schema\/person\/image\/\",\"url\":\"https:\/\/secure.gravatar.com\/avatar\/a58041c6cea9128bd9c40ee2f26d4136?s=96&d=blank&r=g\",\"contentUrl\":\"https:\/\/secure.gravatar.com\/avatar\/a58041c6cea9128bd9c40ee2f26d4136?s=96&d=blank&r=g\",\"caption\":\"Jonathan Broberg\"},\"sameAs\":[\"https:\/\/www.facebook.com\/jonathan.broberg.7\"],\"url\":\"https:\/\/www.budokampsport.se\/author\/jonathan\/\"}]}<\/script>\n<!-- \/ Yoast SEO plugin. -->","yoast_head_json":{"title":"Wall\u00e9n vann titelb\u00e4lte p\u00e5 The Zone - Svenska Budo &amp; Kampsportsf\u00f6rbundet","description":"The Zone i Liseberghallen i l\u00f6rdags bj\u00f6d p\u00e5 stor underh\u00e5llning, d\u00e4r MMA-ordf\u00f6randen August Wall\u00e9n visade att han h\u00e5ller \u00e4ven utanf\u00f6r styrelserummen. En annan som h\u00f6ll var v\u00e4rldsm\u00e4staren i submission wrestling Mats Nilsson.","robots":{"index":"index","follow":"follow","max-snippet":"max-snippet:-1","max-image-preview":"max-image-preview:large","max-video-preview":"max-video-preview:-1"},"canonical":"https:\/\/www.budokampsport.se\/2010\/11\/29\/wallen-vann-titelbalte-pa-the-zone\/","og_locale":"sv_SE","og_type":"article","og_title":"Wall\u00e9n vann titelb\u00e4lte p\u00e5 The Zone - Svenska Budo &amp; Kampsportsf\u00f6rbundet","og_description":"The Zone i Liseberghallen i l\u00f6rdags bj\u00f6d p\u00e5 stor underh\u00e5llning, d\u00e4r MMA-ordf\u00f6randen August Wall\u00e9n visade att han h\u00e5ller \u00e4ven utanf\u00f6r styrelserummen. En annan som h\u00f6ll var v\u00e4rldsm\u00e4staren i submission wrestling Mats Nilsson.","og_url":"https:\/\/www.budokampsport.se\/2010\/11\/29\/wallen-vann-titelbalte-pa-the-zone\/","og_site_name":"Svenska Budo &amp; Kampsportsf\u00f6rbundet","article_author":"https:\/\/www.facebook.com\/jonathan.broberg.7","article_published_time":"2010-11-29T13:37:20+00:00","article_modified_time":"2016-12-06T21:32:24+00:00","author":"Jonathan Broberg","twitter_card":"summary_large_image","twitter_misc":{"Skriven av":"Jonathan Broberg","Ber\u00e4knad l\u00e4stid":"1 minut"},"schema":{"@context":"https:\/\/schema.org","@graph":[{"@type":"Article","@id":"https:\/\/www.budokampsport.se\/2010\/11\/29\/wallen-vann-titelbalte-pa-the-zone\/#article","isPartOf":{"@id":"https:\/\/www.budokampsport.se\/2010\/11\/29\/wallen-vann-titelbalte-pa-the-zone\/"},"author":{"name":"Jonathan Broberg","@id":"https:\/\/www.budokampsport.se\/#\/schema\/person\/5c06d81d14850e2a8ce5493386560145"},"headline":"Wall\u00e9n vann titelb\u00e4lte p\u00e5 The Zone","datePublished":"2010-11-29T13:37:20+00:00","dateModified":"2016-12-06T21:32:24+00:00","mainEntityOfPage":{"@id":"https:\/\/www.budokampsport.se\/2010\/11\/29\/wallen-vann-titelbalte-pa-the-zone\/"},"wordCount":279,"inLanguage":"sv-SE"},{"@type":"WebPage","@id":"https:\/\/www.budokampsport.se\/2010\/11\/29\/wallen-vann-titelbalte-pa-the-zone\/","url":"https:\/\/www.budokampsport.se\/2010\/11\/29\/wallen-vann-titelbalte-pa-the-zone\/","name":"Wall\u00e9n vann titelb\u00e4lte p\u00e5 The Zone - Svenska Budo &amp; Kampsportsf\u00f6rbundet","isPartOf":{"@id":"https:\/\/www.budokampsport.se\/#website"},"datePublished":"2010-11-29T13:37:20+00:00","dateModified":"2016-12-06T21:32:24+00:00","author":{"@id":"https:\/\/www.budokampsport.se\/#\/schema\/person\/5c06d81d14850e2a8ce5493386560145"},"description":"The Zone i Liseberghallen i l\u00f6rdags bj\u00f6d p\u00e5 stor underh\u00e5llning, d\u00e4r MMA-ordf\u00f6randen August Wall\u00e9n visade att han h\u00e5ller \u00e4ven utanf\u00f6r styrelserummen. En annan som h\u00f6ll var v\u00e4rldsm\u00e4staren i submission wrestling Mats Nilsson.","breadcrumb":{"@id":"https:\/\/www.budokampsport.se\/2010\/11\/29\/wallen-vann-titelbalte-pa-the-zone\/#breadcrumb"},"inLanguage":"sv-SE","potentialAction":[{"@type":"ReadAction","target":["https:\/\/www.budokampsport.se\/2010\/11\/29\/wallen-vann-titelbalte-pa-the-zone\/"]}]},{"@type":"BreadcrumbList","@id":"https:\/\/www.budokampsport.se\/2010\/11\/29\/wallen-vann-titelbalte-pa-the-zone\/#breadcrumb","itemListElement":[{"@type":"ListItem","position":1,"name":"Hem","item":"https:\/\/www.budokampsport.se\/"},{"@type":"ListItem","position":2,"name":"Wall\u00e9n vann titelb\u00e4lte p\u00e5 The Zone"}]},{"@type":"WebSite","@id":"https:\/\/www.budokampsport.se\/#website","url":"https:\/\/www.budokampsport.se\/","name":"Svenska Budo &amp; Kampsportsf\u00f6rbundet","description":"T\u00e4vling, Tr\u00e4ning, Tradition","potentialAction":[{"@type":"SearchAction","target":{"@type":"EntryPoint","urlTemplate":"https:\/\/www.budokampsport.se\/?s={search_term_string}"},"query-input":{"@type":"PropertyValueSpecification","valueRequired":true,"valueName":"search_term_string"}}],"inLanguage":"sv-SE"},{"@type":"Person","@id":"https:\/\/www.budokampsport.se\/#\/schema\/person\/5c06d81d14850e2a8ce5493386560145","name":"Jonathan Broberg","image":{"@type":"ImageObject","inLanguage":"sv-SE","@id":"https:\/\/www.budokampsport.se\/#\/schema\/person\/image\/","url":"https:\/\/secure.gravatar.com\/avatar\/a58041c6cea9128bd9c40ee2f26d4136?s=96&d=blank&r=g","contentUrl":"https:\/\/secure.gravatar.com\/avatar\/a58041c6cea9128bd9c40ee2f26d4136?s=96&d=blank&r=g","caption":"Jonathan Broberg"},"sameAs":["https:\/\/www.facebook.com\/jonathan.broberg.7"],"url":"https:\/\/www.budokampsport.se\/author\/jonathan\/"}]}},"_links":{"self":[{"href":"https:\/\/www.budokampsport.se\/api\/wp\/v2\/posts\/3606","targetHints":{"allow":["GET"]}}],"collection":[{"href":"https:\/\/www.budokampsport.se\/api\/wp\/v2\/posts"}],"about":[{"href":"https:\/\/www.budokampsport.se\/api\/wp\/v2\/types\/post"}],"author":[{"embeddable":true,"href":"https:\/\/www.budokampsport.se\/api\/wp\/v2\/users\/7"}],"replies":[{"embeddable":true,"href":"https:\/\/www.budokampsport.se\/api\/wp\/v2\/comments?post=3606"}],"version-history":[{"count":0,"href":"https:\/\/www.budokampsport.se\/api\/wp\/v2\/posts\/3606\/revisions"}],"wp:attachment":[{"href":"https:\/\/www.budokampsport.se\/api\/wp\/v2\/media?parent=3606"}],"wp:term":[{"taxonomy":"category","embeddable":true,"href":"https:\/\/www.budokampsport.se\/api\/wp\/v2\/categories?post=3606"},{"taxonomy":"post_tag","embeddable":true,"href":"https:\/\/www.budokampsport.se\/api\/wp\/v2\/tags?post=3606"}],"curies":[{"name":"wp","href":"https:\/\/api.w.org\/{rel}","templated":true}]}}