{"id":3632,"date":"2010-12-15T10:37:22","date_gmt":"2010-12-15T09:37:22","guid":{"rendered":"http:\/\/budo.wordpress.dev\/2010\/12\/15\/landslagsledare-tackar-for-sig\/"},"modified":"2016-12-06T22:32:28","modified_gmt":"2016-12-06T21:32:28","slug":"landslagsledare-tackar-for-sig","status":"publish","type":"post","link":"https:\/\/www.budokampsport.se\/2010\/12\/15\/landslagsledare-tackar-for-sig\/","title":{"rendered":"Landslagsledare tackar f\u00f6r sig"},"content":{"rendered":"<p><P><STRONG><IMG alt=\"\" align=middle src=\"\/sites\/default\/files\/10dic2010.jpg\" width=430 height=191><BR>VM i ju jutsu blev det sista officiella uppdraget f\u00f6r landslagscoach Martin Ingholt samt f\u00f6r assisterande landslagscoach Linda Lindstr\u00f6m. \u00c4ven sjukgymnasten Lena Larsson l\u00e4mnar ju jutsulandslaget.<\/STRONG><BR><!--break--><BR>Martin Ingholt, bror till Johan Ingholt, v\u00e4ljer att kliva \u00e5t sidan. Han var den som byggde upp landslaget inf\u00f6r hemma-VM 2008, d\u00e4r Sverige gjorde succ\u00e9. Ingholt \u00e4r utan tvekan en av Sveriges mest betydande landslagscoacher.<BR><BR><STRONG>Ingholts assisterande coach<\/STRONG>, Linda Lindstr\u00f6m, kliver \u00e4ven hon\u00a0\u00e5t sidan. Tillsammans med Ingholt har dessa tv\u00e5 sett till att Sverige genomf\u00f6rt m\u00e5nga fina m\u00e4sterskap. Det st\u00e5r ocks\u00e5 klart att sjukgymnasten Lena Larsson l\u00e4mnar landslaget. <BR><BR>I skrivandets stund \u00e4r det inte klart med ers\u00e4ttare f\u00f6r n\u00e5gon av dessa och Ju jutsu Federationen skriver p\u00e5 sin hemsida att den processen kommer att behandlas under vintern och presenteras under v\u00e5ren.<BR><BR>Text: Jonathan Broberg<BR>Foto: jujutsu.budo.se<\/P><\/p>\n","protected":false},"excerpt":{"rendered":"<p><P><STRONG><IMG alt=\"\" align=middle src=\"\/sites\/default\/files\/10dic2010.jpg\" width=430 height=191><BR>VM i ju jutsu blev det sista officiella uppdraget f\u00f6r landslagscoach Martin Ingholt samt f\u00f6r assisterande landslagscoach Linda Lindstr\u00f6m. \u00c4ven sjukgymnasten Lena Larsson l\u00e4mnar ju jutsulandslaget.<\/STRONG><BR><\/p><br>","protected":false},"author":7,"featured_media":0,"comment_status":"closed","ping_status":"closed","sticky":false,"template":"","format":"standard","meta":{"_acf_changed":false,"footnotes":""},"categories":[1],"tags":[],"class_list":["post-3632","post","type-post","status-publish","format-standard","hentry","category-okategoriserade"],"acf":[],"yoast_head":"<!-- This site is optimized with the Yoast SEO plugin v26.8 - https:\/\/yoast.com\/product\/yoast-seo-wordpress\/ -->\n<title>Landslagsledare tackar f\u00f6r sig - Svenska Budo &amp; Kampsportsf\u00f6rbundet<\/title>\n<meta name=\"description\" content=\"VM i ju jutsu blev det sista officiella uppdraget f\u00f6r landslagscoach Martin Ingholt samt f\u00f6r assisterande landslagscoach Linda Lindstr\u00f6m. \u00c4ven sjukgymnasten Lena Larsson l\u00e4mnar ju jutsulandslaget.\" \/>\n<meta name=\"robots\" content=\"index, follow, max-snippet:-1, max-image-preview:large, max-video-preview:-1\" \/>\n<link rel=\"canonical\" href=\"https:\/\/www.budokampsport.se\/2010\/12\/15\/landslagsledare-tackar-for-sig\/\" \/>\n<meta property=\"og:locale\" content=\"sv_SE\" \/>\n<meta property=\"og:type\" content=\"article\" \/>\n<meta property=\"og:title\" content=\"Landslagsledare tackar f\u00f6r sig - Svenska Budo &amp; Kampsportsf\u00f6rbundet\" \/>\n<meta property=\"og:description\" content=\"VM i ju jutsu blev det sista officiella uppdraget f\u00f6r landslagscoach Martin Ingholt samt f\u00f6r assisterande landslagscoach Linda Lindstr\u00f6m. \u00c4ven sjukgymnasten Lena Larsson l\u00e4mnar ju jutsulandslaget.\" \/>\n<meta property=\"og:url\" content=\"https:\/\/www.budokampsport.se\/2010\/12\/15\/landslagsledare-tackar-for-sig\/\" \/>\n<meta property=\"og:site_name\" content=\"Svenska Budo &amp; Kampsportsf\u00f6rbundet\" \/>\n<meta property=\"article:author\" content=\"https:\/\/www.facebook.com\/jonathan.broberg.7\" \/>\n<meta property=\"article:published_time\" content=\"2010-12-15T09:37:22+00:00\" \/>\n<meta property=\"article:modified_time\" content=\"2016-12-06T21:32:28+00:00\" \/>\n<meta name=\"author\" content=\"Jonathan Broberg\" \/>\n<meta name=\"twitter:card\" content=\"summary_large_image\" \/>\n<meta name=\"twitter:label1\" content=\"Skriven av\" \/>\n\t<meta name=\"twitter:data1\" content=\"Jonathan Broberg\" \/>\n\t<meta name=\"twitter:label2\" content=\"Ber\u00e4knad l\u00e4stid\" \/>\n\t<meta name=\"twitter:data2\" content=\"1 minut\" \/>\n<script type=\"application\/ld+json\" class=\"yoast-schema-graph\">{\"@context\":\"https:\/\/schema.org\",\"@graph\":[{\"@type\":\"Article\",\"@id\":\"https:\/\/www.budokampsport.se\/2010\/12\/15\/landslagsledare-tackar-for-sig\/#article\",\"isPartOf\":{\"@id\":\"https:\/\/www.budokampsport.se\/2010\/12\/15\/landslagsledare-tackar-for-sig\/\"},\"author\":{\"name\":\"Jonathan Broberg\",\"@id\":\"https:\/\/www.budokampsport.se\/#\/schema\/person\/5c06d81d14850e2a8ce5493386560145\"},\"headline\":\"Landslagsledare tackar f\u00f6r sig\",\"datePublished\":\"2010-12-15T09:37:22+00:00\",\"dateModified\":\"2016-12-06T21:32:28+00:00\",\"mainEntityOfPage\":{\"@id\":\"https:\/\/www.budokampsport.se\/2010\/12\/15\/landslagsledare-tackar-for-sig\/\"},\"wordCount\":155,\"inLanguage\":\"sv-SE\"},{\"@type\":\"WebPage\",\"@id\":\"https:\/\/www.budokampsport.se\/2010\/12\/15\/landslagsledare-tackar-for-sig\/\",\"url\":\"https:\/\/www.budokampsport.se\/2010\/12\/15\/landslagsledare-tackar-for-sig\/\",\"name\":\"Landslagsledare tackar f\u00f6r sig - Svenska Budo &amp; Kampsportsf\u00f6rbundet\",\"isPartOf\":{\"@id\":\"https:\/\/www.budokampsport.se\/#website\"},\"datePublished\":\"2010-12-15T09:37:22+00:00\",\"dateModified\":\"2016-12-06T21:32:28+00:00\",\"author\":{\"@id\":\"https:\/\/www.budokampsport.se\/#\/schema\/person\/5c06d81d14850e2a8ce5493386560145\"},\"description\":\"VM i ju jutsu blev det sista officiella uppdraget f\u00f6r landslagscoach Martin Ingholt samt f\u00f6r assisterande landslagscoach Linda Lindstr\u00f6m. \u00c4ven sjukgymnasten Lena Larsson l\u00e4mnar ju jutsulandslaget.\",\"breadcrumb\":{\"@id\":\"https:\/\/www.budokampsport.se\/2010\/12\/15\/landslagsledare-tackar-for-sig\/#breadcrumb\"},\"inLanguage\":\"sv-SE\",\"potentialAction\":[{\"@type\":\"ReadAction\",\"target\":[\"https:\/\/www.budokampsport.se\/2010\/12\/15\/landslagsledare-tackar-for-sig\/\"]}]},{\"@type\":\"BreadcrumbList\",\"@id\":\"https:\/\/www.budokampsport.se\/2010\/12\/15\/landslagsledare-tackar-for-sig\/#breadcrumb\",\"itemListElement\":[{\"@type\":\"ListItem\",\"position\":1,\"name\":\"Hem\",\"item\":\"https:\/\/www.budokampsport.se\/\"},{\"@type\":\"ListItem\",\"position\":2,\"name\":\"Landslagsledare tackar f\u00f6r sig\"}]},{\"@type\":\"WebSite\",\"@id\":\"https:\/\/www.budokampsport.se\/#website\",\"url\":\"https:\/\/www.budokampsport.se\/\",\"name\":\"Svenska Budo &amp; Kampsportsf\u00f6rbundet\",\"description\":\"T\u00e4vling, Tr\u00e4ning, Tradition\",\"potentialAction\":[{\"@type\":\"SearchAction\",\"target\":{\"@type\":\"EntryPoint\",\"urlTemplate\":\"https:\/\/www.budokampsport.se\/?s={search_term_string}\"},\"query-input\":{\"@type\":\"PropertyValueSpecification\",\"valueRequired\":true,\"valueName\":\"search_term_string\"}}],\"inLanguage\":\"sv-SE\"},{\"@type\":\"Person\",\"@id\":\"https:\/\/www.budokampsport.se\/#\/schema\/person\/5c06d81d14850e2a8ce5493386560145\",\"name\":\"Jonathan Broberg\",\"image\":{\"@type\":\"ImageObject\",\"inLanguage\":\"sv-SE\",\"@id\":\"https:\/\/www.budokampsport.se\/#\/schema\/person\/image\/\",\"url\":\"https:\/\/secure.gravatar.com\/avatar\/a58041c6cea9128bd9c40ee2f26d4136?s=96&d=blank&r=g\",\"contentUrl\":\"https:\/\/secure.gravatar.com\/avatar\/a58041c6cea9128bd9c40ee2f26d4136?s=96&d=blank&r=g\",\"caption\":\"Jonathan Broberg\"},\"sameAs\":[\"https:\/\/www.facebook.com\/jonathan.broberg.7\"],\"url\":\"https:\/\/www.budokampsport.se\/author\/jonathan\/\"}]}<\/script>\n<!-- \/ Yoast SEO plugin. -->","yoast_head_json":{"title":"Landslagsledare tackar f\u00f6r sig - Svenska Budo &amp; Kampsportsf\u00f6rbundet","description":"VM i ju jutsu blev det sista officiella uppdraget f\u00f6r landslagscoach Martin Ingholt samt f\u00f6r assisterande landslagscoach Linda Lindstr\u00f6m. \u00c4ven sjukgymnasten Lena Larsson l\u00e4mnar ju jutsulandslaget.","robots":{"index":"index","follow":"follow","max-snippet":"max-snippet:-1","max-image-preview":"max-image-preview:large","max-video-preview":"max-video-preview:-1"},"canonical":"https:\/\/www.budokampsport.se\/2010\/12\/15\/landslagsledare-tackar-for-sig\/","og_locale":"sv_SE","og_type":"article","og_title":"Landslagsledare tackar f\u00f6r sig - Svenska Budo &amp; Kampsportsf\u00f6rbundet","og_description":"VM i ju jutsu blev det sista officiella uppdraget f\u00f6r landslagscoach Martin Ingholt samt f\u00f6r assisterande landslagscoach Linda Lindstr\u00f6m. \u00c4ven sjukgymnasten Lena Larsson l\u00e4mnar ju jutsulandslaget.","og_url":"https:\/\/www.budokampsport.se\/2010\/12\/15\/landslagsledare-tackar-for-sig\/","og_site_name":"Svenska Budo &amp; Kampsportsf\u00f6rbundet","article_author":"https:\/\/www.facebook.com\/jonathan.broberg.7","article_published_time":"2010-12-15T09:37:22+00:00","article_modified_time":"2016-12-06T21:32:28+00:00","author":"Jonathan Broberg","twitter_card":"summary_large_image","twitter_misc":{"Skriven av":"Jonathan Broberg","Ber\u00e4knad l\u00e4stid":"1 minut"},"schema":{"@context":"https:\/\/schema.org","@graph":[{"@type":"Article","@id":"https:\/\/www.budokampsport.se\/2010\/12\/15\/landslagsledare-tackar-for-sig\/#article","isPartOf":{"@id":"https:\/\/www.budokampsport.se\/2010\/12\/15\/landslagsledare-tackar-for-sig\/"},"author":{"name":"Jonathan Broberg","@id":"https:\/\/www.budokampsport.se\/#\/schema\/person\/5c06d81d14850e2a8ce5493386560145"},"headline":"Landslagsledare tackar f\u00f6r sig","datePublished":"2010-12-15T09:37:22+00:00","dateModified":"2016-12-06T21:32:28+00:00","mainEntityOfPage":{"@id":"https:\/\/www.budokampsport.se\/2010\/12\/15\/landslagsledare-tackar-for-sig\/"},"wordCount":155,"inLanguage":"sv-SE"},{"@type":"WebPage","@id":"https:\/\/www.budokampsport.se\/2010\/12\/15\/landslagsledare-tackar-for-sig\/","url":"https:\/\/www.budokampsport.se\/2010\/12\/15\/landslagsledare-tackar-for-sig\/","name":"Landslagsledare tackar f\u00f6r sig - Svenska Budo &amp; Kampsportsf\u00f6rbundet","isPartOf":{"@id":"https:\/\/www.budokampsport.se\/#website"},"datePublished":"2010-12-15T09:37:22+00:00","dateModified":"2016-12-06T21:32:28+00:00","author":{"@id":"https:\/\/www.budokampsport.se\/#\/schema\/person\/5c06d81d14850e2a8ce5493386560145"},"description":"VM i ju jutsu blev det sista officiella uppdraget f\u00f6r landslagscoach Martin Ingholt samt f\u00f6r assisterande landslagscoach Linda Lindstr\u00f6m. \u00c4ven sjukgymnasten Lena Larsson l\u00e4mnar ju jutsulandslaget.","breadcrumb":{"@id":"https:\/\/www.budokampsport.se\/2010\/12\/15\/landslagsledare-tackar-for-sig\/#breadcrumb"},"inLanguage":"sv-SE","potentialAction":[{"@type":"ReadAction","target":["https:\/\/www.budokampsport.se\/2010\/12\/15\/landslagsledare-tackar-for-sig\/"]}]},{"@type":"BreadcrumbList","@id":"https:\/\/www.budokampsport.se\/2010\/12\/15\/landslagsledare-tackar-for-sig\/#breadcrumb","itemListElement":[{"@type":"ListItem","position":1,"name":"Hem","item":"https:\/\/www.budokampsport.se\/"},{"@type":"ListItem","position":2,"name":"Landslagsledare tackar f\u00f6r sig"}]},{"@type":"WebSite","@id":"https:\/\/www.budokampsport.se\/#website","url":"https:\/\/www.budokampsport.se\/","name":"Svenska Budo &amp; Kampsportsf\u00f6rbundet","description":"T\u00e4vling, Tr\u00e4ning, Tradition","potentialAction":[{"@type":"SearchAction","target":{"@type":"EntryPoint","urlTemplate":"https:\/\/www.budokampsport.se\/?s={search_term_string}"},"query-input":{"@type":"PropertyValueSpecification","valueRequired":true,"valueName":"search_term_string"}}],"inLanguage":"sv-SE"},{"@type":"Person","@id":"https:\/\/www.budokampsport.se\/#\/schema\/person\/5c06d81d14850e2a8ce5493386560145","name":"Jonathan Broberg","image":{"@type":"ImageObject","inLanguage":"sv-SE","@id":"https:\/\/www.budokampsport.se\/#\/schema\/person\/image\/","url":"https:\/\/secure.gravatar.com\/avatar\/a58041c6cea9128bd9c40ee2f26d4136?s=96&d=blank&r=g","contentUrl":"https:\/\/secure.gravatar.com\/avatar\/a58041c6cea9128bd9c40ee2f26d4136?s=96&d=blank&r=g","caption":"Jonathan Broberg"},"sameAs":["https:\/\/www.facebook.com\/jonathan.broberg.7"],"url":"https:\/\/www.budokampsport.se\/author\/jonathan\/"}]}},"_links":{"self":[{"href":"https:\/\/www.budokampsport.se\/api\/wp\/v2\/posts\/3632","targetHints":{"allow":["GET"]}}],"collection":[{"href":"https:\/\/www.budokampsport.se\/api\/wp\/v2\/posts"}],"about":[{"href":"https:\/\/www.budokampsport.se\/api\/wp\/v2\/types\/post"}],"author":[{"embeddable":true,"href":"https:\/\/www.budokampsport.se\/api\/wp\/v2\/users\/7"}],"replies":[{"embeddable":true,"href":"https:\/\/www.budokampsport.se\/api\/wp\/v2\/comments?post=3632"}],"version-history":[{"count":0,"href":"https:\/\/www.budokampsport.se\/api\/wp\/v2\/posts\/3632\/revisions"}],"wp:attachment":[{"href":"https:\/\/www.budokampsport.se\/api\/wp\/v2\/media?parent=3632"}],"wp:term":[{"taxonomy":"category","embeddable":true,"href":"https:\/\/www.budokampsport.se\/api\/wp\/v2\/categories?post=3632"},{"taxonomy":"post_tag","embeddable":true,"href":"https:\/\/www.budokampsport.se\/api\/wp\/v2\/tags?post=3632"}],"curies":[{"name":"wp","href":"https:\/\/api.w.org\/{rel}","templated":true}]}}