{"id":3642,"date":"2010-12-27T17:58:15","date_gmt":"2010-12-27T16:58:15","guid":{"rendered":"http:\/\/budo.wordpress.dev\/2010\/12\/27\/august-wallen-avgar-som-mma-ordforande\/"},"modified":"2016-12-06T22:32:30","modified_gmt":"2016-12-06T21:32:30","slug":"august-wallen-avgar-som-mma-ordforande","status":"publish","type":"post","link":"https:\/\/www.budokampsport.se\/2010\/12\/27\/august-wallen-avgar-som-mma-ordforande\/","title":{"rendered":"August Wall\u00e9n avg\u00e5r som MMA-ordf\u00f6rande"},"content":{"rendered":"<p><strong>P\u00e5 \u00e5rsst\u00e4mman n\u00e4sta \u00e5r kommer August Wall\u00e9n inte att kandidera f\u00f6r omval &#8211; han v\u00e4ljer ist\u00e4llet att idag offentligg\u00f6ra att han avg\u00e5r som ordf\u00f6rande i Svenska MMA-f\u00f6rbundet.<\/strong><br \/>\u00a0\u00a0 &#8211; Tiden \u00e4r inne f\u00f6r det. Jag k\u00e4nner att jag har gjort mitt inom MMA-f\u00f6rbundet. Det har varit en tid med mycket stora positiva f\u00f6r\u00e4ndringar f\u00f6r MMA som sport. Det \u00e4r med lite vemod, samtidigt som jag k\u00e4nner att beslutet \u00e4r det r\u00e4tta f\u00f6r mig, som jag kliver av, s\u00e4ger Wall\u00e9n till budokampsport.se.<br \/><!--break--><br \/>\u00a0<\/p>\n","protected":false},"excerpt":{"rendered":"<p><strong>P\u00e5 \u00e5rsst\u00e4mman n\u00e4sta \u00e5r kommer August Wall\u00e9n inte att kandidera f\u00f6r omval &#8211; han v\u00e4ljer ist\u00e4llet att idag offentligg\u00f6ra att han avg\u00e5r som ordf\u00f6rande i Svenska MMA-f\u00f6rbundet.<\/strong><br \/>\u00a0\u00a0 &#8211; Tiden \u00e4r inne f\u00f6r det. Jag k\u00e4nner att jag har gjort mitt inom MMA-f\u00f6rbundet. Det har varit en tid med mycket stora positiva f\u00f6r\u00e4ndringar f\u00f6r MMA som sport. Det \u00e4r med lite vemod, samtidigt som jag k\u00e4nner att beslutet \u00e4r det r\u00e4tta f\u00f6r mig, som jag kliver av, s\u00e4ger Wall\u00e9n till budokampsport.se.<\/p><br>","protected":false},"author":7,"featured_media":0,"comment_status":"closed","ping_status":"closed","sticky":false,"template":"","format":"standard","meta":{"_acf_changed":false,"footnotes":""},"categories":[1],"tags":[],"class_list":["post-3642","post","type-post","status-publish","format-standard","hentry","category-okategoriserade"],"acf":[],"yoast_head":"<!-- This site is optimized with the Yoast SEO plugin v26.8 - https:\/\/yoast.com\/product\/yoast-seo-wordpress\/ -->\n<title>August Wall\u00e9n avg\u00e5r som MMA-ordf\u00f6rande - Svenska Budo &amp; Kampsportsf\u00f6rbundet<\/title>\n<meta name=\"description\" content=\"P\u00e5 \u00e5rsst\u00e4mman n\u00e4sta \u00e5r kommer August Wall\u00e9n inte att kandidera f\u00f6r omval - han v\u00e4ljer ist\u00e4llet att idag offentligg\u00f6ra att han avg\u00e5r som ordf\u00f6rande i Svenska MMA-f\u00f6rbundet.\u00a0\u00a0 - Tiden \u00e4r inne f\u00f6r det. Jag k\u00e4nner att jag har gjort mitt inom MMA-f\u00f6rbundet. Det har varit en tid med mycket stora positiva f\u00f6r\u00e4ndringar f\u00f6r MMA som sport. Det \u00e4r med lite vemod, samtidigt som jag k\u00e4nner att beslutet \u00e4r det r\u00e4tta f\u00f6r mig, som jag kliver av, s\u00e4ger Wall\u00e9n till budokampsport.se.\" \/>\n<meta name=\"robots\" content=\"index, follow, max-snippet:-1, max-image-preview:large, max-video-preview:-1\" \/>\n<link rel=\"canonical\" href=\"https:\/\/www.budokampsport.se\/2010\/12\/27\/august-wallen-avgar-som-mma-ordforande\/\" \/>\n<meta property=\"og:locale\" content=\"sv_SE\" \/>\n<meta property=\"og:type\" content=\"article\" \/>\n<meta property=\"og:title\" content=\"August Wall\u00e9n avg\u00e5r som MMA-ordf\u00f6rande - Svenska Budo &amp; Kampsportsf\u00f6rbundet\" \/>\n<meta property=\"og:description\" content=\"P\u00e5 \u00e5rsst\u00e4mman n\u00e4sta \u00e5r kommer August Wall\u00e9n inte att kandidera f\u00f6r omval - han v\u00e4ljer ist\u00e4llet att idag offentligg\u00f6ra att han avg\u00e5r som ordf\u00f6rande i Svenska MMA-f\u00f6rbundet.\u00a0\u00a0 - Tiden \u00e4r inne f\u00f6r det. Jag k\u00e4nner att jag har gjort mitt inom MMA-f\u00f6rbundet. Det har varit en tid med mycket stora positiva f\u00f6r\u00e4ndringar f\u00f6r MMA som sport. Det \u00e4r med lite vemod, samtidigt som jag k\u00e4nner att beslutet \u00e4r det r\u00e4tta f\u00f6r mig, som jag kliver av, s\u00e4ger Wall\u00e9n till budokampsport.se.\" \/>\n<meta property=\"og:url\" content=\"https:\/\/www.budokampsport.se\/2010\/12\/27\/august-wallen-avgar-som-mma-ordforande\/\" \/>\n<meta property=\"og:site_name\" content=\"Svenska Budo &amp; Kampsportsf\u00f6rbundet\" \/>\n<meta property=\"article:author\" content=\"https:\/\/www.facebook.com\/jonathan.broberg.7\" \/>\n<meta property=\"article:published_time\" content=\"2010-12-27T16:58:15+00:00\" \/>\n<meta property=\"article:modified_time\" content=\"2016-12-06T21:32:30+00:00\" \/>\n<meta name=\"author\" content=\"Jonathan Broberg\" \/>\n<meta name=\"twitter:card\" content=\"summary_large_image\" \/>\n<meta name=\"twitter:label1\" content=\"Skriven av\" \/>\n\t<meta name=\"twitter:data1\" content=\"Jonathan Broberg\" \/>\n\t<meta name=\"twitter:label2\" content=\"Ber\u00e4knad l\u00e4stid\" \/>\n\t<meta name=\"twitter:data2\" content=\"1 minut\" \/>\n<script type=\"application\/ld+json\" class=\"yoast-schema-graph\">{\"@context\":\"https:\/\/schema.org\",\"@graph\":[{\"@type\":\"Article\",\"@id\":\"https:\/\/www.budokampsport.se\/2010\/12\/27\/august-wallen-avgar-som-mma-ordforande\/#article\",\"isPartOf\":{\"@id\":\"https:\/\/www.budokampsport.se\/2010\/12\/27\/august-wallen-avgar-som-mma-ordforande\/\"},\"author\":{\"name\":\"Jonathan Broberg\",\"@id\":\"https:\/\/www.budokampsport.se\/#\/schema\/person\/5c06d81d14850e2a8ce5493386560145\"},\"headline\":\"August Wall\u00e9n avg\u00e5r som MMA-ordf\u00f6rande\",\"datePublished\":\"2010-12-27T16:58:15+00:00\",\"dateModified\":\"2016-12-06T21:32:30+00:00\",\"mainEntityOfPage\":{\"@id\":\"https:\/\/www.budokampsport.se\/2010\/12\/27\/august-wallen-avgar-som-mma-ordforande\/\"},\"wordCount\":110,\"inLanguage\":\"sv-SE\"},{\"@type\":\"WebPage\",\"@id\":\"https:\/\/www.budokampsport.se\/2010\/12\/27\/august-wallen-avgar-som-mma-ordforande\/\",\"url\":\"https:\/\/www.budokampsport.se\/2010\/12\/27\/august-wallen-avgar-som-mma-ordforande\/\",\"name\":\"August Wall\u00e9n avg\u00e5r som MMA-ordf\u00f6rande - Svenska Budo &amp; Kampsportsf\u00f6rbundet\",\"isPartOf\":{\"@id\":\"https:\/\/www.budokampsport.se\/#website\"},\"datePublished\":\"2010-12-27T16:58:15+00:00\",\"dateModified\":\"2016-12-06T21:32:30+00:00\",\"author\":{\"@id\":\"https:\/\/www.budokampsport.se\/#\/schema\/person\/5c06d81d14850e2a8ce5493386560145\"},\"description\":\"P\u00e5 \u00e5rsst\u00e4mman n\u00e4sta \u00e5r kommer August Wall\u00e9n inte att kandidera f\u00f6r omval - han v\u00e4ljer ist\u00e4llet att idag offentligg\u00f6ra att han avg\u00e5r som ordf\u00f6rande i Svenska MMA-f\u00f6rbundet.\u00a0\u00a0 - Tiden \u00e4r inne f\u00f6r det. Jag k\u00e4nner att jag har gjort mitt inom MMA-f\u00f6rbundet. Det har varit en tid med mycket stora positiva f\u00f6r\u00e4ndringar f\u00f6r MMA som sport. Det \u00e4r med lite vemod, samtidigt som jag k\u00e4nner att beslutet \u00e4r det r\u00e4tta f\u00f6r mig, som jag kliver av, s\u00e4ger Wall\u00e9n till budokampsport.se.\",\"breadcrumb\":{\"@id\":\"https:\/\/www.budokampsport.se\/2010\/12\/27\/august-wallen-avgar-som-mma-ordforande\/#breadcrumb\"},\"inLanguage\":\"sv-SE\",\"potentialAction\":[{\"@type\":\"ReadAction\",\"target\":[\"https:\/\/www.budokampsport.se\/2010\/12\/27\/august-wallen-avgar-som-mma-ordforande\/\"]}]},{\"@type\":\"BreadcrumbList\",\"@id\":\"https:\/\/www.budokampsport.se\/2010\/12\/27\/august-wallen-avgar-som-mma-ordforande\/#breadcrumb\",\"itemListElement\":[{\"@type\":\"ListItem\",\"position\":1,\"name\":\"Hem\",\"item\":\"https:\/\/www.budokampsport.se\/\"},{\"@type\":\"ListItem\",\"position\":2,\"name\":\"August Wall\u00e9n avg\u00e5r som MMA-ordf\u00f6rande\"}]},{\"@type\":\"WebSite\",\"@id\":\"https:\/\/www.budokampsport.se\/#website\",\"url\":\"https:\/\/www.budokampsport.se\/\",\"name\":\"Svenska Budo &amp; Kampsportsf\u00f6rbundet\",\"description\":\"T\u00e4vling, Tr\u00e4ning, Tradition\",\"potentialAction\":[{\"@type\":\"SearchAction\",\"target\":{\"@type\":\"EntryPoint\",\"urlTemplate\":\"https:\/\/www.budokampsport.se\/?s={search_term_string}\"},\"query-input\":{\"@type\":\"PropertyValueSpecification\",\"valueRequired\":true,\"valueName\":\"search_term_string\"}}],\"inLanguage\":\"sv-SE\"},{\"@type\":\"Person\",\"@id\":\"https:\/\/www.budokampsport.se\/#\/schema\/person\/5c06d81d14850e2a8ce5493386560145\",\"name\":\"Jonathan Broberg\",\"image\":{\"@type\":\"ImageObject\",\"inLanguage\":\"sv-SE\",\"@id\":\"https:\/\/www.budokampsport.se\/#\/schema\/person\/image\/\",\"url\":\"https:\/\/secure.gravatar.com\/avatar\/a58041c6cea9128bd9c40ee2f26d4136?s=96&d=blank&r=g\",\"contentUrl\":\"https:\/\/secure.gravatar.com\/avatar\/a58041c6cea9128bd9c40ee2f26d4136?s=96&d=blank&r=g\",\"caption\":\"Jonathan Broberg\"},\"sameAs\":[\"https:\/\/www.facebook.com\/jonathan.broberg.7\"],\"url\":\"https:\/\/www.budokampsport.se\/author\/jonathan\/\"}]}<\/script>\n<!-- \/ Yoast SEO plugin. -->","yoast_head_json":{"title":"August Wall\u00e9n avg\u00e5r som MMA-ordf\u00f6rande - Svenska Budo &amp; Kampsportsf\u00f6rbundet","description":"P\u00e5 \u00e5rsst\u00e4mman n\u00e4sta \u00e5r kommer August Wall\u00e9n inte att kandidera f\u00f6r omval - han v\u00e4ljer ist\u00e4llet att idag offentligg\u00f6ra att han avg\u00e5r som ordf\u00f6rande i Svenska MMA-f\u00f6rbundet.\u00a0\u00a0 - Tiden \u00e4r inne f\u00f6r det. Jag k\u00e4nner att jag har gjort mitt inom MMA-f\u00f6rbundet. Det har varit en tid med mycket stora positiva f\u00f6r\u00e4ndringar f\u00f6r MMA som sport. Det \u00e4r med lite vemod, samtidigt som jag k\u00e4nner att beslutet \u00e4r det r\u00e4tta f\u00f6r mig, som jag kliver av, s\u00e4ger Wall\u00e9n till budokampsport.se.","robots":{"index":"index","follow":"follow","max-snippet":"max-snippet:-1","max-image-preview":"max-image-preview:large","max-video-preview":"max-video-preview:-1"},"canonical":"https:\/\/www.budokampsport.se\/2010\/12\/27\/august-wallen-avgar-som-mma-ordforande\/","og_locale":"sv_SE","og_type":"article","og_title":"August Wall\u00e9n avg\u00e5r som MMA-ordf\u00f6rande - Svenska Budo &amp; Kampsportsf\u00f6rbundet","og_description":"P\u00e5 \u00e5rsst\u00e4mman n\u00e4sta \u00e5r kommer August Wall\u00e9n inte att kandidera f\u00f6r omval - han v\u00e4ljer ist\u00e4llet att idag offentligg\u00f6ra att han avg\u00e5r som ordf\u00f6rande i Svenska MMA-f\u00f6rbundet.\u00a0\u00a0 - Tiden \u00e4r inne f\u00f6r det. Jag k\u00e4nner att jag har gjort mitt inom MMA-f\u00f6rbundet. Det har varit en tid med mycket stora positiva f\u00f6r\u00e4ndringar f\u00f6r MMA som sport. Det \u00e4r med lite vemod, samtidigt som jag k\u00e4nner att beslutet \u00e4r det r\u00e4tta f\u00f6r mig, som jag kliver av, s\u00e4ger Wall\u00e9n till budokampsport.se.","og_url":"https:\/\/www.budokampsport.se\/2010\/12\/27\/august-wallen-avgar-som-mma-ordforande\/","og_site_name":"Svenska Budo &amp; Kampsportsf\u00f6rbundet","article_author":"https:\/\/www.facebook.com\/jonathan.broberg.7","article_published_time":"2010-12-27T16:58:15+00:00","article_modified_time":"2016-12-06T21:32:30+00:00","author":"Jonathan Broberg","twitter_card":"summary_large_image","twitter_misc":{"Skriven av":"Jonathan Broberg","Ber\u00e4knad l\u00e4stid":"1 minut"},"schema":{"@context":"https:\/\/schema.org","@graph":[{"@type":"Article","@id":"https:\/\/www.budokampsport.se\/2010\/12\/27\/august-wallen-avgar-som-mma-ordforande\/#article","isPartOf":{"@id":"https:\/\/www.budokampsport.se\/2010\/12\/27\/august-wallen-avgar-som-mma-ordforande\/"},"author":{"name":"Jonathan Broberg","@id":"https:\/\/www.budokampsport.se\/#\/schema\/person\/5c06d81d14850e2a8ce5493386560145"},"headline":"August Wall\u00e9n avg\u00e5r som MMA-ordf\u00f6rande","datePublished":"2010-12-27T16:58:15+00:00","dateModified":"2016-12-06T21:32:30+00:00","mainEntityOfPage":{"@id":"https:\/\/www.budokampsport.se\/2010\/12\/27\/august-wallen-avgar-som-mma-ordforande\/"},"wordCount":110,"inLanguage":"sv-SE"},{"@type":"WebPage","@id":"https:\/\/www.budokampsport.se\/2010\/12\/27\/august-wallen-avgar-som-mma-ordforande\/","url":"https:\/\/www.budokampsport.se\/2010\/12\/27\/august-wallen-avgar-som-mma-ordforande\/","name":"August Wall\u00e9n avg\u00e5r som MMA-ordf\u00f6rande - Svenska Budo &amp; Kampsportsf\u00f6rbundet","isPartOf":{"@id":"https:\/\/www.budokampsport.se\/#website"},"datePublished":"2010-12-27T16:58:15+00:00","dateModified":"2016-12-06T21:32:30+00:00","author":{"@id":"https:\/\/www.budokampsport.se\/#\/schema\/person\/5c06d81d14850e2a8ce5493386560145"},"description":"P\u00e5 \u00e5rsst\u00e4mman n\u00e4sta \u00e5r kommer August Wall\u00e9n inte att kandidera f\u00f6r omval - han v\u00e4ljer ist\u00e4llet att idag offentligg\u00f6ra att han avg\u00e5r som ordf\u00f6rande i Svenska MMA-f\u00f6rbundet.\u00a0\u00a0 - Tiden \u00e4r inne f\u00f6r det. Jag k\u00e4nner att jag har gjort mitt inom MMA-f\u00f6rbundet. Det har varit en tid med mycket stora positiva f\u00f6r\u00e4ndringar f\u00f6r MMA som sport. Det \u00e4r med lite vemod, samtidigt som jag k\u00e4nner att beslutet \u00e4r det r\u00e4tta f\u00f6r mig, som jag kliver av, s\u00e4ger Wall\u00e9n till budokampsport.se.","breadcrumb":{"@id":"https:\/\/www.budokampsport.se\/2010\/12\/27\/august-wallen-avgar-som-mma-ordforande\/#breadcrumb"},"inLanguage":"sv-SE","potentialAction":[{"@type":"ReadAction","target":["https:\/\/www.budokampsport.se\/2010\/12\/27\/august-wallen-avgar-som-mma-ordforande\/"]}]},{"@type":"BreadcrumbList","@id":"https:\/\/www.budokampsport.se\/2010\/12\/27\/august-wallen-avgar-som-mma-ordforande\/#breadcrumb","itemListElement":[{"@type":"ListItem","position":1,"name":"Hem","item":"https:\/\/www.budokampsport.se\/"},{"@type":"ListItem","position":2,"name":"August Wall\u00e9n avg\u00e5r som MMA-ordf\u00f6rande"}]},{"@type":"WebSite","@id":"https:\/\/www.budokampsport.se\/#website","url":"https:\/\/www.budokampsport.se\/","name":"Svenska Budo &amp; Kampsportsf\u00f6rbundet","description":"T\u00e4vling, Tr\u00e4ning, Tradition","potentialAction":[{"@type":"SearchAction","target":{"@type":"EntryPoint","urlTemplate":"https:\/\/www.budokampsport.se\/?s={search_term_string}"},"query-input":{"@type":"PropertyValueSpecification","valueRequired":true,"valueName":"search_term_string"}}],"inLanguage":"sv-SE"},{"@type":"Person","@id":"https:\/\/www.budokampsport.se\/#\/schema\/person\/5c06d81d14850e2a8ce5493386560145","name":"Jonathan Broberg","image":{"@type":"ImageObject","inLanguage":"sv-SE","@id":"https:\/\/www.budokampsport.se\/#\/schema\/person\/image\/","url":"https:\/\/secure.gravatar.com\/avatar\/a58041c6cea9128bd9c40ee2f26d4136?s=96&d=blank&r=g","contentUrl":"https:\/\/secure.gravatar.com\/avatar\/a58041c6cea9128bd9c40ee2f26d4136?s=96&d=blank&r=g","caption":"Jonathan Broberg"},"sameAs":["https:\/\/www.facebook.com\/jonathan.broberg.7"],"url":"https:\/\/www.budokampsport.se\/author\/jonathan\/"}]}},"_links":{"self":[{"href":"https:\/\/www.budokampsport.se\/api\/wp\/v2\/posts\/3642","targetHints":{"allow":["GET"]}}],"collection":[{"href":"https:\/\/www.budokampsport.se\/api\/wp\/v2\/posts"}],"about":[{"href":"https:\/\/www.budokampsport.se\/api\/wp\/v2\/types\/post"}],"author":[{"embeddable":true,"href":"https:\/\/www.budokampsport.se\/api\/wp\/v2\/users\/7"}],"replies":[{"embeddable":true,"href":"https:\/\/www.budokampsport.se\/api\/wp\/v2\/comments?post=3642"}],"version-history":[{"count":0,"href":"https:\/\/www.budokampsport.se\/api\/wp\/v2\/posts\/3642\/revisions"}],"wp:attachment":[{"href":"https:\/\/www.budokampsport.se\/api\/wp\/v2\/media?parent=3642"}],"wp:term":[{"taxonomy":"category","embeddable":true,"href":"https:\/\/www.budokampsport.se\/api\/wp\/v2\/categories?post=3642"},{"taxonomy":"post_tag","embeddable":true,"href":"https:\/\/www.budokampsport.se\/api\/wp\/v2\/tags?post=3642"}],"curies":[{"name":"wp","href":"https:\/\/api.w.org\/{rel}","templated":true}]}}