{"id":3653,"date":"2011-01-17T10:39:18","date_gmt":"2011-01-17T09:39:18","guid":{"rendered":"http:\/\/budo.wordpress.dev\/2011\/01\/17\/mma-galor-aterkommer\/"},"modified":"2016-12-06T22:32:33","modified_gmt":"2016-12-06T21:32:33","slug":"mma-galor-aterkommer","status":"publish","type":"post","link":"https:\/\/www.budokampsport.se\/2011\/01\/17\/mma-galor-aterkommer\/","title":{"rendered":"MMA-galor \u00e5terkommer"},"content":{"rendered":"<p><P><STRONG><IMG alt=\"\" align=right src=\"\/sites\/default\/files\/galor.jpg\" width=200 height=46>I h\u00f6stas var det stadens d\u00e4r solen alltid skiner, Karlstads, tur att drabbas av MMA-feber. Vision Fighting Championship intog staden och galan \u00e5terkommer under v\u00e5ren. \u00c4ven G\u00f6teborgs stotlhet The Zone har nytt datum spikat.<\/STRONG><BR><!--break--><BR>MMA forts\u00e4tter att v\u00e4xa inom Sveriges gr\u00e4nser. Innan jul presenterade MMA-f\u00f6rbundet tv\u00e5 stora nyheter, att amat\u00f6r-MMA blir av och att regelverk f\u00f6r internationell professionell MMA godk\u00e4nts.<BR><BR>F\u00f6r ett tag sedan stod det ocks\u00e5 klart att VFC \u00e5terkommer under v\u00e5ren i Karlstad och att The Zone i G\u00f6teborg k\u00f6r ny gala i slutet av februari.<BR><BR>VFC 2 h\u00e5lls i Tingvallahallen i Karlstad den 19:e mars. Mer information finns p\u00e5 <A href=\"http:\/\/www.visionfc.se\/\">www.visionfc.se<\/A>. The Zone h\u00e5lls den 26:e februari i Lisebergshallen, mer om den galan finns p\u00e5 www.thezonefc.se.<BR><BR>Text: Jonathan Broberg<\/P><\/p>\n","protected":false},"excerpt":{"rendered":"<p><P><STRONG><IMG alt=\"\" align=right src=\"\/sites\/default\/files\/galor.jpg\" width=200 height=46>I h\u00f6stas var det stadens d\u00e4r solen alltid skiner, Karlstads, tur att drabbas av MMA-feber. Vision Fighting Championship intog staden och galan \u00e5terkommer under v\u00e5ren. \u00c4ven G\u00f6teborgs stotlhet The Zone har nytt datum spikat.<\/STRONG><BR><\/p><br>","protected":false},"author":7,"featured_media":0,"comment_status":"closed","ping_status":"closed","sticky":false,"template":"","format":"standard","meta":{"_acf_changed":false,"footnotes":""},"categories":[1],"tags":[],"class_list":["post-3653","post","type-post","status-publish","format-standard","hentry","category-okategoriserade"],"acf":[],"yoast_head":"<!-- This site is optimized with the Yoast SEO plugin v26.8 - https:\/\/yoast.com\/product\/yoast-seo-wordpress\/ -->\n<title>MMA-galor \u00e5terkommer - Svenska Budo &amp; Kampsportsf\u00f6rbundet<\/title>\n<meta name=\"description\" content=\"I h\u00f6stas var det stadens d\u00e4r solen alltid skiner, Karlstads, tur att drabbas av MMA-feber. Vision Fighting Championship intog staden och galan \u00e5terkommer under v\u00e5ren. \u00c4ven G\u00f6teborgs stotlhet The Zone har nytt datum spikat.\" \/>\n<meta name=\"robots\" content=\"index, follow, max-snippet:-1, max-image-preview:large, max-video-preview:-1\" \/>\n<link rel=\"canonical\" href=\"https:\/\/www.budokampsport.se\/2011\/01\/17\/mma-galor-aterkommer\/\" \/>\n<meta property=\"og:locale\" content=\"sv_SE\" \/>\n<meta property=\"og:type\" content=\"article\" \/>\n<meta property=\"og:title\" content=\"MMA-galor \u00e5terkommer - Svenska Budo &amp; Kampsportsf\u00f6rbundet\" \/>\n<meta property=\"og:description\" content=\"I h\u00f6stas var det stadens d\u00e4r solen alltid skiner, Karlstads, tur att drabbas av MMA-feber. Vision Fighting Championship intog staden och galan \u00e5terkommer under v\u00e5ren. \u00c4ven G\u00f6teborgs stotlhet The Zone har nytt datum spikat.\" \/>\n<meta property=\"og:url\" content=\"https:\/\/www.budokampsport.se\/2011\/01\/17\/mma-galor-aterkommer\/\" \/>\n<meta property=\"og:site_name\" content=\"Svenska Budo &amp; Kampsportsf\u00f6rbundet\" \/>\n<meta property=\"article:author\" content=\"https:\/\/www.facebook.com\/jonathan.broberg.7\" \/>\n<meta property=\"article:published_time\" content=\"2011-01-17T09:39:18+00:00\" \/>\n<meta property=\"article:modified_time\" content=\"2016-12-06T21:32:33+00:00\" \/>\n<meta name=\"author\" content=\"Jonathan Broberg\" \/>\n<meta name=\"twitter:card\" content=\"summary_large_image\" \/>\n<meta name=\"twitter:label1\" content=\"Skriven av\" \/>\n\t<meta name=\"twitter:data1\" content=\"Jonathan Broberg\" \/>\n\t<meta name=\"twitter:label2\" content=\"Ber\u00e4knad l\u00e4stid\" \/>\n\t<meta name=\"twitter:data2\" content=\"1 minut\" \/>\n<script type=\"application\/ld+json\" class=\"yoast-schema-graph\">{\"@context\":\"https:\/\/schema.org\",\"@graph\":[{\"@type\":\"Article\",\"@id\":\"https:\/\/www.budokampsport.se\/2011\/01\/17\/mma-galor-aterkommer\/#article\",\"isPartOf\":{\"@id\":\"https:\/\/www.budokampsport.se\/2011\/01\/17\/mma-galor-aterkommer\/\"},\"author\":{\"name\":\"Jonathan Broberg\",\"@id\":\"https:\/\/www.budokampsport.se\/#\/schema\/person\/5c06d81d14850e2a8ce5493386560145\"},\"headline\":\"MMA-galor \u00e5terkommer\",\"datePublished\":\"2011-01-17T09:39:18+00:00\",\"dateModified\":\"2016-12-06T21:32:33+00:00\",\"mainEntityOfPage\":{\"@id\":\"https:\/\/www.budokampsport.se\/2011\/01\/17\/mma-galor-aterkommer\/\"},\"wordCount\":143,\"inLanguage\":\"sv-SE\"},{\"@type\":\"WebPage\",\"@id\":\"https:\/\/www.budokampsport.se\/2011\/01\/17\/mma-galor-aterkommer\/\",\"url\":\"https:\/\/www.budokampsport.se\/2011\/01\/17\/mma-galor-aterkommer\/\",\"name\":\"MMA-galor \u00e5terkommer - Svenska Budo &amp; Kampsportsf\u00f6rbundet\",\"isPartOf\":{\"@id\":\"https:\/\/www.budokampsport.se\/#website\"},\"datePublished\":\"2011-01-17T09:39:18+00:00\",\"dateModified\":\"2016-12-06T21:32:33+00:00\",\"author\":{\"@id\":\"https:\/\/www.budokampsport.se\/#\/schema\/person\/5c06d81d14850e2a8ce5493386560145\"},\"description\":\"I h\u00f6stas var det stadens d\u00e4r solen alltid skiner, Karlstads, tur att drabbas av MMA-feber. Vision Fighting Championship intog staden och galan \u00e5terkommer under v\u00e5ren. \u00c4ven G\u00f6teborgs stotlhet The Zone har nytt datum spikat.\",\"breadcrumb\":{\"@id\":\"https:\/\/www.budokampsport.se\/2011\/01\/17\/mma-galor-aterkommer\/#breadcrumb\"},\"inLanguage\":\"sv-SE\",\"potentialAction\":[{\"@type\":\"ReadAction\",\"target\":[\"https:\/\/www.budokampsport.se\/2011\/01\/17\/mma-galor-aterkommer\/\"]}]},{\"@type\":\"BreadcrumbList\",\"@id\":\"https:\/\/www.budokampsport.se\/2011\/01\/17\/mma-galor-aterkommer\/#breadcrumb\",\"itemListElement\":[{\"@type\":\"ListItem\",\"position\":1,\"name\":\"Hem\",\"item\":\"https:\/\/www.budokampsport.se\/\"},{\"@type\":\"ListItem\",\"position\":2,\"name\":\"MMA-galor \u00e5terkommer\"}]},{\"@type\":\"WebSite\",\"@id\":\"https:\/\/www.budokampsport.se\/#website\",\"url\":\"https:\/\/www.budokampsport.se\/\",\"name\":\"Svenska Budo &amp; Kampsportsf\u00f6rbundet\",\"description\":\"T\u00e4vling, Tr\u00e4ning, Tradition\",\"potentialAction\":[{\"@type\":\"SearchAction\",\"target\":{\"@type\":\"EntryPoint\",\"urlTemplate\":\"https:\/\/www.budokampsport.se\/?s={search_term_string}\"},\"query-input\":{\"@type\":\"PropertyValueSpecification\",\"valueRequired\":true,\"valueName\":\"search_term_string\"}}],\"inLanguage\":\"sv-SE\"},{\"@type\":\"Person\",\"@id\":\"https:\/\/www.budokampsport.se\/#\/schema\/person\/5c06d81d14850e2a8ce5493386560145\",\"name\":\"Jonathan Broberg\",\"image\":{\"@type\":\"ImageObject\",\"inLanguage\":\"sv-SE\",\"@id\":\"https:\/\/www.budokampsport.se\/#\/schema\/person\/image\/\",\"url\":\"https:\/\/secure.gravatar.com\/avatar\/a58041c6cea9128bd9c40ee2f26d4136?s=96&d=blank&r=g\",\"contentUrl\":\"https:\/\/secure.gravatar.com\/avatar\/a58041c6cea9128bd9c40ee2f26d4136?s=96&d=blank&r=g\",\"caption\":\"Jonathan Broberg\"},\"sameAs\":[\"https:\/\/www.facebook.com\/jonathan.broberg.7\"],\"url\":\"https:\/\/www.budokampsport.se\/author\/jonathan\/\"}]}<\/script>\n<!-- \/ Yoast SEO plugin. -->","yoast_head_json":{"title":"MMA-galor \u00e5terkommer - Svenska Budo &amp; Kampsportsf\u00f6rbundet","description":"I h\u00f6stas var det stadens d\u00e4r solen alltid skiner, Karlstads, tur att drabbas av MMA-feber. Vision Fighting Championship intog staden och galan \u00e5terkommer under v\u00e5ren. \u00c4ven G\u00f6teborgs stotlhet The Zone har nytt datum spikat.","robots":{"index":"index","follow":"follow","max-snippet":"max-snippet:-1","max-image-preview":"max-image-preview:large","max-video-preview":"max-video-preview:-1"},"canonical":"https:\/\/www.budokampsport.se\/2011\/01\/17\/mma-galor-aterkommer\/","og_locale":"sv_SE","og_type":"article","og_title":"MMA-galor \u00e5terkommer - Svenska Budo &amp; Kampsportsf\u00f6rbundet","og_description":"I h\u00f6stas var det stadens d\u00e4r solen alltid skiner, Karlstads, tur att drabbas av MMA-feber. Vision Fighting Championship intog staden och galan \u00e5terkommer under v\u00e5ren. \u00c4ven G\u00f6teborgs stotlhet The Zone har nytt datum spikat.","og_url":"https:\/\/www.budokampsport.se\/2011\/01\/17\/mma-galor-aterkommer\/","og_site_name":"Svenska Budo &amp; Kampsportsf\u00f6rbundet","article_author":"https:\/\/www.facebook.com\/jonathan.broberg.7","article_published_time":"2011-01-17T09:39:18+00:00","article_modified_time":"2016-12-06T21:32:33+00:00","author":"Jonathan Broberg","twitter_card":"summary_large_image","twitter_misc":{"Skriven av":"Jonathan Broberg","Ber\u00e4knad l\u00e4stid":"1 minut"},"schema":{"@context":"https:\/\/schema.org","@graph":[{"@type":"Article","@id":"https:\/\/www.budokampsport.se\/2011\/01\/17\/mma-galor-aterkommer\/#article","isPartOf":{"@id":"https:\/\/www.budokampsport.se\/2011\/01\/17\/mma-galor-aterkommer\/"},"author":{"name":"Jonathan Broberg","@id":"https:\/\/www.budokampsport.se\/#\/schema\/person\/5c06d81d14850e2a8ce5493386560145"},"headline":"MMA-galor \u00e5terkommer","datePublished":"2011-01-17T09:39:18+00:00","dateModified":"2016-12-06T21:32:33+00:00","mainEntityOfPage":{"@id":"https:\/\/www.budokampsport.se\/2011\/01\/17\/mma-galor-aterkommer\/"},"wordCount":143,"inLanguage":"sv-SE"},{"@type":"WebPage","@id":"https:\/\/www.budokampsport.se\/2011\/01\/17\/mma-galor-aterkommer\/","url":"https:\/\/www.budokampsport.se\/2011\/01\/17\/mma-galor-aterkommer\/","name":"MMA-galor \u00e5terkommer - Svenska Budo &amp; Kampsportsf\u00f6rbundet","isPartOf":{"@id":"https:\/\/www.budokampsport.se\/#website"},"datePublished":"2011-01-17T09:39:18+00:00","dateModified":"2016-12-06T21:32:33+00:00","author":{"@id":"https:\/\/www.budokampsport.se\/#\/schema\/person\/5c06d81d14850e2a8ce5493386560145"},"description":"I h\u00f6stas var det stadens d\u00e4r solen alltid skiner, Karlstads, tur att drabbas av MMA-feber. Vision Fighting Championship intog staden och galan \u00e5terkommer under v\u00e5ren. \u00c4ven G\u00f6teborgs stotlhet The Zone har nytt datum spikat.","breadcrumb":{"@id":"https:\/\/www.budokampsport.se\/2011\/01\/17\/mma-galor-aterkommer\/#breadcrumb"},"inLanguage":"sv-SE","potentialAction":[{"@type":"ReadAction","target":["https:\/\/www.budokampsport.se\/2011\/01\/17\/mma-galor-aterkommer\/"]}]},{"@type":"BreadcrumbList","@id":"https:\/\/www.budokampsport.se\/2011\/01\/17\/mma-galor-aterkommer\/#breadcrumb","itemListElement":[{"@type":"ListItem","position":1,"name":"Hem","item":"https:\/\/www.budokampsport.se\/"},{"@type":"ListItem","position":2,"name":"MMA-galor \u00e5terkommer"}]},{"@type":"WebSite","@id":"https:\/\/www.budokampsport.se\/#website","url":"https:\/\/www.budokampsport.se\/","name":"Svenska Budo &amp; Kampsportsf\u00f6rbundet","description":"T\u00e4vling, Tr\u00e4ning, Tradition","potentialAction":[{"@type":"SearchAction","target":{"@type":"EntryPoint","urlTemplate":"https:\/\/www.budokampsport.se\/?s={search_term_string}"},"query-input":{"@type":"PropertyValueSpecification","valueRequired":true,"valueName":"search_term_string"}}],"inLanguage":"sv-SE"},{"@type":"Person","@id":"https:\/\/www.budokampsport.se\/#\/schema\/person\/5c06d81d14850e2a8ce5493386560145","name":"Jonathan Broberg","image":{"@type":"ImageObject","inLanguage":"sv-SE","@id":"https:\/\/www.budokampsport.se\/#\/schema\/person\/image\/","url":"https:\/\/secure.gravatar.com\/avatar\/a58041c6cea9128bd9c40ee2f26d4136?s=96&d=blank&r=g","contentUrl":"https:\/\/secure.gravatar.com\/avatar\/a58041c6cea9128bd9c40ee2f26d4136?s=96&d=blank&r=g","caption":"Jonathan Broberg"},"sameAs":["https:\/\/www.facebook.com\/jonathan.broberg.7"],"url":"https:\/\/www.budokampsport.se\/author\/jonathan\/"}]}},"_links":{"self":[{"href":"https:\/\/www.budokampsport.se\/api\/wp\/v2\/posts\/3653","targetHints":{"allow":["GET"]}}],"collection":[{"href":"https:\/\/www.budokampsport.se\/api\/wp\/v2\/posts"}],"about":[{"href":"https:\/\/www.budokampsport.se\/api\/wp\/v2\/types\/post"}],"author":[{"embeddable":true,"href":"https:\/\/www.budokampsport.se\/api\/wp\/v2\/users\/7"}],"replies":[{"embeddable":true,"href":"https:\/\/www.budokampsport.se\/api\/wp\/v2\/comments?post=3653"}],"version-history":[{"count":0,"href":"https:\/\/www.budokampsport.se\/api\/wp\/v2\/posts\/3653\/revisions"}],"wp:attachment":[{"href":"https:\/\/www.budokampsport.se\/api\/wp\/v2\/media?parent=3653"}],"wp:term":[{"taxonomy":"category","embeddable":true,"href":"https:\/\/www.budokampsport.se\/api\/wp\/v2\/categories?post=3653"},{"taxonomy":"post_tag","embeddable":true,"href":"https:\/\/www.budokampsport.se\/api\/wp\/v2\/tags?post=3653"}],"curies":[{"name":"wp","href":"https:\/\/api.w.org\/{rel}","templated":true}]}}