{"id":3658,"date":"2011-01-20T10:20:02","date_gmt":"2011-01-20T09:20:02","guid":{"rendered":"http:\/\/budo.wordpress.dev\/2011\/01\/20\/sara-widgren-satsar-hogt-under-2011\/"},"modified":"2016-12-06T22:32:34","modified_gmt":"2016-12-06T21:32:34","slug":"sara-widgren-satsar-hogt-under-2011","status":"publish","type":"post","link":"https:\/\/www.budokampsport.se\/2011\/01\/20\/sara-widgren-satsar-hogt-under-2011\/","title":{"rendered":"Sara Widgren satsar h\u00f6gt under 2011"},"content":{"rendered":"<p><P><STRONG><IMG alt=\"\" align=middle src=\"\/sites\/default\/files\/widgren_tre.jpg\" width=430 height=287><BR>Det internationella genombrottet kom direkt i f\u00f6rsta seniorm\u00e4sterskapet hon st\u00e4llde upp i. 19-\u00e5riga Sara Widgren fr\u00e5n Nacka i Stockholm slutade femma p\u00e5 VM \u2013 och var besviken efter\u00e5t. Det s\u00e4ger det mesta om svensk ju jutsus stora framtidshopp.<BR>\u00a0\u00a0 &#8211; Jo, det var kul att komma femma, men f\u00f6rsta tiden var jag bara besviken. Jag ville vinna, jag hatar att f\u00f6rlora, s\u00e4ger hon till budokampsport.se.<\/STRONG><BR><!--break--><BR>Slussen i Stockholm. M\u00e5nga menar att det \u00e4r just h\u00e4r huvudstadens sj\u00e4lva hj\u00e4rta finns. Det myllrar av lunchhungriga m\u00e4nniskor. Storstadspulsen pulserar verkligen. <BR><BR>Mitt i m\u00e4nniskohopen st\u00e5r en tjej med rosa h\u00f6rlurar p\u00e5 sig. Det \u00e4r tio minuter f\u00f6re utsatt tid. Sara Widgren tar av sig h\u00f6rlurarna och avger ett varmt leende. <BR>\u00a0\u00a0 &#8211; H\u00f6rlurarna? Jag tycker de \u00e4r coola. Och s\u00e5 \u00e4r det riktigt bra ljud i dem, f\u00f6rs\u00e4krar hon.<BR><BR><STRONG>&#8220;Fortfarande ung&#8221;<\/STRONG><BR>Tillsammans promenerar vi upp mot G\u00f6tgatsbacken. Solen skiner med frenesi och kylan \u00e4r p\u00e5taglig. Sara best\u00e4ller en pasta och s\u00e4tter genast ig\u00e5ng och b\u00f6rjar prata. Och hon har mycket att ber\u00e4tta.<BR><BR>Fjol\u00e5ret blev en stor succ\u00e9. Widgren \u00f6vertr\u00e4ffade g\u00e5ng efter annan b\u00e5de sig sj\u00e4lv och yttre f\u00f6rv\u00e4ntningar. Hon inledde 2010 som junior och slutade det som v\u00e4rldsfemma bland seniorer. En makal\u00f6s utveckling.<BR>\u00a0\u00a0 &#8211; Det har g\u00e5tt fort. Men samtidigt har jag k\u00e4mpat h\u00e5rt f\u00f6r det h\u00e4r. Jag ska bli \u00e4nnu b\u00e4ttre 2011. <BR><BR>Sara \u00e4r inte den som alldeles g\u00e4rna fastnar i nostalgiska tankar. Hon vill hellre ber\u00e4tta om det som komma skall \u00e4n det som har varit.<BR>\u00a0\u00a0 &#8211; S\u00e5 \u00e4r det. Fokus m\u00e5ste ligga p\u00e5 kommande prestationer. Jag vet vad jag har gjort och vad jag kan, men samtidigt \u00e4r jag v\u00e4ldigt ung fortfarande och har hur mycket som helst kvar att l\u00e4ra mig. Jag tycker sj\u00e4lv att jag utvecklas p\u00e5 n\u00e5got varje pass och det g\u00f6r det hela mycket roligare ocks\u00e5.<BR><BR>Saras fjol\u00e5r g\u00e5r dock inte att ta miste p\u00e5. Sara inledde s\u00e4songen efter att ha imponerat stort i sitt f\u00f6rsta senior-SM. Hon st\u00e4llde upp i dubbla viktklasser, -55 kg och -62 kg, och vann guld i b\u00e5da.<BR>\u00a0\u00a0 &#8211; H\u00e4r b\u00f6rjade jag f\u00f6rst\u00e5 att jag skulle g\u00e5 upp en viktklass till -62 kg. Det gick v\u00e4ldigt smidigt och det var sk\u00f6nt att inte beh\u00f6va oroa sig s\u00e5 mycket f\u00f6r vikten. D\u00e5 kunde jag l\u00e4gga fokus p\u00e5 annat ist\u00e4llet.<BR><BR><STRONG>Succ\u00e9 i ny viktklass<\/STRONG><BR>Hon f\u00f6ljde sedan upp SM-succ\u00e9n med ett guld p\u00e5 junior-EM, i sin nya viktklass. Men EM-\u00e4ventyret h\u00f6ll p\u00e5 att sluta innan det knappt hunnit inledas.<BR>\u00a0\u00a0 &#8211; Jag m\u00f6tte en fransyska i f\u00f6rsta matchen. Jag hamnade i ett kast och d\u00e4refter en fasth\u00e5llning. Hade hon varit b\u00e4ttre p\u00e5 slag och sparkar hade hon vunnit d\u00e4r och d\u00e5 hade EM-guldet f\u00f6rsvunnit. Som tur var lyckades jag ta mig ur greppet och efter det gick allt v\u00e4ldigt bra.<BR><BR>N\u00e4r h\u00f6sten annalkades hade Sara Widgren andra m\u00e5l i sikte. Hon hade via fina placeringar i German Open och European Open Championship lyckats \u00f6vertyga seniorlandslagsledningen om en plats till senior-VM i Moskva.<BR>\u00a0\u00a0 &#8211; Det k\u00e4ndes riktigt h\u00e4ftigt att f\u00e5 chansen att \u00e5ka p\u00e5 ett seniorm\u00e4sterskap. Det var det stora m\u00e5let f\u00f6r mig under \u00e5ret, s\u00e5 det var s\u00e5 klart sk\u00f6nt att f\u00e5 det beskedet.<BR><BR><IMG alt=\"\" align=middle src=\"\/sites\/default\/files\/widgren_tva.jpg\" width=430 height=287><BR><BR>Men gl\u00f6m att Sara Widgren var n\u00f6jd med att bara ta sig dit, d\u00e5 hade hon inte varit just Sara Widgren. Hon hade siktet h\u00f6gt inst\u00e4llt.<BR>\u00a0\u00a0 &#8211; Jag ville st\u00e5 \u00f6verst p\u00e5 prispallen och h\u00f6ra nationals\u00e5ngen. Jag ville vinna VM \u2013 och jag tycker att man inte har s\u00e5 mycket att g\u00f6ra i m\u00e4sterskap om man inte \u00e4r d\u00e4r f\u00f6r att vinna.<BR><BR>V\u00e4l p\u00e5 plats skulle Saras f\u00f6rsta match g\u00e5 p\u00e5 s\u00f6ndagen. Men redan p\u00e5 fredagen fick ledningen reda p\u00e5 lottningen \u2013 n\u00e5got Sara inte ville veta.<BR>\u00a0\u00a0 &#8211; Haha, nej jag ville hellre sova lugnt och sedan fick jag reda p\u00e5 det p\u00e5 l\u00f6rdagen. Jag brukar vilja ha det s\u00e5.<BR><BR><STRONG>VM-femma &#8211; men inte n\u00f6jd<\/STRONG><BR>Det visade sig att Saras f\u00f6rsta seniormatch i VM n\u00e5gonsin skulle bli tuff, hon fick m\u00f6ta samma tyska som hon hade f\u00f6rlorat mot i German Open. Tyskan f\u00f6rlorade sedermera sin semifinal med en po\u00e4ng mot blivande v\u00e4rldsm\u00e4starinnan. Sara gjorde emellertid en bra match, men r\u00e4ckte inte riktigt till. N\u00e5got hon sedan anv\u00e4nde som extra t\u00e4ndv\u00e4tska mot kommande motst\u00e5ndare fr\u00e5n Italien och Taiwan.<BR>\u00a0\u00a0 &#8211; B\u00e5da de matcherna var otroligt j\u00e4mna, men jag vann p\u00e5 po\u00e4ng och det r\u00e4ckte tillslut till att bli femma.<BR><BR>Resultatet kunde ha sk\u00e4nkt gl\u00e4dje till n\u00e4stan vem som helst, men Sara Widgren var allt annat \u00e4n glad \u00f6ver <IMG alt=\"\" align=right src=\"\/sites\/default\/files\/sara_widgren.jpg\" width=269 height=185>sin femteplats.<BR>\u00a0\u00a0 &#8211; Jo, det var kul att komma femma, men f\u00f6rsta tiden var jag bara besviken. Jag ville vinna, jag hatar att f\u00f6rlora och var inte det minsta n\u00f6jd med insatsen.<BR><BR>Efter ett tag f\u00f6rstod hon emellertid vad hon hade lyckats med. Widgren hade inte bara f\u00e5tt sitt internationella genombrott, hon hade som svenska truppens yngsta medlem placerat sig b\u00e4st av de bl\u00e5gula. I ett m\u00e4sterskap som hon egentligen bara var med i f\u00f6r att se och l\u00e4ra.<BR><BR>2011 blir ett helt annat \u00e5r. Nu \u00e4r Sara mer eller mindre Sveriges stora namn att hoppas p\u00e5, s\u00e4rskilt om Veronica Kumlin v\u00e4ljer att l\u00e4gga av.<BR>\u00a0\u00a0 &#8211; Ja, det blir en ny rolig utmaning. Jag \u00e4r l\u00e5ngt ifr\u00e5n klar i min utveckling och jag jobbar j\u00e4tteh\u00e5rt p\u00e5 att f\u00f6rb\u00e4ttra mina svagheter. Jag kommer att l\u00e4gga en hel del fokus p\u00e5 ren kampsportstr\u00e4ning, men ocks\u00e5 judotr\u00e4ning. Sedan har jag bokat in en resa i tv\u00e5 m\u00e5nader till Paris, d\u00e4r jag kommer att f\u00e5 tr\u00e4na med v\u00e4ldigt v\u00e4lmeriterat folk.<BR><BR>En \u00f6vergripande \u00e5rsplan har hon gjort. \u00c4nnu har hon inte satt upp n\u00e5gra detaljerade m\u00e5l, men hon vet sj\u00e4lv vad hon klassar som viktigast.<BR>\u00a0\u00a0 &#8211; Jag tror jag m\u00e5ste s\u00e4ga junior-VM i Belgien i h\u00f6st. Eftersom det \u00e4r mitt sista \u00e5r som junior vore det h\u00e4ftigt att avsluta det med ytterligare ett guld. Sj\u00e4lvklart tittar jag mycket p\u00e5 kommande senior-VM i Colombia ocks\u00e5 \u2013 om jag blir uttagen. Vi har ocks\u00e5 ett EM i Maribor. S\u00e5 det blir ett sp\u00e4nnande \u00e5r.<BR><BR>Att ju jutsun betyder mycket f\u00f6r Sara f\u00f6rst\u00e5r man direkt. Det finns en dedikation och passion f\u00f6r idrotten som man skulle kunna se p\u00e5 Sara fr\u00e5n m\u00e5nen. F\u00f6rutom sina egna 10-12 pass i veckan tr\u00e4nar hon yngre f\u00f6rm\u00e5gor p\u00e5 sin klubb Nacka Dojo.<BR>\u00a0\u00a0 &#8211; Det ger enormt mycket energi att tr\u00e4na andra. Man f\u00e5r en helt annan syn p\u00e5 idrotten och dessutom vill jag ge tillbaka till klubben som varit som ett andra hem f\u00f6r mig under min uppv\u00e4xt. Det \u00e4r en speciell st\u00e4mning p\u00e5 klubben som \u00e4r sv\u00e5r att hitta, tror jag. Trots att vi h\u00e5ller p\u00e5 med individuella idrotter \u00e4r det verkligen som ett lag. <BR><BR><STRONG>&#8220;Att f\u00e5 ett anseende som Caroline Ek vore h\u00e4ftigt&#8221;<\/STRONG><BR>Widgren blickar ut \u00f6ver gatan med ett leende d\u00e5 fr\u00e5gan om framtiden om ett par \u00e5r, och hur den ser ut, kommer. Hon ler lite extra och t\u00e4nker p\u00e5 en annan kampsportsstj\u00e4rna, Caroline Ek.<BR>\u00a0\u00a0 &#8211; Vore grymt att ha ett s\u00e5dant anseende som hon har. Att mina motst\u00e5ndare fruktar mig s\u00e5 mycket att det \u00e4r r\u00e4dda f\u00f6r att m\u00f6ta mig. Det vore h\u00e4ftigt. Jag vill vinna allt som g\u00e5r att vinna \u2013 VM, World Games och s\u00e5 vidare. Och jag tror att jag har de r\u00e4tta f\u00f6ruts\u00e4ttningarna f\u00f6r det, s\u00e4ger hon och ler igen.<BR><BR><IMG alt=\"\" align=middle src=\"\/sites\/default\/files\/widgren_ett.jpg\" width=430 height=287><BR><BR>Text och foto: Jonathan Broberg<BR>T\u00e4vlingsfoto: Helena Hugosson<\/P><\/p>\n","protected":false},"excerpt":{"rendered":"<p><P><STRONG><IMG alt=\"\" align=middle src=\"\/sites\/default\/files\/widgren_tre.jpg\" width=430 height=287><BR>Det internationella genombrottet kom direkt i f\u00f6rsta seniorm\u00e4sterskapet hon st\u00e4llde upp i. 19-\u00e5riga Sara Widgren fr\u00e5n Nacka i Stockholm slutade femma p\u00e5 VM \u2013 och var besviken efter\u00e5t. Det s\u00e4ger det mesta om svensk ju jutsus stora framtidshopp.<BR>\u00a0\u00a0 &#8211; Jo, det var kul att komma femma, men f\u00f6rsta tiden var jag bara besviken. Jag ville vinna, jag hatar att f\u00f6rlora, s\u00e4ger hon till budokampsport.se.<\/STRONG><BR><\/p><br>","protected":false},"author":7,"featured_media":0,"comment_status":"closed","ping_status":"closed","sticky":false,"template":"","format":"standard","meta":{"_acf_changed":false,"footnotes":""},"categories":[1],"tags":[],"class_list":["post-3658","post","type-post","status-publish","format-standard","hentry","category-okategoriserade"],"acf":[],"yoast_head":"<!-- This site is optimized with the Yoast SEO plugin v26.8 - https:\/\/yoast.com\/product\/yoast-seo-wordpress\/ -->\n<title>Sara Widgren satsar h\u00f6gt under 2011 - Svenska Budo &amp; Kampsportsf\u00f6rbundet<\/title>\n<meta name=\"description\" content=\"Det internationella genombrottet kom direkt i f\u00f6rsta seniorm\u00e4sterskapet hon st\u00e4llde upp i. 19-\u00e5riga Sara Widgren fr\u00e5n Nacka i Stockholm slutade femma p\u00e5 VM \u2013 och var besviken efter\u00e5t. Det s\u00e4ger det mesta om svensk ju jutsus stora framtidshopp.\u00a0\u00a0 - Jo, det var kul att komma femma, men f\u00f6rsta tiden var jag bara besviken. Jag ville vinna, jag hatar att f\u00f6rlora, s\u00e4ger hon till budokampsport.se.\" \/>\n<meta name=\"robots\" content=\"index, follow, max-snippet:-1, max-image-preview:large, max-video-preview:-1\" \/>\n<link rel=\"canonical\" href=\"https:\/\/www.budokampsport.se\/2011\/01\/20\/sara-widgren-satsar-hogt-under-2011\/\" \/>\n<meta property=\"og:locale\" content=\"sv_SE\" \/>\n<meta property=\"og:type\" content=\"article\" \/>\n<meta property=\"og:title\" content=\"Sara Widgren satsar h\u00f6gt under 2011 - Svenska Budo &amp; Kampsportsf\u00f6rbundet\" \/>\n<meta property=\"og:description\" content=\"Det internationella genombrottet kom direkt i f\u00f6rsta seniorm\u00e4sterskapet hon st\u00e4llde upp i. 19-\u00e5riga Sara Widgren fr\u00e5n Nacka i Stockholm slutade femma p\u00e5 VM \u2013 och var besviken efter\u00e5t. Det s\u00e4ger det mesta om svensk ju jutsus stora framtidshopp.\u00a0\u00a0 - Jo, det var kul att komma femma, men f\u00f6rsta tiden var jag bara besviken. Jag ville vinna, jag hatar att f\u00f6rlora, s\u00e4ger hon till budokampsport.se.\" \/>\n<meta property=\"og:url\" content=\"https:\/\/www.budokampsport.se\/2011\/01\/20\/sara-widgren-satsar-hogt-under-2011\/\" \/>\n<meta property=\"og:site_name\" content=\"Svenska Budo &amp; Kampsportsf\u00f6rbundet\" \/>\n<meta property=\"article:author\" content=\"https:\/\/www.facebook.com\/jonathan.broberg.7\" \/>\n<meta property=\"article:published_time\" content=\"2011-01-20T09:20:02+00:00\" \/>\n<meta property=\"article:modified_time\" content=\"2016-12-06T21:32:34+00:00\" \/>\n<meta name=\"author\" content=\"Jonathan Broberg\" \/>\n<meta name=\"twitter:card\" content=\"summary_large_image\" \/>\n<meta name=\"twitter:label1\" content=\"Skriven av\" \/>\n\t<meta name=\"twitter:data1\" content=\"Jonathan Broberg\" \/>\n\t<meta name=\"twitter:label2\" content=\"Ber\u00e4knad l\u00e4stid\" \/>\n\t<meta name=\"twitter:data2\" content=\"7 minuter\" \/>\n<script type=\"application\/ld+json\" class=\"yoast-schema-graph\">{\"@context\":\"https:\/\/schema.org\",\"@graph\":[{\"@type\":\"Article\",\"@id\":\"https:\/\/www.budokampsport.se\/2011\/01\/20\/sara-widgren-satsar-hogt-under-2011\/#article\",\"isPartOf\":{\"@id\":\"https:\/\/www.budokampsport.se\/2011\/01\/20\/sara-widgren-satsar-hogt-under-2011\/\"},\"author\":{\"name\":\"Jonathan Broberg\",\"@id\":\"https:\/\/www.budokampsport.se\/#\/schema\/person\/5c06d81d14850e2a8ce5493386560145\"},\"headline\":\"Sara Widgren satsar h\u00f6gt under 2011\",\"datePublished\":\"2011-01-20T09:20:02+00:00\",\"dateModified\":\"2016-12-06T21:32:34+00:00\",\"mainEntityOfPage\":{\"@id\":\"https:\/\/www.budokampsport.se\/2011\/01\/20\/sara-widgren-satsar-hogt-under-2011\/\"},\"wordCount\":1393,\"inLanguage\":\"sv-SE\"},{\"@type\":\"WebPage\",\"@id\":\"https:\/\/www.budokampsport.se\/2011\/01\/20\/sara-widgren-satsar-hogt-under-2011\/\",\"url\":\"https:\/\/www.budokampsport.se\/2011\/01\/20\/sara-widgren-satsar-hogt-under-2011\/\",\"name\":\"Sara Widgren satsar h\u00f6gt under 2011 - Svenska Budo &amp; Kampsportsf\u00f6rbundet\",\"isPartOf\":{\"@id\":\"https:\/\/www.budokampsport.se\/#website\"},\"datePublished\":\"2011-01-20T09:20:02+00:00\",\"dateModified\":\"2016-12-06T21:32:34+00:00\",\"author\":{\"@id\":\"https:\/\/www.budokampsport.se\/#\/schema\/person\/5c06d81d14850e2a8ce5493386560145\"},\"description\":\"Det internationella genombrottet kom direkt i f\u00f6rsta seniorm\u00e4sterskapet hon st\u00e4llde upp i. 19-\u00e5riga Sara Widgren fr\u00e5n Nacka i Stockholm slutade femma p\u00e5 VM \u2013 och var besviken efter\u00e5t. Det s\u00e4ger det mesta om svensk ju jutsus stora framtidshopp.\u00a0\u00a0 - Jo, det var kul att komma femma, men f\u00f6rsta tiden var jag bara besviken. Jag ville vinna, jag hatar att f\u00f6rlora, s\u00e4ger hon till budokampsport.se.\",\"breadcrumb\":{\"@id\":\"https:\/\/www.budokampsport.se\/2011\/01\/20\/sara-widgren-satsar-hogt-under-2011\/#breadcrumb\"},\"inLanguage\":\"sv-SE\",\"potentialAction\":[{\"@type\":\"ReadAction\",\"target\":[\"https:\/\/www.budokampsport.se\/2011\/01\/20\/sara-widgren-satsar-hogt-under-2011\/\"]}]},{\"@type\":\"BreadcrumbList\",\"@id\":\"https:\/\/www.budokampsport.se\/2011\/01\/20\/sara-widgren-satsar-hogt-under-2011\/#breadcrumb\",\"itemListElement\":[{\"@type\":\"ListItem\",\"position\":1,\"name\":\"Hem\",\"item\":\"https:\/\/www.budokampsport.se\/\"},{\"@type\":\"ListItem\",\"position\":2,\"name\":\"Sara Widgren satsar h\u00f6gt under 2011\"}]},{\"@type\":\"WebSite\",\"@id\":\"https:\/\/www.budokampsport.se\/#website\",\"url\":\"https:\/\/www.budokampsport.se\/\",\"name\":\"Svenska Budo &amp; Kampsportsf\u00f6rbundet\",\"description\":\"T\u00e4vling, Tr\u00e4ning, Tradition\",\"potentialAction\":[{\"@type\":\"SearchAction\",\"target\":{\"@type\":\"EntryPoint\",\"urlTemplate\":\"https:\/\/www.budokampsport.se\/?s={search_term_string}\"},\"query-input\":{\"@type\":\"PropertyValueSpecification\",\"valueRequired\":true,\"valueName\":\"search_term_string\"}}],\"inLanguage\":\"sv-SE\"},{\"@type\":\"Person\",\"@id\":\"https:\/\/www.budokampsport.se\/#\/schema\/person\/5c06d81d14850e2a8ce5493386560145\",\"name\":\"Jonathan Broberg\",\"image\":{\"@type\":\"ImageObject\",\"inLanguage\":\"sv-SE\",\"@id\":\"https:\/\/www.budokampsport.se\/#\/schema\/person\/image\/\",\"url\":\"https:\/\/secure.gravatar.com\/avatar\/a58041c6cea9128bd9c40ee2f26d4136?s=96&d=blank&r=g\",\"contentUrl\":\"https:\/\/secure.gravatar.com\/avatar\/a58041c6cea9128bd9c40ee2f26d4136?s=96&d=blank&r=g\",\"caption\":\"Jonathan Broberg\"},\"sameAs\":[\"https:\/\/www.facebook.com\/jonathan.broberg.7\"],\"url\":\"https:\/\/www.budokampsport.se\/author\/jonathan\/\"}]}<\/script>\n<!-- \/ Yoast SEO plugin. -->","yoast_head_json":{"title":"Sara Widgren satsar h\u00f6gt under 2011 - Svenska Budo &amp; Kampsportsf\u00f6rbundet","description":"Det internationella genombrottet kom direkt i f\u00f6rsta seniorm\u00e4sterskapet hon st\u00e4llde upp i. 19-\u00e5riga Sara Widgren fr\u00e5n Nacka i Stockholm slutade femma p\u00e5 VM \u2013 och var besviken efter\u00e5t. Det s\u00e4ger det mesta om svensk ju jutsus stora framtidshopp.\u00a0\u00a0 - Jo, det var kul att komma femma, men f\u00f6rsta tiden var jag bara besviken. Jag ville vinna, jag hatar att f\u00f6rlora, s\u00e4ger hon till budokampsport.se.","robots":{"index":"index","follow":"follow","max-snippet":"max-snippet:-1","max-image-preview":"max-image-preview:large","max-video-preview":"max-video-preview:-1"},"canonical":"https:\/\/www.budokampsport.se\/2011\/01\/20\/sara-widgren-satsar-hogt-under-2011\/","og_locale":"sv_SE","og_type":"article","og_title":"Sara Widgren satsar h\u00f6gt under 2011 - Svenska Budo &amp; Kampsportsf\u00f6rbundet","og_description":"Det internationella genombrottet kom direkt i f\u00f6rsta seniorm\u00e4sterskapet hon st\u00e4llde upp i. 19-\u00e5riga Sara Widgren fr\u00e5n Nacka i Stockholm slutade femma p\u00e5 VM \u2013 och var besviken efter\u00e5t. Det s\u00e4ger det mesta om svensk ju jutsus stora framtidshopp.\u00a0\u00a0 - Jo, det var kul att komma femma, men f\u00f6rsta tiden var jag bara besviken. Jag ville vinna, jag hatar att f\u00f6rlora, s\u00e4ger hon till budokampsport.se.","og_url":"https:\/\/www.budokampsport.se\/2011\/01\/20\/sara-widgren-satsar-hogt-under-2011\/","og_site_name":"Svenska Budo &amp; Kampsportsf\u00f6rbundet","article_author":"https:\/\/www.facebook.com\/jonathan.broberg.7","article_published_time":"2011-01-20T09:20:02+00:00","article_modified_time":"2016-12-06T21:32:34+00:00","author":"Jonathan Broberg","twitter_card":"summary_large_image","twitter_misc":{"Skriven av":"Jonathan Broberg","Ber\u00e4knad l\u00e4stid":"7 minuter"},"schema":{"@context":"https:\/\/schema.org","@graph":[{"@type":"Article","@id":"https:\/\/www.budokampsport.se\/2011\/01\/20\/sara-widgren-satsar-hogt-under-2011\/#article","isPartOf":{"@id":"https:\/\/www.budokampsport.se\/2011\/01\/20\/sara-widgren-satsar-hogt-under-2011\/"},"author":{"name":"Jonathan Broberg","@id":"https:\/\/www.budokampsport.se\/#\/schema\/person\/5c06d81d14850e2a8ce5493386560145"},"headline":"Sara Widgren satsar h\u00f6gt under 2011","datePublished":"2011-01-20T09:20:02+00:00","dateModified":"2016-12-06T21:32:34+00:00","mainEntityOfPage":{"@id":"https:\/\/www.budokampsport.se\/2011\/01\/20\/sara-widgren-satsar-hogt-under-2011\/"},"wordCount":1393,"inLanguage":"sv-SE"},{"@type":"WebPage","@id":"https:\/\/www.budokampsport.se\/2011\/01\/20\/sara-widgren-satsar-hogt-under-2011\/","url":"https:\/\/www.budokampsport.se\/2011\/01\/20\/sara-widgren-satsar-hogt-under-2011\/","name":"Sara Widgren satsar h\u00f6gt under 2011 - Svenska Budo &amp; Kampsportsf\u00f6rbundet","isPartOf":{"@id":"https:\/\/www.budokampsport.se\/#website"},"datePublished":"2011-01-20T09:20:02+00:00","dateModified":"2016-12-06T21:32:34+00:00","author":{"@id":"https:\/\/www.budokampsport.se\/#\/schema\/person\/5c06d81d14850e2a8ce5493386560145"},"description":"Det internationella genombrottet kom direkt i f\u00f6rsta seniorm\u00e4sterskapet hon st\u00e4llde upp i. 19-\u00e5riga Sara Widgren fr\u00e5n Nacka i Stockholm slutade femma p\u00e5 VM \u2013 och var besviken efter\u00e5t. Det s\u00e4ger det mesta om svensk ju jutsus stora framtidshopp.\u00a0\u00a0 - Jo, det var kul att komma femma, men f\u00f6rsta tiden var jag bara besviken. Jag ville vinna, jag hatar att f\u00f6rlora, s\u00e4ger hon till budokampsport.se.","breadcrumb":{"@id":"https:\/\/www.budokampsport.se\/2011\/01\/20\/sara-widgren-satsar-hogt-under-2011\/#breadcrumb"},"inLanguage":"sv-SE","potentialAction":[{"@type":"ReadAction","target":["https:\/\/www.budokampsport.se\/2011\/01\/20\/sara-widgren-satsar-hogt-under-2011\/"]}]},{"@type":"BreadcrumbList","@id":"https:\/\/www.budokampsport.se\/2011\/01\/20\/sara-widgren-satsar-hogt-under-2011\/#breadcrumb","itemListElement":[{"@type":"ListItem","position":1,"name":"Hem","item":"https:\/\/www.budokampsport.se\/"},{"@type":"ListItem","position":2,"name":"Sara Widgren satsar h\u00f6gt under 2011"}]},{"@type":"WebSite","@id":"https:\/\/www.budokampsport.se\/#website","url":"https:\/\/www.budokampsport.se\/","name":"Svenska Budo &amp; Kampsportsf\u00f6rbundet","description":"T\u00e4vling, Tr\u00e4ning, Tradition","potentialAction":[{"@type":"SearchAction","target":{"@type":"EntryPoint","urlTemplate":"https:\/\/www.budokampsport.se\/?s={search_term_string}"},"query-input":{"@type":"PropertyValueSpecification","valueRequired":true,"valueName":"search_term_string"}}],"inLanguage":"sv-SE"},{"@type":"Person","@id":"https:\/\/www.budokampsport.se\/#\/schema\/person\/5c06d81d14850e2a8ce5493386560145","name":"Jonathan Broberg","image":{"@type":"ImageObject","inLanguage":"sv-SE","@id":"https:\/\/www.budokampsport.se\/#\/schema\/person\/image\/","url":"https:\/\/secure.gravatar.com\/avatar\/a58041c6cea9128bd9c40ee2f26d4136?s=96&d=blank&r=g","contentUrl":"https:\/\/secure.gravatar.com\/avatar\/a58041c6cea9128bd9c40ee2f26d4136?s=96&d=blank&r=g","caption":"Jonathan Broberg"},"sameAs":["https:\/\/www.facebook.com\/jonathan.broberg.7"],"url":"https:\/\/www.budokampsport.se\/author\/jonathan\/"}]}},"_links":{"self":[{"href":"https:\/\/www.budokampsport.se\/api\/wp\/v2\/posts\/3658","targetHints":{"allow":["GET"]}}],"collection":[{"href":"https:\/\/www.budokampsport.se\/api\/wp\/v2\/posts"}],"about":[{"href":"https:\/\/www.budokampsport.se\/api\/wp\/v2\/types\/post"}],"author":[{"embeddable":true,"href":"https:\/\/www.budokampsport.se\/api\/wp\/v2\/users\/7"}],"replies":[{"embeddable":true,"href":"https:\/\/www.budokampsport.se\/api\/wp\/v2\/comments?post=3658"}],"version-history":[{"count":0,"href":"https:\/\/www.budokampsport.se\/api\/wp\/v2\/posts\/3658\/revisions"}],"wp:attachment":[{"href":"https:\/\/www.budokampsport.se\/api\/wp\/v2\/media?parent=3658"}],"wp:term":[{"taxonomy":"category","embeddable":true,"href":"https:\/\/www.budokampsport.se\/api\/wp\/v2\/categories?post=3658"},{"taxonomy":"post_tag","embeddable":true,"href":"https:\/\/www.budokampsport.se\/api\/wp\/v2\/tags?post=3658"}],"curies":[{"name":"wp","href":"https:\/\/api.w.org\/{rel}","templated":true}]}}